{"id":105551,"date":"2026-04-29T06:57:03","date_gmt":"2026-04-29T04:57:03","guid":{"rendered":"https:\/\/www.infokuryr.cz\/n\/?p=105551"},"modified":"2026-04-29T06:57:03","modified_gmt":"2026-04-29T04:57:03","slug":"karin-szczyrbova-tiskovka-vlady-opet-potvrdila-ze-ani-nase-vlada-ani-nase-opozice-nehaji-zajmy-obcanu-cr","status":"publish","type":"post","link":"https:\/\/www.infokuryr.cz\/n\/2026\/04\/29\/karin-szczyrbova-tiskovka-vlady-opet-potvrdila-ze-ani-nase-vlada-ani-nase-opozice-nehaji-zajmy-obcanu-cr\/","title":{"rendered":"Karin Szczyrbov\u00e1: Tiskovka vl\u00e1dy op\u011bt potvrdila, \u017ee ani na\u0161e vl\u00e1da, ani na\u0161e opozice neh\u00e1j\u00ed z\u00e1jmy ob\u010dan\u016f \u010cR"},"content":{"rendered":"<div id=\"fb-root\"><\/div>\n<p><strong><span class=\"x193iq5w xeuugli x13faqbe x1vvkbs x1xmvt09 x1lliihq x1s928wv xhkezso x1gmr53x x1cpjm7i x1fgarty x1943h6x xudqn12 x3x7a5m x6prxxf xvq8zen xo1l8bm xzsf02u x1yc453h\" dir=\"auto\">Poslouchat tiskovky vl\u00e1dy je ob\u010das velmi zaj\u00edmav\u00e9 a pou\u010dn\u00e9. Doporu\u010duji poslechnout si sou\u010dasn\u00e9ho ministra obrany, pana Z\u016fnu, za SPD dne (27. 4. 2026) p\u0159ed 13:00 hod.<\/span><\/strong><\/p>\n<p>V podstat\u011b \u0159ekl, \u017ee pokud chceme b\u00fdt v NATO, tak mus\u00edme vyd\u00e1vat 5 % na\u0161eho HDP na SPOLE\u010cNOU (kolektivn\u00ed) obranu (p\u0159epo\u010dteno na rozpo\u010det a lidskou \u0159e\u010d \u2013 nebude na d\u016fchody, na \u0161kolstv\u00ed a t\u0159eba na zdravotnictv\u00ed, p\u0159i\u010dem\u017e p\u016fj\u010dky z EU typu SAFE se do procentu\u00e1ln\u00edho \u010derp\u00e1n\u00ed tak\u00e9 nezapo\u010d\u00edt\u00e1vaj\u00ed, poml\u010d\u00edm o odli\u0161n\u00e9 metodice v\u00fdpo\u010dtu HDP, co\u017e je dal\u0161\u00ed v\u00fdjimka, kter\u00e1 d\u00e1v\u00e1 obrovsk\u00fd prostor pro korupci).<\/p>\n<p><strong>To, jestli bude na\u0161e zem\u011b n\u011bjak chr\u00e1n\u011bna, a jestli budou chr\u00e1n\u011bni na\u0161i ob\u010dan\u00e9, u\u017e NATO v podstat\u011b v\u016fbec nezaj\u00edm\u00e1, ale m\u016f\u017ee n\u00e1s teoreticky v n\u011bjak\u00e9 zpr\u00e1v\u011b pochv\u00e1lit a d\u00e1t n\u00e1m mal\u00e9 a nev\u00fdznamn\u00e9 plus \u010di hv\u011bzdi\u010dku.<\/strong><\/p>\n<p>Dne\u0161n\u00ed tiskovka vl\u00e1dy op\u011bt potvrdila, \u017ee ani na\u0161e vl\u00e1da, ani na\u0161e opozice neh\u00e1j\u00ed z\u00e1jmy ob\u010dan\u016f \u010cesk\u00e9 republiky.<\/p>\n<p>V\u0161echno za\u010dalo u\u017e v roce 1999 povolen\u00edm pr\u016flet\u016f letoun\u016f NATO p\u0159i bombardov\u00e1n\u00ed Jugosl\u00e1vie, pokra\u010dovalo pr\u016fjezdy americk\u00fdch konvoj\u016f, v uplynul\u00fdch letech u\u017e zem\u0159eli i \u010de\u0161t\u00ed voj\u00e1ci v zahrani\u010d\u00ed, nyn\u00ed um\u00edraj\u00ed i dobrovoln\u00edci na Ukrajin\u011b a j\u00e1 se pt\u00e1m, kde to skon\u010d\u00ed?<br \/>\nV\u017edy\u0165 u\u017e m\u00e1me uzav\u0159enu i smlouvu DCA, kdy jsme v podstat\u011b bezplatn\u011b darovali na\u0161e \u00fazem\u00ed Ameri\u010dan\u016fm. Na\u0161e zbrojovky jsou c\u00edlem. Na na\u0161e zbrojn\u00ed z\u00e1vody u\u017e jsou uvalena obchodn\u00ed embarga.<\/p>\n<p><strong>Jsme jednozna\u010dn\u011b pova\u017eov\u00e1ni za zemi, kter\u00e1 se pod\u00edl\u00ed na nevyprovokovan\u00fdch agres\u00edch<\/strong>\u00a0(schv\u00e1ln\u011b u\u017e\u00edv\u00e1m mno\u017en\u00e9 \u010d\u00edslo), p\u0159i\u010dem\u017e na ob\u010dany t\u00e9to zem\u011b se v\u016fbec nemysl\u00ed, rozum\u011bjte \u2013 na\u0161im volen\u00fdm politick\u00fdm z\u00e1stupc\u016fm na n\u00e1s, oby\u010dejn\u00fdch ob\u010danech v\u016fbec nez\u00e1le\u017e\u00ed, nebo tito volen\u00ed politi\u010dt\u00ed z\u00e1stupci absolutn\u011b netu\u0161\u00ed, o \u010dem je \u0159e\u010d a o \u010dem rozhoduj\u00ed.<\/p>\n<p><strong>Nen\u00ed to snad dal\u0161\u00ed d\u016fvod k okam\u017eit\u00e9mu odchodu z NATO a z\u00e1rove\u0148 tak\u00e9 z EU?<\/strong>\u00a0Budeme pokl\u00e1dat \u017eivoty za jin\u00e9 lidi? Za cizince? Za ciz\u00ed z\u00e1jmy a ciz\u00ed st\u00e1ty a velmoci? Budeme se vzd\u00e1vat sv\u00fdch domov\u016f jenom kv\u016fli ciz\u00edm? Budeme pos\u00edlat sv\u00e9 d\u011bti do v\u00e1lky kv\u016fli v\u00e1lk\u00e1m ciz\u00edch st\u00e1t\u016f a mocnost\u00ed?\u00a0<strong>Nech\u00e1me se tot\u00e1ln\u011b zb\u00edda\u010dit a v nejhor\u0161\u00edm p\u0159\u00edpad\u011b i zab\u00edt jenom kv\u016fli tomu, aby se p\u00e1r mocn\u00fdch m\u011blo dob\u0159e a aby si uspokojili sv\u00e1 ega?<\/strong>\u00a0Nebo aby byly vymaz\u00e1ny nesplatiteln\u00e9 dluhy a p\u0159ede\u0161lo se ekonomick\u00e9 krizi, kter\u00e1 zat\u00edm v novodob\u00fdch d\u011bjin\u00e1ch nem\u011bla obdoby?<\/p>\n<p>Pros\u00edm, za\u010dn\u011bme p\u0159em\u00fd\u0161let a jednat!<\/p>\n<p>Pros\u00edm, probu\u010fme se! \u010c\u00edm d\u0159\u00edve, t\u00edm l\u00e9pe!<\/p>\n<p><em><a href=\"https:\/\/narodnidemokracie.cz\/ing-karin-szczyrbova-dnesni-tiskovka-vlady-opet-potvrdila-ze-ani-nase-vlada-ani-nase-opozice-nehaji-zajmy-obcanu-cr\/\">Ing. Karin Szczyrbov\u00e1,<\/a> n\u00e1rodohospod\u00e1\u0159ka a \u010dlenka ND Karvin\u00e1<\/em><\/p>\n<p><img decoding=\"async\" loading=\"lazy\" class=\"alignnone  wp-image-26852\" src=\"http:\/\/www.infokuryr.cz\/n\/wp-content\/uploads\/2023\/04\/Karin-300x300.jpg\" alt=\"\" width=\"161\" height=\"161\" srcset=\"https:\/\/www.infokuryr.cz\/n\/wp-content\/uploads\/2023\/04\/Karin-300x300.jpg 300w, https:\/\/www.infokuryr.cz\/n\/wp-content\/uploads\/2023\/04\/Karin-150x150.jpg 150w, https:\/\/www.infokuryr.cz\/n\/wp-content\/uploads\/2023\/04\/Karin.jpg 400w\" sizes=\"(max-width: 161px) 100vw, 161px\" \/><\/p>\n<p>&nbsp;<\/p>\n","protected":false},"excerpt":{"rendered":"<p>Poslouchat tiskovky vl\u00e1dy je ob\u010das velmi zaj\u00edmav\u00e9 a pou\u010dn\u00e9. Doporu\u010duji poslechnout si sou\u010dasn\u00e9ho ministra obrany,&#8230;<\/p>\n","protected":false},"author":2,"featured_media":97033,"comment_status":"closed","ping_status":"closed","sticky":false,"template":"","format":"standard","meta":[],"categories":[6],"tags":[1503,1370,99],"_links":{"self":[{"href":"https:\/\/www.infokuryr.cz\/n\/wp-json\/wp\/v2\/posts\/105551"}],"collection":[{"href":"https:\/\/www.infokuryr.cz\/n\/wp-json\/wp\/v2\/posts"}],"about":[{"href":"https:\/\/www.infokuryr.cz\/n\/wp-json\/wp\/v2\/types\/post"}],"author":[{"embeddable":true,"href":"https:\/\/www.infokuryr.cz\/n\/wp-json\/wp\/v2\/users\/2"}],"replies":[{"embeddable":true,"href":"https:\/\/www.infokuryr.cz\/n\/wp-json\/wp\/v2\/comments?post=105551"}],"version-history":[{"count":0,"href":"https:\/\/www.infokuryr.cz\/n\/wp-json\/wp\/v2\/posts\/105551\/revisions"}],"wp:featuredmedia":[{"embeddable":true,"href":"https:\/\/www.infokuryr.cz\/n\/wp-json\/wp\/v2\/media\/97033"}],"wp:attachment":[{"href":"https:\/\/www.infokuryr.cz\/n\/wp-json\/wp\/v2\/media?parent=105551"}],"wp:term":[{"taxonomy":"category","embeddable":true,"href":"https:\/\/www.infokuryr.cz\/n\/wp-json\/wp\/v2\/categories?post=105551"},{"taxonomy":"post_tag","embeddable":true,"href":"https:\/\/www.infokuryr.cz\/n\/wp-json\/wp\/v2\/tags?post=105551"}],"curies":[{"name":"wp","href":"https:\/\/api.w.org\/{rel}","templated":true}]}}