{"id":105541,"date":"2026-04-29T06:39:31","date_gmt":"2026-04-29T04:39:31","guid":{"rendered":"https:\/\/www.infokuryr.cz\/n\/?p=105541"},"modified":"2026-04-29T06:39:31","modified_gmt":"2026-04-29T04:39:31","slug":"britsky-kral-charles-iii-prijel-do-americkeho-kongresu-vyridit-vzkaz-od-domu-sion","status":"publish","type":"post","link":"https:\/\/www.infokuryr.cz\/n\/2026\/04\/29\/britsky-kral-charles-iii-prijel-do-americkeho-kongresu-vyridit-vzkaz-od-domu-sion\/","title":{"rendered":"Britsk\u00fd kr\u00e1l Charles III. p\u0159ijel do americk\u00e9ho Kongresu vy\u0159\u00eddit vzkaz od Domu Sion&#8230;"},"content":{"rendered":"<div id=\"fb-root\"><\/div>\n<h4>Britsk\u00fd kr\u00e1l Charles III. p\u0159ijel do americk\u00e9ho Kongresu vy\u0159\u00eddit vzkaz od Domu Sion, \u017ee USA maj\u00ed povinnost aktivovat \u010dl\u00e1nek 5 a poslat vojska na Ukrajinu! Kr\u00e1l dokonce v projevu pou\u017eil pro Ukrajinu z\u00e1jmeno v \u017eensk\u00e9m rodu, kter\u00fd britsk\u00e1 \u0161lechta pou\u017e\u00edv\u00e1 pro ozna\u010den\u00ed lod\u00ed a \u00fazem\u00ed v majetku britsk\u00e9 koruny! A britsk\u00fd tisk odhalil, \u017ee Donald Trump a kr\u00e1l Charles III. jsou bratranci p\u0159es 15. koleno!<\/h4>\n<p>Je to neuv\u011b\u0159iteln\u00e9, ale kdy\u017e je nouze nejvy\u0161\u0161\u00ed, mus\u00ed i hora p\u0159ij\u00edt k Mohamedovi, proto\u017ee si to \u017e\u00e1d\u00e1 situace. Britsk\u00fd kr\u00e1l p\u0159ilet\u011bl s kr\u00e1lovnou Camillou do USA na st\u00e1tn\u00ed n\u00e1v\u0161t\u011bvu, ale ve skute\u010dnosti jde o z\u00e1chran\u00e1\u0159skou misi, na kterou britsk\u00e9ho kr\u00e1le vyslal D\u016fm Sion, tedy jeho vedouc\u00ed skupina Domu Rothschild.<\/p>\n<p>Kr\u00e1l m\u011bl za \u00fakol vyslat vzkaz a \u017e\u00e1dost. A p\u0159esn\u011b tak se stalo.\u00a0<strong>Charles III. toti\u017e vyzval k podpo\u0159e Ukrajiny stejn\u011b, jako cel\u00fd kolektivn\u00ed Z\u00e1pad se v minulosti jednotn\u011b postavil za USA a 11. z\u00e1\u0159\u00ed 2001<\/strong>, za v\u00e1lku v Afgh\u00e1nist\u00e1nu, v Ir\u00e1ku a v dal\u0161\u00edch mis\u00edch. Kdy\u017e byla tehdy 11. z\u00e1\u0159\u00ed napadena Amerika, tak USA aktivovaly \u010dl\u00e1nek 5 smlouvy NATO a britsk\u00fd kr\u00e1l to v projevu zd\u016fraznil, video m\u00e1te n\u00ed\u017ee i s jeho uv\u00edt\u00e1n\u00edm v Kongresu.<\/p>\n<p>&nbsp;<\/p>\n<div id=\"rumble_v76y7os\">\n<div id=\"vid_v76y7os\" class=\"rumble_v76y7os-Rumble-cls\" tabindex=\"-1\"><div class='videoWrapper'>\r\n\t            <iframe src='https:\/\/rumble.com\/embed\/pj.v76y7os\/' frameborder='0' allowfullscreen><\/iframe>\r\n\t        <\/div><\/div>\n<\/div>\n<p>&nbsp;<\/p>\n<p>A n\u00e1sledn\u011b po 11. z\u00e1\u0159\u00ed USA napadly 7 zem\u00ed na Bl\u00edzk\u00e9m v\u00fdchod\u011b a v Africe spole\u010dn\u011b se zem\u011bmi NATO. A te\u010f vol\u00e1 o pomoc Ukrajina. Tedy ne Ukrajina, ale Lond\u00fdnsk\u00e9 kancel\u00e1\u0159e Domu Sion jm\u00e9nem Ukrajiny, kter\u00e1 ale u\u017e pat\u0159\u00ed britsk\u00e9 korun\u011b. Volaj\u00ed na pomoc kv\u016fli Ukrajin\u011b, proto\u017ee projekt na por\u00e1\u017eku Ruska a n\u00e1sledn\u00e1 privatizace rusk\u00fdch zdroj\u016f se ztr\u00e1c\u00ed do nen\u00e1vratna.<\/p>\n<p>Apelov\u00e1n\u00ed na Donalda Trumpa a jeho republik\u00e1ny ze strany Evropsk\u00e9 unie nezabralo, nic nepomohlo, Ukrajina prost\u011b p\u0159i\u0161la o v\u011bt\u0161inu americk\u00e9 materi\u00e1ln\u00ed pomoci, a\u017e na v\u00fdjimky, ale p\u0159i\u0161la o ve\u0161kerou finan\u010dn\u00ed pomoc USA. Nic nepomohlo, \u017e\u00e1dn\u00e9 apely z Bruselu, nekone\u010dn\u00e9 n\u00e1v\u0161t\u011bvy evropsk\u00fdch emisar\u016f v USA, prost\u011b nic nezabralo.<\/p>\n<h3>D\u016fm Sion poslal do Kongresu britsk\u00e9ho panovn\u00edka jako posledn\u00ed mo\u017enost<\/h3>\n<p>A tak D\u016fm Sion musel nasadit nejt\u011b\u017e\u0161\u00ed v\u00e1hu a kalibr \u2013 p\u0159\u00edmo britsk\u00e9ho kr\u00e1le a kr\u00e1lovnu.\u00a0<strong>V\u011bt\u0161in\u011b novin\u00e1\u0159\u016f mainstreamu to nedoch\u00e1z\u00ed, ale n\u00e1v\u0161t\u011bva \u0161lechtick\u00e9ho panovn\u00edka z Lond\u00fdna v pohansk\u00e9m st\u00e1nku vzbou\u0159en\u00fdch osv\u00edcenc\u016f (<em>v Kongresu USA<\/em>) je naprost\u00fd biz\u00e1r.<\/strong>\u00a0Ale nedalo se nic d\u011blat, proto\u017ee D\u016fm Sion pot\u0159ebuje americkou \u00fadernou p\u011bst znovu ve sv\u00fdch ruk\u00e1ch. Ale Trump pod kontrolou Jeruzal\u00e9ma a Chabadu tomu br\u00e1n\u00ed. To z\u00e1sadn\u00ed v projevu zazn\u011blo ve dvou momentech.<\/p>\n<figure id=\"attachment_66815\" class=\"wp-caption aligncenter\" style=\"width: 704px;\"><a href=\"https:\/\/aeronet.news\/wp-content\/uploads\/KingCharlesThe3rdCamilla1.jpg\"><img decoding=\"async\" loading=\"lazy\" class=\"wp-image-66815 \" src=\"https:\/\/aeronet.news\/wp-content\/uploads\/KingCharlesThe3rdCamilla1-1024x576.jpg\" sizes=\"(max-width: 700px) 100vw, 700px\" srcset=\"https:\/\/aeronet.news\/wp-content\/uploads\/KingCharlesThe3rdCamilla1-1024x576.jpg 1024w, https:\/\/aeronet.news\/wp-content\/uploads\/KingCharlesThe3rdCamilla1-300x169.jpg 300w, https:\/\/aeronet.news\/wp-content\/uploads\/KingCharlesThe3rdCamilla1-768x432.jpg 768w, https:\/\/aeronet.news\/wp-content\/uploads\/KingCharlesThe3rdCamilla1-700x394.jpg 700w, https:\/\/aeronet.news\/wp-content\/uploads\/KingCharlesThe3rdCamilla1-635x357.jpg 635w, https:\/\/aeronet.news\/wp-content\/uploads\/KingCharlesThe3rdCamilla1-859x483.jpg 859w, https:\/\/aeronet.news\/wp-content\/uploads\/KingCharlesThe3rdCamilla1.jpg 1280w\" alt=\"\" width=\"704\" height=\"396\" \/><\/a><figcaption class=\"wp-caption-text\">Kr\u00e1l Charles III. a kr\u00e1lovna Camilla<\/figcaption><\/figure>\n<p>Jednak Charles zm\u00ednil \u010dl\u00e1nek 5 NATO, a dodal, \u017ee stejn\u00e9 odhodl\u00e1n\u00ed jako tehdy po 11. z\u00e1\u0159\u00ed a stejn\u00e1 pomoc by se dnes m\u011bla dostat Ukrajin\u011b. Ale rovn\u011b\u017e v tomt\u00e9\u017e v\u00fdroku zazn\u011blo n\u011bco naprosto nev\u00eddan\u00e9ho. \u0160lo o to, jak \u0159ekl posledn\u00ed v\u011btu: \u201c<em>Tot\u00e9\u017e neochv\u011bjn\u00e9 odhodl\u00e1n\u00ed zapot\u0159eb\u00ed pro obranu Ukrajiny a jej\u00edho nejodv\u00e1\u017en\u011bj\u0161\u00edho lidu<\/em>.\u201d<\/p>\n<p><em>That same unyielding resolve is needed for the defence of Ukraine and\u00a0<strong>her,<\/strong>\u00a0most courageous people.<\/em>\u00a0V \u010de\u0161tin\u011b se to nerozli\u0161uje, ale v angli\u010dtin\u011b se z\u00e1jmena ur\u010duj\u00ed podle \u017eivotnosti rodu, tedy mu\u017esk\u00fd, \u017eensk\u00fd a st\u0159edn\u00ed. A on pou\u017eil pro ne\u017eivotn\u00fd n\u00e1zev st\u00e1tu z\u00e1jmeno \u201c<em>jej\u00edho<\/em>\u201d v\u00fdraz \u201c<em>her<\/em>\u201d nam\u00edsto \u201c<em>its<\/em>\u201c. Tedy pou\u017eil \u017eensk\u00e9 z\u00e1jmeno nam\u00edsto st\u0159edn\u00edho ne\u017eivotn\u00e9ho. A to je bomba.<\/p>\n<h3>Britsk\u00fd kr\u00e1l z\u00e1jmenem v \u017eensk\u00e9m rodu odhalil, \u017ee Ukrajina je v majetku britsk\u00e9 koruny, resp. Lond\u00fdnsk\u00fdch kancel\u00e1\u0159\u00ed<\/h3>\n<p>Proto\u017ee britsk\u00e1 \u0161lechta pou\u017e\u00edv\u00e1 \u017eivotn\u00e1 z\u00e1jmena \u017eensk\u00e9ho rodu \u201c<em>her<\/em>\u201d pro ne\u017eivotn\u00e9 v\u011bci pouze pro v\u00e1le\u010dn\u00e9 a obchodn\u00ed lod\u011b a rovn\u011b\u017e pro \u00fazem\u00ed vlastn\u011bn\u00e1 britskou korunou. Jedn\u00e1 se o tzv.\u00a0<em>personifikaci st\u0159edn\u00edho rodu<\/em>\u00a0do rodu \u017eensk\u00e9ho.\u00a0<strong>Kdy\u017e tedy Charles hovo\u0159il o \u201c<em>Ukrajin\u011b a jej\u00edm nejodv\u00e1\u017en\u011bj\u0161\u00edm obyvatelstvu<\/em>\u201c, tak mluvil o Ukrajin\u011b v majetku britsk\u00e9 koruny! Hotovo! \u0160mitec!<\/strong><\/p>\n<p>Jin\u00fdmi slovy, britsk\u00fd kr\u00e1l p\u0159ijel do s\u00eddla sv\u00fdch b\u00fdval\u00fdch nevoln\u00edk\u016f a \u017e\u00e1d\u00e1 po nich, aby poslali britsk\u00e9 korun\u011b na pomoc proti Rusku a proti rusk\u00e9mu Chabadu americkou arm\u00e1du podle \u010dl\u00e1nku 5 NATO na Ukrajinu. A pou\u017eit\u00edm rodov\u00e9ho \u017eensk\u00e9ho z\u00e1jmena d\u00e1v\u00e1 nevoln\u00edk\u016fm najevo, \u017ee Ukrajina je v majetku britsk\u00e9 koruny, je to zem\u011b Jeho a Jej\u00edho veli\u010densteva.<\/p>\n<figure id=\"attachment_66814\" class=\"wp-caption aligncenter\" style=\"width: 705px;\"><a href=\"https:\/\/aeronet.news\/wp-content\/uploads\/KingCharlesThe3rdCamilla2.jpg\"><img decoding=\"async\" loading=\"lazy\" class=\"wp-image-66814 \" src=\"https:\/\/aeronet.news\/wp-content\/uploads\/KingCharlesThe3rdCamilla2-1024x576.jpg\" sizes=\"(max-width: 700px) 100vw, 700px\" srcset=\"https:\/\/aeronet.news\/wp-content\/uploads\/KingCharlesThe3rdCamilla2-1024x576.jpg 1024w, https:\/\/aeronet.news\/wp-content\/uploads\/KingCharlesThe3rdCamilla2-300x169.jpg 300w, https:\/\/aeronet.news\/wp-content\/uploads\/KingCharlesThe3rdCamilla2-768x432.jpg 768w, https:\/\/aeronet.news\/wp-content\/uploads\/KingCharlesThe3rdCamilla2-700x394.jpg 700w, https:\/\/aeronet.news\/wp-content\/uploads\/KingCharlesThe3rdCamilla2-635x357.jpg 635w, https:\/\/aeronet.news\/wp-content\/uploads\/KingCharlesThe3rdCamilla2-859x483.jpg 859w, https:\/\/aeronet.news\/wp-content\/uploads\/KingCharlesThe3rdCamilla2.jpg 1280w\" alt=\"\" width=\"705\" height=\"397\" \/><\/a><figcaption class=\"wp-caption-text\">Kr\u00e1l Charles III. a kr\u00e1lovna Camilla u \u0159e\u010dnick\u00e9ho pultu v Kongresu USA<\/figcaption><\/figure>\n<p>Proto ta v\u011bta o Ukrajin\u011b a jej\u00edm obyvatelstvu byla \u0159e\u010dena tak, jak byla \u0159e\u010dena, tedy personifikovan\u011b s \u017eensk\u00fdm z\u00e1jmenem. M\u00e1 to ale nuanci a h\u00e1\u010dek. Charles tam nep\u0159ijel \u017e\u00e1dat o pomoc jm\u00e9nem britsk\u00e9 koruny, proto\u017ee ta je cel\u00e1 zastaven\u00e1 u Domu Rothschild a jeho bank.<\/p>\n<p>A cel\u00e9 Britsk\u00e9 ostrovy byly transformov\u00e1ny na nepotopitelnou lo\u010f napln\u011bnou miliony isl\u00e1msk\u00fdch radik\u00e1l\u016f, kte\u0159\u00ed jsou na pokyn Domu Sion p\u0159ipraveni kdykoliv vtrhnout do Buckinghamsk\u00e9ho pal\u00e1ce, pokud by britsk\u00fd kr\u00e1l za\u010dal zlobit nebo by p\u0159estal poslouchat. Ty miliony migrant\u016f jsou n\u00e1tlakovou p\u00e1kou Domu Sion na D\u016fm Windsor, kter\u00fd je vlastn\u011b kompletn\u011b obkl\u00ed\u010den\u00fd isl\u00e1msk\u00fdmi mud\u017eahed\u00edny na sv\u00fdch vlastn\u00edch ostrovech.<\/p>\n<h3>D\u016fm Sion vydal pokyn odtajnit rodokmen a d\u00e1t Trumpovi informaci, \u017ee je bratrancem britsk\u00e9ho panovn\u00edka p\u0159es 15. koleno<\/h3>\n<p>Charles a jeho man\u017eelka tak vlastn\u011b nejsou panovn\u00edky Brit\u00e1nie, ale pouze posl\u00ed\u010dky Lond\u00fdnsk\u00fdch kancel\u00e1\u0159\u00ed. P\u0159ijeli urgovat americk\u00fd Kongres, aby p\u0159estal poslouchat skopovou hlavu v B\u00edl\u00e9m dom\u011b. I kdy\u017e i v p\u0159\u00edpad\u011b Trumpa se D\u016fm Windsor pokusil o posledn\u00ed pokus, jak si trumpetu naklonit.\u00a0<strong>Britsk\u00fd Daily Mail toti\u017e uve\u0159ejnil placen\u00fd \u010dl\u00e1nek [<a href=\"https:\/\/href.li\/?https:\/\/www.dailymail.com\/news\/article-15770263\/Mail-traced-Trumps-family-tree-Kings-cousin.html\" target=\"_blank\" rel=\"nofollow noopener\">1<\/a>], \u017ee Donald Trump byl odhalen jako bratranec kr\u00e1le Charlese III. skrze 15 koleno.<\/strong><\/p>\n<p>Daily Mail uvedl, \u017ee prezident Trump, kter\u00fd se otev\u0159en\u011b hl\u00e1s\u00ed k monarchii, ji\u017e nyn\u00ed pova\u017euje kr\u00e1le za \u201e<em>skv\u011bl\u00e9ho chlapa<\/em>\u201c a \u201e<em>bojovn\u00edka<\/em>\u201c \u2013 s\u00e1m mi to ned\u00e1vno \u0159ekl \u2013, ale jeho n\u00e1klonnost k monarchovi a kr\u00e1lovsk\u00e9 rodin\u011b se mo\u017en\u00e1 je\u0161t\u011b v\u00edce prohloub\u00ed, a\u017e se dozv\u00ed, \u017ee on i kr\u00e1l poch\u00e1zej\u00ed ze stejn\u00e9ho skotsk\u00e9ho \u0161lechtice.<\/p>\n<figure id=\"attachment_66817\" class=\"wp-caption aligncenter\" style=\"width: 561px;\"><a href=\"https:\/\/aeronet.news\/wp-content\/uploads\/TrumpKingCharlesGenealogy.jpg\"><img decoding=\"async\" loading=\"lazy\" class=\"wp-image-66817 \" src=\"https:\/\/aeronet.news\/wp-content\/uploads\/TrumpKingCharlesGenealogy.jpg\" sizes=\"(max-width: 702px) 100vw, 702px\" srcset=\"https:\/\/aeronet.news\/wp-content\/uploads\/TrumpKingCharlesGenealogy.jpg 702w, https:\/\/aeronet.news\/wp-content\/uploads\/TrumpKingCharlesGenealogy-178x300.jpg 178w, https:\/\/aeronet.news\/wp-content\/uploads\/TrumpKingCharlesGenealogy-609x1024.jpg 609w, https:\/\/aeronet.news\/wp-content\/uploads\/TrumpKingCharlesGenealogy-700x1178.jpg 700w, https:\/\/aeronet.news\/wp-content\/uploads\/TrumpKingCharlesGenealogy-212x357.jpg 212w, https:\/\/aeronet.news\/wp-content\/uploads\/TrumpKingCharlesGenealogy-287x483.jpg 287w\" alt=\"\" width=\"561\" height=\"943\" \/><\/a><figcaption class=\"wp-caption-text\">Rodokmeny Charlese III. a Donalda Trumpa<\/figcaption><\/figure>\n<p>Podrobn\u00fd v\u00fdzkum proveden\u00fd pro den\u00edk Daily Mail odhalil, \u017ee maj\u00ed spole\u010dn\u00e9ho p\u0159edka v osob\u011b 3. hrab\u011bte z Lennoxu, pravnuka skotsk\u00e9ho kr\u00e1le Jakuba II., co\u017e znamen\u00e1, \u017ee\u00a0<strong>Donald Trump a Karel III. jsou bratranci v patn\u00e1ct\u00e9m koleni.<\/strong>\u00a0Jejich spole\u010dn\u00fd p\u0159edek v\u0161ak skon\u010dil ne\u0161\u0165astn\u011b. Lord Lennox se zapletl do nel\u00edtostn\u00e9ho boje o moc nad nezletil\u00fdm kr\u00e1lem Jakubem V. a nakonec byl pora\u017een v bitv\u011b u mostu v Linlithgow v roce 1526. Pot\u00e9, co byl zajat, ho zavra\u017edil soupe\u0159\u00edc\u00ed \u0161lechtic zn\u00e1m\u00fd jako Bastard z Arranu.<\/p>\n<h3>Trump\u016fv rodokmen se t\u00e1hne k pravnukovi skotsk\u00e9ho kr\u00e1le Jakuba II.<\/h3>\n<p>Jeho syn, 4. hrab\u011b z Lennoxu, se stal otcem lorda Darnleyho, man\u017eela Marie, kr\u00e1lovny Skotska. Jejich syn se stal anglick\u00fdm kr\u00e1lem Jakubem I., z n\u011bho\u017e poch\u00e1z\u00ed rod Stuart\u016f a nakonec i rod Windsor\u016f. Lord Lennox m\u011bl n\u011bkolik d\u011bt\u00ed, mezi nimi\u017e byla i dcera lady Helen, kter\u00e1 se provdala za 11. hrab\u011bte ze Sutherlandu.<\/p>\n<p>Jejich syn, 12. hrab\u011b, p\u0159e\u017eil pokus o vra\u017edu otravou (p\u0159i kter\u00e9m zahynul 11. hrab\u011b) a m\u011bl dceru, lady Jane. Pozd\u011bji se provdala za n\u00e1\u010deln\u00edka klanu Mackay\u016f a jejich syn, mnohokr\u00e1t \u017eenat\u00fd Donald Mackay, byl pov\u00fd\u0161en do \u0161lechtick\u00e9ho stavu jako 1. lord Reay \u2013 kter\u00fd byl mimochodem tak\u00e9 oddan\u00fdm stoupencem jin\u00e9ho kr\u00e1le Karla.<\/p>\n<div class=\"twitter-tweet twitter-tweet-rendered\"><iframe id=\"twitter-widget-0\" class=\"\" title=\"X Post\" src=\"https:\/\/platform.twitter.com\/embed\/Tweet.html?dnt=false&amp;embedId=twitter-widget-0&amp;features=eyJ0ZndfdGltZWxpbmVfbGlzdCI6eyJidWNrZXQiOltdLCJ2ZXJzaW9uIjpudWxsfSwidGZ3X2ZvbGxvd2VyX2NvdW50X3N1bnNldCI6eyJidWNrZXQiOnRydWUsInZlcnNpb24iOm51bGx9LCJ0ZndfdHdlZXRfZWRpdF9iYWNrZW5kIjp7ImJ1Y2tldCI6Im9uIiwidmVyc2lvbiI6bnVsbH0sInRmd19yZWZzcmNfc2Vzc2lvbiI6eyJidWNrZXQiOiJvbiIsInZlcnNpb24iOm51bGx9LCJ0ZndfZm9zbnJfc29mdF9pbnRlcnZlbnRpb25zX2VuYWJsZWQiOnsiYnVja2V0Ijoib24iLCJ2ZXJzaW9uIjpudWxsfSwidGZ3X21peGVkX21lZGlhXzE1ODk3Ijp7ImJ1Y2tldCI6InRyZWF0bWVudCIsInZlcnNpb24iOm51bGx9LCJ0ZndfZXhwZXJpbWVudHNfY29va2llX2V4cGlyYXRpb24iOnsiYnVja2V0IjoxMjA5NjAwLCJ2ZXJzaW9uIjpudWxsfSwidGZ3X3Nob3dfYmlyZHdhdGNoX3Bpdm90c19lbmFibGVkIjp7ImJ1Y2tldCI6Im9uIiwidmVyc2lvbiI6bnVsbH0sInRmd19kdXBsaWNhdGVfc2NyaWJlc190b19zZXR0aW5ncyI6eyJidWNrZXQiOiJvbiIsInZlcnNpb24iOm51bGx9LCJ0ZndfdXNlX3Byb2ZpbGVfaW1hZ2Vfc2hhcGVfZW5hYmxlZCI6eyJidWNrZXQiOiJvbiIsInZlcnNpb24iOm51bGx9LCJ0ZndfdmlkZW9faGxzX2R5bmFtaWNfbWFuaWZlc3RzXzE1MDgyIjp7ImJ1Y2tldCI6InRydWVfYml0cmF0ZSIsInZlcnNpb24iOm51bGx9LCJ0ZndfbGVnYWN5X3RpbWVsaW5lX3N1bnNldCI6eyJidWNrZXQiOnRydWUsInZlcnNpb24iOm51bGx9LCJ0ZndfdHdlZXRfZWRpdF9mcm9udGVuZCI6eyJidWNrZXQiOiJvbiIsInZlcnNpb24iOm51bGx9fQ%3D%3D&amp;frame=false&amp;hideCard=false&amp;hideThread=false&amp;id=2049118324416565553&amp;lang=cs&amp;origin=https%3A%2F%2Faeronet.news%2Fbritsky-kral-charles-iii-prijel-do-americkeho-kongresu-vyridit-vzkaz-od-domu-sion-ze-usa-maji-povinnost-aktivovat-clanek-5-a-poslat-vojska-na-ukrajinu-kral-dokonce-v-projevu-pouzil-pro-ukrajinu%2F&amp;sessionId=ffabc52956b7e539d03105e66cb980422fbd6dd2&amp;theme=light&amp;widgetsVersion=2615f7e52b7e0%3A1702314776716&amp;width=550px\" frameborder=\"0\" scrolling=\"no\" allowfullscreen=\"allowfullscreen\" data-tweet-id=\"2049118324416565553\" data-mce-fragment=\"1\"><\/iframe><\/div>\n<p>Od tohoto Donalda se rodov\u00e1 linie p\u0159es generace Mackay\u016f a pot\u00e9 MacLeod\u016f (v\u010detn\u011b dal\u0161\u00edho Donalda) t\u00e1hne a\u017e k Mary Anne MacLeodov\u00e9 z ostrova Lewis, kter\u00e1 v roce 1930 emigrovala do USA. Tam se provdala za developera Freda Trumpa a m\u011bla s n\u00edm p\u011bt d\u011bt\u00ed. Donald Trump, narozen\u00fd v roce 1946, byl \u010dtvrt\u00fdm z nich. Trump tedy nen\u00ed v\u00fdjimkou z linie americk\u00fdch prezident\u016f. I on poch\u00e1z\u00ed z linie britsk\u00fdch kr\u00e1l\u016f, podobn\u011b jako v\u0161ichni p\u0159edchoz\u00ed ameri\u010dt\u00ed prezidenti. Proto USA jsou dodnes dominiem britsk\u00e9 koruny.<\/p>\n<h3>Trump sice m\u00e1 rodokmen britsk\u00fdch panovn\u00edk\u016f, ale na rozd\u00edl od v\u0161ech p\u0159edchoz\u00edch US prezident\u016f neslou\u017e\u00ed Lond\u00fdnu, n\u00fdbr\u017e Jeruzal\u00e9mu<\/h3>\n<p>Probl\u00e9m je v tom, \u017ee Trump se od v\u0161ech p\u0159edchoz\u00edch americk\u00fdch prezident\u016f li\u0161\u00ed v tom, \u017ee nepodl\u00e9h\u00e1 britsk\u00e9 korun\u011b, ale Izraeli. A konkr\u00e9tn\u011b ne ani tak Izraeli v ateistick\u00e9m smyslu, ale izraelsk\u00fdm mesianist\u016fm, kter\u00e9 kontroluje sekta Chabad Lubavitch. A proto\u017ee jeho ze\u0165 Jared Kushner je \u010dlenem Chabadu, a jeho dcera Ivanka konvertovala k judaismu a je rovn\u011b\u017e \u010dlenkou Chabadu, tak to znamen\u00e1 jen jednu v\u011bc.<\/p>\n<p>\u017de toti\u017e\u00a0<strong>Trump je prvn\u00ed americk\u00fd prezident, kter\u00fd nepad\u00e1 na kolena p\u0159ed Domem Sion, ale p\u0159ed Domem Chabad.<\/strong>\u00a0A proto je okolo Trumpa u\u017e od roku 2016 tak obrovsk\u00fd k\u0159ik a povyk. D\u016fm Sion toti\u017e t\u00edm okam\u017eikem p\u0159i\u0161el o kontrolu nad svou \u00fadernou p\u011bst\u00ed, kterou pou\u017e\u00edval od konce II. sv. v\u00e1lky na prosazov\u00e1n\u00ed sv\u00fdch z\u00e1jm\u016f doslova a \u00fapln\u011b po cel\u00e9m sv\u011bt\u011b, tedy nad USA, nad americk\u00fdm Pentagonem a nad B\u00edl\u00fdm domem.<\/p>\n<figure id=\"attachment_60360\" class=\"wp-caption aligncenter\" style=\"width: 692px;\"><a href=\"https:\/\/aeronet.news\/wp-content\/uploads\/TrumpWesternWall.jpg\"><img decoding=\"async\" loading=\"lazy\" class=\"wp-image-60360 \" src=\"https:\/\/aeronet.news\/wp-content\/uploads\/TrumpWesternWall-1024x668.jpg\" sizes=\"(max-width: 700px) 100vw, 700px\" srcset=\"https:\/\/aeronet.news\/wp-content\/uploads\/TrumpWesternWall-1024x668.jpg 1024w, https:\/\/aeronet.news\/wp-content\/uploads\/TrumpWesternWall-300x196.jpg 300w, https:\/\/aeronet.news\/wp-content\/uploads\/TrumpWesternWall-768x501.jpg 768w, https:\/\/aeronet.news\/wp-content\/uploads\/TrumpWesternWall-700x457.jpg 700w, https:\/\/aeronet.news\/wp-content\/uploads\/TrumpWesternWall-100x65.jpg 100w, https:\/\/aeronet.news\/wp-content\/uploads\/TrumpWesternWall-547x357.jpg 547w, https:\/\/aeronet.news\/wp-content\/uploads\/TrumpWesternWall-740x483.jpg 740w, https:\/\/aeronet.news\/wp-content\/uploads\/TrumpWesternWall.jpg 1280w\" alt=\"\" width=\"692\" height=\"452\" \/><\/a><figcaption class=\"wp-caption-text\">Donald Trump u Zdi n\u00e1\u0159k\u016f v Jeruzal\u00e9m\u011b<\/figcaption><\/figure>\n<p>D\u016fm Sion cel\u00fdch 80 let pou\u017e\u00edval s\u00edlu USA ve prosp\u011bch nikoliv USA, ale ve prosp\u011bch projektu sv\u011btov\u00e9 globalizace z d\u00edlny sv\u011btov\u00fdch sionist\u016f v Lond\u00fdn\u011b. Te\u010f Lond\u00fdn poslal do pohansk\u00e9 s\u00edn\u011b, tedy do Kongresu, sv\u00e9ho posl\u00ed\u010dka, jeho\u017e koruna u\u017e pat\u0159\u00ed Lond\u00fdnsk\u00fdm kancel\u00e1\u0159\u00edm a nikoliv Domu Windsor. Nad\u011bje, \u017ee tato mise usp\u011bje, je miziv\u00e1. Trump je pod kontrolou Chabadu a bude se \u0159\u00eddit t\u00edm, co chce Izrael, ne Lond\u00fdn.<\/p>\n<p>Nicm\u00e9n\u011b ta n\u00e1v\u0161t\u011bva odhalila zoufalost Domu Sion. V\u00e1lka s Ruskem byla toti\u017e pl\u00e1nem Lond\u00fdna, jak p\u0159edej\u00edt bankrotu Lond\u00fdnsk\u00fdch kancel\u00e1\u0159\u00ed a cel\u00e9 EU. A pokud se potvrd\u00ed, \u017ee ani kr\u00e1lovsk\u00e1 mise do s\u00eddla Kongresu nic nezm\u011bnila, za\u010dne to b\u00fdt drsn\u00e9. Lond\u00fdn se potom rozhodne Trumpa definitivn\u011b zbavit. A to za jakoukoliv cenu a jakoukoliv cestou.<\/p>\n<p><a href=\"https:\/\/aeronet.news\/britsky-kral-charles-iii-prijel-do-americkeho-kongresu-vyridit-vzkaz-od-domu-sion-ze-usa-maji-povinnost-aktivovat-clanek-5-a-poslat-vojska-na-ukrajinu-kral-dokonce-v-projevu-pouzil-pro-ukrajinu\/\">-VK-<\/a><\/p>\n<p>&nbsp;<\/p>\n","protected":false},"excerpt":{"rendered":"<p>Britsk\u00fd kr\u00e1l Charles III. p\u0159ijel do americk\u00e9ho Kongresu vy\u0159\u00eddit vzkaz od Domu Sion, \u017ee USA&#8230;<\/p>\n","protected":false},"author":2,"featured_media":105542,"comment_status":"closed","ping_status":"closed","sticky":false,"template":"","format":"standard","meta":[],"categories":[6],"tags":[1042,3291,5382,39,26,37],"_links":{"self":[{"href":"https:\/\/www.infokuryr.cz\/n\/wp-json\/wp\/v2\/posts\/105541"}],"collection":[{"href":"https:\/\/www.infokuryr.cz\/n\/wp-json\/wp\/v2\/posts"}],"about":[{"href":"https:\/\/www.infokuryr.cz\/n\/wp-json\/wp\/v2\/types\/post"}],"author":[{"embeddable":true,"href":"https:\/\/www.infokuryr.cz\/n\/wp-json\/wp\/v2\/users\/2"}],"replies":[{"embeddable":true,"href":"https:\/\/www.infokuryr.cz\/n\/wp-json\/wp\/v2\/comments?post=105541"}],"version-history":[{"count":0,"href":"https:\/\/www.infokuryr.cz\/n\/wp-json\/wp\/v2\/posts\/105541\/revisions"}],"wp:featuredmedia":[{"embeddable":true,"href":"https:\/\/www.infokuryr.cz\/n\/wp-json\/wp\/v2\/media\/105542"}],"wp:attachment":[{"href":"https:\/\/www.infokuryr.cz\/n\/wp-json\/wp\/v2\/media?parent=105541"}],"wp:term":[{"taxonomy":"category","embeddable":true,"href":"https:\/\/www.infokuryr.cz\/n\/wp-json\/wp\/v2\/categories?post=105541"},{"taxonomy":"post_tag","embeddable":true,"href":"https:\/\/www.infokuryr.cz\/n\/wp-json\/wp\/v2\/tags?post=105541"}],"curies":[{"name":"wp","href":"https:\/\/api.w.org\/{rel}","templated":true}]}}