{"id":105539,"date":"2026-04-29T06:36:04","date_gmt":"2026-04-29T04:36:04","guid":{"rendered":"https:\/\/www.infokuryr.cz\/n\/?p=105539"},"modified":"2026-04-29T06:36:04","modified_gmt":"2026-04-29T04:36:04","slug":"patrick-wood-je-valka-s-iranem-o-jaderny-material-nebo-o-kontrolu-nad-hormuzskym-prulivem","status":"publish","type":"post","link":"https:\/\/www.infokuryr.cz\/n\/2026\/04\/29\/patrick-wood-je-valka-s-iranem-o-jaderny-material-nebo-o-kontrolu-nad-hormuzskym-prulivem\/","title":{"rendered":"Patrick Wood: Je v\u00e1lka s \u00cdr\u00e1nem o jadern\u00fd materi\u00e1l \u2013 nebo o kontrolu nad Hormuzsk\u00fdm pr\u016flivem?"},"content":{"rendered":"<div id=\"fb-root\"><\/div>\n<div class=\"elementor-element elementor-element-1fb4c2c elementor-widget elementor-widget-theme-post-content\" data-id=\"1fb4c2c\" data-element_type=\"widget\" data-e-type=\"widget\" data-widget_type=\"theme-post-content.default\">\n<div class=\"elementor-widget-container\">\n<p><span dir=\"auto\">Tvrd\u00edm, \u017ee v\u00e1lka proti \u00cdr\u00e1nu nem\u011bla nic spole\u010dn\u00e9ho s jadern\u00fdm materi\u00e1lem, ale sp\u00ed\u0161e se z\u00edsk\u00e1n\u00edm kontroly nad Hormuzsk\u00fdm pr\u016flivem. Je d\u016fle\u017eit\u00e9 si uv\u011bdomit, \u017ee m\u00e9dia v\u017edy reflektuj\u00ed, ale nikdy netvo\u0159\u00ed; a\u0165 u\u017e prezentuj\u00ed jak\u00fdkoli narativ, nikdy nen\u00ed origin\u00e1ln\u00ed.<\/span><\/p>\n<p><span dir=\"auto\">Posun v informov\u00e1n\u00ed lze zdokumentovat pomoc\u00ed dat a sleduje vzorec, kter\u00fd by m\u011bl ka\u017ed\u00fd pozorovatel manipulovan\u00fdch narativ\u016f okam\u017eit\u011b rozpoznat. Tisk neobjevil Hormuzsk\u00fd pr\u016fliv. Pr\u016fliv se stal histori\u00ed a\u017e tehdy, kdy\u017e se stal probl\u00e9mem \u2013 a kdy\u017e se probl\u00e9mem stal, musel b\u00fdt p\u0159ejmenov\u00e1n, aby se p\u0159ede\u0161lo kladen\u00ed nespr\u00e1vn\u00fdch ot\u00e1zek.<\/span><\/p>\n<p><span dir=\"auto\">Pod\u00edvejme se na v\u00fdvoj report\u00e1\u017ee.<\/span><\/p>\n<h2 class=\"wp-block-heading\"><span dir=\"auto\">Konec ledna \u2013 27. \u00fanora 2026 (p\u0159ed \u00fatokem, asi p\u0159ed 60 dny)<\/span><\/h2>\n<p><span dir=\"auto\">Dominantn\u00ed medi\u00e1ln\u00ed narativ se soust\u0159edil v\u00fdhradn\u011b na jadern\u00e9 zbran\u011b. Trump\u016fv projev o stavu Unie z 24. \u00fanora tvrdil, \u017ee \u00cdr\u00e1n obnovil sv\u016fj jadern\u00fd program a vyv\u00edj\u00ed rakety schopn\u00e9 zas\u00e1hnout Spojen\u00e9 st\u00e1ty. Trump a p\u0159edstavitel\u00e9 administrativy \u2013 Vance, Rubio a Witkoff \u2013 obvinili \u00cdr\u00e1n z roz\u0161i\u0159ov\u00e1n\u00ed jeho jadern\u00e9ho a raketov\u00e9ho programu s c\u00edlem ohrozit Spojen\u00e9 st\u00e1ty a jejich z\u00e1jmy.<\/span><\/p>\n<p><span dir=\"auto\">Hormuzsk\u00fd pr\u016fliv nehr\u00e1l t\u00e9m\u011b\u0159 \u017e\u00e1dnou roli. IMEC nebyl v\u016fbec zm\u00edn\u011bn. R\u00e1mcem byla existen\u010dn\u00ed hrozba pro americkou p\u016fdu: jadern\u00e9 hlavice, balistick\u00e9 rakety, teroristick\u00e9 re\u017eimy.<\/span><\/p>\n<p><span dir=\"auto\">Sekund\u00e1rn\u00ed kontext byl humanit\u00e1rn\u00ed: V lednu 2026 \u00fadajn\u011b \u00edr\u00e1nsk\u00e9 bezpe\u010dnostn\u00ed s\u00edly zmasakrovaly tis\u00edce civilist\u016f b\u011bhem potla\u010dov\u00e1n\u00ed nejv\u011bt\u0161\u00edch protest\u016f od roku 1979. Trump toho vyu\u017eil k vybudov\u00e1n\u00ed mor\u00e1ln\u00edho argumentu vedle bezpe\u010dnostn\u00edho argumentu.<\/span><\/p>\n<p><span dir=\"auto\">V t\u00e9 dob\u011b byl Hormuzsk\u00fd pr\u016fliv pouze pozn\u00e1mkou pod \u010darou v odborn\u00fdch publikac\u00edch. \u017d\u00e1dn\u00e9 titulky.<\/span><\/p>\n<h2 class=\"wp-block-heading\"><span dir=\"auto\">28. \u00fanora \u2013 10. b\u0159ezna 2026 (\u00fatok a bezprost\u0159edn\u00ed n\u00e1sledky)<\/span><\/h2>\n<p><span dir=\"auto\">P\u0159i oznamov\u00e1n\u00ed americk\u00fdch \u00fatok\u016f Trump uvedl, \u017ee c\u00edlem je \u201eodstranit bezprost\u0159edn\u00ed hrozby ze strany \u00edr\u00e1nsk\u00e9ho re\u017eimu\u201c, v\u010detn\u011b zni\u010den\u00ed \u00edr\u00e1nsk\u00e9ho arzen\u00e1lu balistick\u00fdch raket, jeho n\u00e1mo\u0159nictva, ukon\u010den\u00ed podpory teroristick\u00fdch skupin a zabr\u00e1n\u011bn\u00ed \u00edr\u00e1nsk\u00e9 jadern\u00e9 bomb\u011b.<\/span><\/p>\n<p><span dir=\"auto\">Jadern\u00fd narativ nad\u00e1le dominoval.<\/span><\/p>\n<p><span dir=\"auto\">Hormuzsk\u00fd pr\u016fliv se dostal do zpr\u00e1v jen proto, \u017ee z n\u011bj ud\u011blal t\u00e9ma s\u00e1m \u00cdr\u00e1n: 2. b\u0159ezna vysoce postaven\u00fd \u00fa\u0159edn\u00edk IRGC potvrdil, \u017ee pr\u016fliv je uzav\u0159en a vyhro\u017eoval ka\u017ed\u00e9 lodi, kter\u00e1 j\u00edm propluje.<\/span><\/p>\n<p><span dir=\"auto\">Tehdej\u0161\u00ed zpravodajstv\u00ed bylo reaktivn\u00ed \u2013 \u00cdr\u00e1n to ud\u011blal, tady jsou n\u00e1sledky \u2013 nikoli analytick\u00e9. Na ot\u00e1zku, pro\u010d USA vstoupily do v\u00e1lky, se st\u00e1le odpov\u00eddalo \u201ejadern\u00fdmi zbran\u011bmi\u201c.<\/span><\/p>\n<h2 class=\"wp-block-heading\"><span dir=\"auto\">10. b\u0159ezna \u2013 26. b\u0159ezna 2026 (Objevuje se narativ hospod\u00e1\u0159sk\u00e9 krize)<\/span><\/h2>\n<p><span dir=\"auto\">To byl zlomov\u00fd bod.<\/span><\/p>\n<p><span dir=\"auto\">\u00cdr\u00e1nsko-ir\u00e1ck\u00e1 v\u00e1lka z roku 2026, v\u010detn\u011b uzav\u0159en\u00ed Hormuzsk\u00e9ho pr\u016flivu, vedla podle Mezin\u00e1rodn\u00ed energetick\u00e9 agentury k \u201enejv\u011bt\u0161\u00edmu naru\u0161en\u00ed dod\u00e1vek v historii glob\u00e1ln\u00edho trhu s ropou\u201c.<\/span><\/p>\n<p><span dir=\"auto\">Ceny ropy vzrostly nad 120 dolar\u016f za barel. Katar vyhl\u00e1sil vy\u0161\u0161\u00ed moc. Produkce ropy v Kuvajtu, Ir\u00e1ku, Sa\u00fadsk\u00e9 Ar\u00e1bii a Spojen\u00fdch arabsk\u00fdch emir\u00e1tech \u00fadajn\u011b klesla do 10. b\u0159ezna o 6,7 milionu barel\u016f denn\u011b a do 12. b\u0159ezna nejm\u00e9n\u011b o 10 milion\u016f barel\u016f denn\u011b.<\/span><\/p>\n<p><span dir=\"auto\">V tomto okam\u017eiku u\u017e tisk nemohl ignorovat Hormuzsk\u00fd pr\u016fliv. V re\u00e1ln\u00e9m \u010dase po\u0161kozoval glob\u00e1ln\u00ed ekonomiku.<\/span><\/p>\n<p><span dir=\"auto\">Ale to, co se stalo s jadern\u00fdm narativem, bylo pozoruhodn\u00e9: stalo se ti\u0161e trapn\u00fdm.<\/span><\/p>\n<p><span dir=\"auto\">Mezin\u00e1rodn\u00ed agentura pro atomovou energii 4. b\u0159ezna ozn\u00e1mila, \u017ee satelitn\u00ed sn\u00edmky neuk\u00e1zaly \u201e\u017e\u00e1dn\u00e9 po\u0161kozen\u00ed za\u0159\u00edzen\u00ed obsahuj\u00edc\u00edch jadern\u00fd materi\u00e1l v \u00cdr\u00e1nu\u201c, pouze ur\u010dit\u00e9 po\u0161kozen\u00ed \u201evchod\u016f\u201c do nejv\u011bt\u0161\u00edho obohacovac\u00edho z\u00e1vodu.<\/span><\/p>\n<p><span dir=\"auto\">Jin\u00fdmi slovy, deklarovan\u00fd c\u00edl v\u00e1lky \u2013 zni\u010den\u00ed \u00edr\u00e1nsk\u00e9ho jadern\u00e9ho programu \u2013 zjevn\u011b nebyl dosa\u017een. Tisk pot\u0159eboval dal\u0161\u00ed d\u016fvod k ospravedln\u011bn\u00ed v\u00e1lky a Hormuzsk\u00fd pr\u016fliv mu ho poskytl.<\/span><\/p>\n<h2 class=\"wp-block-heading\"><span dir=\"auto\">26. b\u0159ezna \u2013 7. dubna 2026 (Hormus se st\u00e1v\u00e1 hlavn\u00edm p\u0159\u00edb\u011bhem)<\/span><\/h2>\n<p><span dir=\"auto\">Trump prohl\u00e1sil, \u017ee \u010c\u00edna je \u201evelmi r\u00e1da, \u017ee trvale otev\u00edr\u00e1 Hormuzsk\u00fd pr\u016fliv\u201c.<\/span><\/p>\n<p><span dir=\"auto\">Tato v\u011bta mluv\u00ed za v\u0161e.<\/span><\/p>\n<p><span dir=\"auto\">\u201eTrval\u00e9 otev\u0159en\u00ed Hormuzsk\u00e9ho pr\u016flivu\u201c nen\u00ed jazyk prezidenta, kter\u00fd vede v\u00e1lku za zastaven\u00ed jadern\u00e9ho programu. Je to jazyk prezidenta, kter\u00fd vede v\u00e1lku za nastolen\u00ed trval\u00e9 kontroly nad \u00fazk\u00fdm hrdlem n\u00e1mo\u0159n\u00ed dopravy.<\/span><\/p>\n<p><span dir=\"auto\">Tisk za\u010dal z velk\u00e9 \u010d\u00e1sti pova\u017eovat Hormuzsk\u00fd pr\u016fliv za \u00fast\u0159edn\u00ed strategick\u00fd c\u00edl v\u00e1lky, ani\u017e by to jakkoli spojil s IMEC.<\/span><\/p>\n<p><span dir=\"auto\">Francie ozn\u00e1mila \u201eIniciativu pro n\u00e1mo\u0159n\u00ed plavbu v Hormuzsk\u00e9m pr\u016flivu\u201c. Kancel\u00e1\u0159 Emmanuela Macrona uvedla, \u017ee \u201esvoboda plavby v Hormuzsk\u00e9m pr\u016flivu\u201c je bezprost\u0159edn\u00ed prioritou, zejm\u00e9na vzhledem ke glob\u00e1ln\u00edm ekonomick\u00fdm d\u016fsledk\u016fm konfliktu.<\/span><\/p>\n<p><span dir=\"auto\">Jadern\u00fd program byl ospravedln\u011bn\u00edm. Cesta se stala c\u00edlem \u2013 nebo sp\u00ed\u0161e: v\u017edycky j\u00edm byla, a tisk to kone\u010dn\u011b za\u010dal tvrdit, ani\u017e by v\u011bd\u011bl pro\u010d.<\/span><\/p>\n<h2 class=\"wp-block-heading\"><span dir=\"auto\">7. dubna do sou\u010dasnosti (Hormus dominuje, jadern\u00e1 energie t\u00e9m\u011b\u0159 zmizela)<\/span><\/h2>\n<p><span dir=\"auto\">Trump s nad\u0161en\u00edm uv\u00edtal ozn\u00e1men\u00ed Teher\u00e1nu, \u017ee Hormuzsk\u00fd pr\u016fliv je \u201epln\u011b otev\u0159en\u00fd a p\u0159ipraven\u00fd k pln\u00e9mu pr\u016fjezdu\u201c.<\/span><\/p>\n<p><span dir=\"auto\">Zpr\u00e1vy se nyn\u00ed zam\u011b\u0159uj\u00ed t\u00e9m\u011b\u0159 v\u00fdhradn\u011b na pr\u016fliv:<\/span><\/p>\n<ul>\n<li><span dir=\"auto\">zabaven\u00e9 lod\u011b<\/span><\/li>\n<li><span dir=\"auto\">ost\u0159elovan\u00e9 tankery<\/span><\/li>\n<li><span dir=\"auto\">Uvalen\u00e9 a zru\u0161en\u00e9 blok\u00e1dy<\/span><\/li>\n<li><span dir=\"auto\">Jedn\u00e1n\u00ed o p\u0159\u00edm\u011b\u0159\u00ed t\u00fdkaj\u00edc\u00ed se podm\u00ednek p\u0159\u00edstupu<\/span><\/li>\n<\/ul>\n<p><span dir=\"auto\">Hlavn\u00ed \u00edr\u00e1nsk\u00fd vyjednava\u010d otev\u0159en\u011b prohl\u00e1sil:<\/span><\/p>\n<p><span dir=\"auto\">\u201ePro ostatn\u00ed je nemo\u017en\u00e9 p\u0159ekro\u010dit Hormuzsk\u00fd pr\u016fliv, zat\u00edmco my to nedok\u00e1\u017eeme.\u201c<\/span><\/p>\n<p><span dir=\"auto\">Jadern\u00fd program prakticky zmizel z denn\u00edch zpr\u00e1v.<\/span><\/p>\n<h2 class=\"wp-block-heading\"><span dir=\"auto\">Co tato zm\u011bna vlastn\u011b znamen\u00e1<\/span><\/h2>\n<p><span dir=\"auto\">Jadern\u00e9 ospravedln\u011bn\u00ed splnilo sv\u016fj \u00fa\u010del: poskytlo mor\u00e1ln\u00ed a bezpe\u010dnostn\u00ed politick\u00e9 zd\u016fvodn\u011bn\u00ed, kter\u00e9 americk\u00e1 ve\u0159ejnost pot\u0159ebovala k p\u0159ijet\u00ed vojensk\u00e9 akce.<\/span><\/p>\n<p><span dir=\"auto\">Byla tou vstupenkou dovnit\u0159.<\/span><\/p>\n<p><span dir=\"auto\">Jakmile je v\u0161ak jadern\u00fd program napaden, st\u00e1v\u00e1 se p\u0159\u00edb\u011bhem minulosti. Hormuzsk\u00fd pr\u016fliv je p\u0159\u00edb\u011bhem sou\u010dasnosti \u2013 vytv\u00e1\u0159\u00ed ceny ropy, nedostatek potravin a ekonomickou bolest, kterou lid\u00e9 dnes p\u0159\u00edmo poci\u0165uj\u00ed.<\/span><\/p>\n<p><span dir=\"auto\">Na co se tisk nikdy neptal \u2013 a co v americk\u00fdch zpr\u00e1v\u00e1ch zcela chyb\u00ed \u2013 je d\u016fvod, pro\u010d je \u201etrval\u00e9 otev\u0159en\u00ed Hormuzsk\u00e9ho pr\u016flivu\u201c pr\u00e1v\u011b strategick\u00fdm p\u0159edpokladem pro v\u00fdchodn\u00ed n\u00e1mo\u0159n\u00ed trasu IMEC.<\/span><\/p>\n<p><span dir=\"auto\">N\u00e1mo\u0159n\u00ed trasa v Persk\u00e9m z\u00e1livu, kter\u00e9 dominuje nep\u0159\u00e1telsk\u00e9 \u00edr\u00e1nsk\u00e9 n\u00e1mo\u0159nictvo, nem\u016f\u017ee udr\u017eet obchodn\u00ed koridor v hodnot\u011b bilion\u016f dolar\u016f.<\/span><\/p>\n<p><span dir=\"auto\">Eliminace schopnosti \u00cdr\u00e1nu ohrozit Hormuzsk\u00fd region nebyla vedlej\u0161\u00edm \u00fa\u010dinkem t\u00e9to v\u00e1lky. Byla to architektonick\u00e1 podm\u00ednka.<\/span><\/p>\n<p><span dir=\"auto\">Tisk se z jadern\u00e9 ot\u00e1zky p\u0159esunul k Hormuzsk\u00e9mu programu, proto\u017ee ho k tomu donutily ud\u00e1losti. Nep\u0159e\u0161el k IMEC, proto\u017ee nikdo v mainstreamov\u00fdch m\u00e9di\u00edch tyto probl\u00e9my nespojoval.<\/span><\/p>\n<p><span dir=\"auto\">Hormuzsk\u00fd pr\u016fliv je d\u016fvodem.<\/span><br \/>\n<span dir=\"auto\">IMEC je d\u016fvodem.<\/span><br \/>\n<span dir=\"auto\">Jadern\u00fd program byl v\u00fdmluvou.<\/span><\/p>\n<p><span dir=\"auto\">Tato sekvence \u2013 omluva, co, pro\u010d \u2013 je nejstar\u0161\u00edm vzorem pro ovl\u00e1d\u00e1n\u00ed ve\u0159ejn\u00e9ho uzn\u00e1n\u00ed.<\/span><\/p>\n<p><span dir=\"auto\">A funguje to p\u0159esn\u011b podle pl\u00e1nu.<\/span><\/p>\n<\/div>\n<\/div>\n<div class=\"elementor-element elementor-element-8c57238 quelle dc-has-condition dc-condition-empty elementor-widget elementor-widget-heading\" data-id=\"8c57238\" data-element_type=\"widget\" data-e-type=\"widget\" data-widget_type=\"heading.default\">\n<div class=\"elementor-widget-container\">\n<h3 class=\"elementor-heading-title elementor-size-default\"><span style=\"font-size: 10pt;\"><a href=\"https:\/\/www.technocracy.news\/is-war-with-iran-about-nuclear-stockpile-or-controlling-the-strait-of-hormuz\/\" target=\"_blank\" rel=\"nofollow noopener\"><span dir=\"auto\">Zdroj<\/span><\/a><\/span><\/h3>\n<p>&nbsp;<\/p>\n<\/div>\n<\/div>\n","protected":false},"excerpt":{"rendered":"<p>Tvrd\u00edm, \u017ee v\u00e1lka proti \u00cdr\u00e1nu nem\u011bla nic spole\u010dn\u00e9ho s jadern\u00fdm materi\u00e1lem, ale sp\u00ed\u0161e se z\u00edsk\u00e1n\u00edm&#8230;<\/p>\n","protected":false},"author":2,"featured_media":105540,"comment_status":"closed","ping_status":"closed","sticky":false,"template":"","format":"standard","meta":[],"categories":[7],"tags":[1042,6382,40],"_links":{"self":[{"href":"https:\/\/www.infokuryr.cz\/n\/wp-json\/wp\/v2\/posts\/105539"}],"collection":[{"href":"https:\/\/www.infokuryr.cz\/n\/wp-json\/wp\/v2\/posts"}],"about":[{"href":"https:\/\/www.infokuryr.cz\/n\/wp-json\/wp\/v2\/types\/post"}],"author":[{"embeddable":true,"href":"https:\/\/www.infokuryr.cz\/n\/wp-json\/wp\/v2\/users\/2"}],"replies":[{"embeddable":true,"href":"https:\/\/www.infokuryr.cz\/n\/wp-json\/wp\/v2\/comments?post=105539"}],"version-history":[{"count":0,"href":"https:\/\/www.infokuryr.cz\/n\/wp-json\/wp\/v2\/posts\/105539\/revisions"}],"wp:featuredmedia":[{"embeddable":true,"href":"https:\/\/www.infokuryr.cz\/n\/wp-json\/wp\/v2\/media\/105540"}],"wp:attachment":[{"href":"https:\/\/www.infokuryr.cz\/n\/wp-json\/wp\/v2\/media?parent=105539"}],"wp:term":[{"taxonomy":"category","embeddable":true,"href":"https:\/\/www.infokuryr.cz\/n\/wp-json\/wp\/v2\/categories?post=105539"},{"taxonomy":"post_tag","embeddable":true,"href":"https:\/\/www.infokuryr.cz\/n\/wp-json\/wp\/v2\/tags?post=105539"}],"curies":[{"name":"wp","href":"https:\/\/api.w.org\/{rel}","templated":true}]}}