{"id":105537,"date":"2026-04-29T06:34:30","date_gmt":"2026-04-29T04:34:30","guid":{"rendered":"https:\/\/www.infokuryr.cz\/n\/?p=105537"},"modified":"2026-04-29T06:34:30","modified_gmt":"2026-04-29T04:34:30","slug":"larry-c-johnson-iranske-vedeni-neni-rozdelene-trumpova-administrativa-ano","status":"publish","type":"post","link":"https:\/\/www.infokuryr.cz\/n\/2026\/04\/29\/larry-c-johnson-iranske-vedeni-neni-rozdelene-trumpova-administrativa-ano\/","title":{"rendered":"Larry C. Johnson: \u00cdr\u00e1nsk\u00e9 veden\u00ed nen\u00ed rozd\u011blen\u00e9&#8230; Trumpova administrativa ano"},"content":{"rendered":"<div id=\"fb-root\"><\/div>\n<div class=\"elementor-element elementor-element-1fb4c2c elementor-widget elementor-widget-theme-post-content\" data-id=\"1fb4c2c\" data-element_type=\"widget\" data-e-type=\"widget\" data-widget_type=\"theme-post-content.default\">\n<div class=\"elementor-widget-container\">\n<p><strong><span dir=\"auto\">B\u011bhem posledn\u00edch dvou t\u00fddn\u016f Donald Trump a jeho pochl\u00edpci z oblasti n\u00e1rodn\u00ed bezpe\u010dnosti opakovan\u011b tvrdili, \u017ee mezi \u00edr\u00e1nsk\u00fdmi politick\u00fdmi a vojensk\u00fdmi v\u016fdci vl\u00e1dne chaos a \u017ee nikdo nem\u00e1 situaci pod kontrolou. To je le\u017e \u2013 a j\u00e1 v\u00e1m vysv\u011btl\u00edm, co pova\u017euji za p\u016fvod t\u00e9to l\u017ei. Zde je \u00faryvek z toho, co Trump ned\u00e1vno \u0159ekl:<\/span><\/strong><\/p>\n<p><span dir=\"auto\">P\u0159\u00edsp\u011bvek Truth-Social (kolem 23.-24. dubna 2026): \u201e\u00cdr\u00e1n m\u00e1 velk\u00e9 pot\u00ed\u017ee s t\u00edm, aby zjistil, kdo je jeho v\u016fdcem! Prost\u011b to nev\u011bd\u00ed! Konflikt mezi \u201azast\u00e1nci tvrd\u00e9 linie\u2018, kte\u0159\u00ed utrp\u011bli na boji\u0161ti o\u0161klivou por\u00e1\u017eku, a \u201aum\u00edrn\u011bn\u00fdmi\u2018, kte\u0159\u00ed v\u016fbec um\u00edrn\u011bn\u00ed nejsou (ale z\u00edsk\u00e1vaj\u00ed na presti\u017ei!), je \u0161\u00edlen\u00fd!\u201c<\/span><\/p>\n<p><span dir=\"auto\">\u00cdr\u00e1nskou vl\u00e1du ozna\u010dil za \u201ev\u00e1\u017en\u011b rozd\u011blenou\u201c (a poznamenal, \u017ee to \u201enebylo neo\u010dek\u00e1van\u00e9\u201c) a pou\u017eil to jako ospravedln\u011bn\u00ed pro prodlou\u017een\u00ed p\u0159\u00edm\u011b\u0159\u00ed, aby \u00cdr\u00e1n mohl vypracovat \u201ejednotn\u00fd\u201c n\u00e1vrh.<\/span><\/p>\n<p><span dir=\"auto\">V koment\u00e1\u0159\u00edch t\u00fdkaj\u00edc\u00edch se zru\u0161en\u00ed cesty velvyslance do P\u00e1kist\u00e1nu (25.\u201326. dubna) se Trump zm\u00ednil o \u201eobrovsk\u00fdch vnit\u0159n\u00edch sporech a zmatku v r\u00e1mci \u00edr\u00e1nsk\u00e9ho \u201aveden\u00ed\u2018. Nikdo nev\u00ed, kdo je ve veden\u00ed.\u201c Porovnal to s americk\u00fdm vlivem a navrhl, aby se \u00cdr\u00e1n jednodu\u0161e spojil, pokud to s rozhovory mysl\u00ed v\u00e1\u017en\u011b.<\/span><\/p>\n<p><span dir=\"auto\">Jsem p\u0159esv\u011bd\u010den, \u017ee zdrojem t\u011bchto \u201ezpravodajsk\u00fdch informac\u00ed\u201c je Izrael a \u017ee Trump a jeho poradci up\u0159\u00edmn\u011b v\u011b\u0159\u00ed, \u017ee jsou pravdiv\u00e9. Dovolte mi vysv\u011btlit, pro\u010d tomu tak nen\u00ed. Nov\u011b dosazen\u00fd ajatoll\u00e1h Chamene\u00ed, p\u0159edseda parlamentu, ministr zahrani\u010d\u00ed a velitel Revolu\u010dn\u00ed gardy:<\/span><\/p>\n<p><span dir=\"auto\">Ajatoll\u00e1h Mojt\u00e1ba Chamene\u00ed bude v roce 2026 56 let.<\/span><\/p>\n<p><span dir=\"auto\">P\u0159edseda parlamentu (Mohammad Bagher Ghalibaf): narozen 23. srpna 1961, 28. dubna 2026 mu bude 64 let.<\/span><\/p>\n<p><span dir=\"auto\">\u00cdr\u00e1nsk\u00fd ministr zahrani\u010d\u00ed (Abbas Araghchi): narozen 5. prosince 1962, 28. dubna 2026 mu bude 63 let.<\/span><\/p>\n<p><span dir=\"auto\">Velitel IRGC (Ahmad Vahidi, vrchn\u00ed velitel): narozen 27. \u010dervna 1958, 28. dubna 2026 mu bude 67 let.<\/span><\/p>\n<p><span dir=\"auto\">Prezident Mas\u00fad Peze\u0161kian bude v roce 2026 71 let.<\/span><\/p>\n<p><span dir=\"auto\">V\u0161ichni tito mu\u017ei maj\u00ed dv\u011b spole\u010dn\u00e9 v\u011bci: bojovali ve v\u00e1lce v Ir\u00e1ku (1980\u20131988) a v\u0161ichni slou\u017eili v Revolu\u010dn\u00edch gard\u00e1ch. Pezeshkian nebyl bojovn\u00edkem \u2013 byl zdravotn\u00edkem, co\u017e znamen\u00e1, \u017ee byl vysoce respektov\u00e1n za svou pr\u00e1ci p\u0159i z\u00e1chran\u011b \u017eivot\u016f bojovn\u00edk\u016f. Zeptejte se kter\u00e9hokoli v\u00e1le\u010dn\u00e9ho veter\u00e1na, co si mysl\u00ed o sv\u00e9m zdravotn\u00edkovi, za p\u0159edpokladu, \u017ee byl kompetentn\u00ed. Tato spole\u010dn\u00e1 historie znamen\u00e1, \u017ee tito mu\u017ei znaj\u00ed z prvn\u00ed ruky cenu a hr\u016fzy v\u00e1lky. Znamen\u00e1 to tak\u00e9, \u017ee USA zah\u00e1jily boj se zem\u00ed \u0159\u00edzenou mu\u017ei, kte\u0159\u00ed \u010delili ir\u00e1ck\u00e9mu nep\u0159\u00edteli, kter\u00fd byl vyzbrojen a financov\u00e1n USA.<\/span><\/p>\n<p><span dir=\"auto\">Mu\u017ei, kte\u0159\u00ed bojovali, sd\u00edlej\u00ed zvl\u00e1\u0161tn\u00ed kamar\u00e1dstv\u00ed s t\u011bmi soudruhy, kte\u0159\u00ed znaj\u00ed hr\u016fzy v\u00e1lky. V\u00e1lka s Ir\u00e1kem byla obzvl\u00e1\u0161t\u011b brut\u00e1ln\u00ed, proto\u017ee utrp\u011bli \u00fatoky chemick\u00fdmi zbran\u011bmi, kter\u00e9 umo\u017enily Spojen\u00e9 st\u00e1ty \u2013 USA toti\u017e poskytly prekurzorov\u00e9 chemik\u00e1lie a zpravodajsk\u00e9 informace pou\u017eit\u00e9 k \u00fatok\u016fm na \u00edr\u00e1nsk\u00e9 jednotky. Sou\u010dasn\u00e9 \u00edr\u00e1nsk\u00e9 veden\u00ed je d\u00edky spole\u010dn\u00fdm bojov\u00fdm zku\u0161enostem sp\u00ed\u0161e nejd\u011bsiv\u011bj\u0161\u00ed skupinou \u00edr\u00e1nsk\u00fdch p\u0159edstavitel\u016f, kter\u00e1 kdy dr\u017eela moc.<\/span><\/p>\n<p><span dir=\"auto\">Zat\u00edmco Trump\u016fv B\u00edl\u00fd d\u016fm a \u00faslu\u017en\u00e1 z\u00e1padn\u00ed m\u00e9dia \u0161\u00ed\u0159\u00ed narativ o rozd\u011blen\u00ed a rozkolech mezi \u00edr\u00e1nsk\u00fdmi v\u016fdci, opak je pravdou. \u00cdr\u00e1nsk\u00e1 vl\u00e1da je pevn\u011b jednotn\u00e1 a p\u0159ipravena bojovat za ka\u017edou cenu. O tom informuje Drop-Site News od Jeremyho Scahilla:<\/span><\/p>\n<p><em><span dir=\"auto\">Vysok\u00fd \u00edr\u00e1nsk\u00fd \u00fa\u0159edn\u00edk serveru Drop Site \u0159ekl: \u00cdr\u00e1n si stanovuje vlastn\u00ed podm\u00ednky pro ukon\u010den\u00ed v\u00e1lky.<\/span><\/em><\/p>\n<p><span dir=\"auto\">Vysok\u00fd \u00edr\u00e1nsk\u00fd \u00fa\u0159edn\u00edk s p\u0159\u00edm\u00fdm vhledem do vnit\u0159n\u00edch diplomatick\u00fdch jedn\u00e1n\u00ed hovo\u0159il s Drop Site News a vykreslil jasn\u011bj\u0161\u00ed obraz postoje Teher\u00e1nu v dob\u011b, kdy jedn\u00e1n\u00ed s USA z\u016fst\u00e1vaj\u00ed na mrtv\u00e9m bod\u011b a \u00cdr\u00e1n se p\u0159ipravuje na dva dramaticky odli\u0161n\u00e9 sc\u00e9n\u00e1\u0159e, kter\u00e9 by se mohly v nadch\u00e1zej\u00edc\u00edch dnech odehr\u00e1t: n\u00e1vrat k diplomacii nebo obnoven\u00ed v\u00e1lky s USA a Izraelem.<\/span><\/p>\n<ol>\n<li><span dir=\"auto\">Pokud jde o podm\u00ednky pro obnoven\u00ed p\u0159\u00edm\u00fdch rozhovor\u016f: \u201eV sou\u010dasn\u00e9 dob\u011b postupujeme podle vlastn\u00edho pl\u00e1nu a domn\u00edv\u00e1me se, \u017ee pokra\u010dov\u00e1n\u00ed v jedn\u00e1n\u00edch ned\u00e1v\u00e1 smysl, dokud americk\u00e1 vl\u00e1da nezru\u0161\u00ed n\u00e1mo\u0159n\u00ed blok\u00e1du. Rozsah konfliktu se roz\u0161\u00ed\u0159il a p\u0159irozen\u011b se ji\u017e nejedn\u00e1 pouze o jadernou energii.\u201c<\/span><\/li>\n<li><span dir=\"auto\">Pokud jde o postoj prezidenta Trumpa a USA k diplomacii: \u00cdr\u00e1n je p\u0159esv\u011bd\u010den, \u017ee izraelsk\u00fd premi\u00e9r Benjamin Netanjahu z\u00edskal bezprecedentn\u00ed vliv na hodnocen\u00ed americk\u00fdch zpravodajsk\u00fdch slu\u017eeb a rozhodov\u00e1n\u00ed B\u00edl\u00e9ho domu. \u201eNa\u0161e zem\u011b v posledn\u00edch 30 letech vyjedn\u00e1vala s Ameri\u010dany na r\u016fzn\u00fdch \u00farovn\u00edch \u2013 form\u00e1ln\u011b i neform\u00e1ln\u011b, ve\u0159ejn\u011b i prost\u0159ednictv\u00edm tajn\u00fdch kan\u00e1l\u016f. Je to, jako by se objevili na fotbalov\u00e9m z\u00e1pase a uplat\u0148ovali pravidla ragby,\u201c uvedl vysoce postaven\u00fd \u00fa\u0159edn\u00edk. \u00cdr\u00e1n chov\u00e1 k Trumpovu zvl\u00e1\u0161tn\u00edmu vyslanci Stevovi Witkoffovi naprost\u00e9 opovr\u017een\u00ed a pova\u017euje ho za neznal\u00e9ho diplomatick\u00fdch proces\u016f a naprost\u00e9ho ignoranta technick\u00fdch z\u00e1le\u017eitost\u00ed. Kushnera \u00cdr\u00e1n vn\u00edm\u00e1 jako izraelsk\u00e9ho mu\u017ee u jednac\u00edho stolu. \u00cdr\u00e1n, dodal vysoce postaven\u00fd \u00fa\u0159edn\u00edk, nevid\u00ed d\u016fvod vyjedn\u00e1vat s nimi bez p\u0159\u00edtomnosti osobnosti, jako je viceprezident J. D. Vance.<\/span><\/li>\n<li><span dir=\"auto\">Ohledn\u011b toho, co Araghchi sd\u011blil p\u00e1kist\u00e1nsk\u00fdm medi\u00e1tor\u016fm: \u201eP\u00e1kist\u00e1nsk\u00e9 stran\u011b jsme vysv\u011btlili na\u0161e technick\u00e9 postoje. V jadern\u00e9 ot\u00e1zce byla znovu nastolena \u0159e\u0161en\u00ed, kter\u00e1 jsme d\u0159\u00edve navrhovali, abychom s nimi mohli dos\u00e1hnout spole\u010dn\u00e9 dohody. Na\u0161e pozn\u00e1mky nebyly nam\u00ed\u0159eny proti Ameri\u010dan\u016fm, proto\u017ee se jedn\u00e1 o bilater\u00e1ln\u00ed rozhovory. Domn\u00edv\u00e1me se, \u017ee by i samotn\u00ed medi\u00e1to\u0159i m\u011bli b\u00fdt informov\u00e1ni o technick\u00fdch aspektech n\u00e1vrh\u016f.\u201c<\/span><\/li>\n<li><span dir=\"auto\">Pokud jde o to, co by vy\u017eadovala seri\u00f3zn\u00ed vyjedn\u00e1vac\u00ed pozice USA: \u00cdr\u00e1n ve\u0159ejn\u011b nenazna\u010dil, \u017ee by se vzdal sv\u00e9ho postoje proti transferu obohacen\u00e9ho uranu, ale d\u016fsledn\u011b zd\u016fraz\u0148oval svou ochotu vy\u0159e\u0161it tuto ot\u00e1zku v r\u00e1mci komplexn\u00ed dohody s USA. \u201eTyto ot\u00e1zky maj\u00ed jasn\u00e1 a praktick\u00e1 \u0159e\u0161en\u00ed v praxi a my jsme je d\u016fsledn\u011b zkoumali v r\u00e1mci smyslupln\u00fdch jedn\u00e1n\u00ed. Jak\u00e9koli seri\u00f3zn\u00ed jedn\u00e1n\u00ed na americk\u00e9 stran\u011b mus\u00ed zahrnovat velk\u00fd t\u00fdm, v\u010detn\u011b expert\u016f a n\u011bkolika vl\u00e1dn\u00edch ministerstev, aby mohli pln\u011b pochopit a zpracovat smysluplnou dohodu, kter\u00e1 pokr\u00fdv\u00e1 r\u016fzn\u00e9 pr\u016f\u0159ezov\u00e9 dimenze na jejich stran\u011b.\u201c<\/span><\/li>\n<li><span dir=\"auto\">Pokud jde o ot\u00e1zku, zda Trump dok\u00e1\u017ee dohodu zprost\u0159edkovat: \u201eNa\u0161e hodnocen\u00ed je takov\u00e9, \u017ee nev\u011b\u0159\u00edme, \u017ee by [Trump] byl schopen dohodu zprost\u0159edkovat. Na\u0161e hodnocen\u00ed je takov\u00e9, \u017ee se v podstat\u011b rozhodli pokra\u010dovat ve v\u00e1lce, dokud nedojde ke zm\u011bn\u011b re\u017eimu\u201c \u2013 co\u017e \u00fa\u0159edn\u00edk ozna\u010dil za st\u00e1le odsouzen\u00e9 k ne\u00fasp\u011bchu.<\/span><\/li>\n<\/ol>\n<p><span dir=\"auto\">Zat\u00edmco Donald Trump tr\u00e1v\u00ed t\u00fdden hran\u00edm sv\u00e9ho nejlep\u0161\u00edho Nevillova Chamberlaina s n\u00e1pisem \u201em\u00edr je na dosah\u201c, \u00cdr\u00e1n neustoup\u00ed. Tv\u00e1\u0159\u00ed v tv\u00e1\u0159 tak hou\u017eevnat\u00e9 a odhodlan\u00e9 opozici je pravd\u011bpodobn\u00e9, \u017ee Trump zahraje posledn\u00ed trumf v podob\u011b americk\u00fdch n\u00e1let\u016f na \u00cdr\u00e1n v nad\u011bji, \u017ee zlom\u00ed jeho v\u016fli k odporu. Trumpovy hrozby, kter\u00e9 s\u00e1m nikdy nebojoval, nemaj\u00ed smysl pro mu\u017ee, kte\u0159\u00ed jako mlad\u00ed mu\u017ei bojovali a p\u0159e\u017eili brut\u00e1ln\u00ed v\u00e1lku. Nyn\u00ed, jako mu\u017ei po pades\u00e1tce a za\u010d\u00e1tku \u0161edes\u00e1tky, je tato skupina \u00edr\u00e1nsk\u00fdch v\u016fdc\u016f p\u0159ipravena bojovat \u2013 a bojovat zu\u0159iv\u011b.<\/span><\/p>\n<\/div>\n<\/div>\n<div class=\"elementor-element elementor-element-8c57238 quelle dc-has-condition dc-condition-empty elementor-widget elementor-widget-heading\" data-id=\"8c57238\" data-element_type=\"widget\" data-e-type=\"widget\" data-widget_type=\"heading.default\">\n<div class=\"elementor-widget-container\">\n<h3 class=\"elementor-heading-title elementor-size-default\"><span style=\"font-size: 10pt;\"><a href=\"https:\/\/sonar21.com\/iranian-leaders-are-not-divided-the-trump-administration-is\/\" target=\"_blank\" rel=\"nofollow noopener\"><span dir=\"auto\">Zdroj<\/span><\/a><\/span><\/h3>\n<p>&nbsp;<\/p>\n<\/div>\n<\/div>\n","protected":false},"excerpt":{"rendered":"<p>B\u011bhem posledn\u00edch dvou t\u00fddn\u016f Donald Trump a jeho pochl\u00edpci z oblasti n\u00e1rodn\u00ed bezpe\u010dnosti opakovan\u011b tvrdili,&#8230;<\/p>\n","protected":false},"author":2,"featured_media":105538,"comment_status":"closed","ping_status":"closed","sticky":false,"template":"","format":"standard","meta":[],"categories":[7],"tags":[1042,38,37],"_links":{"self":[{"href":"https:\/\/www.infokuryr.cz\/n\/wp-json\/wp\/v2\/posts\/105537"}],"collection":[{"href":"https:\/\/www.infokuryr.cz\/n\/wp-json\/wp\/v2\/posts"}],"about":[{"href":"https:\/\/www.infokuryr.cz\/n\/wp-json\/wp\/v2\/types\/post"}],"author":[{"embeddable":true,"href":"https:\/\/www.infokuryr.cz\/n\/wp-json\/wp\/v2\/users\/2"}],"replies":[{"embeddable":true,"href":"https:\/\/www.infokuryr.cz\/n\/wp-json\/wp\/v2\/comments?post=105537"}],"version-history":[{"count":0,"href":"https:\/\/www.infokuryr.cz\/n\/wp-json\/wp\/v2\/posts\/105537\/revisions"}],"wp:featuredmedia":[{"embeddable":true,"href":"https:\/\/www.infokuryr.cz\/n\/wp-json\/wp\/v2\/media\/105538"}],"wp:attachment":[{"href":"https:\/\/www.infokuryr.cz\/n\/wp-json\/wp\/v2\/media?parent=105537"}],"wp:term":[{"taxonomy":"category","embeddable":true,"href":"https:\/\/www.infokuryr.cz\/n\/wp-json\/wp\/v2\/categories?post=105537"},{"taxonomy":"post_tag","embeddable":true,"href":"https:\/\/www.infokuryr.cz\/n\/wp-json\/wp\/v2\/tags?post=105537"}],"curies":[{"name":"wp","href":"https:\/\/api.w.org\/{rel}","templated":true}]}}