{"id":105536,"date":"2026-04-29T06:29:03","date_gmt":"2026-04-29T04:29:03","guid":{"rendered":"https:\/\/www.infokuryr.cz\/n\/?p=105536"},"modified":"2026-04-29T06:29:03","modified_gmt":"2026-04-29T04:29:03","slug":"jiri-paroubek-bleskova-diplomacie-iranu","status":"publish","type":"post","link":"https:\/\/www.infokuryr.cz\/n\/2026\/04\/29\/jiri-paroubek-bleskova-diplomacie-iranu\/","title":{"rendered":"Ji\u0159\u00ed Paroubek: Bleskov\u00e1 diplomacie \u00cdr\u00e1nu&#8230;"},"content":{"rendered":"<div id=\"fb-root\"><\/div>\n<p><strong>Ministr zahrani\u010d\u00ed \u00cdr\u00e1nu Arak\u010d\u00ed je schopn\u00fd mu\u017e. B\u011bhem n\u011bkolika des\u00edtek posledn\u00edch hodin se dok\u00e1zal sej\u00edt s p\u0159edstaviteli Saudsk\u00e9 Ar\u00e1bie, Om\u00e1nu a Kataru. To na jedn\u00e9 sch\u016fzce. Pot\u00e9 odcestoval do Islam\u00e1b\u00e1du, kde se se\u0161el s p\u0159edstaviteli P\u00e1kist\u00e1nu. Tedy s p\u0159edstaviteli zem\u011b, kter\u00e1 se sna\u017e\u00ed zprost\u0159edkovat m\u00edr mezi jeho zem\u00ed, \u00cdr\u00e1nem a Spojen\u00fdmi st\u00e1ty.<\/strong><\/p>\n<p style=\"font-weight: 400;\">A na z\u00e1v\u011br sv\u00e9ho bleskov\u00e9ho turn\u00e9 zalet\u011bl do Moskvy, aby se se\u0161el s rusk\u00fdmi p\u0159edstaviteli a p\u0159edev\u0161\u00edm s rusk\u00fdm prezidentem Putinem. Oba dva st\u00e1tn\u00edci si vym\u011bnili, alespo\u0148 podle soci\u00e1ln\u00edch s\u00edt\u00ed, kter\u00e9 jsem m\u011bl mo\u017enost shl\u00e9dnout, vz\u00e1jemn\u00e9 komplimenty. Prezident Putin ocenil \u00fasil\u00ed \u00cdr\u00e1nu zachovat svou suverenitu. A ministr Arak\u010d\u00ed pod\u011bkoval V. Putinovi za postoj Ruska a\u00a0 jeho podporu v konfliktu se Spojen\u00fdmi st\u00e1ty a Izraelem. Tato bleskov\u00e1 diplomatick\u00e1 iniciativa je akc\u00ed na podporu \u00cdr\u00e1nem navr\u017een\u00e9ho m\u00edrov\u00e9ho pl\u00e1nu, jen\u017e byl p\u0159ed\u00e1n Spojen\u00fdm st\u00e1t\u016fm k posouzen\u00ed. Podstata tohoto n\u00e1vrhu spo\u010d\u00edv\u00e1 v tom, \u017ee by protistrany vy\u0159e\u0161ily prioritn\u011b ot\u00e1zku pr\u016fchodnosti Hormuzsk\u00e9ho pr\u016flivu a dal\u0161\u00edch z\u00e1le\u017eitost\u00ed, kter\u00e9 s t\u00edm souvisej\u00ed. A ot\u00e1zku \u0159e\u0161en\u00ed jadern\u00fdch zbran\u00ed, tedy virtu\u00e1ln\u00edch jadern\u00fdch zbran\u00ed \u00cdr\u00e1nu, by odsunuly na pozd\u011bj\u0161\u00ed dobu.<\/p>\n<p style=\"font-weight: 400;\">Zd\u00e1 se mi to jako rozumn\u00e9 \u0159e\u0161en\u00ed, zejm\u00e9na s ohledem na to, \u017ee loni v l\u00e9t\u011b americk\u00fd prezident Trump hovo\u0159il o tom, \u017ee \u00edr\u00e1nsk\u00fd jadern\u00fd program je de facto zni\u010den. \u00cdr\u00e1nci, zd\u00e1 se, dob\u0159e ch\u00e1pou, \u017ee pokra\u010dovat v rozvoji tohoto programu je nerozumn\u00e9. Tak to vid\u00edm konec konc\u016f i j\u00e1. Pravdu ale m\u00e1 italsk\u00e1 p\u0159edsedkyn\u011b vl\u00e1dy Meloniov\u00e1, kter\u00e1 se vyj\u00e1d\u0159ila, \u017ee v sou\u010dasn\u00e9 dob\u011b vlastn\u00ed jadern\u00e9 zbran\u011b ji\u017e 9 zem\u00ed sv\u011bta. Mezi nimi i Izrael. A jedin\u00fd, kdo zat\u00edm kdy pou\u017eil jadernou zbra\u0148 byly Spojen\u00e9 st\u00e1ty.<\/p>\n<p style=\"font-weight: 400;\">\u00a0Pokud Spojen\u00e9 st\u00e1ty odm\u00edtnou tento m\u00edrov\u00fd pl\u00e1n, budou p\u0159ed tv\u00e1\u0159\u00ed cel\u00e9ho sv\u011bta ony t\u00edm st\u00e1tem, kter\u00fd znemo\u017e\u0148uje\u00a0 m\u00edrov\u00e9 uspo\u0159\u00e1d\u00e1n\u00ed v oblasti\u00a0 Persk\u00e9ho z\u00e1livu. A s t\u00edm souvisej\u00edc\u00ed ot\u00e1zky dopravy ropy, zkapaln\u011bn\u00e9ho zemn\u00edho plynu, ale tak\u00e9 t\u0159eba um\u011bl\u00fdch hnojiv ze st\u00e1t\u016f z\u00e1livu do cel\u00e9ho sv\u011bta.<\/p>\n<p style=\"font-weight: 400;\">\u00a0Samoz\u0159ejm\u011b, \u017ee cel\u00fd sv\u011bt\u00a0 dnes tr\u00e1p\u00ed zv\u00fd\u0161en\u00e9 ceny ropy a zemn\u00edho plynu pr\u00e1v\u011b v d\u016fsledku v\u00fdpadku dod\u00e1vek t\u011bchto komodit z oblasti Persk\u00e9ho z\u00e1livu. Toto \u0159e\u0161en\u00ed, kter\u00e9 navrhuje \u00cdr\u00e1n, tedy \u0159e\u0161en\u00ed probl\u00e9mu per partes, je z m\u00e9ho hlediska rozumn\u00e9. Stejn\u011b tak jako je rozumn\u00e9, \u017ee do ukon\u010den\u00ed konfliktu a jeho kone\u010dn\u00e9ho uspo\u0159\u00e1d\u00e1n\u00ed vstoup\u00ed Rusko. Tedy rusk\u00fd prezident Putin, kter\u00fd m\u016f\u017ee p\u0159\u00edmo komunikovat s americk\u00fdm prezidentem a p\u0159ipravit podm\u00ednky pro dosa\u017een\u00ed m\u00edrov\u00e9 smlouvy. Ta nem\u00e1 \u017e\u00e1dnou dobrou alternativu&#8230; Pokra\u010duj\u00edc\u00ed v\u00e1lka v situaci, kdy Spojen\u00e9 st\u00e1ty podle v\u011brohodn\u00fdch informac\u00ed vy\u010derpaly sv\u00e9 muni\u010dn\u00ed arsen\u00e1ly, nen\u00ed dobr\u00fd n\u00e1pad. \u0158ekn\u011bme si otev\u0159en\u011b, \u017ee to je z\u0159ejm\u011b jeden z hlavn\u00edch d\u016fvod\u016f &#8211; tedy vy\u010derp\u00e1n\u00ed zbrojn\u00edch arsen\u00e1l\u016f Spojen\u00fdch st\u00e1t\u016f i Izraele &#8211; pro\u010d Spojen\u00e9 st\u00e1ty p\u0159istoupily k prodlu\u017eov\u00e1n\u00ed p\u0159\u00edm\u011b\u0159\u00ed s \u00cdr\u00e1nem. Je to v\u00fdhodn\u00e9 pro ob\u011b strany. Ukazuje se, \u017ee strategie, kterou pod vlivem \u0161patn\u00fdch \u010di z\u00e1m\u011brn\u011b zkreslen\u00fdch informac\u00ed zpravodajsk\u00fdch slu\u017eeb USA a Izraele, zvolilo americk\u00e9 veden\u00ed st\u00e1tu, byla zcela chybn\u00e1.<\/p>\n<p style=\"font-weight: 400;\">\u00a0Po americk\u00fdch a izraelsk\u00fdch \u00fatoc\u00edch prvn\u00ed den konfliktu s \u00cdr\u00e1nem bylo povra\u017ed\u011bno prakticky t\u00e9m\u011b\u0159 cel\u00e9 veden\u00ed Ir\u00e1nu, co\u017e je neuv\u011b\u0159iteln\u00fdm poru\u0161en\u00edm mezin\u00e1rodn\u00edho pr\u00e1va. Ale ke k\u00fd\u017een\u00e9 zm\u011bn\u011b re\u017eimu v \u00cdr\u00e1nu nic nesm\u011b\u0159uje. Naopak, vl\u00e1da ajatoll\u00e1h\u016f a ir\u00e1nsk\u00fdch revolu\u010dn\u00edch gard se upevnila. Ir\u00e1n se nepochybn\u011b nevzd\u00e1 ani sv\u00e9ho programu rozvoje balistick\u00fdch raket. Bez n\u011bj by byl zcela bezbrann\u00fd. Ale ostatn\u00ed v\u011bci, v\u010detn\u011b jadern\u00e9ho programu,\u00a0 jsou jist\u011b tak \u0159\u00edkaj\u00edc k m\u00e1n\u00ed.<\/p>\n<p><a href=\"https:\/\/vasevec.info\/komentare\/bleskova-diplomacie-iranu\">Ji\u0159\u00ed Paroubek<\/a><\/p>\n<p>&nbsp;<\/p>\n","protected":false},"excerpt":{"rendered":"<p>Ministr zahrani\u010d\u00ed \u00cdr\u00e1nu Arak\u010d\u00ed je schopn\u00fd mu\u017e. B\u011bhem n\u011bkolika des\u00edtek posledn\u00edch hodin se dok\u00e1zal sej\u00edt&#8230;<\/p>\n","protected":false},"author":2,"featured_media":104069,"comment_status":"closed","ping_status":"closed","sticky":false,"template":"","format":"standard","meta":[],"categories":[6],"tags":[38,1503,452,37],"_links":{"self":[{"href":"https:\/\/www.infokuryr.cz\/n\/wp-json\/wp\/v2\/posts\/105536"}],"collection":[{"href":"https:\/\/www.infokuryr.cz\/n\/wp-json\/wp\/v2\/posts"}],"about":[{"href":"https:\/\/www.infokuryr.cz\/n\/wp-json\/wp\/v2\/types\/post"}],"author":[{"embeddable":true,"href":"https:\/\/www.infokuryr.cz\/n\/wp-json\/wp\/v2\/users\/2"}],"replies":[{"embeddable":true,"href":"https:\/\/www.infokuryr.cz\/n\/wp-json\/wp\/v2\/comments?post=105536"}],"version-history":[{"count":0,"href":"https:\/\/www.infokuryr.cz\/n\/wp-json\/wp\/v2\/posts\/105536\/revisions"}],"wp:featuredmedia":[{"embeddable":true,"href":"https:\/\/www.infokuryr.cz\/n\/wp-json\/wp\/v2\/media\/104069"}],"wp:attachment":[{"href":"https:\/\/www.infokuryr.cz\/n\/wp-json\/wp\/v2\/media?parent=105536"}],"wp:term":[{"taxonomy":"category","embeddable":true,"href":"https:\/\/www.infokuryr.cz\/n\/wp-json\/wp\/v2\/categories?post=105536"},{"taxonomy":"post_tag","embeddable":true,"href":"https:\/\/www.infokuryr.cz\/n\/wp-json\/wp\/v2\/tags?post=105536"}],"curies":[{"name":"wp","href":"https:\/\/api.w.org\/{rel}","templated":true}]}}