{"id":105530,"date":"2026-04-29T06:23:03","date_gmt":"2026-04-29T04:23:03","guid":{"rendered":"https:\/\/www.infokuryr.cz\/n\/?p=105530"},"modified":"2026-04-29T06:23:03","modified_gmt":"2026-04-29T04:23:03","slug":"jindrich-kulhavy-parazite-a-deratizace","status":"publish","type":"post","link":"https:\/\/www.infokuryr.cz\/n\/2026\/04\/29\/jindrich-kulhavy-parazite-a-deratizace\/","title":{"rendered":"Jind\u0159ich Kulhav\u00fd: Parazit\u00e9 a deratizace"},"content":{"rendered":"<div id=\"fb-root\"><\/div>\n<p><span class=\"anotation\">Prezident Pavel u\u010dinil v\u00a0posledn\u00ed dob\u011b p\u00e1r prohl\u00e1\u0161en\u00ed, kter\u00e9 by ho ve zdrav\u00e9 spole\u010dnosti m\u011bly diskvalifikovat z\u00a0jak\u00e9hokoliv boje o dal\u0161\u00ed setrv\u00e1n\u00ed na Pra\u017esk\u00e9m hradu. \u010clov\u011bk, kter\u00fd pop\u00edr\u00e1 samostatnost a svrchovanost st\u00e1tu, v\u00a0jeho\u017e \u010dele stoj\u00ed, se do vrcholn\u00e9 funkce musel dostat n\u011bjak\u00fdm omylem.<\/span><\/p>\n<div id=\"pagetext\">\n<p>Pavel tvrd\u00ed, \u017ee jedinou dal\u0161\u00ed mo\u017enou cestou Evropsk\u00e9 unie je jej\u00ed federalizace. V dob\u011b, kdy u n\u00e1s p\u0159etrv\u00e1v\u00e1 odpor k euru a EU se top\u00ed v z\u00e1sadn\u00edch probl\u00e9mech spojen\u00fdch s tvrdohlav\u00fdm p\u0159\u00edstupem Evropsk\u00e9 komise ke Green Dealu a s nen\u00e1vist\u00ed k Rusk\u00e9 federaci likviduj\u00edc\u00ed mo\u017enou oboustrann\u011b v\u00fdhodnou spolupr\u00e1ci, tak\u00e9 s podporou fe\u0165\u00e1ck\u00e9ho nacisty Zelensk\u00e9ho, je to naprost\u00fd nesmysl. P\u0159idejme n\u00e1sledky migrace muslim\u016f do Z\u00e1padn\u00ed Evropy, kritick\u00fd stav v oblasti pr\u016fmyslu, energetiky a p\u0159\u00edpravu na v\u00e1lku, kterou mimo politik\u016f a podnikatel\u016f v zbrojn\u00edm pr\u016fmyslu nikdo nechce. To m\u00e1 b\u00fdt ide\u00e1ln\u00ed stav pro federalizaci? Ale no tak, to m\u016f\u017ee vyslovit jen bl\u00e1zen a n\u00e1sledn\u011b p\u0159itak\u00e1vat pouze skute\u010dn\u00ed probrusel\u0161t\u00ed \u0159i\u0165olezci.<\/p>\n<p>Petr Pavel se v\u0161ak nespokojil jen s jedn\u00edm, promi\u0148te ten v\u00fdraz, \u017ev\u00e1stem. P\u0159idal dal\u0161\u00ed my\u0161lenku, kter\u00e1 je stejn\u011b \u0161okuj\u00edc\u00ed, jako ta prvn\u00ed. V Brn\u011b se bude konat v\u00fdjezdn\u00ed zased\u00e1n\u00ed Sudeton\u011bmeck\u00e9ho Landsmannschaftu. U\u017e to, \u017ee je to mo\u017en\u00e9, vys\u00edl\u00e1 varuj\u00edc\u00ed sign\u00e1l o neukon\u010den\u00e9 snaze sudetsk\u00fdch N\u011bmc\u016f vr\u00e1tit se tam, odkud byli po prohran\u00e9 v\u00e1lce odsunuti. Hradn\u00ed loutka po snaze vybojovat Lichten\u0161tejn\u016fm v r\u00e1mci poru\u0161en\u00ed Bene\u0161ov\u00fdch dekret\u016f jejich b\u00fdval\u00fd majetek p\u0159i\u0161el s dal\u0161\u00edm n\u00e1padem. A to pokusit se o urovn\u00e1n\u00ed \u201estar\u00fdch k\u0159ivd\u201c a nav\u00edc se omluvit t\u011bm, kte\u0159\u00ed vyu\u017eili nacistick\u00e9ho rozp\u00edn\u00e1n\u00ed k terorizov\u00e1n\u00ed \u010desk\u00fdch obyvatel v Sudetech. Ne v\u0161ichni spolupracovali s Hitlerem, ale v\u011bt\u0161ina s t\u00edm nem\u011bla probl\u00e9m. P\u0159i dal\u0161\u00edm obsazov\u00e1n\u00ed pohrani\u010dn\u00edch oblast\u00ed tak doch\u00e1zelo ke konflikt\u016fm a trest v podob\u011b odsunu po konci v\u00e1lky byl logick\u00fd. N\u00e1m se nikdo neomluvil, pro\u010d bychom to m\u011bli d\u011blat my? Je to na\u0161e zem\u011b. S t\u00edm m\u00e1 v\u0161ak Pavel dost probl\u00e9m\u016f. M\u011bl by s\u00e1m st\u00e1t p\u0159ed soudn\u00edm tribun\u00e1lem.<\/p>\n<p>\u00c9terem prob\u011bhla dal\u0161\u00ed kauza, v n\u00ed\u017e hraje hlavn\u00ed roli Filip Turek. \u0158e\u010d byla o deratizaci ur\u010dit\u00fdch m\u00edst od parazit\u016f p\u0159i\u017eivuj\u00edc\u00edch se na Green Dealu a neziskov\u00e9m sektoru. Politik by sice m\u011bl v\u00e1\u017eit pou\u017e\u00edv\u00e1n\u00ed v\u00fdraz\u016f, nicm\u00e9n\u011b jde o p\u0159esn\u00fd popis mnoh\u00fdch lid\u00ed, neziskov\u00fdch organizac\u00ed i zbyte\u010dn\u00fdch \u00fa\u0159edn\u00edk\u016f. Turek byl p\u0159inucen p\u0159esn\u011bji definovat, koho myslel a omluvit se. Reakce na jeho slova ze strany m\u00e9di\u00ed a opozice byla bou\u0159liv\u00e1. Je s podivem, \u017ee takov\u00e1 nep\u0159i\u0161la pot\u00e9, co st\u00e1tn\u00ed zmocn\u011bnec plukovn\u00edk Folt\u00fdn ozna\u010dil odp\u016frce pomoci Ukrajin\u011b jako prorusk\u00e9 svin\u011b \u010di Nerudov\u00e1 naz\u00fdv\u00e1 \u010dleny SPD a Motorist\u016f sebrankou. Ani Zdechovsk\u00fd se nevyjad\u0159uje l\u00e9pe, p\u0159esto jim je nad\u00e1le poskytov\u00e1n medi\u00e1ln\u00ed prostor a jsou h\u00e1jeni. O tom, \u017ee jsme pr\u00fd tak\u00e9 dezol\u00e1ti, kolaboranti, hlup\u00e1ci, atd. u\u017e ani nemluv\u011b. Kdo se zastane n\u00e1s, kdo bude po t\u011bchto politic\u00edch po\u017eadovat omluvu \u010d\u00ed n\u00e1hradu?<\/p>\n<p>Atmosf\u00e9ra v \u010cesk\u00e9 republice odpov\u00edd\u00e1 rozkladu Evropsk\u00e9 unie. I kdy\u017e n\u00e1s st\u00e1le uji\u0161\u0165uj\u00ed, jak skv\u011ble se m\u00e1me, je pr\u016fm\u011brn\u00e1 mzda u n\u00e1s \u010dtvrtinov\u00e1 proti \u0160v\u00fdcarsku. Pr\u00fd jsme v prvn\u00ed dvac\u00edtce nejbohat\u0161\u00edch st\u00e1t\u016f, ale p\u0159em\u00fd\u0161l\u00edm, co tu vlastn\u011b je\u0161t\u011b m\u00e1me a je to na\u0161e. Jist\u011b, \u017eijeme l\u00e9pe ne\u017e v Africe, ale rozhodn\u011b ne tak fantasticky, jako v plno jin\u00fdch zem\u00edch. Je to jen chim\u00e9ra bez ochoty zaregistrovat skute\u010dnost, \u017ee se na\u0161e situace nijak nelep\u0161\u00ed a budoucnost nen\u00ed v\u016fbec r\u016f\u017eov\u00e1. EU je na tom podobn\u011b. Nekvalitn\u00ed veden\u00ed hrani\u010d\u00edc\u00ed s tupost\u00ed je nesporn\u00e9, z\u00e1m\u011brn\u00e1 likvidace ekonomiky zjevn\u00e1 a pud sebez\u00e1chovy zna\u010dn\u011b omezen\u00fd. Ideologie v\u00edt\u011bz\u00ed nad rozumem, diplomaci\u00ed a pot\u0159ebami Evropan\u016f. K tomu m\u00e1me prezidenta s IQ 107, hromadu zparchant\u011bl\u00fdch liber\u00e1l\u016f a zmanipulovanou ml\u00e1de\u017e. Pok\u0159iven\u00e1 m\u00e9dia a mohutn\u00fd a vlivn\u00fd politick\u00fd neziskov\u00fd sektor. Je mnoho lep\u0161\u00edch m\u00edst k \u017eivotu ne\u017e tady. U\u017e si to kone\u010dn\u011b p\u0159iznejme a za\u010dn\u011bme deratizovat, jak navrhuje Turek. Za\u010dal bych na Hradu.<\/p>\n<p><a href=\"https:\/\/www.inadhled.live\/uvaha-dne\/parazite-a-deratizace\/\">Jind\u0159ich Kulhav\u00fd<\/a><\/p>\n<p><img decoding=\"async\" loading=\"lazy\" class=\"alignnone size-full wp-image-48136\" src=\"http:\/\/www.infokuryr.cz\/n\/wp-content\/uploads\/2024\/02\/kulhavy-jindrich.jpg\" alt=\"\" width=\"219\" height=\"221\" srcset=\"https:\/\/www.infokuryr.cz\/n\/wp-content\/uploads\/2024\/02\/kulhavy-jindrich.jpg 219w, https:\/\/www.infokuryr.cz\/n\/wp-content\/uploads\/2024\/02\/kulhavy-jindrich-150x150.jpg 150w\" sizes=\"(max-width: 219px) 100vw, 219px\" \/><\/p>\n<p>&nbsp;<\/p>\n<\/div>\n","protected":false},"excerpt":{"rendered":"<p>Prezident Pavel u\u010dinil v\u00a0posledn\u00ed dob\u011b p\u00e1r prohl\u00e1\u0161en\u00ed, kter\u00e9 by ho ve zdrav\u00e9 spole\u010dnosti m\u011bly diskvalifikovat&#8230;<\/p>\n","protected":false},"author":2,"featured_media":105531,"comment_status":"closed","ping_status":"closed","sticky":false,"template":"","format":"standard","meta":[],"categories":[6],"tags":[425,10266,1173,35],"_links":{"self":[{"href":"https:\/\/www.infokuryr.cz\/n\/wp-json\/wp\/v2\/posts\/105530"}],"collection":[{"href":"https:\/\/www.infokuryr.cz\/n\/wp-json\/wp\/v2\/posts"}],"about":[{"href":"https:\/\/www.infokuryr.cz\/n\/wp-json\/wp\/v2\/types\/post"}],"author":[{"embeddable":true,"href":"https:\/\/www.infokuryr.cz\/n\/wp-json\/wp\/v2\/users\/2"}],"replies":[{"embeddable":true,"href":"https:\/\/www.infokuryr.cz\/n\/wp-json\/wp\/v2\/comments?post=105530"}],"version-history":[{"count":0,"href":"https:\/\/www.infokuryr.cz\/n\/wp-json\/wp\/v2\/posts\/105530\/revisions"}],"wp:featuredmedia":[{"embeddable":true,"href":"https:\/\/www.infokuryr.cz\/n\/wp-json\/wp\/v2\/media\/105531"}],"wp:attachment":[{"href":"https:\/\/www.infokuryr.cz\/n\/wp-json\/wp\/v2\/media?parent=105530"}],"wp:term":[{"taxonomy":"category","embeddable":true,"href":"https:\/\/www.infokuryr.cz\/n\/wp-json\/wp\/v2\/categories?post=105530"},{"taxonomy":"post_tag","embeddable":true,"href":"https:\/\/www.infokuryr.cz\/n\/wp-json\/wp\/v2\/tags?post=105530"}],"curies":[{"name":"wp","href":"https:\/\/api.w.org\/{rel}","templated":true}]}}