{"id":105524,"date":"2026-04-29T06:05:38","date_gmt":"2026-04-29T04:05:38","guid":{"rendered":"https:\/\/www.infokuryr.cz\/n\/?p=105524"},"modified":"2026-04-29T06:05:38","modified_gmt":"2026-04-29T04:05:38","slug":"nemecky-kancler-otocil-o-180-stupnu-a-na-gymnaziu-v-marsbergu-pustil-na-ukrajince-studenou-sprchu-realpolitik","status":"publish","type":"post","link":"https:\/\/www.infokuryr.cz\/n\/2026\/04\/29\/nemecky-kancler-otocil-o-180-stupnu-a-na-gymnaziu-v-marsbergu-pustil-na-ukrajince-studenou-sprchu-realpolitik\/","title":{"rendered":"N\u011bmeck\u00fd kancl\u00e9\u0159 oto\u010dil o 180 stup\u0148\u016f a na gymn\u00e1ziu v Marsbergu pustil na Ukrajince studenou sprchu realpolitik!"},"content":{"rendered":"<div id=\"fb-root\"><\/div>\n<h4>N\u011bmeck\u00fd kancl\u00e9\u0159 oto\u010dil o 180 stup\u0148\u016f a na gymn\u00e1ziu v Marsbergu pustil na Ukrajince studenou sprchu realpolitik! Do EU pr\u00fd vstoup\u00ed Ukrajina b\u016fhv\u00ed kdy, Zelensk\u00fd by pr\u00fd nem\u011bl v ob\u010danech vyvol\u00e1vat velk\u00e9 nad\u011bje, a nakonec se pr\u00fd Ukrajinci budou muset sm\u00ed\u0159it se ztr\u00e1tou \u00fazem\u00ed! Otev\u0159e se t\u00edm ale Kyjevu cesta do EU. A sudeton\u011bmeck\u00fd sjezd v\u00a0Br\u00fcnnu je potvrzen\u00edm procesu odchodu USA z Evropy!<\/h4>\n<p>Kdy\u017e v pond\u011bl\u00ed 27. dubna 2026 vstoupil n\u011bmeck\u00fd kancl\u00e9\u0159 Friedrich Merz do auly Carolus-Magnus-Gymnasia v Marsbergu, kulisy nemohly b\u00fdt kontrastn\u011bj\u0161\u00ed k t\u00ed\u017ei t\u00e9mat, o kter\u00fdch se chystal hovo\u0159it. Za jeho z\u00e1dy visely na zdi barevn\u00e9 pap\u00edrov\u00e9 hv\u011bzdy a d\u011btsk\u00e9 malby \u2013 symboly \u201e<em>Dne projekt\u016f EU ve \u0161kol\u00e1ch<\/em>\u201c. Pr\u00e1v\u011b v tomto prost\u0159ed\u00ed, obklopen studenty, v\u0161ak Merz odp\u00e1lil politickou bombu, kter\u00e1 definitivn\u011b poh\u0159bila jeho obraz nekompromisn\u00edho zast\u00e1nce ukrajinsk\u00e9ho v\u00edt\u011bzstv\u00ed.<\/p>\n<p>Doslova do\u0161lo k transformaci od jest\u0159\u00e1ba k architektovi bolestn\u00fdch kompromis\u016f.\u00a0<strong>Co se stalo s mu\u017eem, kter\u00fd cht\u011bl pos\u00edlat rakety na Moskvu, a pro\u010d dnes v u\u010debn\u011b vyzdoben\u00e9 d\u011btsk\u00fdmi v\u00fdkresy mluv\u00ed o \u00fazemn\u00edch \u00fastupc\u00edch?<\/strong>\u00a0Jeho slova byla jasn\u00e1:\u00a0<em>\u201eMus\u00edme b\u00fdt up\u0159\u00edmn\u00ed k sob\u011b i k na\u0161im p\u0159\u00e1tel\u016fm v Kyjev\u011b. P\u0159edstava prezidenta Zelensk\u00e9ho, \u017ee Ukrajina vstoup\u00ed do EU k 1. lednu 2027, je iluze. A \u0159eknu v\u00e1m narovinu, \u017ee ani datum 1. ledna 2028 nepova\u017euji za realistick\u00e9.\u201c<\/em>\u00a0To v\u0161ak nebyl vrchol.<\/p>\n<p>&nbsp;<\/p>\n<div id=\"rumble_v76wj1c\">\n<div id=\"vid_v76wj1c\" class=\"rumble_v76wj1c-Rumble-cls\" tabindex=\"-1\">\n<div><div class='videoWrapper'>\r\n\t            <iframe src='https:\/\/rumble.com\/embed\/pj.v76wj1c\/' frameborder='0' allowfullscreen><\/iframe>\r\n\t        <\/div><\/div>\n<\/div>\n<\/div>\n<p>&nbsp;<\/p>\n<p>Merz poprv\u00e9 ve\u0159ejn\u011b p\u0159ipustil, \u017ee cesta k m\u00edru a evropsk\u00e9 integraci m\u016f\u017ee v\u00e9st p\u0159es ztr\u00e1tu \u00fazem\u00ed. Zm\u011bna Merzova narativu je pro pozorovatele \u0161okuj\u00edc\u00ed. Je\u0161t\u011b p\u0159ed rokem, jako l\u00eddr opozice a \u010derstv\u00fd kancl\u00e9\u0159, burcoval Bundestag k dod\u00e1vk\u00e1m raket Taurus a kritizoval Olafa Scholze za \u201e<em>strach z Putina<\/em>\u201c. Dnes Merz zt\u011bles\u0148uje to, co s\u00e1m d\u0159\u00edve naz\u00fdval pora\u017eenectv\u00edm. Co za touto prom\u011bnou stoj\u00ed? Hlavn\u00edm faktorem je zm\u011bna v B\u00edl\u00e9m dom\u011b. N\u00e1vrat Donalda Trumpa k moci p\u0159inesl p\u0159esn\u011b to, \u010deho se Berl\u00edn ob\u00e1val: \u201e<em>America First<\/em>\u201c v praxi.<\/p>\n<p><strong>Merz po sv\u00e9 b\u0159eznov\u00e9 cest\u011b do Washingtonu pochopil, \u017ee americk\u00fd de\u0161tn\u00edk nad Ukrajinou se zav\u00edr\u00e1.<\/strong>\u00a0N\u011bmecko, a\u010d buduje nejsiln\u011bj\u0161\u00ed arm\u00e1du v Evrop\u011b, nen\u00ed schopno (<em>a politicky ani ochotno<\/em>) p\u0159evz\u00edt roli hlavn\u00edho sponzora opot\u0159ebov\u00e1vac\u00ed v\u00e1lky bez konce. N\u011bmecko na to nem\u00e1 pen\u00edze. Merzova nov\u00e1 r\u00e9torika odr\u00e1\u017e\u00ed snahu vyjednat pro Ukrajinu alespo\u0148 \u201e<em>evropskou cestu<\/em>\u201c v\u00fdm\u011bnou za bolestiv\u00e9 \u00fastupky na front\u011b.<\/p>\n<h3>Vnitropolitick\u00fd tlak je na Merze obrovsk\u00fd a AfD v\u00e1lcuje pr\u016fzkumy zp\u016fsobem, \u017ee u\u017e i CDU mus\u00ed m\u00edt strach. A strach by m\u011bli m\u00edt i \u010ce\u0161i a Morav\u00e1ci<\/h3>\n<p>Merzova CDU\/CSU \u010del\u00ed v roce 2026 obrovsk\u00e9mu tlaku zprava i zleva. Alternativa pro N\u011bmecko (AfD) a Aliance Sahry Wagenknechtov\u00e9 t\u011b\u017e\u00ed z \u00fanavy n\u011bmeck\u00e9 ve\u0159ejnosti z vysok\u00fdch cen energi\u00ed a miliard EUR proud\u00edc\u00edch na v\u00fdchod na n\u00e1kupy zlat\u00fdch z\u00e1chod\u016f zkorumpovan\u00fdch \u0161pi\u010dek ukrajinsk\u00e9 junty. Merz, jako pragmatick\u00fd politik, c\u00edt\u00ed, \u017ee pokud nenab\u00eddne \u201e<em>m\u00edrovou perspektivu<\/em>\u201c, riskuje v nadch\u00e1zej\u00edc\u00edch zemsk\u00fdch volb\u00e1ch debakl.<\/p>\n<div class=\"twitter-tweet twitter-tweet-rendered\"><iframe id=\"twitter-widget-0\" class=\"\" title=\"X Post\" src=\"https:\/\/platform.twitter.com\/embed\/Tweet.html?dnt=false&amp;embedId=twitter-widget-0&amp;features=eyJ0ZndfdGltZWxpbmVfbGlzdCI6eyJidWNrZXQiOltdLCJ2ZXJzaW9uIjpudWxsfSwidGZ3X2ZvbGxvd2VyX2NvdW50X3N1bnNldCI6eyJidWNrZXQiOnRydWUsInZlcnNpb24iOm51bGx9LCJ0ZndfdHdlZXRfZWRpdF9iYWNrZW5kIjp7ImJ1Y2tldCI6Im9uIiwidmVyc2lvbiI6bnVsbH0sInRmd19yZWZzcmNfc2Vzc2lvbiI6eyJidWNrZXQiOiJvbiIsInZlcnNpb24iOm51bGx9LCJ0ZndfZm9zbnJfc29mdF9pbnRlcnZlbnRpb25zX2VuYWJsZWQiOnsiYnVja2V0Ijoib24iLCJ2ZXJzaW9uIjpudWxsfSwidGZ3X21peGVkX21lZGlhXzE1ODk3Ijp7ImJ1Y2tldCI6InRyZWF0bWVudCIsInZlcnNpb24iOm51bGx9LCJ0ZndfZXhwZXJpbWVudHNfY29va2llX2V4cGlyYXRpb24iOnsiYnVja2V0IjoxMjA5NjAwLCJ2ZXJzaW9uIjpudWxsfSwidGZ3X3Nob3dfYmlyZHdhdGNoX3Bpdm90c19lbmFibGVkIjp7ImJ1Y2tldCI6Im9uIiwidmVyc2lvbiI6bnVsbH0sInRmd19kdXBsaWNhdGVfc2NyaWJlc190b19zZXR0aW5ncyI6eyJidWNrZXQiOiJvbiIsInZlcnNpb24iOm51bGx9LCJ0ZndfdXNlX3Byb2ZpbGVfaW1hZ2Vfc2hhcGVfZW5hYmxlZCI6eyJidWNrZXQiOiJvbiIsInZlcnNpb24iOm51bGx9LCJ0ZndfdmlkZW9faGxzX2R5bmFtaWNfbWFuaWZlc3RzXzE1MDgyIjp7ImJ1Y2tldCI6InRydWVfYml0cmF0ZSIsInZlcnNpb24iOm51bGx9LCJ0ZndfbGVnYWN5X3RpbWVsaW5lX3N1bnNldCI6eyJidWNrZXQiOnRydWUsInZlcnNpb24iOm51bGx9LCJ0ZndfdHdlZXRfZWRpdF9mcm9udGVuZCI6eyJidWNrZXQiOiJvbiIsInZlcnNpb24iOm51bGx9fQ%3D%3D&amp;frame=false&amp;hideCard=false&amp;hideThread=false&amp;id=2048804615458586714&amp;lang=cs&amp;origin=https%3A%2F%2Faeronet.news%2Fnemecky-kancler-otocil-o-180-stupnu-a-na-gymnaziu-v-marsbergu-pustil-na-ukrajince-studenou-sprchu-realpolitik-do-eu-pry-vstoupi-ukrajina-buhvi-kdy-zelensky-by-pry-nemel-v-obcanech-vyvolavat%2F&amp;sessionId=1ab66354424b194960b1b933c5495cfb1af35b44&amp;theme=light&amp;widgetsVersion=2615f7e52b7e0%3A1702314776716&amp;width=550px\" frameborder=\"0\" scrolling=\"no\" allowfullscreen=\"allowfullscreen\" data-tweet-id=\"2048804615458586714\" data-mce-fragment=\"1\"><\/iframe><\/div>\n<p>Jeho vystoupen\u00ed v Marsbergu bylo m\u00ed\u0159eno na n\u011bmeck\u00e9ho st\u0159edov\u00e9ho voli\u010de, kter\u00fd chce m\u00edt v\u00e1lku \u201e<em>vy\u0159e\u0161enou<\/em>\u201c, i kdyby to znamenalo p\u0159ekreslen\u00ed map. N\u011bmci jsou na to, koneckonc\u016f, z historie zvykl\u00ed a na nem\u011bnnost hranic se prost\u011b v my\u0161len\u00ed N\u011bmc\u016f nehraje. To koneckonc\u016f uk\u00e1\u017ee i chystan\u00fd sjezd Sudeton\u011bmeck\u00e9ho landsman\u010daftu v sudetsk\u00e9m (moravsk\u00e9m) Br\u00fcnnu (Brn\u011b) jak se uv\u00e1d\u00ed v pozv\u00e1nce\u00a0<strong>[<a href=\"https:\/\/href.li\/?https:\/\/www.sudeten.de\/aktuelles\/76-sudetendeutscher-tag-in-bruenn\" target=\"_blank\" rel=\"nofollow noopener\">1<\/a>]<\/strong>\u00a0na str\u00e1nk\u00e1ch landsman\u010daftu:<\/p>\n<h4>76. Sjezd sudeton\u011bmeck\u00e9ho landsman\u010daftu v Brn\u011b<\/h4>\n<h3>V\u0161echno v \u017eivot\u011b je setk\u00e1n\u00ed \u2013 \u017divot je setk\u00e1v\u00e1n\u00ed. 22. a\u017e 25. kv\u011btna 2026<\/h3>\n<p>O v\u00edkendu svatodu\u0161n\u00edch sv\u00e1tk\u016f v roce 2026 se Sudet\u0161t\u00ed N\u011bmci a jejich p\u0159\u00e1tel\u00e9 z bl\u00edzka i zdaleka sejdou v moravsk\u00e9m hlavn\u00edm m\u011bst\u011b Brn\u011b, aby zde poprv\u00e9 uspo\u0159\u00e1dali sv\u00e9 ka\u017edoro\u010dn\u00ed setk\u00e1n\u00ed v \u010cesk\u00e9 republice. Na v\u00fdstavi\u0161ti v Brn\u011b \u010dek\u00e1 na n\u00e1v\u0161t\u011bvn\u00edky pestr\u00fd program s p\u0159edn\u00e1\u0161kami, prezentacemi, \u010dten\u00edm v n\u00e1\u0159e\u010d\u00ed, filmov\u00fdmi projekcemi, p\u0159edstavov\u00e1n\u00edm knih, hudebn\u00edmi vystoupen\u00edmi a diskusn\u00edmi kruhy.<\/p>\n<p>Leto\u0161n\u00ed Den Sudetsk\u00fdch N\u011bmc\u016f bude zah\u00e1jen v p\u00e1tek hudbou, tancem a odpolednem setk\u00e1v\u00e1n\u00ed na Moravsk\u00e9m n\u00e1m\u011bst\u00ed. Mezi pevn\u00e9 body programu pat\u0159\u00ed p\u0159ed\u00e1v\u00e1n\u00ed kulturn\u00edch cen v p\u00e1tek ve\u010der, ve\u010der lidov\u00fdch tanc\u016f v sobotu na svatodu\u0161n\u00ed sv\u00e1tky a bohoslu\u017eba spolu s p\u0159ed\u00e1v\u00e1n\u00edm Evropsk\u00e9 ceny Karla Velik\u00e9ho v ned\u011bli na svatodu\u0161n\u00ed sv\u00e1tky. Zvl\u00e1\u0161tn\u00edm vrcholem je hlavn\u00ed shrom\u00e1\u017ed\u011bn\u00ed v ned\u011bli svatodu\u0161n\u00ed s projevy mluv\u010d\u00edho sudeton\u011bmeck\u00e9 n\u00e1rodnostn\u00ed men\u0161iny a bavorsk\u00e9ho ministersk\u00e9ho p\u0159edsedy, jako\u017e i pozdravy od p\u0159edstavitel\u016f politiky a ob\u010dansk\u00e9 spole\u010dnosti \u010cesk\u00e9 republiky. Velk\u00e9 oblib\u011b se t\u011b\u0161\u00ed tak\u00e9 \u010ceskomoravsk\u00e1 vesnick\u00e1 slavnost, p\u0159i kter\u00e9 lze prost\u0159ednictv\u00edm tance, hudby a kulin\u00e1\u0159sk\u00fdch specialit \u017eiv\u011b pro\u017e\u00edt spole\u010dn\u00e9 kulturn\u00ed d\u011bdictv\u00ed Sudetsk\u00fdch N\u011bmc\u016f a \u010cech\u016f.<\/p>\n<p>Zejm\u00e9na pro mlad\u0161\u00ed n\u00e1v\u0161t\u011bvn\u00edky p\u0159edstavuje Den Sudetsk\u00fdch N\u011bmc\u016f jedine\u010dnou p\u0159\u00edle\u017eitost k v\u00fdm\u011bn\u011b zku\u0161enost\u00ed s generac\u00ed pam\u011btn\u00edk\u016f \u2013 tedy s t\u011bmi, kte\u0159\u00ed se narodili v \u010cech\u00e1ch, na Morav\u011b a v Sudetsk\u00e9m Slezsku\u00a0<strong>je\u0161t\u011b p\u0159ed vyhn\u00e1n\u00edm<\/strong>. Mnoz\u00ed vnuci a pravnuci hledaj\u00ed odpov\u011bdi na ot\u00e1zky t\u00fdkaj\u00edc\u00ed se vlastn\u00ed rodinn\u00e9 historie a domoviny sv\u00fdch p\u0159edk\u016f. Den Sudetsk\u00fdch N\u011bmc\u016f vytv\u00e1\u0159\u00ed prostor pro tento dialog a umo\u017e\u0148uje setk\u00e1n\u00ed s krajany n\u011bmecky a \u010desky mluv\u00edc\u00edmi.<\/p>\n<p>\u2013<em>Landsman\u010daft<\/em>\u2013<\/p>\n<h3>Sudeton\u011bmeck\u00fd sjezd v Brn\u011b je potvrzen\u00edm kolapsu Pax Americana v Evrop\u011b<\/h3>\n<p>Pokud v\u00e1m st\u00e1le nejde do hlavy, co se vlastn\u011b stalo, \u017ee najednou Sude\u0165\u00e1ci budou m\u00edt sjezd v Brn\u011b, tak odpov\u011b\u010f u\u017e byste m\u011bli ode mn\u011b zn\u00e1t z m\u00fdch p\u0159edn\u00e1\u0161ek o procesech \u0159\u00edzen\u00ed. Spojen\u00e9 st\u00e1ty po 81 letech od konce II. sv. v\u00e1lky vykl\u00edzej\u00ed silov\u011b-mocensk\u00fd prostor v Evrop\u011b, a to vede podle z\u00e1kona o zachov\u00e1n\u00ed sil k tomu, \u017ee uvoln\u011bn\u00e9 mocenstv\u00ed, vytvo\u0159en\u00e9 mocensk\u00e9 vakuum, okam\u017eit\u011b zapl\u0148uje jin\u00e1 mocnost.<\/p>\n<p>Obvykle ta, kter\u00e1 se nach\u00e1z\u00ed pozi\u010dn\u011b nejbl\u00ed\u017ee k vytvo\u0159en\u00e9mu vakuov\u00e9mu prostoru.\u00a0<strong>Ameri\u010dan\u00e9 odch\u00e1z\u00ed, a proto je u\u017e dovoleno, aby Sude\u0165\u00e1ci konali sjezdy v Sudetech. Ne v N\u011bmecku, ale v Sudetech.<\/strong>\u00a0Takhle natvrdo je to pot\u0159eba \u0159\u00edct, proto\u017ee \u010de\u0161t\u00ed politici v\u00e1m to takto konceptu\u00e1ln\u011b ne\u0159eknou a nevysv\u011btl\u00ed. P\u0159ed \u010d\u00edm varoval Edvard Bene\u0161, tedy p\u0159ed navracen\u00edm sudetsk\u00fdch N\u011bmc\u016f do vyklizen\u00e9ho prostoru, se napl\u0148uje.<\/p>\n<figure id=\"attachment_29277\" class=\"wp-caption aligncenter\" style=\"width: 700px;\"><a href=\"https:\/\/aeronet.news\/wp-content\/uploads\/tma-posselt2-BM-Bayern-Nuremberg-jpg.jpg\"><img decoding=\"async\" loading=\"lazy\" class=\"wp-image-29277 \" src=\"https:\/\/aeronet.news\/wp-content\/uploads\/tma-posselt2-BM-Bayern-Nuremberg-jpg-1024x576.jpg\" sizes=\"(max-width: 700px) 100vw, 700px\" srcset=\"https:\/\/aeronet.news\/wp-content\/uploads\/tma-posselt2-BM-Bayern-Nuremberg-jpg-1024x576.jpg 1024w, https:\/\/aeronet.news\/wp-content\/uploads\/tma-posselt2-BM-Bayern-Nuremberg-jpg-300x169.jpg 300w, https:\/\/aeronet.news\/wp-content\/uploads\/tma-posselt2-BM-Bayern-Nuremberg-jpg-768x432.jpg 768w, https:\/\/aeronet.news\/wp-content\/uploads\/tma-posselt2-BM-Bayern-Nuremberg-jpg-700x394.jpg 700w, https:\/\/aeronet.news\/wp-content\/uploads\/tma-posselt2-BM-Bayern-Nuremberg-jpg-635x357.jpg 635w, https:\/\/aeronet.news\/wp-content\/uploads\/tma-posselt2-BM-Bayern-Nuremberg-jpg-859x483.jpg 859w, https:\/\/aeronet.news\/wp-content\/uploads\/tma-posselt2-BM-Bayern-Nuremberg-jpg.jpg 1200w\" alt=\"\" width=\"700\" height=\"394\" \/><\/a><figcaption class=\"wp-caption-text\">Berndt Posselt, p\u0159edseda Sudeton\u011bmeck\u00e9ho landsman\u010daftu<\/figcaption><\/figure>\n<p>Nikdo z t\u011bch Sude\u0165\u00e1k\u016f ne\u0159\u00edk\u00e1 tomu m\u011bstu \u201cBrno\u201d, ale jedin\u011b a pouze n\u011bmecky\u00a0<em>Br\u00fcnn<\/em>. Proto i Merz za\u010d\u00edn\u00e1 ch\u00e1pat, \u017ee Evropa bez USA bude jin\u00e1, a zat\u00edmco v jedn\u011bch oblastech to N\u011bmecku otev\u00edr\u00e1 p\u0159\u00edle\u017eitosti, v jin\u00fdch oblastech m\u00e1 N\u011bmecko definitivn\u011b stopku. Do v\u00e1lky anebo jen do pouh\u00e9 konfrontace s Ruskem se te\u010f v t\u00e9to chv\u00edli, v jak\u00e9 se N\u011bmecko nach\u00e1z\u00ed, pustit nem\u016f\u017ee. A vyzbrojen\u00ed Evropy do v\u00e1lky proti Rusku m\u00e1 podle pl\u00e1nu zabrat 5 let.<\/p>\n<p>N\u011bmeck\u00fd pr\u016fmysl, st\u00e1le se vzpamatov\u00e1vaj\u00edc\u00ed z odpojen\u00ed od levn\u00fdch rusk\u00fdch surovin, proto tla\u010d\u00ed na stabilizaci regionu. Merz si uv\u011bdomuje, \u017ee integrace zni\u010den\u00e9 Ukrajiny v jej\u00edch hranic\u00edch z roku 1991 by pro rozpo\u010det EU znamenala kolaps zbrojn\u00edch pl\u00e1n\u016f Bruselu. Odd\u00e1len\u00edm vstupu Ukrajiny do EU (za horizont roku 2028) a p\u0159ipu\u0161t\u011bn\u00edm \u00fazemn\u00edch ztr\u00e1t Merz de facto chr\u00e1n\u00ed n\u011bmeckou pen\u011b\u017eenku p\u0159ed nekone\u010dn\u00fdmi n\u00e1klady na obnovu \u00fazem\u00ed, kter\u00e1 jsou fakticky pod ruskou kontrolou.<\/p>\n<h3>Reakce na Merzovy v\u00fdroky<\/h3>\n<p>Reakce na Merz\u016fv projev na sebe nenechaly dlouho \u010dekat a odhalily hlubok\u00e9 p\u0159\u00edkopy v evropsk\u00e9 politice.<\/p>\n<p><strong>Kyjev: Ho\u0159k\u00e9 zklam\u00e1n\u00ed<\/strong><br \/>\nUkrajinsk\u00fd ministr zahrani\u010d\u00ed reagoval t\u00e9m\u011b\u0159 okam\u017eit\u011b:\u00a0<em>\u201eSlibovat evropskou budoucnost a z\u00e1rove\u0148 \u017e\u00e1dat kapitulaci je protimluv. Ukrajina nekrv\u00e1c\u00ed pro to, aby se stala p\u0159edm\u011btem realpolitiky v n\u011bmeck\u00fdch \u0161koln\u00edch t\u0159\u00edd\u00e1ch.\u201c<\/em>\u00a0V Kyjev\u011b je Merz\u016fv obrat vn\u00edm\u00e1n jako \u201e<em>druh\u00fd Mnichov<\/em>\u201c, co\u017e zna\u010dn\u011b ochladilo vztahy mezi ob\u011bma zem\u011bmi.<\/p>\n<p><strong>Berl\u00edn: Rozpolcen\u00e1 koalice<\/strong><br \/>\nZat\u00edmco koali\u010dn\u00ed partne\u0159i z FDP Merze kritizovali za \u201evys\u00edl\u00e1n\u00ed sign\u00e1l\u016f slabosti do Kremlu\u201c, opozi\u010dn\u00ed AfD si ironicky r\u00fdpla:\u00a0<em>\u201eV\u00edt\u00e1me, \u017ee pan kancl\u00e9\u0159 kone\u010dn\u011b za\u010dal \u010d\u00edst na\u0161e programov\u00e9 body. \u0160koda, \u017ee mu to trvalo dva roky a tis\u00edce \u017eivot\u016f.\u201c<\/em><\/p>\n<p><strong>Pa\u0159\u00ed\u017e a Brusel: Tich\u00e9 p\u0159itak\u00e1n\u00ed?<\/strong><br \/>\nZat\u00edmco ofici\u00e1ln\u011b Brusel trv\u00e1 na podpo\u0159e Ukrajiny, v kulo\u00e1rech Merzova slova o nere\u00e1lnosti roku 2028 vyvolala sp\u00ed\u0161e \u00falevu. Francouzsk\u00fd prezident v neform\u00e1ln\u00edm koment\u00e1\u0159i uvedl, \u017ee \u201e<em>kancl\u00e9\u0159 pojmenoval v\u011bci, kter\u00e9 v\u0161ichni v\u00edme, ale nikdo je necht\u011bl \u0159\u00edct nahlas<\/em>\u201c.<\/p>\n<h3>Bez finan\u010dn\u00ed a vojensk\u00e9 opory USA je n\u011bmeck\u00e9 ta\u017een\u00ed na Rusko v t\u00e9to chv\u00edli nerealizovateln\u00e9<\/h3>\n<p>V politick\u00fdch kulo\u00e1rech v Berl\u00edn\u011b se podle n\u011bmeck\u00fdch novin\u00e1\u0159\u016f za\u010d\u00ednaj\u00ed objevovat spekulace o existenci tzv. \u201e<em>Dubajsk\u00e9ho protokolu<\/em>\u201c \u2013 neform\u00e1ln\u00edho r\u00e1mce pro ukon\u010den\u00ed boj\u016f, kter\u00fd m\u011bl vzniknout p\u0159i tajn\u00fdch jedn\u00e1n\u00edch v Emir\u00e1tech za\u010d\u00e1tkem roku. Podle t\u011bchto teori\u00ed je Merz\u016fv v\u00fdrok o \u00fazemn\u00edch \u00fastupc\u00edch sou\u010d\u00e1st\u00ed \u0161ir\u0161\u00ed dohody: Rusko zastav\u00ed ofenz\u00edvu, Ukrajina z\u00edsk\u00e1 bezpe\u010dnostn\u00ed z\u00e1ruky od evropsk\u00fdch mocnost\u00ed (nikoliv NATO) a v\u00fdm\u011bnou za to se Kyjev i Z\u00e1pad de facto vzdaj\u00ed Donbasu a Krymu. Marsbersk\u00fd projev byl v tomto kontextu testovac\u00edm bal\u00f3nkem pro ve\u0159ejn\u00e9 m\u00edn\u011bn\u00ed.<\/p>\n<div class=\"twitter-tweet twitter-tweet-rendered\"><iframe id=\"twitter-widget-1\" class=\"\" title=\"X Post\" src=\"https:\/\/platform.twitter.com\/embed\/Tweet.html?dnt=false&amp;embedId=twitter-widget-1&amp;features=eyJ0ZndfdGltZWxpbmVfbGlzdCI6eyJidWNrZXQiOltdLCJ2ZXJzaW9uIjpudWxsfSwidGZ3X2ZvbGxvd2VyX2NvdW50X3N1bnNldCI6eyJidWNrZXQiOnRydWUsInZlcnNpb24iOm51bGx9LCJ0ZndfdHdlZXRfZWRpdF9iYWNrZW5kIjp7ImJ1Y2tldCI6Im9uIiwidmVyc2lvbiI6bnVsbH0sInRmd19yZWZzcmNfc2Vzc2lvbiI6eyJidWNrZXQiOiJvbiIsInZlcnNpb24iOm51bGx9LCJ0ZndfZm9zbnJfc29mdF9pbnRlcnZlbnRpb25zX2VuYWJsZWQiOnsiYnVja2V0Ijoib24iLCJ2ZXJzaW9uIjpudWxsfSwidGZ3X21peGVkX21lZGlhXzE1ODk3Ijp7ImJ1Y2tldCI6InRyZWF0bWVudCIsInZlcnNpb24iOm51bGx9LCJ0ZndfZXhwZXJpbWVudHNfY29va2llX2V4cGlyYXRpb24iOnsiYnVja2V0IjoxMjA5NjAwLCJ2ZXJzaW9uIjpudWxsfSwidGZ3X3Nob3dfYmlyZHdhdGNoX3Bpdm90c19lbmFibGVkIjp7ImJ1Y2tldCI6Im9uIiwidmVyc2lvbiI6bnVsbH0sInRmd19kdXBsaWNhdGVfc2NyaWJlc190b19zZXR0aW5ncyI6eyJidWNrZXQiOiJvbiIsInZlcnNpb24iOm51bGx9LCJ0ZndfdXNlX3Byb2ZpbGVfaW1hZ2Vfc2hhcGVfZW5hYmxlZCI6eyJidWNrZXQiOiJvbiIsInZlcnNpb24iOm51bGx9LCJ0ZndfdmlkZW9faGxzX2R5bmFtaWNfbWFuaWZlc3RzXzE1MDgyIjp7ImJ1Y2tldCI6InRydWVfYml0cmF0ZSIsInZlcnNpb24iOm51bGx9LCJ0ZndfbGVnYWN5X3RpbWVsaW5lX3N1bnNldCI6eyJidWNrZXQiOnRydWUsInZlcnNpb24iOm51bGx9LCJ0ZndfdHdlZXRfZWRpdF9mcm9udGVuZCI6eyJidWNrZXQiOiJvbiIsInZlcnNpb24iOm51bGx9fQ%3D%3D&amp;frame=false&amp;hideCard=false&amp;hideThread=false&amp;id=2048832047536337041&amp;lang=cs&amp;origin=https%3A%2F%2Faeronet.news%2Fnemecky-kancler-otocil-o-180-stupnu-a-na-gymnaziu-v-marsbergu-pustil-na-ukrajince-studenou-sprchu-realpolitik-do-eu-pry-vstoupi-ukrajina-buhvi-kdy-zelensky-by-pry-nemel-v-obcanech-vyvolavat%2F&amp;sessionId=1ab66354424b194960b1b933c5495cfb1af35b44&amp;theme=light&amp;widgetsVersion=2615f7e52b7e0%3A1702314776716&amp;width=550px\" frameborder=\"0\" scrolling=\"no\" allowfullscreen=\"allowfullscreen\" data-tweet-id=\"2048832047536337041\" data-mce-fragment=\"1\"><\/iframe><\/div>\n<p>Pro\u010d Friedrich Merz zvolil pro tak z\u00e1sadn\u00ed obrat pr\u00e1v\u011b \u0161koln\u00ed prost\u0159ed\u00ed v Marsbergu? Mo\u017en\u00e1 proto, \u017ee mezi d\u011btmi a pap\u00edrov\u00fdmi hv\u011bzdami vypad\u00e1 i ta nejtvrd\u0161\u00ed geopolitick\u00e1 kapitulace jako medi\u00e1ln\u00ed akt n\u00e1hl\u00e9 p\u00e9\u010de o budoucnost. Merz se rozhodl vym\u011bnit roli \u201e<em>v\u00e1le\u010dn\u00e9ho kancl\u00e9\u0159e<\/em>\u201c za roli \u201e<em>stabiliz\u00e1tora Evropy<\/em>\u201c. T\u00edm, \u017ee odsunul \u010dlenstv\u00ed Ukrajiny v EU a\u017e n\u011bkam do po\u010d\u00e1tku p\u0159\u00ed\u0161t\u00edho desetilet\u00ed, z\u00edskal \u010das, ale ztratil svoji tv\u00e1\u0159 u\u00a0<em>chciv\u00e1lk\u016f<\/em>.<\/p>\n<p>Jedno je jist\u00e9: Friedrich Merz u\u017e nen\u00ed t\u00edm magorem, kter\u00fd v\u011b\u0159il, \u017ee \u201e<em>svoboda je v\u00edc ne\u017e m\u00edr<\/em>\u201c. Nyn\u00ed v\u011b\u0159\u00ed, \u017ee \u201e<em>politick\u00e9\u00a0p\u0159e\u017eit\u00ed CDU je v\u00edc ne\u017e nekone\u010dn\u00e1 podpora Ukrajiny<\/em>\u201c.\u00a0<strong>N\u00e1vrat realpolitik do CDU nen\u00ed dobrovoln\u00fd krok, ale je to d\u016fsledek odchodu USA z Evropy<\/strong>\u00a0a kolapsu n\u011bmeck\u00e9 ekonomiky v d\u016fsledku odst\u0159ihnut\u00ed od rusk\u00fdch paliv, energi\u00ed a surovin. Ale ani to by nesta\u010dilo. To, \u010deho se Merz d\u011bs\u00ed nejv\u00edc, je ztr\u00e1ta politick\u00e9 moci CDU v konkurenci s protiv\u00e1le\u010dnou AfD, kter\u00e1 m\u00e1 nakro\u010deno k drtiv\u00e9mu v\u00edt\u011bzstv\u00ed v zemsk\u00fdch volb\u00e1ch. A to je realita.<\/p>\n<p><a href=\"https:\/\/aeronet.news\/nemecky-kancler-otocil-o-180-stupnu-a-na-gymnaziu-v-marsbergu-pustil-na-ukrajince-studenou-sprchu-realpolitik-do-eu-pry-vstoupi-ukrajina-buhvi-kdy-zelensky-by-pry-nemel-v-obcanech-vyvolavat\/\">-VK-<\/a><\/p>\n<p>&nbsp;<\/p>\n","protected":false},"excerpt":{"rendered":"<p>N\u011bmeck\u00fd kancl\u00e9\u0159 oto\u010dil o 180 stup\u0148\u016f a na gymn\u00e1ziu v Marsbergu pustil na Ukrajince studenou&#8230;<\/p>\n","protected":false},"author":2,"featured_media":105525,"comment_status":"closed","ping_status":"closed","sticky":false,"template":"","format":"standard","meta":[],"categories":[6],"tags":[1042,5698,8211,7378,26],"_links":{"self":[{"href":"https:\/\/www.infokuryr.cz\/n\/wp-json\/wp\/v2\/posts\/105524"}],"collection":[{"href":"https:\/\/www.infokuryr.cz\/n\/wp-json\/wp\/v2\/posts"}],"about":[{"href":"https:\/\/www.infokuryr.cz\/n\/wp-json\/wp\/v2\/types\/post"}],"author":[{"embeddable":true,"href":"https:\/\/www.infokuryr.cz\/n\/wp-json\/wp\/v2\/users\/2"}],"replies":[{"embeddable":true,"href":"https:\/\/www.infokuryr.cz\/n\/wp-json\/wp\/v2\/comments?post=105524"}],"version-history":[{"count":0,"href":"https:\/\/www.infokuryr.cz\/n\/wp-json\/wp\/v2\/posts\/105524\/revisions"}],"wp:featuredmedia":[{"embeddable":true,"href":"https:\/\/www.infokuryr.cz\/n\/wp-json\/wp\/v2\/media\/105525"}],"wp:attachment":[{"href":"https:\/\/www.infokuryr.cz\/n\/wp-json\/wp\/v2\/media?parent=105524"}],"wp:term":[{"taxonomy":"category","embeddable":true,"href":"https:\/\/www.infokuryr.cz\/n\/wp-json\/wp\/v2\/categories?post=105524"},{"taxonomy":"post_tag","embeddable":true,"href":"https:\/\/www.infokuryr.cz\/n\/wp-json\/wp\/v2\/tags?post=105524"}],"curies":[{"name":"wp","href":"https:\/\/api.w.org\/{rel}","templated":true}]}}