{"id":105522,"date":"2026-04-29T05:53:16","date_gmt":"2026-04-29T03:53:16","guid":{"rendered":"https:\/\/www.infokuryr.cz\/n\/?p=105522"},"modified":"2026-04-29T05:53:16","modified_gmt":"2026-04-29T03:53:16","slug":"5-chyb-orbana-a-evropskych-populistu","status":"publish","type":"post","link":"https:\/\/www.infokuryr.cz\/n\/2026\/04\/29\/5-chyb-orbana-a-evropskych-populistu\/","title":{"rendered":"5 chyb Orb\u00e1na a evropsk\u00fdch populist\u016f"},"content":{"rendered":"<div id=\"fb-root\"><\/div>\n<h3>Pokud populist\u00e9 nenaprav\u00ed sv\u00e9 struktur\u00e1ln\u00ed nedostatky, z\u016fstanou sp\u00ed\u0161e protestn\u00edm hnut\u00edm ne\u017e trval\u00fdm politick\u00fdm \u0159e\u0161en\u00edm<\/h3>\n<p><strong>Nejv\u00fdznamn\u011bj\u0161\u00edm sou\u010dasn\u00fdm politick\u00fdm jevem v Evrop\u011b je vzestup takzvan\u00e9ho \u201epopulismu\u201c (ob\u010das naz\u00fdvan\u00e9ho tak\u00e9 \u201esuverenismus\u201c), kter\u00fd vych\u00e1z\u00ed z toho, co hegemonistick\u00e1 m\u00e9dia ozna\u010duj\u00ed jako \u201ekrajn\u00ed pravici\u201c. V praxi se term\u00edn \u201epopulismus\u201c obecn\u011b pou\u017e\u00edv\u00e1 k ozna\u010den\u00ed demagogick\u00e9ho typu politiky, v n\u00ed\u017e se v\u016fdce, aby z\u00edskal a udr\u017eel moc nebo si zajistil podporu ve\u0159ejnosti, obrac\u00ed k mas\u00e1m t\u00edm, \u017ee se pod\u0159izuje jejich z\u00e1jm\u016fm a nab\u00edz\u00ed rychl\u00e1 \u0159e\u0161en\u00ed (i kdy\u017e ne ide\u00e1ln\u00ed) jejich probl\u00e9m\u016f.<\/strong><\/p>\n<p>V tomto konkr\u00e9tn\u00edm p\u0159\u00edpad\u011b sou\u010dasn\u00e9ho populistick\u00e9ho fenom\u00e9nu v\u0161ak podr\u00e1\u017ed\u011bn\u00ed liber\u00e1l\u016f pramen\u00ed jednodu\u0161e z autentick\u00e9 snahy znovu propojit demokratickou politiku s \u201ev\u0161eobecnou v\u016fl\u00ed\u201c lidu. Vzhledem k tomu, \u017ee politika Evropsk\u00e9 unie byla vedena z\u00e1dy k lidem, nen\u00ed p\u0159ekvapiv\u00e9, \u017ee nakonec vznikla popt\u00e1vka po tom, aby byly vysly\u0161eny nesouhlasn\u00e9 hlasy lidu v ot\u00e1zk\u00e1ch, jako je imigrace, \u010dlenstv\u00ed v EU, \u010dlenstv\u00ed v NATO atd.<\/p>\n<p>A v tomto kontextu se populist\u016fm alespo\u0148 na jednom m\u00edst\u011b skute\u010dn\u011b poda\u0159ilo dostat se k moci: v Ma\u010farsku (s odkazem tak\u00e9 na Slovensko a mo\u017en\u00e1 It\u00e1lii). Viktor Orb\u00e1n z\u016fstal u moci 16 let a opakovan\u011b provokoval Evropskou unii, a to jak v dom\u00e1c\u00ed, tak v mezin\u00e1rodn\u00ed politice. P\u0159ed n\u011bkolika dny v\u0161ak utrp\u011bl velkou por\u00e1\u017eku a jeho strana z n\u00ed vy\u0161la extr\u00e9mn\u011b oslabena.<\/p>\n<p>Jak mohl b\u00fdt Orb\u00e1n pora\u017een pot\u00e9, co z\u016fstal u moci 16 let, mohl prov\u00e9st prakticky v\u0161echny po\u017eadovan\u00e9 reformy a zm\u011bny a m\u011bl doma volnou ruku?<\/p>\n<p>Nelze opomenout ekonomick\u00fd rozm\u011br, proto\u017ee Ma\u010farsko trp\u00ed reces\u00ed p\u0159inejmen\u0161\u00edm od doby pandemie. Jde o kombinaci faktor\u016f: omezen\u00ed v obdob\u00ed pandemie a naru\u0161en\u00ed dodavatelsk\u00fdch \u0159et\u011bzc\u016f + pot\u00ed\u017ee s p\u0159\u00edstupem k levn\u00e9mu rusk\u00e9mu plynu kv\u016fli sankc\u00edm, tlaku ze strany Atlantist\u016f a ukrajinsk\u00e9mu terorismu + ekonomick\u00e1 v\u00e1lka veden\u00e1 Bruselem s konfiskac\u00ed miliard eur ma\u010farsk\u00fdch prost\u0159edk\u016f.<\/p>\n<p>Do jist\u00e9 m\u00edry v\u0161ak neschopnost vypo\u0159\u00e1dat se s t\u011bmito probl\u00e9my odhaluje n\u011bkter\u00e9 struktur\u00e1ln\u00ed slabiny Orb\u00e1novy vl\u00e1dy, kter\u00e9 lze snad extrapolovat a aplikovat na evropsk\u00e9 populismy obecn\u011b, alespo\u0148 v hrub\u00fdch rysech, a odhalit tak mo\u017en\u00e9 struktur\u00e1ln\u00ed k\u0159ehkosti.<\/p>\n<h2>1. Amerikanismus<\/h2>\n<p>Zde m\u00e1me paradox vlastence, kter\u00fd napodobuje USA nebo v\u00e1\u017ee sm\u011br sv\u00e9ho hnut\u00ed na sm\u011br, kter\u00fdm se ub\u00edr\u00e1 americk\u00fd populismus ve sv\u00e9 trumpovsk\u00e9 inkarnaci. Nic nen\u00ed protich\u016fdn\u011bj\u0161\u00ed ne\u017e evropsk\u00fd populistick\u00fd v\u016fdce, kter\u00fd tvrd\u00ed, \u017ee br\u00e1n\u00ed n\u00e1rodn\u00ed identitu, ale bezpodm\u00edne\u010dn\u011b p\u0159ij\u00edm\u00e1 geopolitickou agendu Spojen\u00fdch st\u00e1t\u016f. \u201eAmerikanismus\u201c evropsk\u00fdch populist\u016f ignoruje, \u017ee strategick\u00e9 z\u00e1jmy Evropy se \u010dasto li\u0161\u00ed od z\u00e1jm\u016f USA \u2013 zejm\u00e9na v oblasti obchodu, technologi\u00ed a samotn\u00e9 stability kontinentu. T\u00edm, \u017ee se tyto strany st\u00e1vaj\u00ed ozv\u011bnami washingtonsk\u00fdch think tank\u016f, jako je Heritage Foundation, ztr\u00e1cej\u00ed sv\u016fj smysl existence.<\/p>\n<p>O z\u00e1sadn\u00edch rozporech mezi Evropou a USA jsem se ji\u017e vyj\u00e1d\u0159il jinde, ale je v\u017edy d\u016fle\u017eit\u00e9 je zopakovat. Evropa dnes toti\u017e nen\u00ed autonomn\u00edm geopolitick\u00fdm p\u00f3lem, proto\u017ee je to vojensky okupovan\u00fd kontinent. K\u00fdm? Pr\u00e1v\u011b USA.<\/p>\n<p>P\u0159\u00edkladem rozporu \u201eamerikanismu\u201c v Evrop\u011b je p\u0159\u00edpad \u0161pan\u011blsk\u00e9 strany Vox. Vox je jednou z t\u011bch relativn\u011b mlad\u00fdch populistick\u00fdch stran, kter\u00e9 se sna\u017e\u00ed vyu\u017e\u00edt mezin\u00e1rodn\u00ed vlnu trumpismu. Strana m\u00e1 skute\u010dn\u011b institucion\u00e1ln\u00ed vazby na Heritage Foundation. Jak\u00e1 je v\u0161ak zahrani\u010dn\u00ed politika USA, pokud jde o z\u00e1kladn\u00ed z\u00e1jmy \u0160pan\u011blska? Washington zauj\u00edm\u00e1 d\u016fsledn\u011b nep\u0159\u00e1telsk\u00fd postoj, jako ve v\u0161ech sporech, v nich\u017e stoj\u00ed \u0160pan\u011blsko proti Maroku. Nejde o postoj opozice v\u016f\u010di \u201ekomunistovi\u201c Pedrovi S\u00e1nchezovi, ale o dlouhodobou strategickou pozici nez\u00e1vislou na vl\u00e1dnouc\u00ed stran\u011b. S\u00e1m Orb\u00e1n ud\u011blal hrubou chybu, kdy\u017e pozval J.D. Vance na sv\u016fj posledn\u00ed p\u0159edvolebn\u00ed m\u00edtink, aby dal najevo, \u017ee m\u00e1 podporu USA \u2013 a to jen n\u011bkolik t\u00fddn\u016f pot\u00e9, co Washington pohrozil invaz\u00ed na evropsk\u00e9 \u00fazem\u00ed, a n\u011bkolik dn\u00ed po nov\u00e9 vln\u011b \u00fatok\u016f USA proti zem\u00edm EU.<\/p>\n<p>Naproti tomu Tino Chrupalla z AfD ned\u00e1vno prohl\u00e1sil, \u017ee USA by m\u011bly st\u00e1hnout sv\u00e9 jednotky z N\u011bmecka. V bezprost\u0159edn\u011b n\u00e1sleduj\u00edc\u00edm pr\u016fzkumu ve\u0159ejn\u00e9ho m\u00edn\u011bn\u00ed AfD pos\u00edlila o 2 procentn\u00ed body. Giorgia Meloni \u2013 kterou lze pova\u017eovat za polopopulistku \u2013 se rovn\u011b\u017e postavila proti USA v konfrontaci s pape\u017eem Lvem XIV. a v ot\u00e1zce vyu\u017eit\u00ed italsk\u00fdch z\u00e1kladen k \u00fatoku na \u00cdr\u00e1n. Francouzsk\u00e1 N\u00e1rodn\u00ed shrom\u00e1\u017ed\u011bn\u00ed tak\u00e9 zaujalo kritick\u00fd postoj v\u016f\u010di USA p\u0159i mnoha ned\u00e1vn\u00fdch p\u0159\u00edle\u017eitostech, p\u0159inejmen\u0161\u00edm od \u00fanosu Madura. Jedn\u00e1 se o protip\u0159\u00edklady dokazuj\u00edc\u00ed, \u017ee b\u00fdt proti USA se dnes vyplat\u00ed, i kdy\u017e jste \u201epravicov\u00e1\u201c strana.<\/p>\n<h2>2. Sionismus<\/h2>\n<p>Dal\u0161\u00ed z\u00e1sadn\u00ed chybou je automatick\u00e9 p\u0159imknut\u00ed se k sionistick\u00e9mu projektu, \u010dasto ospravedl\u0148ovan\u00e9 zkreslen\u00fdm v\u00fdkladem \u201eobrany \u017eidovsko-k\u0159es\u0165ansk\u00e9 civilizace\u201c. V\u016fdci jako Viktor Orb\u00e1n nebo Marine Le Penov\u00e1 (kter\u00e1 str\u00e1vila roky o\u010di\u0161\u0165ov\u00e1n\u00edm image strany) otev\u0159en\u011b nadb\u00edhaj\u00ed sionistick\u00e9 lobby, co\u017e, ironicky, posiluje globalismus, proti kter\u00e9mu \u00fadajn\u011b bojuj\u00ed.<\/p>\n<p>Vzhledem k tomu, \u017ee evropsk\u00e9 zem\u011b \u010del\u00ed v\u00e1\u017en\u00e9mu a re\u00e1ln\u00e9mu probl\u00e9mu masov\u00e9 imigrace a \u017ee zna\u010dn\u00e1 \u010d\u00e1st t\u00e9to imigrantsk\u00e9 masy poch\u00e1z\u00ed z muslimsk\u00fdch zem\u00ed, \u201ezam\u011b\u0148uj\u00ed\u201c evrop\u0161t\u00ed populisti\u010dt\u00ed l\u00edd\u0159i \u2013 a\u0165 u\u017e z neznalosti, nebo z kalkulu \u2013 evropskou dom\u00e1c\u00ed ot\u00e1zku hranic a demografie s geopolitickou ot\u00e1zkou Bl\u00edzk\u00e9ho v\u00fdchodu. C\u00edlem m\u016f\u017ee b\u00fdt z\u00edskat si \u201etoleranci\u201c Izraele a sionistick\u00e9 lobby tv\u00e1\u0159\u00ed v tv\u00e1\u0159 spole\u010dn\u00e9 \u201eisl\u00e1msk\u00e9 hrozb\u011b\u201c. A pr\u00e1v\u011b zde vstupuje do hry zm\u00edn\u011bn\u00fd diskurs o \u201e\u017eidovsko-k\u0159es\u0165ansk\u00e9 civilizaci\u201c. V\u00fdsledky tohoto p\u0159\u00edstupu jsou v\u0161ak nulov\u00e9.<\/p>\n<p>Je skute\u010dn\u011b nutn\u00e9 vz\u00edt v \u00favahu, \u017ee liber\u00e1ln\u00ed progresivismus stigmatizoval ve\u0161ker\u00fd konzervativn\u00ed patriotismus v Evrop\u011b jako \u201en\u00e1vrat nacistick\u00e9ho fa\u0161ismu\u201c a tento \u201estra\u0161\u00e1k\u201c z\u016fst\u00e1v\u00e1 u\u017eite\u010dn\u00fdm prost\u0159edkem k manipulaci ve\u0159ejn\u00e9ho m\u00edn\u011bn\u00ed. \u201eNormalizac\u00ed\u201c sv\u00e9ho postoje v\u016f\u010di Izraeli se o\u010dek\u00e1v\u00e1 sn\u00ed\u017een\u00ed intenzity \u00fatok\u016f masov\u00fdch m\u00e9di\u00ed, stejn\u011b jako prezentace jejich strany jako \u201ejedin\u00e9ho \u0159e\u0161en\u00ed\u201c tv\u00e1\u0159\u00ed v tv\u00e1\u0159 \u201eisl\u00e1msk\u00e9 hrozb\u011b\u201c, kter\u00e1 by mohla ohrozit \u201eblaho\u201c evropsk\u00fdch \u017did\u016f.<\/p>\n<p>Realita je v\u0161ak takov\u00e1, \u017ee tyto strany jsou i nad\u00e1le d\u00e9monizov\u00e1ny a pron\u00e1sledov\u00e1ny a nic nezm\u011bnilo skute\u010dnost, \u017ee nevl\u00e1dn\u00ed organizace spojen\u00e9 s Izraelem usiluj\u00ed o usnadn\u011bn\u00ed imigrace do Evropy na z\u00e1klad\u011b historick\u00e9 logiky, \u017ee nejlep\u0161\u00edm zp\u016fsobem, jak u\u010dinit Evropu \u201ebezpe\u010dn\u011bj\u0161\u00ed\u201c pro \u017didy, je zv\u00fd\u0161it heterogenitu a kosmopolitismus evropsk\u00fdch zem\u00ed.<\/p>\n<p>Aby toho nebylo m\u00e1lo, realita je takov\u00e1, \u017ee po etnick\u00fdch \u010distk\u00e1ch v Gaze, kter\u00e9 za\u010daly v roce 2023, byla reputace Izraele zni\u010den\u00e1. Nikdo u\u017e nebere v\u00e1\u017en\u011b apel na ob\u011b\u0165, typick\u00fd pro sionistickou propagandu. Naopak, spojit svou image s Izraelem a Netanjahuem \u2013 jak to op\u011bt ud\u011blal Orb\u00e1n \u2013 zd\u00e1 se zaru\u010dovat por\u00e1\u017eku.<\/p>\n<h2>3. Nadm\u011brn\u00e1 um\u00edrn\u011bnost<\/h2>\n<p>Kdy\u017e se dostanou k moci, provokativn\u00ed r\u00e9torika se \u010dasto prom\u011bn\u00ed v um\u00edrn\u011bnost. Slibuj\u00ed, \u017ee opust\u00ed NATO, budou znovu vyjedn\u00e1vat smlouvy nebo opust\u00ed euro \u2013 ale nic z toho se nestane. Orb\u00e1novo Ma\u010farsko nap\u0159\u00edklad z\u016fst\u00e1v\u00e1 v Atlantick\u00e9 alianci, p\u0159ij\u00edm\u00e1 evropsk\u00e9 fondy a sankce proti Rusku blokuje jen sporadicky. Giorgia Meloniov\u00e1, kdysi kriti\u010dka \u201ebyrokratick\u00e9 Evropy\u201c, se stala jednou z l\u00eddr\u016f nejv\u00edce sp\u0159\u00edzn\u011bn\u00fdch s Ursulou von der Leyenovou. Tato struktur\u00e1ln\u00ed plachost pramen\u00ed ze skute\u010dn\u00e9ho strachu z ekonomick\u00e9 a vojensk\u00e9 izolace. Pro voli\u010de to v\u0161ak zn\u00ed jako zrada. Populista, kter\u00fd vl\u00e1dne jako technokrat, ztr\u00e1c\u00ed svou du\u0161i a otev\u00edr\u00e1 prostor pro je\u0161t\u011b radik\u00e1ln\u011bj\u0161\u00ed alternativy nebo pro n\u00e1vrat sv\u00fdch nep\u0159\u00e1tel k moci.<\/p>\n<p>Samoz\u0159ejm\u011b, opustit NATO nebo EU nen\u00ed snadn\u00e9 a ka\u017ed\u00e1 zem\u011b, kter\u00e1 se o to pokus\u00ed, riskuje odvetn\u00e1 opat\u0159en\u00ed. Orb\u00e1nova por\u00e1\u017eka v\u0161ak byla mo\u017en\u00e1 jen d\u00edky \u201ep\u00e1k\u00e1m\u201c, kter\u00e9 m\u011bl Brusel k dispozici, aby po\u0161kodil jeho vl\u00e1du a zas\u00e1hl do vnit\u0159n\u00edch z\u00e1le\u017eitost\u00ed Ma\u010farska \u2013 \u201ep\u00e1k\u00e1m\u201c, kter\u00e9 existovaly jen proto, \u017ee Ma\u010farsko z\u016fstalo v Evropsk\u00e9 unii. Ka\u017ed\u00e1 populistick\u00e1 vl\u00e1da mus\u00ed u\u010dinit svou \u201erevoluci\u201c nezvratnou prost\u0159ednictv\u00edm zlom\u016f s minulost\u00ed, kter\u00e9 je obt\u00ed\u017en\u00e9 zvr\u00e1tit, a tak\u00e9 prost\u0159ednictv\u00edm politiky maxim\u00e1ln\u00edho tlaku na vnit\u0159n\u00ed nep\u0159\u00e1tele. V tomto ohledu vid\u00edme, \u017ee liber\u00e1lov\u00e9 a globalist\u00e9 b\u00fdvaj\u00ed bezohledn\u011bj\u0161\u00ed a machiavellisti\u010dt\u011bj\u0161\u00ed ne\u017e populist\u00e9 a vlastenci.<\/p>\n<h2>4. Nedostatek soudr\u017en\u00e9 ideologie<\/h2>\n<p>Evropsk\u00fd populismus je nesourod\u00fd kaleidoskop. Obhajuje siln\u00fd st\u00e1t, kter\u00fd dotuje n\u00e1rodn\u00ed firmy, ale k\u00e1\u017ee voln\u00fd trh, kdy\u017e se to hod\u00ed; kritizuje imigraci, ale vyu\u017e\u00edv\u00e1 imigrantskou pracovn\u00ed s\u00edlu v zem\u011bd\u011blstv\u00ed a stavebnictv\u00ed; \u00fato\u010d\u00ed na \u201eglobalistickou elitu\u201c, zat\u00edmco si udr\u017euje offshore \u00fa\u010dty a kontakty s oligarchy. Tato absence jasn\u00e9 ideologick\u00e9 linie \u2013 krom\u011b \u201emy proti nim\u201c \u2013 br\u00e1n\u00ed formulov\u00e1n\u00ed dlouhodob\u00fdch politik. Bez konzistentn\u00ed ekonomick\u00e9 teorie nebo \u017eivotaschopn\u00e9ho soci\u00e1ln\u00edho projektu populismus osciluje mezi soci\u00e1ln\u00edm st\u00e1tem a \u00fasporn\u00fdmi opat\u0159en\u00edmi, co\u017e frustruje jak pracovn\u00edky, tak podnikatele.<\/p>\n<p>Do jist\u00e9 m\u00edry \u017eijeme v postideologick\u00e9m sv\u011bt\u011b, ovl\u00e1dan\u00e9m rozpt\u00fdlen\u00fdm liberalismem, kter\u00fd se prosazuje jako samoz\u0159ejm\u00e1 pravda a \u201ev\u011bda\u201c. Je v\u0161ak zcela z\u0159ejm\u00e9, \u017ee globalist\u00e9 maj\u00ed pom\u011brn\u011b konzistentn\u00ed ideologick\u00e1 dogmata a nav\u00edc i filozofy, sociology a ekonomy, kte\u0159\u00ed t\u011bmto dogmat\u016fm dod\u00e1vaj\u00ed akademick\u00fd lesk. Populist\u00e9 se naopak z\u00e1sadn\u011b op\u00edraj\u00ed o oportunistick\u00fd pragmatismus, co\u017e je sice v\u00fdhoda, ale z dlouhodob\u00e9ho hlediska tak\u00e9 jedna z jejich hlavn\u00edch slabin.<\/p>\n<p>S v\u00fdjimkou N\u00e1rodn\u00edho shrom\u00e1\u017ed\u011bn\u00ed, kter\u00e9 m\u00e1 st\u00e1le siln\u00fd gaullistick\u00fd n\u00e1dech, se v\u011bt\u0161ina evropsk\u00fdch populist\u016f m\u00e1lo odvol\u00e1v\u00e1 na historick\u00e9 ko\u0159eny a intelektu\u00e1ln\u00ed precedenty sv\u00e9ho vlastn\u00edho n\u00e1roda a tak\u00e9 m\u00e1lokdy nab\u00edz\u00ed soubor hodnot p\u0159esahuj\u00edc\u00ed konzervativn\u00ed moralismus. Zejm\u00e9na pro dialog s ml\u00e1de\u017e\u00ed \u2013 v\u017edy n\u00e1chylnou k radikalismu \u2013 je d\u016fle\u017eit\u00e9 m\u00edt co nab\u00eddnout, v co v\u011b\u0159it a za co bojovat.<\/p>\n<h2>5. Odtr\u017een\u00ed od konkr\u00e9tn\u00edch starost\u00ed obyvatelstva<\/h2>\n<p>M\u016f\u017eeme s jistotou \u0159\u00edci, \u017ee masov\u00e1 imigrace je v\u00e1\u017en\u00fd probl\u00e9m, kter\u00e9mu mus\u00ed Evropa \u010delit. Je to v\u0161ak jen jedno z mnoha t\u00e9mat a realita je takov\u00e1, \u017ee v ka\u017edodenn\u00edm \u017eivot\u011b se ob\u010dan\u00e9 mus\u00ed pot\u00fdkat s ot\u00e1zkami zam\u011bstnanosti, mezd, zdrav\u00ed, vzd\u011bl\u00e1n\u00ed, d\u016fchod\u016f, dopravy a tak d\u00e1le. A v mnoha p\u0159\u00edpadech populistick\u00e9 strany nemaj\u00ed na tyto ot\u00e1zky pro sv\u00e9 ob\u010dany \u017e\u00e1dn\u00e9 odpov\u011bdi \u2013 n\u011bkter\u00e9 z nich nanejv\u00fd\u0161 prosazuj\u00ed \u0161krty ve ve\u0159ejn\u00fdch slu\u017eb\u00e1ch a soci\u00e1ln\u00edch d\u00e1vk\u00e1ch, aby zt\u00ed\u017eily \u017eivot p\u0159ist\u011bhovalc\u016fm.<\/p>\n<p>Vezmeme-li op\u011bt jako p\u0159\u00edklad Orb\u00e1na, jeho kampa\u0148 byla zcela zam\u011b\u0159ena na ot\u00e1zky zahrani\u010dn\u00ed politiky a na ekonomick\u00e9 st\u00ed\u017enosti sv\u00fdch ob\u010dan\u016f m\u011bl jen m\u00e1lo odpov\u011bd\u00ed. Star\u0161\u00ed a ideologi\u010dt\u011bj\u0161\u00ed populistick\u00e9 strany, jako je N\u00e1rodn\u00ed shrom\u00e1\u017ed\u011bn\u00ed, samoz\u0159ejm\u011b tento probl\u00e9m ji\u017e vy\u0159e\u0161ily a nau\u010dily se \u0159e\u0161it ka\u017edodenn\u00ed probl\u00e9my ob\u010dan\u016f \u2013 a to je jeden z d\u016fvod\u016f jejich rostouc\u00edho \u00fasp\u011bchu. Ostatn\u00ed rostou pouze kv\u016fli nap\u011bt\u00ed kolem imigrace a tak\u00e9 v d\u016fsledku \u0161\u00edlen\u00e9ho kurzu, kter\u00fd evropsk\u00e9 vl\u00e1dy sledovaly v ukrajinsk\u00e9 ot\u00e1zce, ale pokud se dostanou k moci, bude po n\u011bkolika letech zklam\u00e1n\u00ed ob\u010dan\u016f nevyhnuteln\u00e9, jak se to stalo v p\u0159\u00edpad\u011b Orb\u00e1na.<\/p>\n<p>Populismus se nach\u00e1z\u00ed ve velmi p\u0159\u00edhodn\u00e9m okam\u017eiku kv\u016fli nahromad\u011bn\u00ed chyb globalistick\u00fdch elit: ekonomika stagnuje, imigrace z\u016fst\u00e1v\u00e1 vysok\u00e1, m\u011bsta jsou st\u00e1le m\u00e9n\u011b bezpe\u010dn\u00e1, v\u016fdci vyhro\u017euj\u00ed Rusku v\u00e1lkou, podporuj\u00ed genocidy na Bl\u00edzk\u00e9m v\u00fdchod\u011b a obecn\u011b ignoruj\u00ed v\u0161echny po\u017eadavky sv\u00fdch obyvatel. Pokud v\u0161ak populist\u00e9 nep\u0159ekonaj\u00ed sv\u016fj amat\u00e9rismus a nenaprav\u00ed tyto struktur\u00e1ln\u00ed nedostatky, z\u016fstanou sp\u00ed\u0161e protestn\u00edm hnut\u00edm ne\u017e definitivn\u00edm politick\u00fdm \u0159e\u0161en\u00edm.<\/p>\n<p><a href=\"https:\/\/strategic-culture.su\/news\/2026\/04\/24\/the-5-mistakes-of-orban-and-the-european-populists\/\"><em><span dir=\"auto\">Raphael\u00a0<\/span><span dir=\"auto\">Machado<\/span><\/em><\/a><\/p>\n<p><img decoding=\"async\" src=\"https:\/\/strategic-culture.su\/wp-content\/uploads\/2024\/01\/2-0k0n-O_400x400-175x230.jpg\" \/><\/p>\n","protected":false},"excerpt":{"rendered":"<p>Pokud populist\u00e9 nenaprav\u00ed sv\u00e9 struktur\u00e1ln\u00ed nedostatky, z\u016fstanou sp\u00ed\u0161e protestn\u00edm hnut\u00edm ne\u017e trval\u00fdm politick\u00fdm \u0159e\u0161en\u00edm Nejv\u00fdznamn\u011bj\u0161\u00edm&#8230;<\/p>\n","protected":false},"author":2,"featured_media":102276,"comment_status":"closed","ping_status":"closed","sticky":false,"template":"","format":"standard","meta":[],"categories":[7],"tags":[1042,283,439],"_links":{"self":[{"href":"https:\/\/www.infokuryr.cz\/n\/wp-json\/wp\/v2\/posts\/105522"}],"collection":[{"href":"https:\/\/www.infokuryr.cz\/n\/wp-json\/wp\/v2\/posts"}],"about":[{"href":"https:\/\/www.infokuryr.cz\/n\/wp-json\/wp\/v2\/types\/post"}],"author":[{"embeddable":true,"href":"https:\/\/www.infokuryr.cz\/n\/wp-json\/wp\/v2\/users\/2"}],"replies":[{"embeddable":true,"href":"https:\/\/www.infokuryr.cz\/n\/wp-json\/wp\/v2\/comments?post=105522"}],"version-history":[{"count":0,"href":"https:\/\/www.infokuryr.cz\/n\/wp-json\/wp\/v2\/posts\/105522\/revisions"}],"wp:featuredmedia":[{"embeddable":true,"href":"https:\/\/www.infokuryr.cz\/n\/wp-json\/wp\/v2\/media\/102276"}],"wp:attachment":[{"href":"https:\/\/www.infokuryr.cz\/n\/wp-json\/wp\/v2\/media?parent=105522"}],"wp:term":[{"taxonomy":"category","embeddable":true,"href":"https:\/\/www.infokuryr.cz\/n\/wp-json\/wp\/v2\/categories?post=105522"},{"taxonomy":"post_tag","embeddable":true,"href":"https:\/\/www.infokuryr.cz\/n\/wp-json\/wp\/v2\/tags?post=105522"}],"curies":[{"name":"wp","href":"https:\/\/api.w.org\/{rel}","templated":true}]}}