{"id":105517,"date":"2026-04-29T00:25:14","date_gmt":"2026-04-28T22:25:14","guid":{"rendered":"https:\/\/www.infokuryr.cz\/n\/?p=105517"},"modified":"2026-04-28T21:43:29","modified_gmt":"2026-04-28T19:43:29","slug":"na-majovy-jarmark-prijedou-dinosauri-i-no-name-otevre-se-nove-muzeum","status":"publish","type":"post","link":"https:\/\/www.infokuryr.cz\/n\/2026\/04\/29\/na-majovy-jarmark-prijedou-dinosauri-i-no-name-otevre-se-nove-muzeum\/","title":{"rendered":"Na M\u00e1jov\u00fd jarmark p\u0159ijedou dinosau\u0159i i No Name. Otev\u0159e se nov\u00e9 muzeum"},"content":{"rendered":"<div id=\"fb-root\"><\/div>\n<p>Hv\u011bzdou leto\u0161n\u00edho M\u00e1jov\u00e9ho jarmarku bude slovensk\u00e1 skupina No Name a n\u011bkolikametrov\u00ed o\u017eivl\u00ed dinosau\u0159i. Program jarn\u00edch slavnost\u00ed, kter\u00e9 se budou konat 2. kv\u011btna, je letos velmi pestr\u00fd.<\/p>\n<p>Tradi\u010dn\u011b nejv\u011bt\u0161\u00edm l\u00e1kadlem jsou koncerty v letn\u00edm amfite\u00e1tru. Tam letos vystoup\u00ed postupn\u011b od p\u016fl druh\u00e9 odpoledne L\u00e1ska, D\u011bda Ml\u00e1dek Illegal Band, Wanastowi vjecy revival, Pok\u00e1\u010d a skupina No Name. Men\u0161\u00ed hudebn\u00ed sc\u00e9nu na Kaf\u00e1\u010di zapln\u00ed od dvou hodin odpoledne hudebn\u00edci Michal Israel Volf, Hon\u00e1ci, Asi 20!? a Alchymie. U K\u00e1di k poslechu i tanci od deseti hodin dopoledne zahraj\u00ed Tom\u00e1\u0161 Lan\u011b a Iva Bou\u0161ov\u00e1.<\/p>\n<p>D\u011bti se mohou t\u011b\u0161it hned na n\u011bkolik vystoupen\u00ed. Na minigolfu jim p\u0159edstav\u00ed chovatel r\u016fzn\u00e9 plazy ve 13, 14 a 15 hodin. U alt\u00e1nu je \u010dek\u00e1 od 14 hodin show s ob\u0159\u00edmi o\u017eivl\u00fdmi dinosaury. Ty budou doprov\u00e1zet o\u0161et\u0159ovatel\u00e9, kte\u0159\u00ed p\u0159\u00edtomn\u00e9 nejen pobav\u00ed, ale i lec\u010demu nau\u010d\u00ed. U alt\u00e1nu bude m\u00edt sv\u016fj z\u00e1bavn\u00fd program i D\u016fm d\u011bt\u00ed a ml\u00e1de\u017ee. Trasa od zast\u00e1vky v\u00fdletn\u00edho vl\u00e1\u010dku k hlavn\u00ed budov\u011b l\u00e1zn\u00ed bude lemovan\u00e1 st\u00e1nky s ob\u010derstven\u00edm a dal\u0161\u00edm sortimentem.<\/p>\n<p>P\u0159ipraven\u00e1 je pro d\u011bti i zcela nov\u00e1 sc\u00e9na pod pam\u00e1tn\u00edkem za budovou st\u00e1\u010d\u00edrny. Tam se p\u0159edstav\u00ed hokejist\u00e9 z\u00a0klubu HC Draci B\u00edlina, d\u00e1le tam budou d\u0159ev\u011bn\u00e9 hra\u010dky, workshop malby, tv\u016fr\u010d\u00ed d\u00edlni\u010dky a mo\u017enost posezen\u00ed u kav\u00e1rny.<\/p>\n<p>K\u00a0programu M\u00e1jov\u00e9ho jarmarku se letos p\u0159ipojila i spole\u010dnost BHMW, kter\u00e1 zp\u0159\u00edstupn\u00ed budovu st\u00e1\u010d\u00edrna a muzea. Exkurze st\u00e1\u010d\u00edrny za\u010dnou v\u00a010, 11, 12 a 13 hodin. Odpoledne se budou konat neform\u00e1ln\u00ed prohl\u00eddky muzea.<\/p>\n<p><img decoding=\"async\" loading=\"lazy\" class=\"alignnone size-full wp-image-1185\" src=\"http:\/\/www.infokuryr.cz\/n\/wp-content\/uploads\/2021\/04\/kuryr-podpis.png\" alt=\"\" width=\"84\" height=\"24\" \/><\/p>\n<p>&nbsp;<\/p>\n","protected":false},"excerpt":{"rendered":"<p>Hv\u011bzdou leto\u0161n\u00edho M\u00e1jov\u00e9ho jarmarku bude slovensk\u00e1 skupina No Name a n\u011bkolikametrov\u00ed o\u017eivl\u00ed dinosau\u0159i. Program jarn\u00edch&#8230;<\/p>\n","protected":false},"author":2,"featured_media":105518,"comment_status":"closed","ping_status":"closed","sticky":false,"template":"","format":"standard","meta":[],"categories":[6],"tags":[6759,389,10938],"_links":{"self":[{"href":"https:\/\/www.infokuryr.cz\/n\/wp-json\/wp\/v2\/posts\/105517"}],"collection":[{"href":"https:\/\/www.infokuryr.cz\/n\/wp-json\/wp\/v2\/posts"}],"about":[{"href":"https:\/\/www.infokuryr.cz\/n\/wp-json\/wp\/v2\/types\/post"}],"author":[{"embeddable":true,"href":"https:\/\/www.infokuryr.cz\/n\/wp-json\/wp\/v2\/users\/2"}],"replies":[{"embeddable":true,"href":"https:\/\/www.infokuryr.cz\/n\/wp-json\/wp\/v2\/comments?post=105517"}],"version-history":[{"count":0,"href":"https:\/\/www.infokuryr.cz\/n\/wp-json\/wp\/v2\/posts\/105517\/revisions"}],"wp:featuredmedia":[{"embeddable":true,"href":"https:\/\/www.infokuryr.cz\/n\/wp-json\/wp\/v2\/media\/105518"}],"wp:attachment":[{"href":"https:\/\/www.infokuryr.cz\/n\/wp-json\/wp\/v2\/media?parent=105517"}],"wp:term":[{"taxonomy":"category","embeddable":true,"href":"https:\/\/www.infokuryr.cz\/n\/wp-json\/wp\/v2\/categories?post=105517"},{"taxonomy":"post_tag","embeddable":true,"href":"https:\/\/www.infokuryr.cz\/n\/wp-json\/wp\/v2\/tags?post=105517"}],"curies":[{"name":"wp","href":"https:\/\/api.w.org\/{rel}","templated":true}]}}