{"id":105516,"date":"2026-04-29T00:22:33","date_gmt":"2026-04-28T22:22:33","guid":{"rendered":"https:\/\/www.infokuryr.cz\/n\/?p=105516"},"modified":"2026-04-28T21:40:26","modified_gmt":"2026-04-28T19:40:26","slug":"erik-best-babisovo-nepratelske-prevzeti-motoristu","status":"publish","type":"post","link":"https:\/\/www.infokuryr.cz\/n\/2026\/04\/29\/erik-best-babisovo-nepratelske-prevzeti-motoristu\/","title":{"rendered":"Erik Best: Babi\u0161ovo nep\u0159\u00e1telsk\u00e9 p\u0159evzet\u00ed Motorist\u016f"},"content":{"rendered":"<div id=\"fb-root\"><\/div>\n<p>V\u00a0\u0161ir\u0161\u00edm kontextu jsou reakce premi\u00e9ra\u00a0<a href=\"https:\/\/www.youtube.com\/live\/aPC-9jnn35c?t=4737s\" target=\"_blank\" rel=\"noopener\">Andreje Babi\u0161e<\/a>\u00a0a\u00a0ministra pro sport\u00a0<a href=\"https:\/\/www.youtube.com\/live\/oJ_-86Xdedk?t=57s\" target=\"_blank\" rel=\"noopener\">Borise \u0160\u0165astn\u00e9ho<\/a>\u00a0na v\u00fdrok vl\u00e1dn\u00edho zmocn\u011bnce pro Green Deal Filipa Turka o\u00a0\u201ederatizaci\u201c a\u00a0\u201eparazitech\u201c na \u010dty\u0159ech ministersk\u00fdch resortech spadaj\u00edc\u00edch pod Motoristy mnohem v\u00fdznamn\u011bj\u0161\u00ed ne\u017e samotn\u00e9 Turkovo prohl\u00e1\u0161en\u00ed.<\/p>\n<p>Babi\u0161 uvedl, \u017ee takov\u00e9 \u0159e\u010di jsou nep\u0159ijateln\u00e9 a\u00a0\u017ee jeho vl\u00e1da si \u00fa\u0159edn\u00edk\u016f v\u00e1\u017e\u00ed. \u0160\u0165astn\u00fd, kter\u00fd vede poslaneck\u00fd klub Motorist\u00e9 sob\u011b, nev\u00e1hal Turk\u016fv v\u00fdrok p\u0159irovnat k\u00a0r\u00e9torice Adolfa Hitlera. Babi\u0161 i\u00a0\u0160\u0165astn\u00fd p\u0159itom mohli snadno argumentovat, stejn\u011b jako Turek a\u00a0p\u0159edseda Motorist\u016f Petr Macinka, \u017ee Turek mluvil o\u00a0aktivistech, nikoli o\u00a0\u00fa\u0159edn\u00edc\u00edch.<\/p>\n<p>Prvn\u00ed m\u00edstop\u0159edseda ODS\u00a0<a href=\"https:\/\/www.respekt.cz\/rozhovor\/opustili-jsme-domaci-temata-a-nechali-jsme-si-vnutit-fialovu-bidu-rika-druhy-muz-ods\" target=\"_blank\" rel=\"noopener\">Tom\u00e1\u0161 Portl\u00edk<\/a>\u00a0\u0159ekl v\u00a0\u00fanoru Respektu, \u017ee ani nev\u00ed, jestli je \u0160\u0165astn\u00fd v\u00edce Motorista, nebo \u010dlen hnut\u00ed ANO. A\u00a0pr\u00e1v\u011b o\u00a0to tu jde. \u0160\u0165astn\u00fd spolupracuje s\u00a0Babi\u0161em na p\u0159evzet\u00ed Motorist\u016f od Turka a\u00a0Macinky, a\u00a0v\u0161ichni, kdo doufaj\u00ed, \u017ee ve\u0159ejn\u00e9 zostuzen\u00ed Turka Babi\u0161e oslab\u00ed, ve skute\u010dnosti Babi\u0161ovi pom\u00e1haj\u00ed upevnit jeho moc v\u00a0koalici.<\/p>\n<p><a href=\"https:\/\/www.fsfinalword.cz\/?page=archive&amp;day=2026-04-27&amp;utm_source=utm_source%3Dnewsletter&amp;utm_medium=utm_medium%3De-mail&amp;utm_campaign=utm_campaign%3Dfinal_word_27.4.2026\">Erik Best<\/a><\/p>\n<p><img decoding=\"async\" loading=\"lazy\" class=\"alignnone wp-image-1179\" src=\"http:\/\/www.infokuryr.cz\/n\/wp-content\/uploads\/2021\/04\/erik-best.jpg\" alt=\"\" width=\"102\" height=\"115\" \/><\/p>\n<p>&nbsp;<\/p>\n","protected":false},"excerpt":{"rendered":"<p>V\u00a0\u0161ir\u0161\u00edm kontextu jsou reakce premi\u00e9ra\u00a0Andreje Babi\u0161e\u00a0a\u00a0ministra pro sport\u00a0Borise \u0160\u0165astn\u00e9ho\u00a0na v\u00fdrok vl\u00e1dn\u00edho zmocn\u011bnce pro Green Deal&#8230;<\/p>\n","protected":false},"author":2,"featured_media":99095,"comment_status":"closed","ping_status":"closed","sticky":false,"template":"","format":"standard","meta":[],"categories":[6],"tags":[126,1503,122,1411],"_links":{"self":[{"href":"https:\/\/www.infokuryr.cz\/n\/wp-json\/wp\/v2\/posts\/105516"}],"collection":[{"href":"https:\/\/www.infokuryr.cz\/n\/wp-json\/wp\/v2\/posts"}],"about":[{"href":"https:\/\/www.infokuryr.cz\/n\/wp-json\/wp\/v2\/types\/post"}],"author":[{"embeddable":true,"href":"https:\/\/www.infokuryr.cz\/n\/wp-json\/wp\/v2\/users\/2"}],"replies":[{"embeddable":true,"href":"https:\/\/www.infokuryr.cz\/n\/wp-json\/wp\/v2\/comments?post=105516"}],"version-history":[{"count":0,"href":"https:\/\/www.infokuryr.cz\/n\/wp-json\/wp\/v2\/posts\/105516\/revisions"}],"wp:featuredmedia":[{"embeddable":true,"href":"https:\/\/www.infokuryr.cz\/n\/wp-json\/wp\/v2\/media\/99095"}],"wp:attachment":[{"href":"https:\/\/www.infokuryr.cz\/n\/wp-json\/wp\/v2\/media?parent=105516"}],"wp:term":[{"taxonomy":"category","embeddable":true,"href":"https:\/\/www.infokuryr.cz\/n\/wp-json\/wp\/v2\/categories?post=105516"},{"taxonomy":"post_tag","embeddable":true,"href":"https:\/\/www.infokuryr.cz\/n\/wp-json\/wp\/v2\/tags?post=105516"}],"curies":[{"name":"wp","href":"https:\/\/api.w.org\/{rel}","templated":true}]}}