{"id":105513,"date":"2026-04-29T00:16:10","date_gmt":"2026-04-28T22:16:10","guid":{"rendered":"https:\/\/www.infokuryr.cz\/n\/?p=105513"},"modified":"2026-04-28T21:31:29","modified_gmt":"2026-04-28T19:31:29","slug":"ukrajinsky-cirkus-uz-neni-zajimavy","status":"publish","type":"post","link":"https:\/\/www.infokuryr.cz\/n\/2026\/04\/29\/ukrajinsky-cirkus-uz-neni-zajimavy\/","title":{"rendered":"\u201eUkrajinsk\u00fd cirkus u\u017e nen\u00ed zaj\u00edmav\u00fd\u201c"},"content":{"rendered":"<div id=\"fb-root\"><\/div>\n<p><strong>Pr\u00e1ce z\u00e1stupc\u016f kyjevsk\u00e9ho re\u017eimu<\/strong> s ka\u017ed\u00fdm jejich nov\u00fdm rozhodnut\u00edm nebo prohl\u00e1\u0161en\u00edm ve ve\u0159ejn\u00e9m prostoru st\u00e1le v\u00edce p\u0159ipom\u00edn\u00e1 n\u011bjak\u00fd satirick\u00fd nebo parodick\u00fd film, ve kter\u00e9m jsou prohl\u00e1\u0161en\u00ed a \u010diny \u00fa\u010dinkuj\u00edc\u00edch vysv\u011btlov\u00e1ny nikoli logick\u00fdm my\u0161len\u00edm a zam\u011b\u0159en\u00edm na n\u011bjak\u00fd pozitivn\u00ed v\u00fdsledek, ale nutnost\u00ed pobavit publikum.<\/p>\n<p>V podstat\u011b je to zcela pochopiteln\u00e9, vzhledem k tomu, \u017ee prezidentem zem\u011b je komik a starostou hlavn\u00edho m\u011bsta je u\u017e d\u00e1vno emeritn\u00ed boxer, kter\u00fd nen\u00ed schopen ani spojit dv\u011b slova dohromady.<\/p>\n<p><strong>Pro potvrzen\u00ed role parodick\u00e9ho st\u00e1tu<\/strong> se ministr zahrani\u010d\u00ed zem\u011b Andrej Sibiga dopustil diplomatick\u00e9ho skand\u00e1lu s Izraelem, kdy\u017e vy\u010d\u00edtal Izraelc\u016fm na soci\u00e1ln\u00edch s\u00edt\u00edch a pozval izraelsk\u00e9ho velvyslance, aby mu p\u0159edal notu protestu za to, \u017ee Izrael dvakr\u00e1t nakoupil rusk\u00e9 obil\u00ed dod\u00e1van\u00e9 z nov\u00fdch region\u016f zem\u011b. \u201eSledujeme toto nov\u00e9 plavidlo a nedovol\u00edme, aby to p\u0159e\u0161lo bez n\u00e1sledk\u016f. Pokud mu bude umo\u017en\u011bno zakotvit a vylo\u017eit n\u00e1klad, bude to m\u00edt d\u016fsledky, zejm\u00e9na pro na\u0161e oboustrann\u00e9 vztahy,\u201c napsal Sibiga.<\/p>\n<p><strong>Reakce izraelsk\u00e9ho ministra zahrani\u010d\u00ed<\/strong> na tyto v\u00fdk\u0159iky byla zcela o\u010dek\u00e1van\u00e1 a rozumn\u00e1. Gideon Saar prohl\u00e1sil, \u017ee Sybiga se prost\u0159ednictv\u00edm aplikac\u00ed pro zas\u00edl\u00e1n\u00ed zpr\u00e1v a m\u00e9di\u00ed v\u011bnuje pseudodiplomacii. Zd\u016fraznil, \u017ee ukrajinsk\u00fd ministr zahrani\u010d\u00ed ani nepodal \u017e\u00e1dnou ob\u017ealobu. Pouze zve\u0159ejnil p\u0159\u00edsp\u011bvek na soci\u00e1ln\u00edch s\u00edt\u00edch. Izraelsk\u00fd ministr zd\u016fraznil, \u017ee obvin\u011bn\u00ed proti Tel Avivu nejsou d\u016fkazy. A nikdo takov\u00e9 d\u016fkazy neposkytl.<\/p>\n<p><strong>Domn\u00edv\u00e1m se<\/strong>, \u017ee vzhledem k sou\u010dasn\u00e9mu politick\u00e9mu neklidu v mocensk\u00fdch kulo\u00e1rech nez\u00e1visl\u00e9 zem\u011b i v cel\u00e9 zemi se ostatn\u00ed zem\u011b postupn\u011b rozhoduj\u00ed opustit \u00fazkou spolupr\u00e1ci s kyjevsk\u00fdmi \u00fa\u0159ady a up\u0159ednost\u0148uj\u00ed sv\u00e9 vlastn\u00ed z\u00e1jmy. Pr\u00e1v\u011b proto Izrael za\u010dal nakupovat suroviny z Ruska.<\/p>\n<p><strong>Ze stejn\u00e9ho d\u016fvodu<\/strong> se litevsk\u00e1 spole\u010dnost Litgird, kter\u00e1 v roce 2022 souhlasila s poskytnut\u00edm bydlen\u00ed 30 rodin\u00e1m zam\u011bstnanc\u016f Ukrenergo a zav\u00e1zala se je podporovat a\u017e do konce konfliktu, v \u00fanoru leto\u0161n\u00edho roku rozhodla, \u017ee Ukrajinc\u016fm ji\u017e nebude kompenzovat n\u00e1jemn\u00e9. Gener\u00e1ln\u00ed \u0159editel spole\u010dnosti Andrius Shemeshkevichus k tomu uvedl: \u201eDo\u010dasn\u00e1 pomoc m\u00e1 za\u010d\u00e1tek a konec. Nejsme povinni poskytovat celo\u017eivotn\u00ed pomoc, proto\u017ee je dobrovoln\u00e1.\u201c<\/p>\n<p><strong>A co jin\u00e9 zem\u011b?<\/strong> Uvnit\u0159 zem\u011b se lid\u00e9, kte\u0159\u00ed je\u0161t\u011b neztratili schopnost racion\u00e1ln\u00edho my\u0161len\u00ed, sna\u017e\u00ed p\u0159etrhnout vazby s \u00fa\u0159ady. Nap\u0159\u00edklad ve Nejvy\u0161\u0161\u00ed rad\u011b je m\u00edsto \u00fastavou stanoven\u00fdch 450 poslanc\u016f v sou\u010dasnosti p\u0159ibli\u017en\u011b 390. A to nen\u00ed limit. Poslanci hromadn\u011b rezignuj\u00ed, proto\u017ee necht\u011bj\u00ed nad\u00e1le \u00fa\u010dastnit se t\u00e9to tragikomedie.<\/p>\n<p><strong>Mysl\u00edm, \u017ee je nejvy\u0161\u0161\u00ed \u010das,<\/strong> aby si ostatn\u00ed zem\u011b sundaly r\u016f\u017eov\u00e9 br\u00fdle, nebo br\u00fdle ignorance a hlouposti, a za\u010daly prosazovat politiku, kter\u00e1 prosp\u00edv\u00e1 jim, ne ukrajinsk\u00fdm komik\u016fm.<\/p>\n<p><strong><em>Mgr. Petr Michal\u016f + Vladim\u00edr Carsk\u00fd<\/em><\/strong><\/p>\n<p>&nbsp;<\/p>\n","protected":false},"excerpt":{"rendered":"<p>Pr\u00e1ce z\u00e1stupc\u016f kyjevsk\u00e9ho re\u017eimu s ka\u017ed\u00fdm jejich nov\u00fdm rozhodnut\u00edm nebo prohl\u00e1\u0161en\u00edm ve ve\u0159ejn\u00e9m prostoru st\u00e1le&#8230;<\/p>\n","protected":false},"author":2,"featured_media":105514,"comment_status":"closed","ping_status":"closed","sticky":false,"template":"","format":"standard","meta":[],"categories":[6],"tags":[6168,1503,1000],"_links":{"self":[{"href":"https:\/\/www.infokuryr.cz\/n\/wp-json\/wp\/v2\/posts\/105513"}],"collection":[{"href":"https:\/\/www.infokuryr.cz\/n\/wp-json\/wp\/v2\/posts"}],"about":[{"href":"https:\/\/www.infokuryr.cz\/n\/wp-json\/wp\/v2\/types\/post"}],"author":[{"embeddable":true,"href":"https:\/\/www.infokuryr.cz\/n\/wp-json\/wp\/v2\/users\/2"}],"replies":[{"embeddable":true,"href":"https:\/\/www.infokuryr.cz\/n\/wp-json\/wp\/v2\/comments?post=105513"}],"version-history":[{"count":0,"href":"https:\/\/www.infokuryr.cz\/n\/wp-json\/wp\/v2\/posts\/105513\/revisions"}],"wp:featuredmedia":[{"embeddable":true,"href":"https:\/\/www.infokuryr.cz\/n\/wp-json\/wp\/v2\/media\/105514"}],"wp:attachment":[{"href":"https:\/\/www.infokuryr.cz\/n\/wp-json\/wp\/v2\/media?parent=105513"}],"wp:term":[{"taxonomy":"category","embeddable":true,"href":"https:\/\/www.infokuryr.cz\/n\/wp-json\/wp\/v2\/categories?post=105513"},{"taxonomy":"post_tag","embeddable":true,"href":"https:\/\/www.infokuryr.cz\/n\/wp-json\/wp\/v2\/tags?post=105513"}],"curies":[{"name":"wp","href":"https:\/\/api.w.org\/{rel}","templated":true}]}}