{"id":105507,"date":"2026-04-29T00:24:22","date_gmt":"2026-04-28T22:24:22","guid":{"rendered":"https:\/\/www.infokuryr.cz\/n\/?p=105507"},"modified":"2026-04-28T21:21:16","modified_gmt":"2026-04-28T19:21:16","slug":"chuck-baldwin-svet-jak-jsme-ho-znali-je-navzdy-pryc","status":"publish","type":"post","link":"https:\/\/www.infokuryr.cz\/n\/2026\/04\/29\/chuck-baldwin-svet-jak-jsme-ho-znali-je-navzdy-pryc\/","title":{"rendered":"Chuck Baldwin: Sv\u011bt, jak jsme ho znali, je nav\u017edy pry\u010d!"},"content":{"rendered":"<div id=\"fb-root\"><\/div>\n<div class=\"elementor-element elementor-element-1fb4c2c elementor-widget elementor-widget-theme-post-content\" data-id=\"1fb4c2c\" data-element_type=\"widget\" data-e-type=\"widget\" data-widget_type=\"theme-post-content.default\">\n<div class=\"elementor-widget-container\">\n<p><span dir=\"auto\">V\u011bt\u0161ina lid\u00ed si to mo\u017en\u00e1 neuv\u011bdomuje, i kdy\u017e n\u011bkte\u0159\u00ed ano, ale posledn\u00edch \u0161est t\u00fddn\u016f nav\u017edy zm\u011bnilo sv\u011bt. Sv\u011bt, kter\u00fd jsme znali p\u0159ed \u0161esti t\u00fddny, je nav\u017edy pry\u010d. Jist\u011b bude trvat m\u011bs\u00edce a roky, ne\u017e tento glob\u00e1ln\u00ed posun dos\u00e1hne sv\u00e9ho vrcholu, ale tento vrchol je nevyhnuteln\u00fd. Nic ho nem\u016f\u017ee zastavit.<\/span><\/p>\n<p><span dir=\"auto\">Dokud budou Spojen\u00e9 st\u00e1ty neodd\u011bliteln\u011b spjaty s Izraelem, nikdy nenajdeme m\u00edr.<\/span><\/p>\n<p><span dir=\"auto\">Sionistick\u00fd st\u00e1t Izrael je ve sv\u00e9 podstat\u011b syst\u00e9mem nen\u00e1visti, smrti a konflikt\u016f. V\u0161echno, \u010deho se dotkne, se rychle zkaz\u00ed a um\u00edr\u00e1. Nyn\u00ed v\u0161ak um\u00edr\u00e1 s\u00e1m Izrael. A a\u017e Izrael zem\u0159e, probud\u00ed se k \u017eivotu cel\u00fd sv\u011bt.<\/span><\/p>\n<p><span dir=\"auto\">P\u0159ijde mi zaj\u00edmav\u00e9, \u017ee prvn\u00ed zv\u00ed\u0159e v proroctv\u00ed Daniela 7 p\u0159edstavuje Nebukadnesara, babyl\u00f3nsk\u00e9ho kr\u00e1le, kter\u00fd prom\u011bnil svou zemi ve sv\u011btovou \u0159\u00ed\u0161i \u2013 a mu\u017ee, kter\u00fd zni\u010dil ji\u017en\u00ed kr\u00e1lovstv\u00ed Izrael (Judu) a jeho hlavn\u00ed m\u011bsto Jeruzal\u00e9m.<\/span><\/p>\n<p><span dir=\"auto\">S\u00e1m Nebukadnesar podlehl \u0161\u00edlenstv\u00ed a du\u0161evn\u00ed nemoci.<\/span><\/p>\n<p><span dir=\"auto\">A \u010dtvrtou \u0161elmou, kterou Daniel v tomto proroctv\u00ed vid\u011bl, byla \u0158\u00edmsk\u00e1 \u0159\u00ed\u0161e, kter\u00e1 \u2013 stejn\u011b jako prvn\u00ed \u0161elma \u2013 zni\u010dila \u017eidovsk\u00fd ostatek a zcela vyhladila znovuvybudovan\u00e9 m\u011bsto Jeruzal\u00e9m a znovuvybudovan\u00fd \u017eidovsk\u00fd chr\u00e1m.<\/span><\/p>\n<p><span dir=\"auto\">B\u016fh tedy pou\u017eil dv\u011b ze \u010dty\u0159 kr\u00e1lovstv\u00ed, kter\u00e1 Daniel vid\u011bl, ke zni\u010den\u00ed vzpurn\u00e9ho a bezbo\u017en\u00e9ho m\u011bsta Jeruzal\u00e9ma a izraelsk\u00fdch kr\u00e1lovstv\u00ed.<\/span><\/p>\n<p><span dir=\"auto\">\u0158\u00edk\u00e1 se, \u017ee historie se opakuje. Pokud je to pravda, mo\u017en\u00e1 jsme pr\u00e1v\u011b te\u010f sv\u011bdky opakov\u00e1n\u00ed historie s prezidentem Donaldem Trumpem.<\/span><\/p>\n<p><span dir=\"auto\">Stejn\u011b jako Nebukadnesar, i Donald Trump se top\u00ed v \u0161\u00edlenstv\u00ed a nep\u0159\u00ed\u010detnosti. Jeho nez\u00e1konn\u00e1 a \u0161\u00edlen\u00e1 v\u00e1lka proti \u00cdr\u00e1nu je \u017eivouc\u00edm d\u016fkazem jeho nep\u0159\u00ed\u010detnosti. Jeho vulg\u00e1rn\u00ed, rouha\u010dsk\u00fd p\u0159\u00edsp\u011bvek z velikono\u010dn\u00edho r\u00e1na je \u017eivouc\u00edm d\u016fkazem jeho nep\u0159\u00ed\u010detnosti. Jeho p\u0159\u00edsp\u011bvek oznamuj\u00edc\u00ed jeho z\u00e1m\u011br sp\u00e1chat v\u00e1le\u010dn\u00e9 zlo\u010diny a genocidu vyhlazen\u00edm cel\u00e9 \u00edr\u00e1nsk\u00e9 civilizace je \u017eivouc\u00edm d\u016fkazem jeho nep\u0159\u00ed\u010detnosti. A jeho mem, v n\u011bm\u017e se vykresluje jako Je\u017e\u00ed\u0161 Kristus, je \u017eivouc\u00edm d\u016fkazem jeho nep\u0159\u00ed\u010detnosti.<\/span><\/p>\n<p><span dir=\"auto\">Evangelik\u00e1lov\u00e9 m\u011bli pravdu: prost\u011b si sv\u00e9 kr\u00e1le spletli. Trump je Bo\u017e\u00ed n\u00e1stroj, kter\u00fd se NEPODOB\u00cd persk\u00e9mu kr\u00e1li C\u00fdrovi, ale sp\u00ed\u0161e babylonsk\u00e9mu kr\u00e1li Nebukadnesarovi.<\/span><\/p>\n<p><strong><span dir=\"auto\">Dovolte mi, abych se s v\u00e1mi pod\u011blil o \u00faryvek z nejnov\u011bj\u0161\u00edho podcastu CJ Werlemana:<\/span><\/strong><\/p>\n<p><em><span dir=\"auto\">Tento t\u00fdden odhal\u00edme tucet d\u016fvod\u016f, pro\u010d bude Izrael brzy pora\u017een, rozpu\u0161t\u011bn a zni\u010den.<\/span><\/em><\/p>\n<p><em><span dir=\"auto\">M\u00edrov\u00e9 rozhovory a dohody o p\u0159\u00edm\u011b\u0159\u00ed pro St\u00e1t Izrael absolutn\u011b nic neznamenaj\u00ed, proto\u017ee sionist\u00e9 se sami spoutali k bin\u00e1rn\u00ed volb\u011b, kterou si sami vnutili: bu\u010f roz\u0161\u00ed\u0159\u00ed \u017eidovsk\u00fd st\u00e1t hluboko na arabsk\u00e9 \u00fazem\u00ed, nebo \u017eidovsk\u00fd st\u00e1t zanikne.<\/span><\/em><\/p>\n<p><em><span dir=\"auto\">Status quo nikdy nep\u0159ipad\u00e1 v \u00favahu. Mezin\u00e1rodn\u00ed pr\u00e1vo nikdy nen\u00ed omezen\u00edm. Lidsk\u00e9 \u017eivoty nejsou nic v\u00edc ne\u017e bezv\u00fdznamn\u00e1 statistika. Proto\u017ee nakonec s Izraelem nikdy nedojde k p\u0159\u00edm\u011b\u0159\u00ed. Zeptejte se sv\u00e9ho m\u00edstn\u00edho sionisty.<\/span><\/em><\/p>\n<p><em><span dir=\"auto\">Sionistick\u00e1 lobby nyn\u00ed pou\u017e\u00edv\u00e1 v\u0161echny mo\u017en\u00e9 triky, aby torp\u00e9dovala p\u0159\u00edm\u011b\u0159\u00ed a zat\u00e1hla Spojen\u00e9 st\u00e1ty hloub\u011bji do ba\u017einy, proto\u017ee sta\u017een\u00ed nebo i \u010d\u00e1ste\u010dn\u00e9 sta\u017een\u00ed Spojen\u00fdch st\u00e1t\u016f z tohoto konfliktu by Izrael nebezpe\u010dn\u011b zne\u0161kodnilo v dob\u011b, kdy jeho obrana nikdy nebyla tak slab\u00e1.<\/span><\/em><\/p>\n<p><em><span dir=\"auto\">Vid\u00edte, na rozd\u00edl od siln\u011b cenzurovan\u00fdch zpr\u00e1v v z\u00e1padn\u00edch m\u00e9di\u00edch Izrael trp\u00ed katastrof\u00e1ln\u00edmi \u00fadery na mnoha front\u00e1ch a z mnoha sm\u011br\u016f. \u00cdr\u00e1n\u0161t\u00ed prost\u0159edn\u00edci zp\u016fsobuj\u00ed ni\u010div\u00e9 \u0161kody na kritick\u00e9 infrastruktu\u0159e, kter\u00e9 sionistick\u00fd re\u017eim nem\u016f\u017ee ani zastavit, ani skr\u00fdt. To je dob\u0159e zn\u00e1mo nejen nep\u0159\u00e1tel\u016fm Izraele, ale i velitelovi izraelsk\u00e9 arm\u00e1dy, kter\u00fd varuje, \u017ee IDF je na pokraji kolapsu, a \u0159\u00edk\u00e1, \u017ee k jeho z\u00e1chran\u011b p\u0159ed \u00fapln\u00fdm zni\u010den\u00edm bude brzy nutn\u00fd nucen\u00fd n\u00e1bor.<\/span><\/em><\/p>\n<p><em><span dir=\"auto\">Prosionistick\u00e1 m\u00e9dia jako Fox News a\u00a0<\/span><span dir=\"auto\">CNN<\/span><span dir=\"auto\">\u00a0v\u00e1m neukazuj\u00ed, \u017ee Izrael bude brzy zcela bezbrann\u00fd. Dovolte mi to zopakovat, proto\u017ee chci, abyste si to uv\u011bdomili: Izrael bude bezbrann\u00fd.<\/span><\/em><\/p>\n<p><em><span dir=\"auto\">\u201e\u017delezn\u00e1 kupole\u201c, syst\u00e9m protivzdu\u0161n\u00e9 obrany v hodnot\u011b mnoha miliard dolar\u016f financovan\u00fd americk\u00fdmi da\u0148ov\u00fdmi poplatn\u00edky, kter\u00fd Izrael pou\u017e\u00edv\u00e1 jak jako \u0161t\u00edt, tak jako politick\u00fd symbol, doch\u00e1z\u00ed z\u00e1chytn\u00e9 rakety rychleji, ne\u017e je lze nahradit. V\u00fdrobn\u00ed linky prost\u011b nesta\u010d\u00ed. \u010c\u00edsla nehraj\u00ed ve prosp\u011bch Izraele a Teher\u00e1n si to uv\u011bdomuje, stejn\u011b jako \u010c\u00edna, kter\u00e1 nyn\u00ed jako supervelmoc v pln\u00e9 s\u00edle podporuje dod\u00e1vky raket \u00cdr\u00e1nu.<\/span><\/em><\/p>\n<p><em><span dir=\"auto\">Nov\u00e1 zpr\u00e1va americk\u00fdch tajn\u00fdch slu\u017eeb uv\u00e1d\u00ed, \u017ee \u00cdr\u00e1n m\u00e1 dostatek raketov\u00fdch kapacit k \u00fatoku na Izrael po dobu nejm\u00e9n\u011b dal\u0161\u00edch 12 a\u017e 24 m\u011bs\u00edc\u016f \u2013 co\u017e je \u0161ok, na kter\u00fd izrael\u0161t\u00ed vojen\u0161t\u00ed pl\u00e1nova\u010di nebyli v\u016fbec p\u0159ipraveni, o \u010dem\u017e sv\u011bd\u010d\u00ed i fakt, \u017ee Izrael ji\u017e za\u010dal omezovat pou\u017e\u00edv\u00e1n\u00ed sv\u00fdch nejlep\u0161\u00edch zachycen\u00fdch raket.<\/span><\/em><\/p>\n<p><em><span dir=\"auto\">Poka\u017ed\u00e9, kdy\u017e \u00cdr\u00e1n nebo jeho spojenci odp\u00e1l\u00ed dron, balistickou raketu nebo st\u0159elu s plochou dr\u00e1hou letu, nejen testuj\u00ed izraelskou obranu, ale tak\u00e9 ji oslabuj\u00ed. Jedn\u00e1 se o strategii vy\u010derp\u00e1v\u00e1n\u00ed, kter\u00e1 zp\u016fsobuje bezprecedentn\u00ed ni\u010den\u00ed v izraelsk\u00fdch m\u011bstech \u2013 realitu, kterou u\u017e nemohou pop\u0159\u00edt ani proizraelsk\u00e1 m\u00e9dia.<\/span><\/em><\/p>\n<p><em><span dir=\"auto\">Kdy\u017e \u0159\u00edk\u00e1m, \u017ee Izrael je tvrd\u011b zasa\u017een, mysl\u00edm t\u00edm, \u017ee je naprosto rozdrcen. \u00cdr\u00e1n m\u011bn\u00ed velk\u00e1 izraelsk\u00e1 m\u011bsta v druhou Gazu, kde jsou izrael\u0161t\u00ed civilist\u00e9 uv\u011bzn\u011bni pod troskami vlastn\u00edch domov\u016f \u2013 co\u017e p\u0159ipom\u00edn\u00e1, jak izraelsk\u00e1 v\u00e1le\u010dn\u00e1 letadla zmasakrovala v\u00edce ne\u017e 100 000 Palestinc\u016f.<\/span><\/em><\/p>\n<p><em><span dir=\"auto\">Izraelci str\u00e1v\u00ed zbytek sv\u00fdch dn\u016f v bunkrech, proto\u017ee podle profesora Roberta Papeho \u00cdr\u00e1n brzy zast\u00edn\u00ed Izrael vojensky i ekonomicky.<\/span><\/em><\/p>\n<p><span dir=\"auto\">CJ m\u00e1 naprostou pravdu.<\/span><\/p>\n<p><span dir=\"auto\">Jak jsem ji\u017e \u0159ekl: Sionistick\u00fd experiment skon\u010dil! V\u011bt\u0161ina republik\u00e1n\u016f i demokrat\u016f nyn\u00ed odm\u00edt\u00e1 izraelsk\u00fd st\u00e1t. Sionisty koupen\u00ed \u010dlenov\u00e9 Kongresu na Kapitolu se bu\u010f otev\u0159en\u011b distancuj\u00ed od sionistick\u00e9ho st\u00e1tu (a \u00faplatk\u016f AIPAC), nebo budou odvol\u00e1ni z funkc\u00ed. To bude v\u0161em z\u0159ejm\u00e9 b\u011bhem republik\u00e1nsk\u00fdch a demokratick\u00fdch n\u00e1rodn\u00edch sjezd\u016f v roce 2028.<\/span><\/p>\n<p><span dir=\"auto\">\u00cdr\u00e1n vyhr\u00e1l v\u00e1lku proti Benjaminu Netanjahuovi a Donaldu Trumpovi. A v nadch\u00e1zej\u00edc\u00edch m\u011bs\u00edc\u00edch se americk\u00fd lid dozv\u00ed pravdu, \u017ee v \u00edr\u00e1nsk\u00e9 v\u00e1lce bylo zabito p\u0159es 900 na\u0161ich voj\u00e1k\u016f a p\u0159es 5 000 zran\u011bno \u2013 v\u0161ichni padli nebo zran\u011bni v boji za Izrael. (V sou\u010dasn\u00e9 dob\u011b jsou padl\u00ed a zran\u011bn\u00ed ameri\u010dt\u00ed voj\u00e1ci pos\u00edl\u00e1ni do N\u011bmecka, aby se p\u0159ed americkou ve\u0159ejnost\u00ed utajily americk\u00e9 ztr\u00e1ty.)<\/span><\/p>\n<p><span dir=\"auto\">A\u0165 Trump do listopadu ud\u011bl\u00e1 cokoli, sv\u011bt p\u0159ed v\u00e1lkou s \u00cdr\u00e1nem je nav\u017edy pry\u010d. Jak \u0159ekl Julius Caesar, kdy\u017e p\u0159ekro\u010dil Rubikon:\u00a0<\/span><em><span dir=\"auto\">Alea iacta est<\/span><\/em><span dir=\"auto\">\u00a0(kostky jsou vr\u017eeny).<\/span><\/p>\n<p><span dir=\"auto\">Kdy\u017e \u0159\u00edk\u00e1m, \u017ee sv\u011bt, jak jsme ho znali, je nav\u017edy pry\u010d, zde je n\u011bkolik p\u0159\u00edklad\u016f toho, co t\u00edm mysl\u00edm:<\/span><\/p>\n<ul>\n<li><span dir=\"auto\">Glob\u00e1ln\u00ed dominance USA skon\u010dila.<\/span><\/li>\n<li><span dir=\"auto\">*Izraelsk\u00e1 nadvl\u00e1da na Bl\u00edzk\u00e9m v\u00fdchod\u011b skon\u010dila.<\/span><\/li>\n<li><span dir=\"auto\">Petrodolar jako sv\u011btov\u00e1 rezervn\u00ed m\u011bna je histori\u00ed.<\/span><\/li>\n<li><span dir=\"auto\">*Britsk\u00fd kolonialismus kone\u010dn\u011b skon\u010dil.<\/span><\/li>\n<li><span dir=\"auto\">K\u0159es\u0165ansk\u00fd sionismus skon\u010dil.<\/span><\/li>\n<li><span dir=\"auto\">*Multipol\u00e1rn\u00ed sv\u011bt je tady.<\/span><\/li>\n<\/ul>\n<p><span dir=\"auto\">Z kr\u00e1tkodob\u00e9ho hlediska to znamen\u00e1, \u017ee n\u00e1s \u010dekaj\u00ed velmi t\u011b\u017ek\u00e9 dny \u2013 zejm\u00e9na z ekonomick\u00e9ho hlediska.<\/span><\/p>\n<p><span dir=\"auto\">Bez petrodolar\u016f bude Amerika nucena d\u00e1t si do po\u0159\u00e1dku sv\u00e9 finance. Konec neomezen\u00fdm deficitn\u00edm v\u00fddaj\u016fm; \u017e\u00e1dn\u00e9 tisknut\u00ed pen\u011bz pro nekone\u010dn\u00e9 v\u00e1lky po cel\u00e9m sv\u011bt\u011b; \u017e\u00e1dn\u00e9 americk\u00e9 vojensk\u00e9 z\u00e1kladny t\u00e9m\u011b\u0159 v ka\u017ed\u00e9 zemi na sv\u011bt\u011b; \u017e\u00e1dn\u00e9 voln\u00e9 vstupenky pro politiky, kte\u0159\u00ed si pln\u00ed zkorumpovan\u00e9 kapsy krvav\u00fdmi pen\u011bzi od protiamerick\u00fdch z\u00e1jmov\u00fdch skupin, jako je izraelsk\u00e1 lobby a vojensko-pr\u016fmyslov\u00fd komplex.<\/span><\/p>\n<p><span dir=\"auto\">Politick\u00e9 a ekonomick\u00e9 elity t\u00e9to zem\u011b to samoz\u0159ejm\u011b jen tak nep\u0159ijmou. Budou se v\u0161emi dostupn\u00fdmi prost\u0159edky sna\u017eit udr\u017eet si ka\u017edou unci sv\u00e9 zkorumpovan\u00e9 moci, sv\u00e9ho nekontrolovan\u00e9ho vlivu a vyd\u00edran\u00fdch pen\u011bz, kter\u00fdmi se chlub\u00ed p\u0159ed americk\u00fdm lidem od konce druh\u00e9 sv\u011btov\u00e9 v\u00e1lky. Pr\u016fm\u011brn\u00fd Ameri\u010dan ZAPLAT\u00cd ekonomickou cenu, a\u017e se tento nevyhnuteln\u00fd sv\u011btov\u00fd \u0159\u00e1d reorganizuje. Zkorumpovan\u00e1 Epsteinova t\u0159\u00edda v\u0161ak nebude schopna nevyhnuteln\u00e9 zastavit. Nakonec mnoho z nich rozpozn\u00e1 znamen\u00ed doby a p\u0159est\u011bhuje se do \u010c\u00edny, kter\u00e1 je p\u0159edur\u010dena st\u00e1t se v nadch\u00e1zej\u00edc\u00edch desetilet\u00edch p\u0159edn\u00ed sv\u011btovou ekonomickou mocnost\u00ed.<\/span><\/p>\n<p><span dir=\"auto\">V tomto bod\u011b bych r\u00e1d povzbudil sv\u00e9 k\u0159es\u0165ansk\u00e9 \u010dten\u00e1\u0159e ke shl\u00e9dnut\u00ed\u00a0<\/span><a href=\"https:\/\/www.youtube.com\/watch?v=7-WA64ecsgM&amp;t=50s\" target=\"_blank\" rel=\"noreferrer noopener\"><strong><span dir=\"auto\">tohoto kr\u00e1tk\u00e9ho videa<\/span><\/strong><\/a><span dir=\"auto\">\u00a0dokumentuj\u00edc\u00edho explozivn\u00ed r\u016fst k\u0159es\u0165anstv\u00ed v \u010c\u00edn\u011b. Video tak\u00e9 pom\u016f\u017ee div\u00e1k\u016fm pochopit, pro\u010d \u010c\u00edna ve stejn\u00e9m obdob\u00ed za\u017eila takov\u00fd exponenci\u00e1ln\u00ed hospod\u00e1\u0159sk\u00fd r\u016fst.<\/span><\/p>\n<p><span dir=\"auto\">Z dlouhodob\u00e9ho hlediska to ale znamen\u00e1, \u017ee u\u017e nebudou \u017e\u00e1dn\u00ed televizn\u00ed evangelist\u00e9 ani evangeli\u010dt\u00ed pasto\u0159i \u0161\u00ed\u0159it zatracen\u00e9 u\u010den\u00ed k\u0159es\u0165ansk\u00e9ho sionismu. John Hagee bude muset bu\u010f odej\u00edt do d\u016fchodu, nebo si naj\u00edt jin\u00fd zdroj p\u0159\u00edjm\u016f, proto\u017ee k\u0159es\u0165ansk\u00fd sionismus je MRTV\u00dd.<\/span><\/p>\n<p><span dir=\"auto\">To znamen\u00e1, \u017ee vl\u00e1da ve Washingtonu, D.C., bude nucena soust\u0159edit se na legitimn\u00ed pot\u0159eby a priority Spojen\u00fdch st\u00e1t\u016f \u2013 a p\u0159estat zneu\u017e\u00edvat americk\u00e9 da\u0148ov\u00e9 poplatn\u00edky jako pras\u00e1tko pro sv\u00e9 vlastn\u00ed korup\u010dn\u00ed ambice.<\/span><\/p>\n<p><span dir=\"auto\">To znamen\u00e1 v\u00fdrazn\u011b m\u00e9n\u011b pen\u011bz na veden\u00ed nevyhl\u00e1\u0161en\u00fdch, zbyte\u010dn\u00fdch v\u00e1lek v zahrani\u010d\u00ed jm\u00e9nem sionistick\u00fdch bank\u00e9\u0159\u016f. To znamen\u00e1 v\u00fdrazn\u011b m\u00e9n\u011b krveprolit\u00ed americk\u00fdmi syny a dcerami, kte\u0159\u00ed bojuj\u00ed a um\u00edraj\u00ed za Izrael.<\/span><\/p>\n<p><span dir=\"auto\">A ano, znamen\u00e1 to um\u00edr\u00e1\u010dek pro Scofieldovy \u201evytr\u017een\u00e9\u201c bl\u00e1boly. Knihy jako\u00a0<\/span><em><span dir=\"auto\">The Great Late Planet Earth<\/span><\/em><span dir=\"auto\">\u00a0a\u00a0<\/span><em><span dir=\"auto\">Left Behind<\/span><\/em><span dir=\"auto\">\u00a0budou odsunuty do muze\u00ed a u\u017e se nebudou objevovat v reg\u00e1lech americk\u00fdch knihkupectv\u00ed s aktu\u00e1ln\u00edm d\u011bn\u00edm.<\/span><\/p>\n<p><span dir=\"auto\">Sv\u011bt, kter\u00fd jsme znali, je nav\u017edy pry\u010d!<\/span><\/p>\n<p><span dir=\"auto\">My k\u0159es\u0165an\u00e9 bychom se m\u011bli c\u00edtit poct\u011bni, \u017ee \u017eijeme v tomto historick\u00e9m okam\u017eiku. My, ze v\u0161ech generac\u00ed, m\u00e1me p\u0159\u00edle\u017eitost n\u00e9st evangelium Nov\u00e9 smlouvy \u2013 kter\u00e9 evangelik\u00e1lov\u00e9 v posledn\u00edch t\u00e9m\u011b\u0159 sto letech opustili \u2013 do nov\u00e9 generace, nov\u00e9ho sv\u011bta, kde v\u011b\u0159\u00edc\u00ed na cel\u00e9m sv\u011bt\u011b budou op\u011bt uzn\u00e1v\u00e1ni jako JEDNO T\u011aLO, ani \u017did\u00e9, ani pohan\u00e9, ale JEDNO T\u011aLO v Je\u017e\u00ed\u0161i Kristu. A kde, d\u00e1-li B\u016fh, budeme op\u011bt schopni vid\u011bt cel\u00e9 lidstvo jako lidsk\u00e9 bytosti, kde mal\u00e9 d\u00edvky v \u00cdr\u00e1nu nebudou ter\u010dem sp\u00e1len\u00ed raketami\u00a0<\/span><em><span dir=\"auto\">Tomahawk<\/span><\/em><span dir=\"auto\">\u00a0Peta Hegzetha a kde v ned\u011bln\u00ed \u0161kole budou chlapci a d\u00edvky op\u011bt zp\u00edvat starod\u00e1vnou p\u00edse\u0148:<\/span><\/p>\n<p style=\"text-align: center;\"><em><span dir=\"auto\">Je\u017e\u00ed\u0161 miluje mal\u00e9 d\u011bti,<\/span><\/em><\/p>\n<p style=\"text-align: center;\"><em><strong><span dir=\"auto\">v\u0161echny d\u011bti tohoto sv\u011bta<\/span><\/strong><span dir=\"auto\">\u00a0.<\/span><\/em><\/p>\n<p style=\"text-align: center;\"><em><span dir=\"auto\">\u010cerven\u00e1 a \u017elut\u00e1, \u010dern\u00e1 a b\u00edl\u00e1,<\/span><\/em><\/p>\n<p style=\"text-align: center;\"><em><span dir=\"auto\">Miluje je v\u0161echny.<\/span><\/em><\/p>\n<p style=\"text-align: center;\"><em><span dir=\"auto\">Je\u017e\u00ed\u0161 miluje mal\u00e9 d\u011bti tohoto sv\u011bta.<\/span><\/em><\/p>\n<p><span dir=\"auto\">Ano, sv\u011bt, jak jsme ho znali, je nav\u017edy pry\u010d!<\/span><\/p>\n<\/div>\n<\/div>\n<div class=\"elementor-element elementor-element-8c57238 quelle dc-has-condition dc-condition-empty elementor-widget elementor-widget-heading\" data-id=\"8c57238\" data-element_type=\"widget\" data-e-type=\"widget\" data-widget_type=\"heading.default\">\n<div class=\"elementor-widget-container\">\n<h3 class=\"elementor-heading-title elementor-size-default\"><span style=\"font-size: 10pt;\"><a href=\"https:\/\/www.lewrockwell.com\/2026\/04\/chuck-baldwin\/the-world-we-knew-is-gone-forever\/\" target=\"_blank\" rel=\"nofollow noopener\"><span dir=\"auto\">Zdroj<\/span><\/a><\/span><\/h3>\n<p>&nbsp;<\/p>\n<\/div>\n<\/div>\n","protected":false},"excerpt":{"rendered":"<p>V\u011bt\u0161ina lid\u00ed si to mo\u017en\u00e1 neuv\u011bdomuje, i kdy\u017e n\u011bkte\u0159\u00ed ano, ale posledn\u00edch \u0161est t\u00fddn\u016f nav\u017edy&#8230;<\/p>\n","protected":false},"author":2,"featured_media":105508,"comment_status":"closed","ping_status":"closed","sticky":false,"template":"","format":"standard","meta":[],"categories":[7],"tags":[1503,371,276],"_links":{"self":[{"href":"https:\/\/www.infokuryr.cz\/n\/wp-json\/wp\/v2\/posts\/105507"}],"collection":[{"href":"https:\/\/www.infokuryr.cz\/n\/wp-json\/wp\/v2\/posts"}],"about":[{"href":"https:\/\/www.infokuryr.cz\/n\/wp-json\/wp\/v2\/types\/post"}],"author":[{"embeddable":true,"href":"https:\/\/www.infokuryr.cz\/n\/wp-json\/wp\/v2\/users\/2"}],"replies":[{"embeddable":true,"href":"https:\/\/www.infokuryr.cz\/n\/wp-json\/wp\/v2\/comments?post=105507"}],"version-history":[{"count":0,"href":"https:\/\/www.infokuryr.cz\/n\/wp-json\/wp\/v2\/posts\/105507\/revisions"}],"wp:featuredmedia":[{"embeddable":true,"href":"https:\/\/www.infokuryr.cz\/n\/wp-json\/wp\/v2\/media\/105508"}],"wp:attachment":[{"href":"https:\/\/www.infokuryr.cz\/n\/wp-json\/wp\/v2\/media?parent=105507"}],"wp:term":[{"taxonomy":"category","embeddable":true,"href":"https:\/\/www.infokuryr.cz\/n\/wp-json\/wp\/v2\/categories?post=105507"},{"taxonomy":"post_tag","embeddable":true,"href":"https:\/\/www.infokuryr.cz\/n\/wp-json\/wp\/v2\/tags?post=105507"}],"curies":[{"name":"wp","href":"https:\/\/api.w.org\/{rel}","templated":true}]}}