{"id":105505,"date":"2026-04-29T00:23:38","date_gmt":"2026-04-28T22:23:38","guid":{"rendered":"https:\/\/www.infokuryr.cz\/n\/?p=105505"},"modified":"2026-04-28T21:18:42","modified_gmt":"2026-04-28T19:18:42","slug":"velky-reset-2026-az-se-zhrouti-show-imperii","status":"publish","type":"post","link":"https:\/\/www.infokuryr.cz\/n\/2026\/04\/29\/velky-reset-2026-az-se-zhrouti-show-imperii\/","title":{"rendered":"Velk\u00fd reset 2026: A\u017e se zhrout\u00ed \u201eshow\u201c imp\u00e9ri\u00ed"},"content":{"rendered":"<div id=\"fb-root\"><\/div>\n<p><strong><span dir=\"auto\">Analytick\u00fd koment\u00e1\u0159: Pro\u010d strategick\u00e9 rozpory mezi Washingtonem a Jeruzal\u00e9mem urychluj\u00ed konec unipol\u00e1rn\u00edho \u0159\u00e1du \u2013 a pro\u010d se Evropa mus\u00ed emancipovat.<\/span><\/strong><\/p>\n<p><span dir=\"auto\">\u00davodn\u00ed pozn\u00e1mka: Tento text ost\u0159e kritizuje politiku izraelsk\u00e9 vl\u00e1dy za Benjamina Netanjahua a americk\u00e9 administrativy za Donalda Trumpa. Tato kritika je nam\u00ed\u0159ena v\u00fdhradn\u011b proti politick\u00fdm \u010dinitel\u016fm a jejich zdokumentovan\u00fdm \u010din\u016fm \u2013 nikoli proti \u017eidovsk\u00e9mu lidu, proti izraelsk\u00fdm civilist\u016fm a nikoli proti \u017eidovsk\u00e9 kultu\u0159e \u010di n\u00e1bo\u017eenstv\u00ed. Ti, kdo ztoto\u017e\u0148uj\u00ed kritiku vl\u00e1dy s antisemitismem, se dopou\u0161t\u011bj\u00ed intelektu\u00e1ln\u00edho vyd\u00edr\u00e1n\u00ed a vyh\u00fdbaj\u00ed se demokratick\u00e9 debat\u011b. Antisemitismus je zlo\u010dinem proti lidskosti. Kritika Netanjahuovy v\u00e1le\u010dn\u00e9 politiky je demokratickou povinnost\u00ed.<\/span><\/p>\n<ol class=\"wp-block-list\">\n<li><strong><span dir=\"auto\">Hormusova blok\u00e1da: Projev slabosti<\/span><\/strong><\/li>\n<\/ol>\n<p><span dir=\"auto\">13. dubna 2026 se \u010d\u00ednsk\u00fd tanker Rich Starry \u2013 nalo\u017een\u00fd n\u00e1kladem z emir\u00e1t\u016f \u2013 v Persk\u00e9m z\u00e1livu oto\u010dil. Pokusil se proplout Hormuzsk\u00fdm pr\u016flivem pot\u00e9, co USA t\u00e9ho\u017e dne uvalily n\u00e1mo\u0159n\u00ed blok\u00e1du \u00edr\u00e1nsk\u00fdch p\u0159\u00edstav\u016f.<\/span><\/p>\n<p><span dir=\"auto\">Po prvn\u00edm ne\u00fasp\u011b\u0161n\u00e9m pokusu se tranzit 14. dubna uskute\u010dnil \u00fasp\u011b\u0161n\u011b \u2013 lo\u010f se v\u0161ak n\u00e1sledn\u011b znovu oto\u010dila a vr\u00e1tila se do Hormuzsk\u00e9ho pr\u016flivu, z\u0159ejm\u011b pod tlakem USA.<\/span><\/p>\n<p><span dir=\"auto\">Tato epizoda je odhaluj\u00edc\u00ed: od konce \u00fanora uv\u00edzlo v Persk\u00e9m z\u00e1livu a jeho okol\u00ed p\u0159ibli\u017en\u011b 800 lod\u00ed, v\u010detn\u011b 400 ropn\u00fdch a plynov\u00fdch tanker\u016f. Blok\u00e1da funguje \u2013 ale je n\u00e1kladn\u00e1. Stoj\u00ed to glob\u00e1ln\u00ed trh, stoj\u00ed to stabilitu a stoj\u00ed to americk\u00fd politick\u00fd kapit\u00e1l. Kdy\u017e americk\u00e9 \u00fast\u0159edn\u00ed velen\u00ed ozn\u00e1milo, \u017ee nebude br\u00e1nit plavb\u011b do ne\u00edr\u00e1nsk\u00fdch p\u0159\u00edstav\u016f, uk\u00e1zalo t\u00edm p\u0159edev\u0161\u00edm jednu v\u011bc: \u017ee blok\u00e1da je selektivn\u00edm prost\u0159edkem vyv\u00edjen\u00ed tlaku, nikoli aktem glob\u00e1ln\u00edho \u0159\u00e1du.<\/span><\/p>\n<p><span dir=\"auto\">Ot\u00e1zka zn\u00ed: Jak dlouho m\u016f\u017ee supervelmoc blokovat jednu z nejd\u016fle\u017eit\u011bj\u0161\u00edch obchodn\u00edch tras sv\u011bta \u2013 kudy prot\u00e9k\u00e1 p\u011btina sv\u011btov\u00e9ho exportu energie \u2013 ani\u017e by se izolovala?<\/span><\/p>\n<p><span dir=\"auto\">Zdroje: Bloomberg, 14. dubna 2026 \u00b7 Fortune, 13. dubna 2026 \u00b7 Al Jazeera, 14. dubna 2026 \u00b7 Salon, 14. dubna 2026<\/span><\/p>\n<ol class=\"wp-block-list\" start=\"2\">\n<li><strong><span dir=\"auto\">\u017dh\u00e1\u0159 jako hasi\u010d: Trumpovo \u201emilosrdn\u00e9 otev\u0159en\u00ed\u201c<\/span><\/strong><\/li>\n<\/ol>\n<p><span dir=\"auto\">Jen n\u011bkolik dn\u00ed pot\u00e9, co jeho blok\u00e1da zastavila 800 lod\u00ed a uvrhla glob\u00e1ln\u00ed ekonomiku do chaosu, se Donald Trump prezentuje jako dobrodinec lidstva. 15. dubna 2026 napsal na Truth Social: \u201e\u010c\u00edna je velmi r\u00e1da, \u017ee trvale otev\u00edr\u00e1m Hormuzsk\u00fd pr\u016fliv. D\u011bl\u00e1m to pro n\u011b \u2013 a pro sv\u011bt. Tato situace se u\u017e nikdy nebude opakovat.\u201c<\/span><\/p>\n<p><span dir=\"auto\">\u010clov\u011bk mus\u00ed pochopit mechanismus: USA zavedou blok\u00e1du mezin\u00e1rodn\u00ed vodn\u00ed cesty. Tankery jako Rich Starry jsou nuceny se vr\u00e1tit. Ceny ropy prudce stoupaj\u00ed. A pak \u2013 pot\u00e9, co jsou \u0161kody nap\u00e1ch\u00e1ny \u2013 tent\u00fd\u017e mu\u017e, kter\u00fd na\u0159\u00eddil blok\u00e1du, prod\u00e1 jej\u00ed zru\u0161en\u00ed jako dar sv\u011btu. To nen\u00ed diplomacie. To je ochrann\u00fd podvod v geopolitick\u00e9m m\u011b\u0159\u00edtku.<\/span><\/p>\n<p><span dir=\"auto\">\u00dadajn\u00e1 \u201edohoda\u201c s \u010c\u00ednou \u2013 Peking \u00fadajn\u011b souhlas\u00ed s ukon\u010den\u00edm dod\u00e1vek zbran\u00ed \u00cdr\u00e1nu \u2013 spo\u010d\u00edv\u00e1 na vratk\u00fdch z\u00e1kladech. Analytici pochybuj\u00ed, zda tato dohoda v\u016fbec existuje, nebo zda \u010c\u00edna pouze chr\u00e1n\u00ed sv\u00e9 vlastn\u00ed obchodn\u00ed trasy, kter\u00e9 d\u0159\u00edve ohrozil s\u00e1m Trump. Peking m\u00e1 mal\u00fd z\u00e1jem na tom, aby americk\u00e9mu prezidentovi daroval v\u00edt\u011bzstv\u00ed \u2013 ale siln\u00fd z\u00e1jem na obnoven\u00ed toku ropy.<\/span><\/p>\n<p><span dir=\"auto\">Je\u0161t\u011b v\u00fdmluvn\u011bj\u0161\u00ed je to, co Trump ve stejn\u00e9m kontextu \u0159ekl o \u00cdr\u00e1nu: \u201eKdybych se te\u010f st\u00e1hl, trvalo by jim 20 let, ne\u017e tuto zemi znovu vybuduj\u00ed.\u201c Chlub\u00ed se ni\u010den\u00edm civiln\u00ed infrastruktury suver\u00e9nn\u00edho st\u00e1tu \u2013 a z\u00e1rove\u0148 vyz\u00fdv\u00e1 k jedn\u00e1n\u00edm. Kdy\u017e \u00cdr\u00e1n po\u017eadoval od\u0161kodn\u011bn\u00ed za v\u00e1le\u010dn\u00e9 \u0161kody, Trump je odm\u00edtl jako \u201ezcela nov\u00e9 po\u017eadavky\u201c. Logika: nejprve zni\u010dit, pak obvinit ob\u011b\u0165 a pak diktovat podm\u00ednky.<\/span><\/p>\n<p><span dir=\"auto\">Wall Street rozum\u00ed h\u0159e. Po Trumpov\u011b ozn\u00e1men\u00ed o \u201eznovuotev\u0159en\u00ed\u201c klesly ceny ropy a americk\u00e9 akciov\u00e9 trhy se p\u0159ibl\u00ed\u017eily rekordn\u00edm maxim\u016fm. Osud 90 milion\u016f \u00cdr\u00e1nc\u016f, \u017eivobyt\u00ed n\u00e1mo\u0159n\u00edk\u016f na 800 uv\u00edzl\u00fdch lod\u00edch, z\u00e1sobov\u00e1n\u00ed energi\u00ed cel\u00fdch kontinent\u016f \u2013 v\u0161e se st\u00e1v\u00e1 figurkou ve h\u0159e cen na akciov\u00e9m trhu a pr\u016fzkum\u016f ve\u0159ejn\u00e9ho m\u00edn\u011bn\u00ed. Toto je \u201eshow\u201c, kter\u00e9 tento text popisuje: geopolitika jako performativn\u00ed um\u011bn\u00ed, lidsk\u00e9 \u017eivoty jako komodity.<\/span><\/p>\n<p><span dir=\"auto\">Zdroje: Trump p\u0159es Truth Social, 15. dubna 2026 \u00b7 Video rozhovor\/expertn\u00ed anal\u00fdza, 15. dubna 2026<\/span><\/p>\n<ol class=\"wp-block-list\" start=\"3\">\n<li><strong><span dir=\"auto\">R\u00e9torika dvoj\u00edho my\u0161len\u00ed: Vymaz\u00e1na \u2013 ale nebezpe\u010dn\u00e1<\/span><\/strong><\/li>\n<\/ol>\n<p><span dir=\"auto\">Hormuzsk\u00fd incident nen\u00ed ojedin\u011bl\u00fd p\u0159\u00edpad \u2013 je to nejnov\u011bj\u0161\u00ed opakov\u00e1n\u00ed konzistentn\u00edho vzorce. Komunikace Trumpovy administrativy ohledn\u011b \u00edr\u00e1nsk\u00e9 politiky se \u0159\u00edd\u00ed sch\u00e9matem, kter\u00e9 CNN zdokumentovala jako \u201erozporupln\u00e9 a p\u0159ehnan\u00e9\u201c. V \u010dervnu 2025 Trump prohl\u00e1sil, \u017ee \u00cdr\u00e1n je \u201evelmi bl\u00edzko\u201c k z\u00edsk\u00e1n\u00ed jadern\u00e9 zbran\u011b \u2013 a o n\u011bkolik dn\u00ed pozd\u011bji na\u0159\u00eddil bombardov\u00e1n\u00ed t\u0159\u00ed \u00edr\u00e1nsk\u00fdch jadern\u00fdch za\u0159\u00edzen\u00ed (\u201eOperace P\u016flno\u010dn\u00ed kladivo\u201c). Pak za\u010dala nekone\u010dn\u00e1 smy\u010dka: Od z\u00e1\u0159\u00ed 2025 m\u011bs\u00edce opakoval, \u017ee program byl \u201ezni\u010den\u201c \u2013 v z\u00e1\u0159\u00ed, \u0159\u00edjnu, listopadu, prosinci 2025 a lednu 2026. Jeho p\u0159esn\u00e1 slova: \u201eNo, oni nemaj\u00ed jadern\u00fd program. Byl zni\u010den.\u201c<\/span><\/p>\n<p><span dir=\"auto\">Pak, na konci \u00fanora 2026, ospravedlnil nov\u00e9 vojensk\u00e9 \u00fadery tvrzen\u00edm, \u017ee \u00cdr\u00e1n usiluje o \u201ezlov\u011bstn\u00e9 jadern\u00e9 ambice\u201c a obnovuje sv\u016fj program. Kdy\u017e se mluv\u010d\u00ed Karoline Leavittov\u00e9 zeptali, pro\u010d bylo nutn\u00e9 znovu bombardovat ji\u017e \u201ezni\u010den\u00fd\u201c program, odpov\u011bd\u011bla: \u201eNo, existuje mnoho d\u016fvod\u016f a argument\u016f pro \u00fader proti \u00cdr\u00e1nu.\u201c<\/span><\/p>\n<p><span dir=\"auto\">Fakta: Zpr\u00e1va americk\u00fdch tajn\u00fdch slu\u017eeb po \u00faderech z \u010dervna 2025 dosp\u011bla k z\u00e1v\u011bru, \u017ee pouze jedno ze t\u0159\u00ed za\u0159\u00edzen\u00ed na obohacov\u00e1n\u00ed uranu bylo z velk\u00e9 \u010d\u00e1sti zni\u010deno, ostatn\u00ed byla pouze po\u0161kozena. Gener\u00e1ln\u00ed \u0159editel MAAE Rafael Grossi v b\u0159eznu 2026 potvrdil, \u017ee se zachovaly v\u00fdznamn\u00e9 kapacity. Agentura pro obrann\u00e9 zpravodajstv\u00ed (DEA) v roce 2025 odhadla, \u017ee \u00cdr\u00e1n bude pot\u0159ebovat deset let na v\u00fdvoj mezikontinent\u00e1ln\u00ed balistick\u00e9 st\u0159ely.<\/span><\/p>\n<p><span dir=\"auto\">Nejde o anal\u00fdzu \u2013 jde o vyvol\u00e1v\u00e1n\u00ed strachu. A strach se pou\u017e\u00edv\u00e1 k propagaci v\u00e1lek, kter\u00e9 nikdo nepot\u0159ebuje.<\/span><\/p>\n<p><span dir=\"auto\">Zdroje: CNN, 24. \u00fanora 2026 \u00b7 FactCheck.org, 3. b\u0159ezna 2026 \u00b7 NBC News, 25. \u00fanora 2026 \u00b7 PBS NewsHour, 28. \u00fanora 2026 \u00b7 CNN, 3. b\u0159ezna 2026<\/span><\/p>\n<ol class=\"wp-block-list\" start=\"4\">\n<li><strong><span dir=\"auto\">Netanjahuova vize ropovodu: V\u00e1lka jako infrastrukturn\u00ed projekt<\/span><\/strong><\/li>\n<\/ol>\n<p><span dir=\"auto\">19. b\u0159ezna 2026, den po izraelsk\u00e9m \u00fatoku na \u00edr\u00e1nsk\u00e9 plynov\u00e9 pole Ji\u017en\u00ed Pars, uspo\u0159\u00e1dal premi\u00e9r Netanjahu 45minutovou tiskovou konferenci. Doslovn\u011b na n\u00ed uvedl: \u201eSta\u010d\u00ed m\u00edt ropovody a plynovody vedouc\u00ed na z\u00e1pad p\u0159es Arabsk\u00fd poloostrov a\u017e do Izraele a a\u017e do na\u0161ich st\u0159edomo\u0159sk\u00fdch p\u0159\u00edstav\u016f a \u200b\u200bpr\u00e1v\u011b jste se zbavili \u00fazk\u00fdch m\u00edst nav\u017edy.\u201c<\/span><\/p>\n<p><span dir=\"auto\">Tuto v\u011btu je t\u0159eba p\u0159e\u010d\u00edst dvakr\u00e1t. Uprost\u0159ed v\u00e1lky, kterou jeho vl\u00e1da ospravedl\u0148uje jako obrannou v\u00e1lku proti jadern\u00e9 hrozb\u011b, hovo\u0159\u00ed premi\u00e9r o ropovodech p\u0159es Sa\u00fadskou Ar\u00e1bii do izraelsk\u00fdch st\u0159edomo\u0159sk\u00fdch p\u0159\u00edstav\u016f jako o \u201eskute\u010dn\u00e9 zm\u011bn\u011b, kter\u00e1 po t\u00e9to v\u00e1lce bude n\u00e1sledovat\u201c. V rozhovoru pro Newsmax koncem b\u0159ezna 2026 tuto vizi zopakoval a ozna\u010dil ji za \u201edlouhodob\u00e9 \u0159e\u0161en\u00ed\u201c, jak obej\u00edt \u00edr\u00e1nskou kontrolu nad \u00fa\u017einou.<\/span><\/p>\n<p><span dir=\"auto\">Sa\u00fadsk\u00e1 Ar\u00e1bie n\u00e1vrh odm\u00edtla. To ale nem\u011bn\u00ed nic na samotn\u00e9m prohl\u00e1\u0161en\u00ed: Izraelsk\u00fd premi\u00e9r otev\u0159en\u011b prohl\u00e1sil, \u017ee tato v\u00e1lka m\u00e1 za c\u00edl vytvo\u0159it geostrategickou energetickou v\u00fdhodu pro Izrael.<\/span><\/p>\n<p><span dir=\"auto\">Z\u00e1rove\u0148 je na Netanjahua vyd\u00e1n zatyka\u010d Mezin\u00e1rodn\u00edho trestn\u00edho soudu (ICC) za v\u00e1le\u010dn\u00e9 zlo\u010diny a zlo\u010diny proti lidskosti, kter\u00fd byl vyd\u00e1n 21. listopadu 2024. Mus\u00ed p\u0159esm\u011brovat mezin\u00e1rodn\u00ed lety, aby se vyhnul \u010dlensk\u00fdm st\u00e1t\u016fm ICC. Zme\u0161kal Sv\u011btov\u00e9 ekonomick\u00e9 f\u00f3rum 2026 v Davosu.<\/span><\/p>\n<p><span dir=\"auto\">Ka\u017ed\u00fd, kdo ignoruje mezin\u00e1rodn\u00ed zatyka\u010de a z\u00e1rove\u0148 pl\u00e1nuje energetick\u00e9 potrub\u00ed jako v\u00e1le\u010dnou dividendu, u\u017e d\u00e1vno p\u0159ekro\u010dil hranici mezi obranou a agres\u00ed.<\/span><\/p>\n<p><span dir=\"auto\">Zdroje: The Business Standard, 19. b\u0159ezna 2026; Pipeline Technology Journal, 1. dubna 2026; Doha News, 21. b\u0159ezna 2026; Ynet News, 19. b\u0159ezna 2026; Tiskov\u00e1 zpr\u00e1va ICC, 21. listopadu 2024<\/span><\/p>\n<ol class=\"wp-block-list\" start=\"5\">\n<li><strong><span dir=\"auto\">Sde Teiman: Fakta, kter\u00e1 nezmiz\u00ed<\/span><\/strong><\/li>\n<\/ol>\n<p><span dir=\"auto\">P\u0159\u00edpad Sde Teiman nen\u00ed okrajov\u00fdm t\u00e9matem \u2013 je to prub\u00ed\u0159sk\u00fd k\u00e1men d\u016fv\u011bryhodnosti jak\u00e9koli vl\u00e1dy, kter\u00e1 se odvol\u00e1v\u00e1 na \u201ez\u00e1padn\u00ed hodnoty\u201c.<\/span><\/p>\n<p><span dir=\"auto\">Vojensk\u00fd t\u00e1bor v Negevsk\u00e9 pou\u0161ti byl z\u0159\u00edzen jako do\u010dasn\u00e9 screeningov\u00e9 za\u0159\u00edzen\u00ed po 7. \u0159\u00edjnu 2023. Stal se z n\u011bj dlouhodob\u00e9 deten\u010dn\u00ed centrum a\u017e pro 1 000 v\u011bz\u0148\u016f \u2013 provozovan\u00e9 z\u00e1lo\u017en\u00edky bez \u0161kolen\u00ed v\u011bze\u0148sk\u00e9ho person\u00e1lu. Podle zpr\u00e1vy Lawfare byly podm\u00ednky od sam\u00e9ho za\u010d\u00e1tku zcela nedostate\u010dn\u00e9.<\/span><\/p>\n<p><span dir=\"auto\">Zdokumentovan\u00e1 obvin\u011bn\u00ed jsou z\u00e1va\u017en\u00e1: B&#8217;Tselem hovo\u0159il o systematick\u00e9m mu\u010den\u00ed a sexu\u00e1ln\u00edm n\u00e1sil\u00ed. Euro-Med Human Rights Monitor zdokumentoval zn\u00e1siln\u011bn\u00ed, zn\u00e1siln\u011bn\u00ed s pou\u017eit\u00edm p\u0159edm\u011bt\u016f, pou\u017e\u00edv\u00e1n\u00ed ps\u016f p\u0159i sexu\u00e1ln\u00edch \u00fatoc\u00edch a nucenou nahotu. Vojensk\u00fd l\u00e9ka\u0159 informoval o v\u011bzni s t\u011b\u017ek\u00fdmi poran\u011bn\u00edmi kone\u010dn\u00edku, zlomen\u00fdm hrudn\u00edm ko\u0161em a po\u0161kozen\u00edm plic.<\/span><\/p>\n<p><span dir=\"auto\">Dne 12. b\u0159ezna 2026 izraelsk\u00e1 arm\u00e1da st\u00e1hla obvin\u011bn\u00ed proti p\u011bti voj\u00e1k\u016fm obvin\u011bn\u00fdm ze zn\u00e1siln\u011bn\u00ed palestinsk\u00e9ho v\u011bzn\u011b s odvol\u00e1n\u00edm na poru\u0161en\u00ed jeho pr\u00e1va na spravedliv\u00fd proces. Ob\u011b\u0165 byla vr\u00e1cena do Gazy.<\/span><\/p>\n<p><span dir=\"auto\">Existuje slovo pro st\u00e1t, kter\u00fd dokumentuje systematick\u00e9 n\u00e1sil\u00ed ve v\u011bznic\u00edch, ale nedok\u00e1\u017ee pohnat vin\u00edky k odpov\u011bdnosti: beztrestnost. A beztrestnost je \u017eivnou p\u016fdou, ve kter\u00e9 hnije ka\u017ed\u00e1 demokracie.<\/span><\/p>\n<p><span dir=\"auto\">Zdroje: Lawfare, 6. ledna 2026 \u00b7 B&#8217;Tselem, zpr\u00e1va \u201eV\u00edtejte v pekle\u201c \u00b7 Euro-Med Monitor, duben 2026 \u00b7 Al Jazeera, 12. b\u0159ezna 2026 \u00b7 PBS NewsHour, 4. listopadu 2025<\/span><\/p>\n<ol class=\"wp-block-list\" start=\"6\">\n<li><strong><span dir=\"auto\">Kr\u00e1lovna zatracen\u00fdch: Demokratick\u00fd deficit Ursuly von der Leyen<\/span><\/strong><\/li>\n<\/ol>\n<p><span dir=\"auto\">Ursula von der Leyenov\u00e1 si zaslou\u017e\u00ed vlastn\u00ed anal\u00fdzu \u2013 ne proto, \u017ee by byla \u0161patn\u00e1 politi\u010dka, ale proto, \u017ee je efektivn\u00ed politi\u010dkou, kter\u00e1 svou efektivitu vyu\u017e\u00edv\u00e1 k nespr\u00e1vn\u00fdm c\u00edl\u016fm.<\/span><\/p>\n<p><span dir=\"auto\">Na mnichovsk\u00e9 bezpe\u010dnostn\u00ed konferenci v \u00fanoru 2026 prohl\u00e1sila, \u017ee je \u201e\u010das uv\u00e9st do praxe evropskou klauzuli o vz\u00e1jemn\u00e9 pomoci\u201c, a vyzvala k p\u0159echodu od jednomysln\u00e9ho hlasov\u00e1n\u00ed k hlasov\u00e1n\u00ed kvalifikovanou v\u011bt\u0161inou v obrann\u00fdch z\u00e1le\u017eitostech. Kritici zd\u016fraz\u0148uj\u00ed, \u017ee tento man\u00e9vr by podkopal suverenitu \u010dlensk\u00fdch st\u00e1t\u016f, jako je Ma\u010farsko, kter\u00e9 se s postojem Komise neztoto\u017en\u00ed.<\/span><\/p>\n<p><span dir=\"auto\">Jejich pl\u00e1n \u201eReArm Europe\u201c zmobilizoval 840 miliard eur na evropskou obranu. Jejich pl\u00e1n na urychlen\u00e9 p\u0159istoupen\u00ed Ukrajiny k EU selhal kv\u016fli odporu \u010dlensk\u00fdch st\u00e1t\u016f \u2013 jeden diplomat podle agentury Reuters su\u0161e poznamenal: \u201eKoncept obr\u00e1cen\u00e9ho roz\u0161\u00ed\u0159en\u00ed je mrtv\u00fd.\u201c<\/span><\/p>\n<p><span dir=\"auto\">V b\u0159eznu 2026 Euractiv zdokumentoval rostouc\u00ed kritiku jej\u00edho stylu veden\u00ed: Francie ji obvinila z uzurpov\u00e1n\u00ed zahrani\u010dn\u00ed politiky. Berl\u00edn kritizoval jej\u00ed my\u0161lenku evropsk\u00fdch ozbrojen\u00fdch sil na Ukrajin\u011b. Jej\u00ed pl\u00e1n na vyu\u017eit\u00ed zmrazen\u00fdch rusk\u00fdch aktiv selhal. Jej\u00ed \u201eze\u010f z dron\u016f\u201c na rusk\u00fdch hranic\u00edch zmizela stejn\u011b rychle, jak byla ozn\u00e1mena. Analytik Eric Maurice z Evropsk\u00e9ho centra pro politiku to shrnul: \u201eP\u0159ekra\u010duje sv\u00e9 pravomoci a sna\u017e\u00ed se hr\u00e1t politickou roli, kterou j\u00ed jej\u00ed instituce nedovoluje.\u201c<\/span><\/p>\n<p><span dir=\"auto\">Von der Leyenov\u00e1 se chov\u00e1 jako kr\u00e1lovna zatracen\u00fdch \u2013 ne proto, \u017ee by byla zl\u00e1 v jednoduch\u00e9m slova smyslu, ale proto, \u017ee instrumentalizuje byrokratick\u00fd apar\u00e1t v z\u00e1jmu zbrojn\u00edho pr\u016fmyslu a transatlantick\u00fdch jest\u0159\u00e1b\u016f a systematicky ignoruje z\u00e1kladn\u00ed pot\u0159ebu evropsk\u00e9 populace, tedy m\u00edr, stabilitu a ekonomickou bezpe\u010dnost. Sama prohl\u00e1sila, \u017ee Evropa mus\u00ed zv\u00fd\u0161it vojensk\u00e9 v\u00fddaje, \u201ei na \u00fakor vlastn\u00edho blahobytu\u201c. To nen\u00ed \u017e\u00e1dn\u00e9 p\u0159ehl\u00e9dnut\u00ed. To je z\u00e1m\u011brn\u00e1 politika.<\/span><\/p>\n<p><span dir=\"auto\">Evropa nepot\u0159ebuje p\u0159edsedu Komise, kter\u00fd \u0159\u00edd\u00ed v\u00e1lky. Evropa pot\u0159ebuje veden\u00ed, kter\u00e9 buduje m\u00edr.<\/span><\/p>\n<p><span dir=\"auto\">Zdroje: Euronews, 14. \u00fanora 2026 \u00b7 Euractiv p\u0159es Pravda\/Evropsk\u00e9 zdroje, 19. b\u0159ezna 2026 \u00b7 Ukrajinska pravda\/Reuters, 3. b\u0159ezna 2026 \u00b7 Newsweek, 4. b\u0159ezna 2025<\/span><\/p>\n<ol class=\"wp-block-list\" start=\"7\">\n<li><strong><span dir=\"auto\">Afgh\u00e1nist\u00e1n: Vzor, kter\u00fd se opakuje<\/span><\/strong><\/li>\n<\/ol>\n<p><span dir=\"auto\">Historie poskytuje kontext pro sou\u010dasnost. Ne\u017e T\u00e1lib\u00e1n v roce 2000 zak\u00e1zal p\u011bstov\u00e1n\u00ed m\u00e1ku, produkce afgh\u00e1nsk\u00e9ho opia se pohybovala kolem 180 tun ro\u010dn\u011b. Po americk\u00e9 invazi v roce 2001 vzrostla na 3 000 tun a do roku 2007 na 8 200 tun. V roce 2013 dos\u00e1hla podle UNODC obd\u011bl\u00e1van\u00e1 plocha 209 000 hektar\u016f \u2013 historick\u00fd rekord. Afgh\u00e1nist\u00e1n v n\u011bkter\u00fdch dob\u00e1ch produkoval p\u0159es 90 procent sv\u011btov\u00e9 produkce heroinu.<\/span><\/p>\n<p><span dir=\"auto\">USA investovaly v Afgh\u00e1nist\u00e1nu 7,6 miliardy dolar\u016f do protidrogov\u00fdch program\u016f. V\u00fdsledkem byla rekordn\u00ed produkce. UNODC to popsal jako situaci, \u201ejak\u00e1 v historii Afgh\u00e1nist\u00e1nu dosud nevid\u011bla\u201c.<\/span><\/p>\n<p><span dir=\"auto\">Kauzalita nen\u00ed synonymem pro spiknut\u00ed. Vzorec je v\u0161ak zdokumentov\u00e1n: Vojensk\u00e9 okupace prov\u00e1d\u011bn\u00e9 pod hlavi\u010dkou \u201edemokracie\u201c a \u201ebezpe\u010dnosti\u201c \u010dasto zanech\u00e1vaj\u00ed destabilizovan\u00e9 regiony \u2013 a nov\u00e9 toky zdroj\u016f.<\/span><\/p>\n<p><span dir=\"auto\">Ka\u017ed\u00fd, kdo dnes poslouch\u00e1 r\u00e9toriku Trumpovy administrativy o \u00cdr\u00e1nu, rozpozn\u00e1 stejnou dramaturgii: p\u0159ehnan\u00e9 sc\u00e9n\u00e1\u0159e hrozeb, protich\u016fdn\u00e1 ospravedln\u011bn\u00ed a v kone\u010dn\u00e9m d\u016fsledku geopolitickou reorganizaci, kter\u00e1 prosp\u00edv\u00e1 jen m\u00e1lokomu.<\/span><\/p>\n<p><span dir=\"auto\">Zdroje: Pr\u016fzkum opia v Afgh\u00e1nist\u00e1nu, kter\u00fd vypracoval UNODC za rok 2013 \u00b7 Slate, 21. \u0159\u00edjna 2014 \u00b7 SAGE Journals (Masomy, 2025) \u00b7 Wikipedie: Produkce opia v Afgh\u00e1nist\u00e1nu<\/span><\/p>\n<p><span dir=\"auto\">Z\u00e1v\u011bre\u010dn\u00e1 my\u0161lenka: Ne konec, ale p\u0159echod<\/span><\/p>\n<p><span dir=\"auto\">Tento text nen\u00ed v\u00fdzvou k \u0161kodolib\u00e9mu pot\u011b\u0161en\u00ed z p\u00e1du \u0159\u00ed\u0161\u00ed. Je to pozorov\u00e1n\u00ed, \u017ee syst\u00e9m zalo\u017een\u00fd na permanentn\u00ed eskalaci, protich\u016fdn\u00e9 r\u00e9torice a institucionalizovan\u00e9 beztrestnosti se trh\u00e1 \u2013 a \u017ee v tom spo\u010d\u00edv\u00e1 p\u0159\u00edle\u017eitost.<\/span><\/p>\n<p><span dir=\"auto\">Kdy\u017e americk\u00fd prezident zablokuje pr\u016fliv a pot\u00e9 jej \u201elaskav\u011b otev\u0159e\u201c; kdy\u017e izraelsk\u00fd premi\u00e9r hovo\u0159\u00ed o ropovodech jako o m\u00edrov\u00e9 dividend\u011b b\u011bhem v\u00e1lky; kdy\u017e chce p\u0159edseda Evropsk\u00e9 komise ob\u011btovat prosperitu kv\u016fli zbrojen\u00ed \u2013 pak to nen\u00ed d\u016fkaz s\u00edly. Je to p\u0159\u00edznak syst\u00e9mu, kter\u00fd mrh\u00e1 svou vlastn\u00ed legitimitou. Ale kdy\u017e tato fas\u00e1da padne, nevznik\u00e1 vakuum \u2013 vznik\u00e1 prostor.<\/span><\/p>\n<p><span dir=\"auto\">Prostor pro multipol\u00e1rn\u00ed uspo\u0159\u00e1d\u00e1n\u00ed, kde m\u00e1 vyjedn\u00e1v\u00e1n\u00ed p\u0159ednost p\u0159ed bombardov\u00e1n\u00edm. Prostor pro Evropu, kter\u00e1 si definuje sv\u00e9 vlastn\u00ed z\u00e1jmy, m\u00edsto aby prosazovala agendu Washingtonu nebo zbrojn\u00ed lobby. Prostor pro m\u00edr na Bl\u00edzk\u00e9m v\u00fdchod\u011b zalo\u017een\u00fd na mezin\u00e1rodn\u00edm pr\u00e1vu \u2013 nikoli na ropovodech.<\/span><\/p>\n<p><span dir=\"auto\">\u201e\u00dapln\u00ed idioti\u201c naho\u0159e \u2013 \u0159e\u010deno pouli\u010dn\u00edm \u017eargonem \u2013 maj\u00ed jen tolik moci, kolik jim d\u00e1me. A fakta shrom\u00e1\u017ed\u011bn\u00e1 v tomto textu ukazuj\u00ed: o zbytek se postar\u00e1 jejich vlastn\u00ed neschopnost a arogance.<\/span><\/p>\n<p><span dir=\"auto\">*<\/span><\/p>\n<p><span dir=\"auto\">Od Lukase Sinclaira \u00b7 15. dubna 20026<br \/>\n<\/span><em><span dir=\"auto\">Autor se v\u00fdslovn\u011b distancuje od v\u0161ech forem antisemitismu, rasismu a nep\u0159\u00e1telstv\u00ed na z\u00e1klad\u011b skupin. Kritika vl\u00e1dn\u00ed politiky je z\u00e1kladn\u00edm demokratick\u00fdm pr\u00e1vem.<\/span><\/em><\/p>\n<p>&nbsp;<\/p>\n<p>&nbsp;<\/p>\n","protected":false},"excerpt":{"rendered":"<p>Analytick\u00fd koment\u00e1\u0159: Pro\u010d strategick\u00e9 rozpory mezi Washingtonem a Jeruzal\u00e9mem urychluj\u00ed konec unipol\u00e1rn\u00edho \u0159\u00e1du \u2013 a&#8230;<\/p>\n","protected":false},"author":2,"featured_media":105506,"comment_status":"closed","ping_status":"closed","sticky":false,"template":"","format":"standard","meta":[],"categories":[7],"tags":[1042,2181,3653,276],"_links":{"self":[{"href":"https:\/\/www.infokuryr.cz\/n\/wp-json\/wp\/v2\/posts\/105505"}],"collection":[{"href":"https:\/\/www.infokuryr.cz\/n\/wp-json\/wp\/v2\/posts"}],"about":[{"href":"https:\/\/www.infokuryr.cz\/n\/wp-json\/wp\/v2\/types\/post"}],"author":[{"embeddable":true,"href":"https:\/\/www.infokuryr.cz\/n\/wp-json\/wp\/v2\/users\/2"}],"replies":[{"embeddable":true,"href":"https:\/\/www.infokuryr.cz\/n\/wp-json\/wp\/v2\/comments?post=105505"}],"version-history":[{"count":0,"href":"https:\/\/www.infokuryr.cz\/n\/wp-json\/wp\/v2\/posts\/105505\/revisions"}],"wp:featuredmedia":[{"embeddable":true,"href":"https:\/\/www.infokuryr.cz\/n\/wp-json\/wp\/v2\/media\/105506"}],"wp:attachment":[{"href":"https:\/\/www.infokuryr.cz\/n\/wp-json\/wp\/v2\/media?parent=105505"}],"wp:term":[{"taxonomy":"category","embeddable":true,"href":"https:\/\/www.infokuryr.cz\/n\/wp-json\/wp\/v2\/categories?post=105505"},{"taxonomy":"post_tag","embeddable":true,"href":"https:\/\/www.infokuryr.cz\/n\/wp-json\/wp\/v2\/tags?post=105505"}],"curies":[{"name":"wp","href":"https:\/\/api.w.org\/{rel}","templated":true}]}}