{"id":105500,"date":"2026-04-29T00:21:36","date_gmt":"2026-04-28T22:21:36","guid":{"rendered":"https:\/\/www.infokuryr.cz\/n\/?p=105500"},"modified":"2026-04-28T21:08:42","modified_gmt":"2026-04-28T19:08:42","slug":"lavrov-varuje-pred-bezprecedentni-zmenou-sveta-jeho-projev-je-nutne-precist","status":"publish","type":"post","link":"https:\/\/www.infokuryr.cz\/n\/2026\/04\/29\/lavrov-varuje-pred-bezprecedentni-zmenou-sveta-jeho-projev-je-nutne-precist\/","title":{"rendered":"Lavrov varuje p\u0159ed bezprecedentn\u00ed zm\u011bnou sv\u011bta: Jeho projev je nutn\u00e9 p\u0159e\u010d\u00edst"},"content":{"rendered":"<div id=\"fb-root\"><\/div>\n<div class=\"elementor-element elementor-element-1fb4c2c elementor-widget elementor-widget-theme-post-content\" data-id=\"1fb4c2c\" data-element_type=\"widget\" data-e-type=\"widget\" data-widget_type=\"theme-post-content.default\">\n<div class=\"elementor-widget-container\">\n<p><span dir=\"auto\">Dobr\u00fd den,<\/span><\/p>\n<p><span dir=\"auto\">Je mi pot\u011b\u0161en\u00edm t\u011b zase vid\u011bt.<\/span><\/p>\n<p><span dir=\"auto\">V tomto form\u00e1tu se sch\u00e1z\u00edme ka\u017ed\u00fd rok. V\u00edm, \u017ee organizace, kter\u00e9 zastupujete, odbory na\u0161eho ministerstva, vedouc\u00ed odbor\u016f a jejich zam\u011bstnanci, stejn\u011b jako n\u00e1m\u011bstci ministra odpov\u011bdn\u00ed za konkr\u00e9tn\u00ed oblasti, udr\u017euj\u00ed kontakty a vym\u011b\u0148uj\u00ed si informace.<\/span><\/p>\n<p><span dir=\"auto\">Jak je na ka\u017edoro\u010dn\u00edch akc\u00edch zvykem, zam\u011b\u0159\u00edme se na otev\u0159enou a interaktivn\u00ed diskusi o mezin\u00e1rodn\u00edch ot\u00e1zk\u00e1ch, kter\u00e9 jsou v\u0161em zn\u00e1m\u00e9 a kter\u00e9 se dot\u00fdkaj\u00ed va\u0161ich d\u016fle\u017eit\u00fdch a vysoce cen\u011bn\u00fdch aktivit.<\/span><\/p>\n<p><span dir=\"auto\">Pokud souhlas\u00edte, \u0159eknu p\u00e1r slov o na\u0161em hodnocen\u00ed ned\u00e1vn\u00e9ho mezin\u00e1rodn\u00edho v\u00fdvoje a pot\u00e9 zah\u00e1j\u00edme interaktivn\u00ed diskusi.<\/span><\/p>\n<p><span dir=\"auto\">Prezident Putin opakovan\u011b zd\u016fraz\u0148oval, \u017ee sv\u011bt vstoupil do \u00e9ry neb\u00fdval\u00fdch zm\u011bn. Podobn\u00e1 hodnocen\u00ed ve\u0159ejn\u011b u\u010dinil i prezident \u010c\u00ednsk\u00e9 lidov\u00e9 republiky Si \u0164in-pching. Jak prezident Putin poznamenal, Rusko hraje v t\u011bchto turbulentn\u00edch procesech \u00fast\u0159edn\u00ed roli d\u00edky sv\u00e9 historii, geografii a civiliza\u010dn\u00ed identit\u011b.<\/span><\/p>\n<p><span dir=\"auto\">Jak \u0159\u00edkaj\u00ed na\u0161i \u010d\u00edn\u0161t\u00ed p\u0159\u00e1tel\u00e9, krize je souhrou nebezpe\u010d\u00ed a velk\u00e9 p\u0159\u00edle\u017eitosti. Takov\u00fd je sv\u011bt. Takov\u00e1 obdob\u00ed se v d\u011bjin\u00e1ch vyskytla n\u011bkolikr\u00e1t.<\/span><\/p>\n<p><span dir=\"auto\">Politika kolektivn\u00edho Z\u00e1padu p\u0159edstavuje prim\u00e1rn\u00ed hrozbu pro mezin\u00e1rodn\u00ed m\u00edr a bezpe\u010dnost. St\u00e1le ji naz\u00fdv\u00e1me \u201ekolektivn\u00ed\u201c, i kdy\u017e kolektivn\u00ed aspekt je nyn\u00ed rozerv\u00e1n neshodami. Jejich strategick\u00fd c\u00edl v\u0161ak z\u016fst\u00e1v\u00e1 nepopirateln\u011b stejn\u00fd: dominovat, dominovat a nad\u00e1le dominovat v\u0161emi nezbytn\u00fdmi prost\u0159edky, udr\u017eovat si hegemonii co nejd\u00e9le a z\u00e1rove\u0148 potla\u010dovat r\u016fst nov\u00fdch glob\u00e1ln\u00edch center a konkurent\u016f v zem\u00edch sv\u011btov\u00e9 v\u011bt\u0161iny v Asii, Africe a Latinsk\u00e9 Americe.<\/span><\/p>\n<p><span dir=\"auto\">Ka\u017ed\u00fd den pozorujeme a v re\u00e1ln\u00e9m \u010dase se n\u00e1m ukazuje, \u017ee k udr\u017een\u00ed sv\u00e9 hegemonie a dosa\u017een\u00ed t\u011bchto nepoctiv\u00fdch c\u00edl\u016f se pou\u017e\u00edvaj\u00ed nez\u00e1konn\u00e9 sankce, drancov\u00e1n\u00ed, kr\u00e1de\u017ee suver\u00e9nn\u00edho majetku jin\u00fdch zem\u00ed, vyd\u00edr\u00e1n\u00ed, v\u00fdhr\u016f\u017eky a samoz\u0159ejm\u011b i vojensk\u00e1 s\u00edla, jak jsme vid\u011bli ve Venezuele a nyn\u00ed v \u00cdr\u00e1nu \u2013 to v\u0161e v do o\u010d\u00ed bij\u00edc\u00edm poru\u0161en\u00ed mezin\u00e1rodn\u00edho pr\u00e1va.<\/span><\/p>\n<p><span dir=\"auto\">Hodnocen\u00ed, \u017ee nevyprovokovan\u00e1 agrese Ameri\u010dan\u016f a Izraelc\u016f proti \u00cdr\u00e1nu v\u00e1\u017en\u011b destabilizovala situaci na Bl\u00edzk\u00e9m v\u00fdchod\u011b, je zdaleka ne\u00fapln\u00e9, proto\u017ee situace se nyn\u00ed destabilizuje glob\u00e1ln\u011b a v\u0161echny zem\u011b p\u0159ehodnocuj\u00ed sv\u00e9 vyhl\u00eddky na hospod\u00e1\u0159sk\u00fd rozvoj, dod\u00e1vky energie atd. Pokra\u010dov\u00e1n\u00ed konfliktu (kter\u00fd, jak se zd\u00e1, zdaleka nekon\u010d\u00ed) bude m\u00edt nejnegativn\u011bj\u0161\u00ed d\u016fsledky pro cel\u00e9 mezin\u00e1rodn\u00ed spole\u010denstv\u00ed, pro ekonomickou situaci v\u011bt\u0161iny lidstva a pro glob\u00e1ln\u00ed bezpe\u010dnost.<\/span><\/p>\n<p><span dir=\"auto\">To v\u0161e se neodehr\u00e1v\u00e1 ve vakuu. Des\u00edtky let trvaj\u00edc\u00ed expanze Z\u00e1padu na euroasijsk\u00fd kontinent, zejm\u00e9na do region\u016f, kde Rusko historicky m\u011blo siln\u00fd vliv a legitimn\u00ed tradi\u010dn\u00ed z\u00e1jmy, je dal\u0161\u00edm v\u00fdznamn\u00fdm faktorem glob\u00e1ln\u00ed destabilizace.<\/span><\/p>\n<p><span dir=\"auto\">Tento trval\u00fd tlak, kter\u00fd se v posledn\u00edch letech otev\u0159en\u011b projevoval heslem o strategick\u00e9 por\u00e1\u017ece Ruska, odr\u00e1\u017e\u00ed dlouhodobou, ba jak se nyn\u00ed ukazuje, stalet\u00ed starou strategii. V ur\u010dit\u00e9m okam\u017eiku na\u0161ich d\u011bjin, po vzniku OSN a OBSE a po rozpadu Sov\u011btsk\u00e9ho svazu, se vyhl\u00eddky na sou\u017eit\u00ed a dokonce i spolupr\u00e1ci se Z\u00e1padem zd\u00e1ly zcela realistick\u00e9. To v\u0161e je dnes ji\u017e historie.<\/span><\/p>\n<p><span dir=\"auto\">V\u00e1lka proti n\u00e1m byla otev\u0159en\u011b vyhl\u00e1\u0161ena. Kyjevsk\u00fd re\u017eim je pou\u017e\u00edv\u00e1n jako ofenzivn\u00ed fronta. Ka\u017ed\u00fd v\u0161ak v\u00ed, \u017ee tato ofenzivn\u00ed fronta je bez z\u00e1padn\u00edch dod\u00e1vek zbran\u00ed, zpravodajsk\u00fdch informac\u00ed, satelitn\u00edch syst\u00e9m\u016f, vojensk\u00e9ho v\u00fdcviku a mnoha dal\u0161\u00edch v\u011bc\u00ed k ni\u010demu. Kyjevsk\u00fd re\u017eim a ukrajinsk\u00fd st\u00e1t jsou otev\u0159en\u011b pou\u017e\u00edv\u00e1ny jako geopolitick\u00e9 beranidlo. N\u011bkte\u0159\u00ed pom\u011brn\u011b upov\u00eddan\u00ed jedinci, mysl\u00edm, \u017ee v belgick\u00e9m gener\u00e1ln\u00edm \u0161t\u00e1bu, ve\u0159ejn\u011b prohl\u00e1sili, \u017ee se p\u0159ipravuj\u00ed na v\u00e1lku s Ruskem a \u017ee jim Ukrajina kupuje \u010das. Jak \u0159\u00edkaj\u00ed, nemohli by b\u00fdt jasn\u011bj\u0161\u00ed.<\/span><\/p>\n<p><span dir=\"auto\">Aby Z\u00e1pad \u2013 zejm\u00e9na mezin\u00e1rodn\u00ed byrokracie v Bruselu (jak EU, tak NATO, kter\u00e9 se st\u00e1le v\u00edce sjednocuj\u00ed), stejn\u011b jako Berl\u00edn, Pa\u0159\u00ed\u017e a samoz\u0159ejm\u011b Lond\u00fdn \u2013 ospravedlnil svou politiku, sna\u017e\u00ed se d\u00e9monizovat v\u0161e rusk\u00e9 a otev\u0159en\u011b s n\u00e1mi diskutovat o p\u0159\u00edprav\u00e1ch na v\u00e1lku v bl\u00edzk\u00e9 budoucnosti. N\u00e1\u010deln\u00edk \u0161t\u00e1bu belgick\u00fdch ozbrojen\u00fdch sil Frederik Vansina prohl\u00e1sil, \u017ee maj\u00ed je\u0161t\u011b n\u011bkolik let a \u017ee jim Ukrajina kupuje \u010das. Stejn\u00fd postoj vyj\u00e1d\u0159il ve sv\u00e9m prohl\u00e1\u0161en\u00ed n\u011bmeck\u00fd kancl\u00e9\u0159 Friedrich Merz, kdy\u017e ozna\u010dil izraelsk\u00fd \u00fatok na \u00cdr\u00e1n, a vlastn\u011b v\u0161echno, co Izrael d\u011bl\u00e1, za to, \u017ee Izraelci d\u011blaj\u00ed svou \u0161pinavou pr\u00e1ci bojem proti Ham\u00e1su, Hizball\u00e1hu a dal\u0161\u00edm \u201eteroristick\u00fdm\u201c organizac\u00edm, ani\u017e by zohled\u0148ovali jejich historii. Tato historie p\u0159\u00edmo souvis\u00ed s naprost\u00fdm odm\u00edtnut\u00edm implementovat rezoluci OSN o vytvo\u0159en\u00ed palestinsk\u00e9ho st\u00e1tu.<\/span><\/p>\n<p><span dir=\"auto\">Navzdory obt\u00ed\u017en\u00fdm okolnostem budeme i nad\u00e1le prosazovat na\u0161i zahrani\u010dn\u00ed politiku a h\u00e1jit na\u0161e \u017eivotn\u011b d\u016fle\u017eit\u00e9 n\u00e1rodn\u00ed z\u00e1jmy vytv\u00e1\u0159en\u00edm co nejp\u0159\u00edzniv\u011bj\u0161\u00edho vn\u011bj\u0161\u00edho prost\u0159ed\u00ed pro udr\u017eiteln\u00fd rozvoj na\u0161\u00ed zem\u011b jako mnohon\u00e1rodnostn\u00edho suver\u00e9nn\u00edho st\u00e1tu a posilov\u00e1n\u00edm na\u0161\u00ed suverenity ve v\u0161ech oblastech. Toto je t\u00e9m\u011b\u0159 doslovn\u00e1 citace z koncepce zahrani\u010dn\u00ed politiky aktualizovan\u00e9 a schv\u00e1len\u00e9 prezidentem Ruska v roce 2023. Z\u016fst\u00e1v\u00e1 v platnosti a plat\u00ed dodnes.<\/span><\/p>\n<p><span dir=\"auto\">Mezi na\u0161e priority pat\u0159\u00ed podpora spravedliv\u00fdch a vz\u00e1jemn\u011b prosp\u011b\u0161n\u00fdch partnerstv\u00ed se v\u0161emi, kte\u0159\u00ed jsou ochotni spolupracovat na rovnocenn\u00e9m z\u00e1klad\u011b, na z\u00e1klad\u011b v\u0161eobecn\u011b uzn\u00e1van\u00fdch princip\u016f Charty OSN a mezin\u00e1rodn\u00edho pr\u00e1va obecn\u011b, a snaha o spravedlivou rovnov\u00e1hu z\u00e1jm\u016f k dosa\u017een\u00ed c\u00edl\u016f dom\u00e1c\u00edho rozvoje a pos\u00edlen\u00ed na\u0161\u00ed suverenity. Kontrastn\u00edm p\u0159\u00edkladem jsou na\u0161i ameri\u010dt\u00ed kolegov\u00e9, kte\u0159\u00ed prosazuj\u00ed sv\u00e9 n\u00e1rodn\u00ed z\u00e1jmy tak, jak je ch\u00e1pou, a ch\u00e1pou je jako svou dominanci, kter\u00e1 se v sou\u010dasnosti odr\u00e1\u017e\u00ed v jejich politice z\u00edsk\u00e1n\u00ed kontroly nad t\u00e9m\u011b\u0159 cel\u00fdm glob\u00e1ln\u00edm energetick\u00fdm sektorem. Jsme toho sv\u011bdky ka\u017ed\u00fd den.<\/span><\/p>\n<p><span dir=\"auto\">Logika Ameri\u010dan\u016f ve vztaz\u00edch s v\u011bt\u0161inou zem\u00ed (nikdy jsem v dialogu s n\u00e1mi nikoho nesly\u0161el \u0159\u00edkat n\u011bco takov\u00e9ho a douf\u00e1m, \u017ee to nikdy nebudu d\u011blat) je takov\u00e1, \u017ee pokud neud\u011bl\u00e1te, co v\u00e1m \u0159\u00edk\u00e1m, potrest\u00e1m v\u00e1s. Jin\u00fdmi slovy, nic v\u00e1m neslibuji, ale mus\u00edte mi d\u00e1t, co chci; a pokud to neud\u011bl\u00e1te, potrest\u00e1m v\u00e1s. To nen\u00ed vyva\u017eov\u00e1n\u00ed z\u00e1jm\u016f a u\u017e v\u016fbec ne up\u0159\u00edmn\u00fd rozhovor.<\/span><\/p>\n<p><span dir=\"auto\">Na\u0161e politika obrany spravedlnosti a na\u0161e kategorick\u00e9 odm\u00edtnut\u00ed nahrazov\u00e1n\u00ed mezin\u00e1rodn\u00edho pr\u00e1va takovou sv\u00e9vol\u00ed je dob\u0159e ch\u00e1p\u00e1no v\u011bt\u0161inou na\u0161ich partner\u016f v zem\u00edch glob\u00e1ln\u00edho Jihu, kte\u0159\u00ed maj\u00ed tak\u00e9 z\u00e1jem na pos\u00edlen\u00ed sv\u00e9 suverenity a spravedliv\u011bj\u0161\u00edch mezin\u00e1rodn\u00edch vztaz\u00edch, ale ne v\u017edy to mohou otev\u0159en\u011b \u0159\u00edct, proto\u017ee jim hroz\u00ed \u201etrest\u201c, pokud budou odporovat sv\u00fdm nad\u0159azen\u00fdm partner\u016fm.<\/span><\/p>\n<p><span dir=\"auto\">Na jednu stranu to situaci zjednodu\u0161uje. Je jasn\u00e9, kdo je kdo. Mnoho na\u0161ich politick\u00fdch analytik\u016f poznamen\u00e1v\u00e1, \u017ee prezident Trump o sv\u00fdch pl\u00e1nech mluv\u00ed otev\u0159en\u011b; nikoho neklame. Dok\u00e1\u017ee sv\u00e9 n\u00e1zory \u010dasto a rychle m\u011bnit v z\u00e1vislosti na situaci, ale sv\u00e9 pon\u011bkud drsn\u00e9 pl\u00e1ny nezakr\u00fdv\u00e1 r\u00e9torick\u00fdmi ozdobami, kter\u00e9 by zav\u00e1d\u011bly diskusi.<\/span><\/p>\n<p><span dir=\"auto\">V tomto boji (mezin\u00e1rodn\u00ed vztahy jsou v\u017edy bojem) za spravedlnost, za status a pov\u011bst zem\u011b, kter\u00e1 jedn\u00e1 \u010destn\u011b, se hodl\u00e1me i nad\u00e1le spol\u00e9hat na na\u0161e ve\u0159ejn\u00e9 instituce a neziskov\u00e9 organizace. Ty skute\u010dn\u011b v\u00fdznamn\u011b a cenn\u011b p\u0159isp\u00edvaj\u00ed k realizaci zahrani\u010dn\u00ed politiky, kterou nast\u00ednil prezident Putin.<\/span><\/p>\n<p><span dir=\"auto\">R\u00e1d bych zd\u016fraznil, \u017ee na mezin\u00e1rodn\u00ed sc\u00e9n\u011b v r\u016fzn\u00fdch instituc\u00edch OSN, OBSE a dal\u0161\u00edch reprezentujete po\u010detn\u00ed men\u0161inu, a to i kdy\u017e budeme br\u00e1t v \u00favahu pouze Z\u00e1pad a vylou\u010d\u00edme ve\u0159ejn\u00e1 hnut\u00ed v zem\u00edch glob\u00e1ln\u00edho Jihu. O tom si m\u016f\u017eeme pohovo\u0159it pozd\u011bji. Z\u00e1padn\u00ed a proz\u00e1padn\u00ed organizace samoz\u0159ejm\u011b po\u010detn\u011b daleko p\u0159evy\u0161uj\u00ed ty, kter\u00e9 jsou zde zastoupeny, a va\u0161e kolegy z jin\u00fdch zem\u00ed, kte\u0159\u00ed sd\u00edlej\u00ed podobn\u00e9 p\u0159\u00edstupy.<\/span><\/p>\n<p><span dir=\"auto\">Ale i nad\u00e1le v\u011b\u0159\u00edme, \u017ee s\u00edla spo\u010d\u00edv\u00e1 v pravd\u011b. Toto bylo \u0159e\u010deno a tato slova se nikdy nezm\u011bn\u00ed. A ti, kdo vnucuj\u00ed svou \u201epravdu\u201c silou, jsou historicky odsouzeni k zapomn\u011bn\u00ed. V\u00e1\u017e\u00edme si tak\u00e9 toho, \u017ee ve sv\u00fdch mezin\u00e1rodn\u00edch kontaktech v zahrani\u010d\u00ed a kdy\u017e zde host\u00edte sv\u00e9 kolegy, \u010dasto vedete d\u016fv\u011brn\u00e9 diskuse se sv\u00fdmi mezin\u00e1rodn\u00edmi partnery. To je tak\u00e9 u\u017eite\u010dn\u00e9, a to i s ohledem na zem\u011b (r\u00e1di bychom se odklonili od term\u00ednu \u201enep\u0159\u00e1telsk\u00e9 zem\u011b\u201c), jejich\u017e vl\u00e1dy v sou\u010dasn\u00e9 dob\u011b prosazuj\u00ed nep\u0159\u00e1telskou politiku v\u016f\u010di Rusku.<\/span><\/p>\n<p><span dir=\"auto\">Takov\u00fd d\u016fv\u011brn\u00fd dialog a udr\u017eov\u00e1n\u00ed d\u016fv\u011brn\u00e9 atmosf\u00e9ry, zam\u011b\u0159en\u00e9 na pos\u00edlen\u00ed vz\u00e1jemn\u00e9ho porozum\u011bn\u00ed a rozvoj meziciviliza\u010dn\u00edho a mezikulturn\u00edho dialogu na \u00farovni ob\u010dansk\u00fdch spole\u010dnost\u00ed, je velmi prosp\u011b\u0161n\u00e9. Jeho v\u00fdznam s ohledem na dan\u00e9 okolnosti roste.<\/span><\/p>\n<p><span dir=\"auto\">Dne\u0161n\u00ed geopolitick\u00e1 realita je takov\u00e1, \u017ee ve\u0159ejn\u00e1 diplomacie se st\u00e1le v\u00edce rozv\u00edj\u00ed v t\u011bch zem\u00edch Asie, Bl\u00edzk\u00e9ho v\u00fdchodu, Afriky a Latinsk\u00e9 Ameriky, kde ji\u017e existovala, a v t\u011bch zem\u00edch, kde tradi\u010dn\u011b nehr\u00e1la v zahrani\u010dn\u00ed politice \u017e\u00e1dnou roli.<\/span><\/p>\n<p><span dir=\"auto\">Podm\u00ednky, kter\u00e9 umo\u017e\u0148uj\u00ed roz\u0161\u00ed\u0159en\u00ed kontakt\u016f mezi ob\u010danskou spole\u010dnost\u00ed a neziskov\u00fdmi organizacemi, se vytv\u00e1\u0159ej\u00ed i prost\u0159ednictv\u00edm na\u0161\u00ed mezivl\u00e1dn\u00ed pr\u00e1ce. M\u00e1m na mysli BRICS, pravideln\u00e9 Rusko-africk\u00e9 f\u00f3rum, \u0160OS a GGW. Ve v\u0161ech t\u011bchto instituc\u00edch je podporov\u00e1n paraleln\u00ed dvoukolejn\u00fd dialog mezi z\u00e1stupci ob\u010dansk\u00e9 spole\u010dnosti. Ud\u011bl\u00e1me v\u0161e pro to, abychom tento dialog pos\u00edlili, a to i za va\u0161\u00ed \u00fa\u010dasti, a to jak na t\u011bchto multilater\u00e1ln\u00edch platform\u00e1ch, tak i na dal\u0161\u00edch f\u00f3rech. P\u0159\u00edslu\u0161n\u00e9 \u00fatvary Ministerstva zahrani\u010dn\u00edch v\u011bc\u00ed odpov\u011bdn\u00e9 za \u0160OS, BRICS a postsov\u011btsk\u00fd prostor jsou v\u00e1m v\u017edy k dispozici.<\/span><\/p>\n<p><span dir=\"auto\">Zvl\u00e1\u0161t\u011b bych r\u00e1d zd\u016fraznil africk\u00fd rozm\u011br. V posledn\u00edch letech se vztahy s na\u0161imi africk\u00fdmi partnery ve v\u0161ech oblastech v\u00fdrazn\u011b posunuly.<\/span><\/p>\n<p><span dir=\"auto\">U\u017e jsem zm\u00ednil va\u0161e kolegy ze z\u00e1padn\u00edch zem\u00ed. Mnoz\u00ed z nich neakceptuj\u00ed rusofobii, sympatizuj\u00ed s Ruskem, miluj\u00ed rusk\u00fd jazyk, kulturu a literaturu a sd\u00edlej\u00ed duchovn\u00ed a mor\u00e1ln\u00ed hodnoty typick\u00e9 pro na\u0161i nadn\u00e1rodn\u00ed spole\u010dnost. Zm\u00ednil jsem tak\u00e9 organizace jako OSN a OBSE, kter\u00e9 podporuj\u00ed spolupr\u00e1ci s ob\u010danskou spole\u010dnost\u00ed prost\u0159ednictv\u00edm zvl\u00e1\u0161tn\u00edch v\u00fdbor\u016f a skupin. Byli bychom r\u00e1di, kdyby se k zde zastoupen\u00fdm organizac\u00edm, kter\u00e9 ji\u017e s takov\u00fdmi zku\u0161enostmi maj\u00ed, p\u0159ipojilo v\u00edce \u00fa\u010dastn\u00edk\u016f.<\/span><\/p>\n<p><span dir=\"auto\">Za zm\u00ednku stoj\u00ed i rozm\u011br ob\u010dansk\u00e9 spole\u010dnosti v agend\u011b G20. P\u0159edstavuje nejkoncentrovan\u011bj\u0161\u00ed pr\u016f\u0159ez modern\u00edm sv\u011btem, v n\u011bm\u017e jsou z\u00e1padn\u00ed zem\u011b G7 a jejich spojenci \u2013 Japonsko a Ji\u017en\u00ed Korea (celkem deset zem\u00ed) \u2013 zastoupeny rovnocenn\u011b s druhou skupinou deseti, kterou tvo\u0159\u00ed zem\u011b BRICS a na\u0161i dialogov\u00ed partne\u0159i v tomto form\u00e1tu. To otev\u00edr\u00e1 slibn\u00e9 vyhl\u00eddky pro zah\u00e1jen\u00ed p\u0159\u00edm\u00e9ho dialogu mezi z\u00e1stupci glob\u00e1ln\u00ed v\u011bt\u0161iny a z\u00e1padn\u00ed men\u0161iny.<\/span><\/p>\n<p><span dir=\"auto\">Ukrajina je t\u00e9ma, kter\u00e9 zaj\u00edm\u00e1 v\u0161echny a je v sou\u010dasn\u00e9 dob\u011b p\u0159edm\u011btem p\u0159\u00edm\u00e9 konfrontace mezi n\u00e1mi a Evropou. Ameri\u010dan\u00e9 maj\u00ed samoz\u0159ejm\u011b v prvn\u00ed \u0159ad\u011b z\u00e1jem na prosazov\u00e1n\u00ed vlastn\u00edch z\u00e1jm\u016f, ale jsou to jedin\u00ed \u2013 jak jsem ji\u017e \u0159ekl \u2013 kdo ve\u0159ejn\u011b uznal existenci z\u00e1kladn\u00edch p\u0159\u00ed\u010din tohoto konfliktu. Americk\u00fd prezident Donald Trump opakovan\u011b argumentoval, \u017ee Ukrajina by m\u011bla zapomenout na NATO, kter\u00e9 bylo jednou z hlavn\u00edch p\u0159\u00ed\u010din konfliktu, jeliko\u017e se Ukrajina prost\u0159ednictv\u00edm s\u00e9rie akc\u00ed na Majdanu, p\u0159evrat\u016f a zru\u0161en\u00fdch voleb (2004) p\u0159ipravovala na vyu\u017eit\u00ed sv\u00e9ho \u00fazem\u00ed k rozm\u00edst\u011bn\u00ed modern\u00edch, high-tech vojensk\u00fdch hrozeb pro bezpe\u010dnost na\u0161\u00ed zem\u011b p\u0159\u00edmo na na\u0161ich hranic\u00edch.<\/span><\/p>\n<p><span dir=\"auto\">Z\u00e1rove\u0148 Ameri\u010dan\u00e9 tvrd\u00ed, \u017ee jsou p\u0159ipraveni akceptovat realitu takovou, jak\u00e1 je nyn\u00ed po referendech. Nedok\u00e1\u017eu si p\u0159edstavit nikoho jin\u00e9ho, \u200b\u200bkdo by \u0159ekl, \u017ee je p\u0159ipraven uznat v\u00fdsledky referenda a z nich vypl\u00fdvaj\u00edc\u00ed \u00fazemn\u00ed rozhodnut\u00ed. Dokonce podporuj\u00ed my\u0161lenku, \u017ee cel\u00fd Donbas \u2013 Don\u011bck\u00e1 a Luhansk\u00e1 oblast (nikdo u\u017e ani neuva\u017euje o zpochyb\u0148ov\u00e1n\u00ed statusu Krymu) \u2013 by m\u011bl b\u00fdt uzn\u00e1n jako sou\u010d\u00e1st Rusk\u00e9 federace, jak je stanoveno v na\u0161\u00ed \u00fastav\u011b.<\/span><\/p>\n<p><span dir=\"auto\">Z\u00e1pad je v hysterii. Zelenskyj tvrd\u00ed, \u017ee se nedostane do Don\u011bck\u00e9 oblasti, kter\u00e1 je sou\u010d\u00e1st\u00ed jeho bezpe\u010dnostn\u00edch z\u00e1ruk. Jin\u00fdmi slovy, v\u00e1lku vn\u00edm\u00e1 jako sou\u010d\u00e1st t\u011bchto bezpe\u010dnostn\u00edch z\u00e1ruk. Z\u00e1pad mu \u0159\u00edk\u00e1, \u017ee prioritou je nyn\u00ed zastavit nep\u0159\u00e1telsk\u00e9 akce \u2013 jednodu\u0161e zmrazit situaci tak, jak je, a d\u00e1t Ukrajin\u011b bezpe\u010dnostn\u00ed z\u00e1ruky, v\u010detn\u011b, jak sn\u00ed Francouzi a Britov\u00e9, nasazen\u00ed mnohon\u00e1rodn\u00edch stabiliza\u010dn\u00edch sil. To znamen\u00e1 jednu v\u011bc: cht\u011bj\u00ed d\u00e1t bezpe\u010dnostn\u00ed z\u00e1ruky nacistick\u00e9mu re\u017eimu.<\/span><\/p>\n<p><span dir=\"auto\">Zelenskyj ned\u00e1vno cestoval na Kypr a setkal se se z\u00e1stupci EU, aby projednal z\u00e1ruky pro jeho a jeho kliku, aby si udr\u017eel moc, dokud v\u0161e z\u016fstane nezm\u011bn\u011bno, co\u017e se stalo dal\u0161\u00ed kl\u00ed\u010dovou p\u0159\u00ed\u010dinou sou\u010dasn\u00e9 situace: rozpoutan\u00e1 v\u00e1lka a pr\u00e1vn\u00ed zni\u010den\u00ed v\u0161eho, co je spojeno s Ruskem \u2013 rusk\u00e9ho jazyka ve vzd\u011bl\u00e1v\u00e1n\u00ed, m\u00e9di\u00edch a kultu\u0159e, stejn\u011b jako zni\u010den\u00ed kanonick\u00e9ho pravoslav\u00ed. I to je sou\u010d\u00e1st\u00ed civiliza\u010dn\u00ed agrese Z\u00e1padu proti Rusk\u00e9 federaci, proto\u017ee pl\u00e1novali a za\u010dali vytv\u00e1\u0159et civiliza\u010dn\u00ed hrozby na na\u0161ich hranic\u00edch, v sam\u00e9m srdci rusk\u00e9ho sv\u011bta.<\/span><\/p>\n<p><span dir=\"auto\">Stejn\u00fd druh civiliza\u010dn\u00ed agrese byl patrn\u00fd v povzbuzov\u00e1n\u00ed Zelensk\u00e9ho re\u017eimu k likvidaci v\u0161eho rusk\u00e9ho a Ukrajinsk\u00e9 pravoslavn\u00e9 c\u00edrkve. I to je sou\u010d\u00e1st\u00ed agrese proti n\u00e1m, proti Rusku jako civilizaci. Takto Z\u00e1pad vyu\u017e\u00edv\u00e1 nacistick\u00fd re\u017eim na Ukrajin\u011b. \u0158\u00edk\u00e1 n\u00e1m, \u017ee bychom m\u011bli n\u011bjak vy\u0159e\u0161it probl\u00e9m Donbasu a \u017ee mo\u017en\u00e1 p\u0159esv\u011bd\u010d\u00ed Zelensk\u00e9ho k \u00fastupk\u016fm, nebo mo\u017en\u00e1 Rusko ud\u011bl\u00e1 \u00fastupky a v\u0161echno bude v po\u0159\u00e1dku. Nic nebude v po\u0159\u00e1dku. Z\u00e1pad otev\u0159en\u011b prohl\u00e1sil, \u017ee vytv\u00e1\u0159\u00ed bezpe\u010dnostn\u00ed z\u00e1ruky pro re\u017eim, kter\u00fd je vn\u00edm\u00e1n jako dlouhodob\u00e1 hrozba pro na\u0161i zemi a m\u00e1 b\u00fdt mimo jin\u00e9 vyu\u017eit k dal\u0161\u00edm vojensk\u00fdm dobrodru\u017estv\u00edm. Uvedl, \u017ee to v\u0161e za\u010dne v horizontu let 2029-2030.<\/span><\/p>\n<p><span dir=\"auto\">Proto oce\u0148ujeme skute\u010dnost, \u017ee Spojen\u00e9 st\u00e1ty, navzdory specifik\u00e1m sv\u00fdch \u010din\u016f, zauj\u00edmaj\u00ed postoj ve\u0159ejn\u00e9ho nast\u00edn\u011bn\u00ed z\u00e1kladn\u00edch p\u0159\u00ed\u010din (zp\u016fsobem, kter\u00fd se bl\u00ed\u017e\u00ed jejich skute\u010dn\u00e9mu ch\u00e1p\u00e1n\u00ed) a \u2013 co je nejd\u016fle\u017eit\u011bj\u0161\u00ed \u2013 podnikaj\u00ed konkr\u00e9tn\u00ed kroky: \u017e\u00e1dn\u00e9 roz\u0161i\u0159ov\u00e1n\u00ed NATO a dodr\u017eov\u00e1n\u00ed dohod dosa\u017een\u00fdch na summitu na Alja\u0161ce. Bl\u00ed\u017e\u00ed se prvn\u00ed v\u00fdro\u010d\u00ed summitu v Anchorage. B\u011bhem tohoto obdob\u00ed Evropan\u00e9 \u2013 k uzn\u00e1n\u00ed jejich troufalosti \u2013 a Zelenskyj ud\u011blali mnoho pro to, aby odvedli Ameri\u010dany od zvolen\u00e9ho kurzu a pokra\u010dovali ve sv\u00fdch hr\u00e1ch zam\u011b\u0159en\u00fdch na zni\u010den\u00ed geopolitick\u00e9ho konkurenta.<\/span><\/p>\n<p><span dir=\"auto\">Ru\u0161tina nem\u016f\u017ee b\u00fdt zni\u010dena. To vid\u00edme i na Ukrajin\u011b. \u010c\u00edm v\u00edce je zakazov\u00e1na, t\u00edm v\u00edce se pou\u017e\u00edv\u00e1, a to i mezi p\u0159edstaviteli Zelensk\u00e9ho re\u017eimu b\u011bhem sch\u016fzek. C\u00edt\u00ed se pohodln\u011bji, kdy\u017e mluv\u00ed rusky ne\u017e ukrajinsky, co\u017e se mnoz\u00ed z nich za\u010dali u\u010dit a\u017e po vstupu do politiky.<\/span><\/p>\n<p><span dir=\"auto\">V t\u00e9to souvislosti bych r\u00e1d vyzdvihl vytvo\u0159en\u00ed Mezin\u00e1rodn\u00ed organizace pro rusk\u00fd jazyk (IORL) z iniciativy prezidenta Kazachst\u00e1nu Kasyma-\u017domarta Tokajeva. Minul\u00fd m\u011bs\u00edc jsme uspo\u0159\u00e1dali prvn\u00ed ministerskou konferenci IORL a nast\u00ednili pl\u00e1ny pro prvn\u00ed etapu t\u00e9to nov\u00e9 a perspektivn\u00ed organizace. Po\u010d\u00edt\u00e1me s va\u0161\u00edm p\u0159\u00edsp\u011bvkem k organizaci spole\u010dn\u00fdch akc\u00ed a rozvoji spole\u010dn\u00fdch projekt\u016f.<\/span><\/p>\n<p><span dir=\"auto\">Z\u00e1rove\u0148 budeme, stejn\u011b jako v p\u0159edchoz\u00edch letech, spolupracovat s na\u0161imi neziskov\u00fdmi organizacemi na zintenzivn\u011bn\u00ed \u00fasil\u00ed v boji proti historick\u00e9 agresi (sou\u010d\u00e1sti \u0161ir\u0161\u00ed civiliza\u010dn\u00ed agrese proti Rusku), na zabr\u00e1n\u011bn\u00ed pokus\u016fm o p\u0159eps\u00e1n\u00ed d\u011bjin Velk\u00e9 vlasteneck\u00e9 a druh\u00e9 sv\u011btov\u00e9 v\u00e1lky a na revizi mezin\u00e1rodn\u011b uzn\u00e1van\u00fdch v\u00fdsledk\u016f na\u0161eho Velk\u00e9ho v\u00edt\u011bzstv\u00ed.<\/span><\/p>\n<p><span dir=\"auto\">Letos, 19. dubna, byl dekretem prezidenta Ruska poprv\u00e9 p\u0159ipomenut Den pam\u00e1tky ob\u011bt\u00ed genocidy sov\u011btsk\u00e9ho lidu \u2013 genocidy sp\u00e1chan\u00e9 nacisty na v\u0161ech n\u00e1rodech SSSR b\u011bhem Velk\u00e9 vlasteneck\u00e9 v\u00e1lky. V\u011b\u0159\u00edme, \u017ee toto datum d\u00e1v\u00e1 n\u00e1m a na\u0161im p\u0159\u00e1tel\u016fm v neziskov\u00fdch ob\u010dansk\u00fdch organizac\u00edch dal\u0161\u00ed impuls k d\u016fsledn\u00e9mu usilov\u00e1n\u00ed o spravedlnost. Budeme tak\u00e9 usilovat, a to i na mezin\u00e1rodn\u00edch platform\u00e1ch, o uzn\u00e1n\u00ed zlo\u010din\u016f proti sov\u011btsk\u00e9mu lidu v\u0161ech etnick\u00fdch skupin za genocidu. V tomto ohledu nelze p\u0159ece\u0148ovat roli vlasteneck\u00fdch neziskov\u00fdch organizac\u00ed, kter\u00e9 \u0161\u00ed\u0159\u00ed objektivn\u00ed informace a realizuj\u00ed projekty zam\u011b\u0159en\u00e9 na zachov\u00e1n\u00ed a udr\u017eov\u00e1n\u00ed pam\u011bti v na\u0161em vlastn\u00edm n\u00e1rod\u011b i v n\u00e1rodech Evropy, kter\u00e9 jsme osvobodili.<\/span><\/p>\n<p><span dir=\"auto\">Z\u00e1v\u011brem bych r\u00e1d znovu potvrdil n\u00e1\u0161 z\u00e1vazek k pokra\u010duj\u00edc\u00ed spolupr\u00e1ci s neziskov\u00fdmi organizacemi ve v\u0161ech oblastech. Podpo\u0159ili jsme iniciativu Rossotrudnichestva a Rusk\u00e9 asociace pro mezin\u00e1rodn\u00ed spolupr\u00e1ci, kter\u00e1 m\u011bla zav\u00e9st Den lidov\u00e9 diplomacie v Rusku na 5. dubna. Jedn\u00e1 se o pr\u016flomovou ud\u00e1lost, kter\u00e1 se nepochybn\u011b stane nov\u00fdm \u00fast\u0159edn\u00edm bodem pro konsolidaci na\u0161eho \u00fasil\u00ed a pos\u00edlen\u00ed ve\u0159ejn\u00e9 diplomacie. Uzn\u00e1v\u00e1me d\u016fle\u017eitou roli, kterou hrajete p\u0159i prosazov\u00e1n\u00ed historick\u00fdch a legitimn\u00edch z\u00e1jm\u016f na\u0161eho st\u00e1tu a realizaci zahrani\u010dn\u00ed politiky, kterou nast\u00ednil prezident Putin.<\/span><\/p>\n<\/div>\n<\/div>\n<div class=\"elementor-element elementor-element-8c57238 quelle dc-has-condition dc-condition-empty elementor-widget elementor-widget-heading\" data-id=\"8c57238\" data-element_type=\"widget\" data-e-type=\"widget\" data-widget_type=\"heading.default\">\n<div class=\"elementor-widget-container\">\n<h4 class=\"elementor-heading-title elementor-size-default\"><a href=\"https:\/\/mid.ru\/en\/foreign_policy\/news\/2099030\/\" target=\"_blank\" rel=\"nofollow noopener\"><span dir=\"auto\">Zdroj<\/span><\/a><\/h4>\n<p>&nbsp;<\/p>\n<\/div>\n<\/div>\n","protected":false},"excerpt":{"rendered":"<p>Dobr\u00fd den, Je mi pot\u011b\u0161en\u00edm t\u011b zase vid\u011bt. V tomto form\u00e1tu se sch\u00e1z\u00edme ka\u017ed\u00fd rok&#8230;.<\/p>\n","protected":false},"author":2,"featured_media":98760,"comment_status":"closed","ping_status":"closed","sticky":false,"template":"","format":"standard","meta":[],"categories":[7],"tags":[2181,189,710,276],"_links":{"self":[{"href":"https:\/\/www.infokuryr.cz\/n\/wp-json\/wp\/v2\/posts\/105500"}],"collection":[{"href":"https:\/\/www.infokuryr.cz\/n\/wp-json\/wp\/v2\/posts"}],"about":[{"href":"https:\/\/www.infokuryr.cz\/n\/wp-json\/wp\/v2\/types\/post"}],"author":[{"embeddable":true,"href":"https:\/\/www.infokuryr.cz\/n\/wp-json\/wp\/v2\/users\/2"}],"replies":[{"embeddable":true,"href":"https:\/\/www.infokuryr.cz\/n\/wp-json\/wp\/v2\/comments?post=105500"}],"version-history":[{"count":0,"href":"https:\/\/www.infokuryr.cz\/n\/wp-json\/wp\/v2\/posts\/105500\/revisions"}],"wp:featuredmedia":[{"embeddable":true,"href":"https:\/\/www.infokuryr.cz\/n\/wp-json\/wp\/v2\/media\/98760"}],"wp:attachment":[{"href":"https:\/\/www.infokuryr.cz\/n\/wp-json\/wp\/v2\/media?parent=105500"}],"wp:term":[{"taxonomy":"category","embeddable":true,"href":"https:\/\/www.infokuryr.cz\/n\/wp-json\/wp\/v2\/categories?post=105500"},{"taxonomy":"post_tag","embeddable":true,"href":"https:\/\/www.infokuryr.cz\/n\/wp-json\/wp\/v2\/tags?post=105500"}],"curies":[{"name":"wp","href":"https:\/\/api.w.org\/{rel}","templated":true}]}}