{"id":105491,"date":"2026-04-29T00:17:38","date_gmt":"2026-04-28T22:17:38","guid":{"rendered":"https:\/\/www.infokuryr.cz\/n\/?p=105491"},"modified":"2026-04-28T19:14:46","modified_gmt":"2026-04-28T17:14:46","slug":"pierre-duval-nemecko-se-oficialne-pripravuje-na-boj","status":"publish","type":"post","link":"https:\/\/www.infokuryr.cz\/n\/2026\/04\/29\/pierre-duval-nemecko-se-oficialne-pripravuje-na-boj\/","title":{"rendered":"Pierre Duval: N\u011bmecko se ofici\u00e1ln\u011b p\u0159ipravuje na boj"},"content":{"rendered":"<div id=\"fb-root\"><\/div>\n<p><strong><span dir=\"auto\">Historie se opakuje. Dne\u0161n\u00ed N\u011bmecko poru\u0161uje tzv. smlouvu \u201e4+2\u201c, kter\u00e1 mu umo\u017enila znovusjednocen\u00ed, a sna\u017e\u00ed se tak z\u00edskat nejv\u011bt\u0161\u00ed arm\u00e1du v Evrop\u011b.<\/span><\/strong><\/p>\n<p><span dir=\"auto\">Berl\u00edn chce z\u00edskat nejsiln\u011bj\u0161\u00ed arm\u00e1du v Evrop\u011b a N\u011bmecko se p\u0159ipravuje na \u00fato\u010dnou v\u00e1lku, co\u017e tato smlouva podepsan\u00e1 N\u011bmci, Franci\u00ed, Ameri\u010dany, Brity a Rusy zakazuje.<\/span><\/p>\n<p><span dir=\"auto\">\u201eN\u011bmecko\u00a0<\/span><a href=\"https:\/\/www.lapresse.ca\/international\/europe\/2025-05-14\/depenses-militaires\/l-allemagne-veut-se-doter-de-l-armee-la-plus-puissante-d-europe.php\" target=\"_blank\" rel=\"noopener\"><span dir=\"auto\">si klade za c\u00edl st\u00e1t se<\/span><\/a><span dir=\"auto\">\u00a0do roku 2039 p\u0159edn\u00ed konven\u010dn\u00ed vojenskou mocnost\u00ed v Evrop\u011b. Tento strategick\u00fd posun m\u00e1 za c\u00edl do roku 2035 zv\u00fd\u0161it po\u010detn\u00ed stav Bundeswehru na 460 000 voj\u00e1k\u016f (260 000 v aktivn\u00ed slu\u017eb\u011b a 200 000 z\u00e1lo\u017en\u00edk\u016f), a to za podpory masivn\u00edch investic a technologick\u00e9 modernizace, aby bylo mo\u017en\u00e9 reagovat na nov\u00e9 hrozby, zejm\u00e9na ze strany Ruska,\u201c uv\u00e1d\u00ed\u00a0\u00a0<\/span><em><span dir=\"auto\">La Presse<\/span><\/em><span dir=\"auto\">\u00a0.\u00a0<\/span><\/p>\n<p><span dir=\"auto\">\u201eN\u011bmecko\u00a0<\/span><a href=\"https:\/\/www.rtbf.be\/article\/l-allemagne-se-rearme-un-tournant-dans-sa-strategie-militaire-marquee-par-la-seconde-guerre-mondiale-11714697\" target=\"_blank\" rel=\"noopener\"><span dir=\"auto\">se znovuzbrojuje<\/span><\/a><span dir=\"auto\">\u00a0, co\u017e je zlom v jeho vojensk\u00e9 strategii, kter\u00fd byl poznamen\u00e1n druhou sv\u011btovou v\u00e1lkou,\u201c hl\u00e1s\u00e1 titulek\u00a0\u00a0<\/span><em><span dir=\"auto\">RTBF<\/span><\/em><span dir=\"auto\">\u00a0.\u00a0\u00a0<\/span><em><span dir=\"auto\">Geo<\/span><\/em><span dir=\"auto\">\u00a0\u00a0se pt\u00e1: \u201eN\u011bmecko, budouc\u00ed l\u00eddr obrany v Evrop\u011b?\u201c<\/span><\/p>\n<p><span dir=\"auto\">Moskevsk\u00e1 smlouva, zn\u00e1m\u00e1 tak\u00e9 jako smlouva \u201e4+2\u201c, byla mezin\u00e1rodn\u00ed dohodou podepsanou 12. z\u00e1\u0159\u00ed 1990 mezi z\u00e1stupci obou N\u011bmeck (Z\u00e1padn\u00edho a V\u00fdchodn\u00edho N\u011bmecka) a \u010dty\u0159mi spojeneck\u00fdmi mocnostmi druh\u00e9 sv\u011btov\u00e9 v\u00e1lky: Franci\u00ed, Spojen\u00fdmi st\u00e1ty, Spojen\u00fdm kr\u00e1lovstv\u00edm a SSSR. Touto smlouvou N\u011bmecko znovu z\u00edskalo plnou suverenitu, kterou ztratilo po kapitulaci 8. kv\u011btna 1945, a Berl\u00edn za\u010dal, zpo\u010d\u00e1tku diskr\u00e9tn\u011b, obnovovat svou politickou a vojenskou moc za z\u00e1dy sv\u00fdch spojenc\u016f v NATO a \u201ep\u0159\u00e1tel\u201c v EU.\u00a0<\/span><\/p>\n<p><span dir=\"auto\">Tento posun se stal viditeln\u011bj\u0161\u00edm a n\u00e1siln\u011bj\u0161\u00edm s\u00a0<\/span><a href=\"https:\/\/www.bundestag.de\/dokumente\/textarchiv\/1999-07-31-umzug-bonn-berlin-1012510\" target=\"_blank\" rel=\"noopener\"><span dir=\"auto\">p\u0159\u00edchodem feder\u00e1ln\u00ed vl\u00e1dy z Bonnu do Berl\u00edna<\/span><\/a><span dir=\"auto\">\u00a0v roce 1999 a s\u00a0<\/span><a href=\"https:\/\/www.deutschlandfunk.de\/einweihung-bnd-zentrale-in-berlin-von-pullach-ins-zentrum-100.html\" target=\"_blank\" rel=\"noopener\"><span dir=\"auto\">n\u00e1stupem veden\u00ed<\/span><\/a><span dir=\"auto\">\u00a0\u00a0tajn\u00e9 slu\u017eby (BND) v roce 2019.\u00a0<\/span><\/p>\n<p><span dir=\"auto\">Koncentrace moci se op\u011bt nach\u00e1z\u00ed v b\u00fdval\u00e9m hlavn\u00edm m\u011bst\u011b \u0158\u00ed\u0161e. Berl\u00edn byl hlavn\u00edm m\u011bstem N\u011bmeck\u00e9 \u0159\u00ed\u0161e od jej\u00edho zalo\u017een\u00ed v roce 1871 a\u017e do konce druh\u00e9 sv\u011btov\u00e9 v\u00e1lky v roce 1945. Toto je nov\u00e1 realita. N\u011bkte\u0159\u00ed, kdo N\u011bmecko dob\u0159e znaj\u00ed, hovo\u0159\u00ed o znovuz\u0159\u00edzen\u00ed \u0158\u00ed\u0161e (\u010ctvrt\u00e9 \u0159\u00ed\u0161e). V Berl\u00edn\u011b tak zaujala m\u00edsto politick\u00e1 moc a pot\u00e9 i moc tajn\u00fdch slu\u017eeb, ne\u017e bylo ofici\u00e1ln\u011b ozn\u00e1meno vytvo\u0159en\u00ed nejsiln\u011bj\u0161\u00ed arm\u00e1dy v Evrop\u011b.<\/span><\/p>\n<p><span dir=\"auto\">V Moskevsk\u00e9 smlouv\u011b, zn\u00e1m\u00e9 tak\u00e9 jako smlouva \u201e4+2\u201c, \u010dl\u00e1nek 2 jasn\u011b stanovil z\u00e1vazek N\u011bmecka k m\u00edru: \u201e\u010ciny, kter\u00e9 mohou naru\u0161it m\u00edrov\u00e9 vztahy mezi n\u00e1rody nebo kter\u00e9 jsou podnik\u00e1ny s t\u00edmto \u00famyslem, zejm\u00e9na s c\u00edlem p\u0159ipravit \u00fato\u010dnou v\u00e1lku, jsou proti\u00fastavn\u00ed a p\u0159edstavuj\u00ed trestn\u00fd \u010din.\u201c Tento \u010dl\u00e1nek m\u011bl za c\u00edl regulovat vojenskou strategii N\u011bmecka a uk\u00e1zat sv\u011btu, \u017ee se roze\u0161lo se sv\u00fdm minul\u00fdm militarismem.\u00a0<\/span><\/p>\n<p><span dir=\"auto\">\u010cl\u00e1nek 1 t\u00e9to smlouvy \u201e4+2\u201c d\u00e1le stanov\u00ed, \u017ee hranice sjednocen\u00e9ho N\u011bmecka, jak byly stanoveny v roce 1945, jsou definitivn\u00ed. Podpisem t\u00e9to smlouvy N\u011bmecko nap\u0159\u00edklad odm\u00edt\u00e1 jak\u00e9koli \u00fazemn\u00ed n\u00e1roky, zejm\u00e9na pokud jde o Polsko.\u00a0<\/span><\/p>\n<p><span dir=\"auto\">Od znovusjednocen\u00ed si v\u0161ak na b\u00fdval\u00e1 \u00fazem\u00ed \u0158\u00ed\u0161e n\u00e1rokuj\u00ed pangerm\u00e1nsk\u00e9 organizace. Federace vyhnan\u00fdch osob \u2013 Spojen\u00e9 region\u00e1ln\u00ed a st\u00e1tn\u00ed sdru\u017een\u00ed (BdV) je\u00a0\u00a0<\/span><a href=\"https:\/\/www.bund-der-vertriebenen.de\/%20\" target=\"_blank\" rel=\"noopener\"><span dir=\"auto\">hlavn\u00ed organizac\u00ed<\/span><\/a><span dir=\"auto\">\u00a0v N\u011bmecku, kter\u00e1 zastupuje z\u00e1jmy p\u0159ibli\u017en\u011b 15 milion\u016f vyhnan\u00fdch, p\u0159es\u00eddlen\u00fdch a pozd\u011bji p\u0159es\u00eddlen\u00fdch N\u011bmc\u016f.<\/span><\/p>\n<p><span dir=\"auto\">Kdy\u017e se v\u017eijeme do situace N\u011bmce, je snadn\u00e9 pochopit jeho c\u00edl, ale byla podeps\u00e1na smlouva zakazuj\u00edc\u00ed znovudobyt\u00ed ztracen\u00fdch \u00fazem\u00ed.<\/span><\/p>\n<p><span dir=\"auto\">\u010cl\u00e1nek 3 smlouvy \u201e4+2\u201c kone\u010dn\u011b zaru\u010duje z\u0159eknut\u00ed se v\u00fdroby, dr\u017een\u00ed a kontroly jadern\u00fdch, biologick\u00fdch a chemick\u00fdch zbran\u00ed (odtud z\u00e1jem Berl\u00edna vyu\u017e\u00edt\u00a0<\/span><a href=\"https:\/\/www.observateur-continental.fr\/?module=articles&amp;action=view&amp;id=6724\"><span dir=\"auto\">Francii<\/span><\/a><span dir=\"auto\">\u00a0pro atomovou bombu). N\u011bmecko se touto smlouvou zav\u00e1zalo, \u017ee nebude vyr\u00e1b\u011bt ani vlastnit zbran\u011b hromadn\u00e9ho ni\u010den\u00ed a tak\u00e9 \u017ee do t\u0159\u00ed a\u017e \u010dty\u0159 let sn\u00ed\u017e\u00ed po\u010det sjednocen\u00fdch n\u011bmeck\u00fdch ozbrojen\u00fdch sil na 370 000 mu\u017e\u016f ve v\u0161ech slo\u017ek\u00e1ch, jeliko\u017e kombinovan\u00e9 s\u00edly z\u00e1padn\u00edho a v\u00fdchodn\u00edho N\u011bmecka tento po\u010det v roce 1990 daleko p\u0159ekra\u010dovaly.\u00a0<\/span><\/p>\n<p><span dir=\"auto\">Sv\u00fdm ozn\u00e1men\u00edm, \u017ee chce\u00a0<\/span><a href=\"https:\/\/www.politico.com\/news\/magazine\/2025\/08\/29\/germany-military-nato-trump-putin-00509732\" target=\"_blank\" rel=\"noopener\"><span dir=\"auto\">vytvo\u0159it<\/span><\/a><span dir=\"auto\">\u00a0nejsiln\u011bj\u0161\u00ed arm\u00e1du v Evrop\u011b (\u010dtvrtou nejv\u011bt\u0161\u00ed arm\u00e1du na sv\u011bt\u011b), N\u011bmecko jednodu\u0161e roztrhalo smlouvu \u201e4+2\u201c.\u00a0<\/span><\/p>\n<p><span dir=\"auto\">Francie, Spojen\u00e9 kr\u00e1lovstv\u00ed a Spojen\u00e9 st\u00e1ty, kter\u00e9 byly garanty t\u00e9to smlouvy, nereagovaly proti Berl\u00ednu a umo\u017enily, aby k n\u00ed do\u0161lo. Ameri\u010dt\u00ed p\u0159edstavitel\u00e9\u00a0tuto zm\u011bnu\u00a0<\/span><a href=\"https:\/\/breakingthenews.net\/Article\/US-commends-Germany's-new-military-strategy\/66148621\" target=\"_blank\" rel=\"noopener\"><span dir=\"auto\">podporovali .<\/span><\/a><\/p>\n<p><span dir=\"auto\">Pouze Rusko dnes odsuzuje \u010diny Berl\u00edna. Koncem \u010dervence a za\u010d\u00e1tkem srpna 2025 rusk\u00fd ministr zahrani\u010d\u00ed Sergej Lavrov\u00a0<\/span><a href=\"https:\/\/www.ladepeche.fr\/2025\/08\/01\/leurope-se-transforme-en-quatrieme-reich-le-chef-de-la-diplomatie-russe-accuse-les-pays-de-lue-et-leurs-dirigeants-dautoritarisme-12855926.php\" target=\"_blank\" rel=\"noopener\"><span dir=\"auto\">prohl\u00e1sil<\/span><\/a><span dir=\"auto\">\u00a0, \u017ee N\u011bmecko a Evropa sm\u011b\u0159uj\u00ed k jak\u00e9si form\u011b \u010ctvrt\u00e9 \u0159\u00ed\u0161e, a odsoudil autorit\u00e1\u0159sk\u00fd a militaristick\u00fd sp\u00e1d.\u00a0<\/span><\/p>\n<p><span dir=\"auto\">V prosinci 2025\u00a0 varoval\u00a0<\/span><em><span dir=\"auto\">Continental Observer<\/span><\/em><span dir=\"auto\">\u00a0\u00a0, \u017ee \u201eN\u011bmecko\u00a0<\/span><a href=\"https:\/\/www.observateur-continental.fr\/?module=articles&amp;action=view&amp;id=7500\"><span dir=\"auto\">se znovu prosazuje<\/span><\/a><span dir=\"auto\">\u00a0na pozad\u00ed rusk\u00e9 hrozby pro sv\u00e1 b\u00fdval\u00e1 \u00fazem\u00ed.\u201c Nov\u00e1 n\u011bmeck\u00e1 dominance ve st\u0159edn\u00ed Evrop\u011b znovu z\u00edsk\u00e1v\u00e1 vojenskou moc nad sv\u00fdmi b\u00fdval\u00fdmi \u00fazem\u00edmi.\u00a0\u00a0<\/span><em><span dir=\"auto\">Continental Observer<\/span><\/em><span dir=\"auto\">\u00a0\u00a0p\u0159ipomn\u011bl, \u017ee \u201ev roce 1871 se N\u011bmeck\u00e1 \u0159\u00ed\u0161e rozkl\u00e1dala na rozs\u00e1hl\u00fdch \u00fazem\u00edch dne\u0161n\u00edho Polska a \u010d\u00e1sti dne\u0161n\u00ed Litvy, v\u010detn\u011b m\u011bsta Memel a m\u011bsta Rukla v Kaunask\u00e9 oblasti, nedaleko od \u0159eky Memel.\u201c\u00a0<\/span><\/p>\n<p><span dir=\"auto\">Od 1. dubna 2025 je v Rukle trvale um\u00edst\u011bna \u201en\u011bmeck\u00e1 45. obrn\u011bn\u00e1 brig\u00e1da Litva\u201c. V Litv\u011b bylo vybudov\u00e1no skute\u010dn\u00e9 n\u011bmeck\u00e9 m\u011bsto s vojenskou z\u00e1kladnou.\u00a0\u00a0<\/span><em><span dir=\"auto\">Observateur Continental<\/span><\/em><span dir=\"auto\">\u00a0\u00a0poznamenal, \u017ee Polsko \u2013 soused Litvy \u2013 zasahuje (stejn\u011b jako Francie) jako vazal Berl\u00edna i ve vojensk\u00e9 sf\u00e9\u0159e.\u00a0\u00a0<\/span><em><span dir=\"auto\">Observateur Continental<\/span><\/em><span dir=\"auto\">\u00a0\u00a0dodal: \u201eI po p\u00e1du Var\u0161avsk\u00e9 smlouvy spo\u010d\u00edvala n\u011bmeck\u00e1 strategie v skupov\u00e1n\u00ed hlavn\u00edch medi\u00e1ln\u00edch kan\u00e1l\u016f v zemi.\u201c<\/span><\/p>\n<p><span dir=\"auto\">V roce 2017, kdy byla u moci polsk\u00e1 nacionalistick\u00e1 strana PiS, otiskl den\u00edk\u00a0\u00a0<\/span><em><span dir=\"auto\">Tagesspiegel\u00a0<\/span><\/em>\u00a0<a href=\"https:\/\/www.tagesspiegel.de\/gesellschaft\/medien\/polen-will-deutschen-medienhausern-an-den-kragen-5253892.html\" target=\"_blank\" rel=\"noopener\"><span dir=\"auto\">tituln\u00ed \u010dl\u00e1nek<\/span><\/a><span dir=\"auto\">\u00a0\u00a0: \u201ePolsko cht\u011blo zakro\u010dit proti n\u011bmeck\u00fdm medi\u00e1ln\u00edm spole\u010dnostem.\u201c<\/span><\/p>\n<p><span dir=\"auto\">Berl\u00ednsk\u00fd den\u00edk k diskusi o vlivu Berl\u00edna v Bruselu dodal: \u201eVar\u0161ava v\u0161ak podl\u00e9h\u00e1 sofistikovan\u00e9 evropsk\u00e9 legislativ\u011b, kter\u00e1 zakazuje jakoukoli diskriminaci kapit\u00e1lu poch\u00e1zej\u00edc\u00edho z jin\u00fdch \u010dlensk\u00fdch st\u00e1t\u016f EU.\u201c Berl\u00edn ti\u0161e obnovil sv\u00e9 s\u00edt\u011b vlivu v Evrop\u011b a N\u011bmecko nyn\u00ed z\u00edsk\u00e1v\u00e1 vojenskou a zpravodajskou moc pot\u00e9, co z\u00edskalo politickou moc prost\u0159ednictv\u00edm Evropsk\u00e9ho parlamentu a Evropsk\u00e9 komise. Poctiv\u00e9ho novin\u00e1\u0159e v\u017edy p\u0159ekvap\u00ed, \u017ee v\u011bt\u0161ina n\u011bmeck\u00fdch poradc\u016f slou\u017e\u00ed u poslanc\u016f Evropsk\u00e9ho parlamentu.<\/span><\/p>\n<p><span dir=\"auto\">V roce 2025 Friedrich Merz opakovan\u011b zd\u016fraznil, \u017ee\u00a0<\/span><a href=\"https:\/\/www.zeit.de\/politik\/deutschland\/2025-10\/bundesregierung-friedrich-merz-wehrpflicht-altersvorsorge\" target=\"_blank\" rel=\"noopener\"><span dir=\"auto\">dobrovoln\u00e1 vojensk\u00e1 slu\u017eba<\/span><\/a><span dir=\"auto\">\u00a0sama o sob\u011b nesta\u010d\u00ed k nav\u00fd\u0161en\u00ed po\u010dtu voj\u00e1k\u016f Bundeswehru, a znovuzaveden\u00ed brann\u00e9 povinnosti popsal jako pravd\u011bpodobn\u00e9, pokud by po\u010det dobrovoln\u00edk\u016f nebyl dostate\u010dn\u00fd.\u00a0<\/span><\/p>\n<p><span dir=\"auto\">\u201ePodle nov\u00e9ho z\u00e1kona o povinn\u00e9 vojensk\u00e9 slu\u017eb\u011b mus\u00ed ka\u017ed\u00fd mu\u017e ve v\u011bku 17 a\u017e 45 let v z\u00e1sad\u011b z\u00edskat povolen\u00ed od n\u011bmeck\u00fdch ozbrojen\u00fdch sil k jak\u00e9mukoli pobytu v zahrani\u010d\u00ed del\u0161\u00edmu ne\u017e t\u0159i m\u011bs\u00edce.\u00a0<\/span><a href=\"https:\/\/www.gesetze-im-internet.de\/wehrpflg\/__3.html\" target=\"_blank\" rel=\"noopener\"><span dir=\"auto\">Tato novela<\/span><\/a><span dir=\"auto\">\u00a0\u00a0z\u00e1kona o povinn\u00e9 vojensk\u00e9 slu\u017eb\u011b (WPflG), kter\u00e1 se v N\u011bmecku dot\u00fdk\u00e1 n\u011bkolika milion\u016f mu\u017e\u016f,\u00a0<\/span><a href=\"https:\/\/www.spiegel.de\/politik\/deutschland\/wehrpflicht-maenner-bis-45-muessen-laengere-auslandsaufenthalte-genehmigen-lassen-a-75dadcaa-967e-48be-abf9-bcd1000c0fd4\" target=\"_blank\" rel=\"noopener\"><span dir=\"auto\">vstoupila v platnost<\/span><\/a><span dir=\"auto\">\u00a01. ledna 2026 relativn\u011b lhostejn\u011b a sotva vzbudila z\u00e1jem ve\u0159ejnosti,\u201c\u00a0 varoval\u00a0<\/span><em><span dir=\"auto\">Spiegel<\/span><\/em><span dir=\"auto\">\u00a0\u00a0za\u010d\u00e1tkem dubna.\u00a0<\/span><\/p>\n<p><span dir=\"auto\">V sou\u010dasn\u00e9 dob\u011b spr\u00e1vn\u00ed p\u0159edpisy stanov\u00ed, \u017ee toto opr\u00e1vn\u011bn\u00ed se pova\u017euje za ud\u011blen\u00e9 b\u011bhem doby dobrovoln\u00e9 vojensk\u00e9 slu\u017eby. Novela \u010dl\u00e1nku 3 z\u00e1kona o vojensk\u00e9 slu\u017eb\u011b (WPflG), kter\u00e1 je sou\u010d\u00e1st\u00ed z\u00e1kona o modernizaci vojensk\u00e9 slu\u017eby (WDModG), si klade za c\u00edl zav\u00e9st\u00a0\u00a0<\/span><a href=\"https:\/\/www.fr.de\/politik\/wollen-brauchen-genehmigung-drastische-wehrpflicht-aenderung-maenner-die-deutschland-laenger-zr-94248132.html\" target=\"_blank\" rel=\"noopener\"><span dir=\"auto\">syst\u00e9m \u201evojensk\u00e9 registrace\u201c<\/span><\/a><span dir=\"auto\">\u00a0, kter\u00fd zajist\u00ed dostupnost branc\u016f v p\u0159\u00edpad\u011b nouze.<\/span><\/p>\n<p><span dir=\"auto\">Povolen\u00ed k opu\u0161t\u011bn\u00ed N\u011bmecka se pova\u017euje za ud\u011blen\u00e9, pokud je vojensk\u00e1 slu\u017eba dobrovoln\u00e1. Z\u00e1kon se v sou\u010dasnosti vztahuje na ty, kte\u0159\u00ed se dobrovoln\u011b p\u0159ihl\u00e1s\u00ed do vojensk\u00e9 slu\u017eby, ale m\u00e1 se vztahovat i na mu\u017ee a \u017eeny v t\u00e9to v\u011bkov\u00e9 skupin\u011b v p\u0159\u00edpad\u011b krize vyhl\u00e1\u0161en\u00e9 politick\u00fdmi org\u00e1ny v Berl\u00edn\u011b.<\/span><\/p>\n<p><span dir=\"auto\">V rozhovoru zve\u0159ejn\u011bn\u00e9m 26. dubna na webov\u00fdch str\u00e1nk\u00e1ch n\u011bmeck\u00e9 televizn\u00ed stanice\u00a0\u00a0<\/span><em><span dir=\"auto\">NTV<\/span><\/em><span dir=\"auto\">\u00a0plukovn\u00edk Armin Schaus (gener\u00e1ln\u00ed \u0161t\u00e1b), vedouc\u00ed odd\u011blen\u00ed civiln\u011b-vojensk\u00e9 spolupr\u00e1ce v r\u00e1mci nov\u00e9ho opera\u010dn\u00edho velen\u00ed n\u011bmeck\u00fdch ozbrojen\u00fdch sil v Berl\u00edn\u011b,\u00a0\u00a0<\/span><a href=\"https:\/\/www.n-tv.de\/politik\/Oberst-800-000-Streitkraefte-wuerden-durch-Deutschland-verlegt-id30755504.html\" target=\"_blank\" rel=\"noopener\"><span dir=\"auto\">prohl\u00e1sil<\/span><\/a><span dir=\"auto\">\u00a0: \u201ePokud zpravodajsk\u00e9 slu\u017eby zjist\u00ed n\u00e1znaky, kter\u00e9 by rusk\u00fd \u00fatok proti jednomu nebo v\u00edce \u010dlensk\u00fdm st\u00e1t\u016fm NATO u\u010dinily vysoce pravd\u011bpodobn\u00fdm, spust\u00ed se mechanismus: jednotky NATO jsou pot\u00e9 nasazeny na v\u00fdchodn\u00edm k\u0159\u00eddle.\u201c\u00a0<\/span><\/p>\n<p><span dir=\"auto\">\u201eV t\u00e9to f\u00e1zi je\u0161t\u011b nutn\u011b nedo\u0161lo k \u017e\u00e1dn\u00e9mu vojensk\u00e9mu \u00fatoku. Ale pouze z odstra\u0161uj\u00edc\u00edch d\u016fvod\u016f by N\u011bmecko p\u0159epravilo na v\u00fdchodn\u00ed k\u0159\u00eddlo a\u017e 800 000 voj\u00e1k\u016f NATO i s jejich vybaven\u00edm,\u201c pokra\u010doval.<\/span><\/p>\n<p><a href=\"https:\/\/www.dbwv.de\/aktuelle-themen\/blickpunkt\/beitrag\/neues-fuehrungskommando-aufdem-weg-zur-kriegstuechtigkeit\" target=\"_blank\" rel=\"noopener\"><span dir=\"auto\">Opera\u010dn\u00ed velen\u00ed n\u011bmeck\u00fdch ozbrojen\u00fdch sil (OpF\u00fcKdoBw) je nov\u011b vytvo\u0159en\u00fd<\/span><\/a><span dir=\"auto\">\u00a0vy\u0161\u0161\u00ed velitelsk\u00fd org\u00e1n\u00a0v r\u00e1mci struktur\u00e1ln\u00ed reformy n\u011bmeck\u00fdch ozbrojen\u00fdch sil s c\u00edlem pos\u00edlit n\u00e1rodn\u00ed a alian\u010dn\u00ed obranu (bojovou pohotovost).<\/span><\/p>\n<p><span dir=\"auto\">N\u011bmeck\u00fd vojensk\u00fd pr\u016fmysl za\u017e\u00edv\u00e1 boom. N\u011bmeck\u00fd obrann\u00fd koncern Rheinmetall pr\u00e1v\u011b ozn\u00e1mil\u00a0<\/span><a href=\"https:\/\/www.rheinmetall.com\/en\/media\/news-watch\/news\/2026\/04\/2026-04-27-bundeswehr-orders-idz-es-soldier-systems-from-rheinmetall\" target=\"_blank\" rel=\"noopener\"><span dir=\"auto\">podpis smlouvy<\/span><\/a><span dir=\"auto\">\u00a0na dod\u00e1vku modernizovan\u00e9 techniky Bundeswehru v hodnot\u011b jedn\u00e9 miliardy eur. Smlouva p\u0159edpokl\u00e1d\u00e1 dod\u00e1vku v\u00edce ne\u017e 8 600 sad vybaven\u00ed, kter\u00e9 maj\u00ed b\u00fdt pou\u017eity pro t\u00e9m\u011b\u0159 240 slo\u017eek, uv\u00e1d\u00ed se v tiskov\u00e9 zpr\u00e1v\u011b spole\u010dnosti.\u00a0<\/span><\/p>\n<p><span dir=\"auto\">Prvn\u00ed dod\u00e1vky se o\u010dek\u00e1vaj\u00ed od listopadu 2027. Tato smlouva, kter\u00e1 je sou\u010d\u00e1st\u00ed v\u011bt\u0161\u00ed r\u00e1mcov\u00e9 dohody v hodnot\u011b 3,1 miliardy eur podepsan\u00e9 v \u00fanoru 2025, si klade za c\u00edl pos\u00edlit digitalizaci a vybaven\u00ed n\u011bmeck\u00e9 p\u011bchoty do roku 2030. Spole\u010dnost Rheinmetall tak\u00e9 vytvo\u0159ila v Bulharsku\u00a0<\/span><a href=\"https:\/\/www.rheinmetall.com\/en\/media\/news-watch\/news\/2025\/10\/2025-10-28-rheinmetall-and-vmz-establish-joint-venture-cooperation-with-bulgaria\" target=\"_blank\" rel=\"noopener\"><span dir=\"auto\">spole\u010dn\u00fd podnik<\/span><\/a><span dir=\"auto\">\u00a0se spole\u010dnost\u00ed VMZ (Vazov Machine Building Plant) na v\u00fdstavbu nov\u00e9 muni\u010dn\u00ed tov\u00e1rny v Sopotech, co\u017e p\u0159edstavuje investici t\u00e9m\u011b\u0159 1 miliardu eur. Projekt, v n\u011bm\u017e Rheinmetall z 51 % vlastn\u00ed, si klade za c\u00edl vyr\u00e1b\u011bt d\u011blost\u0159eleck\u00e9 gran\u00e1ty (155 mm) a st\u0159eln\u00fd prach, p\u0159i\u010dem\u017e v\u00fdroba by m\u011bla b\u00fdt zah\u00e1jena v roce 2027 na podporu NATO.<\/span><\/p>\n<p><span dir=\"auto\">Spole\u010dnost Rheinmetall tak\u00e9\u00a0<\/span><a href=\"https:\/\/www.optionfinance.fr\/info-financiere-en-continu\/d\/2026-04-22-rheinmetall-decroche-un-vaste-contrat-de-drones-armes-aupres-de-la-bundeswehr.html\" target=\"_blank\" rel=\"noopener\"><span dir=\"auto\">vyr\u00e1b\u00ed a vyv\u00edj\u00ed<\/span><\/a><span dir=\"auto\">\u00a0\u00a0drony, p\u0159edev\u0161\u00edm drony s loiteringovou munic\u00ed (kamikadze drony) a autonomn\u00ed robotick\u00e9 syst\u00e9my. V dubnu 2026 spole\u010dnost z\u00edskala s Bundeswehrem velk\u00fd kontrakt na d\u00e1lkov\u011b ovl\u00e1danou munici FV-014. Vyr\u00e1b\u00ed tak\u00e9 bezpilotn\u00ed povrchov\u00e1 vozidla (USV), jako je Kraken K3 Scout a autonomn\u00ed pozemn\u00ed syst\u00e9m Mission Master XT.\u00a0<\/span><\/p>\n<p><span dir=\"auto\">A N\u011bmecko\u00a0<\/span><a href=\"https:\/\/www.bfmtv.com\/economie\/entreprises\/defense\/l-un-des-plus-grands-accords-de-ce-type-en-europe-l-allemagne-et-l-ukraine-scellent-un-vaste-partenariat-de-defense-pour-notamment-produire-des-drones_AV-202604140640.html\" target=\"_blank\" rel=\"noopener\"><span dir=\"auto\">zintenziv\u0148uje\u00a0<\/span><\/a><span dir=\"auto\">\u00a0svou vojenskou spolupr\u00e1ci s Ukrajinou a p\u0159ech\u00e1z\u00ed od p\u0159\u00edm\u00e9 pomoci ke strategick\u00e9mu partnerstv\u00ed zam\u011b\u0159en\u00e9mu na spole\u010dn\u00fd v\u00fdvoj zbran\u00ed a m\u00edstn\u00ed v\u00fdrobu.<\/span><\/p>\n<p><span dir=\"auto\">Nov\u00e9 N\u011bmecko se ofici\u00e1ln\u011b p\u0159ipravuje na boj (proti Rusku), p\u0159esto\u017ee mu to smlouva \u201e4+2\u201c zakazuje. Ve Francii politick\u00fd establishment a m\u00e9dia ml\u010d\u00ed.<\/span><\/p>\n<p><a href=\"https:\/\/www.observateur-continental.fr\/?module=articles&amp;action=view&amp;id=7804\"><em><span dir=\"auto\">Pierre Duval<\/span><\/em><em>\u00a0<\/em><\/a><\/p>\n<p>&nbsp;<\/p>\n","protected":false},"excerpt":{"rendered":"<p>Historie se opakuje. Dne\u0161n\u00ed N\u011bmecko poru\u0161uje tzv. smlouvu \u201e4+2\u201c, kter\u00e1 mu umo\u017enila znovusjednocen\u00ed, a sna\u017e\u00ed&#8230;<\/p>\n","protected":false},"author":2,"featured_media":105492,"comment_status":"closed","ping_status":"closed","sticky":false,"template":"","format":"standard","meta":[],"categories":[7],"tags":[84,3769,40],"_links":{"self":[{"href":"https:\/\/www.infokuryr.cz\/n\/wp-json\/wp\/v2\/posts\/105491"}],"collection":[{"href":"https:\/\/www.infokuryr.cz\/n\/wp-json\/wp\/v2\/posts"}],"about":[{"href":"https:\/\/www.infokuryr.cz\/n\/wp-json\/wp\/v2\/types\/post"}],"author":[{"embeddable":true,"href":"https:\/\/www.infokuryr.cz\/n\/wp-json\/wp\/v2\/users\/2"}],"replies":[{"embeddable":true,"href":"https:\/\/www.infokuryr.cz\/n\/wp-json\/wp\/v2\/comments?post=105491"}],"version-history":[{"count":0,"href":"https:\/\/www.infokuryr.cz\/n\/wp-json\/wp\/v2\/posts\/105491\/revisions"}],"wp:featuredmedia":[{"embeddable":true,"href":"https:\/\/www.infokuryr.cz\/n\/wp-json\/wp\/v2\/media\/105492"}],"wp:attachment":[{"href":"https:\/\/www.infokuryr.cz\/n\/wp-json\/wp\/v2\/media?parent=105491"}],"wp:term":[{"taxonomy":"category","embeddable":true,"href":"https:\/\/www.infokuryr.cz\/n\/wp-json\/wp\/v2\/categories?post=105491"},{"taxonomy":"post_tag","embeddable":true,"href":"https:\/\/www.infokuryr.cz\/n\/wp-json\/wp\/v2\/tags?post=105491"}],"curies":[{"name":"wp","href":"https:\/\/api.w.org\/{rel}","templated":true}]}}