{"id":105481,"date":"2026-04-28T00:25:22","date_gmt":"2026-04-27T22:25:22","guid":{"rendered":"https:\/\/www.infokuryr.cz\/n\/?p=105481"},"modified":"2026-04-28T02:16:46","modified_gmt":"2026-04-28T00:16:46","slug":"ondrej-prokop-chteji-spojene-staty-evropske-jako-vazne-rakusan-priznal-telefonovani-z-sifraku","status":"publish","type":"post","link":"https:\/\/www.infokuryr.cz\/n\/2026\/04\/28\/ondrej-prokop-chteji-spojene-staty-evropske-jako-vazne-rakusan-priznal-telefonovani-z-sifraku\/","title":{"rendered":"Ond\u0159ej Prokop: Cht\u011bj\u00ed Spojen\u00e9 st\u00e1ty evropsk\u00e9? Jako v\u00e1\u017en\u011b? Raku\u0161an p\u0159iznal telefonov\u00e1n\u00ed z \u0161ifr\u00e1ku"},"content":{"rendered":"<div id=\"fb-root\"><\/div>\n<p>Prezident Pavel chce z unie ud\u011blat Spojen\u00e9 st\u00e1ty evropsk\u00e9. \u0158ekl to minul\u00fd t\u00fdden novin\u00e1\u0159\u016fm. Sahaj\u00ed snad jeho ambice tak vysoko, \u017ee se tou\u017e\u00ed st\u00e1t i prezidentem cel\u00e9 Evropy? Grolich mu jako nov\u00fd \u0161\u00e9f KDU-\u010cSL ka\u017edop\u00e1dn\u011b vyj\u00e1d\u0159il podporu a po\u017eaduje v \u010cesku zav\u00e9st euro. To snad ne..\ud83d\ude48<\/p>\n<p>\ud83d\udc49 Raku\u0161an kone\u010dn\u011b p\u0159iznal, \u017ee tak\u00e9 pou\u017e\u00edval \u0161ifrovan\u00fd telefon, kter\u00fd m\u011bla mafi\u00e1nsk\u00e1 banda z Dozimetru. Celou dobu p\u0159itom tvrdil, \u017ee ho m\u011bly pouze jeho d\u011bti jako hra\u010dku, a najednou z n\u011bj leze pravda jako z chlupat\u00e9 deky. Vy\u0161et\u0159ov\u00e1n\u00ed Dozimetru ka\u017edop\u00e1dn\u011b pokra\u010duje, tak uvid\u00edme, s \u010d\u00edm p\u0159ijde policie!<\/p>\n<p>\ud83d\udc49 Ministr Tejc podal trestn\u00ed ozn\u00e1men\u00ed kv\u016fli auditu v bitcoinov\u00e9 kauze, kter\u00fd p\u0159inesl podez\u0159en\u00ed na zneu\u017eit\u00ed pravomoc\u00ed a poru\u0161en\u00ed povinnost\u00ed p\u0159i spr\u00e1v\u011b ciz\u00edho majetku. Jak je vid\u011bt, vl\u00e1da pln\u00ed sv\u00e9 sliby a pracuje na n\u00e1prav\u011b v\u0161eho, \u010deho se dopustila Fialova koalice.<\/p>\n<p>\ud83d\udc49 P\u0159edseda Sen\u00e1tu Milo\u0161 Vystr\u010dil se zlob\u00ed, \u017ee na svoji cestu na Tchaj-wan nedostal speci\u00e1ln\u00ed vl\u00e1dn\u00ed letoun. Dle sv\u00fdch slov to pova\u017euje za podraz a polet\u00ed nakonec b\u011b\u017enou linkou. Zapla\u0165p\u00e1nb\u016fh.<\/p>\n<p>\ud83d\udc49 V Praze jsme navrhli konkr\u00e9tn\u00ed pl\u00e1n na vybudov\u00e1n\u00ed modern\u00edho st\u0159edo\u0161kolsk\u00e9ho kampusu pro tis\u00edce student\u016f, abychom vy\u0159e\u0161ili kritick\u00fd nedostatek m\u00edst na \u0161kol\u00e1ch. Reakce vl\u00e1dnouc\u00ed koalice v Praze? Smetli to ze stolu. Necht\u011bj\u00ed se o tom ani bavit.<\/p>\n<p>\ud83d\udc49 Koalice se necht\u011bla ale bavit ani o podivn\u00e9m n\u00e1kupu budov za 649 milion\u016f K\u010d, jejich\u017e re\u00e1ln\u00e1 hodnota byla pouze kolem 300 mil. N\u00e1kup prov\u00e1z\u00ed od po\u010d\u00e1tku podivn\u00e9 okolnosti a koalice ODS s Pir\u00e1ty nechce nic vysv\u011btlovat.<\/p>\n<p>\ud83d\udc49 Pir\u00e1ti v\u00e1m u\u017e taky p\u0159ipravuj\u00ed dal\u0161\u00ed z\u00e1kazy. Pir\u00e1tsk\u00fd radn\u00ed Ber\u00e1nek chce v l\u00e9t\u011b uzav\u0159\u00edt Smetanovo n\u00e1b\u0159e\u017e\u00ed a \u010d\u00e1st Mal\u00e9 Strany. Starostov\u00e9 okoln\u00edch \u010d\u00e1st\u00ed protestuj\u00ed. M\u00edsto stavby okruh\u016f a P+R parkovi\u0161\u0165 jen dal\u0161\u00ed komplikace pro v\u0161echny, kte\u0159\u00ed v Praze \u017eij\u00ed a pracuj\u00ed.<\/p>\n<p>\ud83d\udc49 Praha p\u0159edstavila novou grafiku na tramvajov\u00fdch zast\u00e1vk\u00e1ch. Probl\u00e9m? N\u00e1zvy jsou tak mal\u00e9, \u017ee je skoro nep\u0159e\u010dtete. Vysv\u011btlen\u00ed koalice je ale je\u0161t\u011b lep\u0161\u00ed. Pr\u00fd podle jejich pr\u016fzkumu n\u00e1zev zast\u00e1vky pro lidi nen\u00ed tak d\u016fle\u017eit\u00fd. Co\u017ee?<\/p>\n<p>To v\u0161e a mnohem v\u00edc se dozv\u00edte ve 178. epizod\u011b m\u00e9ho politick\u00e9ho podcastu. D\u011bkuji v\u00e1m p\u0159edem za zhl\u00e9dnut\u00ed a pros\u00edm o dal\u0161\u00ed sd\u00edlen\u00ed, a\u0165 se pravdu dozv\u00ed co nejv\u00edc lid\u00ed! T\u011b\u0161\u00edm se na dotazy i koment\u00e1\u0159e!<\/p>\n<p><iframe loading=\"lazy\" title=\"Cht\u011bj\u00ed Spojen\u00e9 st\u00e1ty evropsk\u00e9? Jako v\u00e1\u017en\u011b? Raku\u0161an p\u0159iznal telefonov\u00e1n\u00ed z \u0161ifr\u00e1ku. | \u010cau Praho #178\" width=\"640\" height=\"360\" src=\"https:\/\/www.youtube.com\/embed\/Xz5mcBStRlk?feature=oembed\" frameborder=\"0\" allow=\"accelerometer; autoplay; clipboard-write; encrypted-media; gyroscope; picture-in-picture; web-share\" referrerpolicy=\"strict-origin-when-cross-origin\" allowfullscreen><\/iframe><\/p>\n<p>Ing. Ond\u0159ej Prokop<\/p>\n<p>&nbsp;<\/p>\n","protected":false},"excerpt":{"rendered":"<p>Prezident Pavel chce z unie ud\u011blat Spojen\u00e9 st\u00e1ty evropsk\u00e9. \u0158ekl to minul\u00fd t\u00fdden novin\u00e1\u0159\u016fm. Sahaj\u00ed&#8230;<\/p>\n","protected":false},"author":2,"featured_media":103368,"comment_status":"closed","ping_status":"closed","sticky":false,"template":"","format":"standard","meta":[],"categories":[6],"tags":[41,1503,1173],"_links":{"self":[{"href":"https:\/\/www.infokuryr.cz\/n\/wp-json\/wp\/v2\/posts\/105481"}],"collection":[{"href":"https:\/\/www.infokuryr.cz\/n\/wp-json\/wp\/v2\/posts"}],"about":[{"href":"https:\/\/www.infokuryr.cz\/n\/wp-json\/wp\/v2\/types\/post"}],"author":[{"embeddable":true,"href":"https:\/\/www.infokuryr.cz\/n\/wp-json\/wp\/v2\/users\/2"}],"replies":[{"embeddable":true,"href":"https:\/\/www.infokuryr.cz\/n\/wp-json\/wp\/v2\/comments?post=105481"}],"version-history":[{"count":0,"href":"https:\/\/www.infokuryr.cz\/n\/wp-json\/wp\/v2\/posts\/105481\/revisions"}],"wp:featuredmedia":[{"embeddable":true,"href":"https:\/\/www.infokuryr.cz\/n\/wp-json\/wp\/v2\/media\/103368"}],"wp:attachment":[{"href":"https:\/\/www.infokuryr.cz\/n\/wp-json\/wp\/v2\/media?parent=105481"}],"wp:term":[{"taxonomy":"category","embeddable":true,"href":"https:\/\/www.infokuryr.cz\/n\/wp-json\/wp\/v2\/categories?post=105481"},{"taxonomy":"post_tag","embeddable":true,"href":"https:\/\/www.infokuryr.cz\/n\/wp-json\/wp\/v2\/tags?post=105481"}],"curies":[{"name":"wp","href":"https:\/\/api.w.org\/{rel}","templated":true}]}}