{"id":105480,"date":"2026-04-28T00:22:08","date_gmt":"2026-04-27T22:22:08","guid":{"rendered":"https:\/\/www.infokuryr.cz\/n\/?p=105480"},"modified":"2026-04-28T02:15:51","modified_gmt":"2026-04-28T00:15:51","slug":"zdenek-koudelka-prezident-ma-svobodu-projevu","status":"publish","type":"post","link":"https:\/\/www.infokuryr.cz\/n\/2026\/04\/28\/zdenek-koudelka-prezident-ma-svobodu-projevu\/","title":{"rendered":"Zden\u011bk Koudelka: Prezident m\u00e1 svobodu projevu"},"content":{"rendered":"<div id=\"fb-root\"><\/div>\n<p>Prezident Petr Pavel podpo\u0159il vznik Spojen\u00fdch st\u00e1t\u016f evropsk\u00fdch, tedy federalizaci Evropsk\u00e9 unie. Mnoho lid\u00ed jeho pl\u00e1n kritizuje jako \u0161patn\u00fd projekt pro \u010cechy, Moravu a Slezsko. N\u011bkte\u0159\u00ed nesouhlas\u00ed, \u017ee to \u0159ekl jako prezident.<\/p>\n<p><strong>Politick\u00fd nesouhlas ANO, vol\u00e1n\u00ed po abdikaci \u010di sesazen\u00ed NE<\/strong><\/p>\n<p>\u017de by dne\u0161n\u00ed byrokraticky a oligarchick\u00fd bruselsk\u00fd moloch, kter\u00fd se soust\u0159e\u010fuje na ob\u00edr\u00e1n\u00ed ob\u010dan\u016f Evropsk\u00e9 unie o pen\u00edze, aby je p\u0159erozd\u011bloval pro vybran\u00e9 skupiny, z\u00edskal v\u00edce moci a pos\u00edlil panstv\u00ed nad ob\u010dany i \u010dlensk\u00fdmi st\u00e1ty, pova\u017euji za vidinu politick\u00e9 katastrofy. S\u00a0v\u00fdrokem prezidenta politicky nesouhlas\u00edm. Jsem odp\u016frce federalizace Evropsk\u00e9 unie. Ale prezident jako ka\u017ed\u00fd m\u00e1 svobodu projevu a je norm\u00e1ln\u00ed, \u017ee politici formuluj\u00ed politick\u00e9 vize. Za realizaci svobody projevu nelze postihovat.<\/p>\n<p>Vize vzniku feder\u00e1ln\u00ed Evropy, tedy Spojen\u00fdch st\u00e1t\u016f evropsk\u00fdch, stejn\u011b jako vize vystoupen\u00ed \u010cesk\u00e9 republiky z\u00a0Evropsk\u00e9 unie \u010di rozpadu Evropsk\u00e9 unie jsou neslu\u010diteln\u00e9, ale politicky legitimn\u00ed vize budoucnosti Evropy. V\u00a0demokracii je norm\u00e1ln\u00ed svobodn\u00e1 diskuse o politick\u00fdch viz\u00edch, v\u010detn\u011b viz\u00ed p\u0159in\u00e1\u0161ej\u00edc\u00ed z\u00e1sadn\u00ed zm\u011bny. Ten, kdo hovo\u0159\u00ed o sesazen\u00ed prezidenta za to, co \u0159ekl v\u00a0r\u00e1mci svobody slova a sv\u00e9 politiky, jedn\u00e1 obdobn\u011b jako kdy\u017e v\u00a0Ma\u010farsku v\u00edt\u011bz P\u00e9ter Magyar (TISZA) chce odvolat prezidenta proto, \u017ee je z\u00a0jin\u00e9ho politick\u00e9ho t\u00e1bora (FIDESZ), by\u0165 je to politick\u00fd t\u00e1bor, kam je\u0161t\u011b p\u0159ed p\u00e1r lety pat\u0159il i Magyar.<\/p>\n<p><strong>Prezident nem\u00e1 bob\u0159\u00edka ml\u010den\u00ed<\/strong><\/p>\n<p>Na\u0161e \u00fastava ned\u00e1v\u00e1 prezidentovi ani jin\u00fdm \u00fastavn\u00edm \u010dinitel\u016fm bob\u0159\u00edka ml\u010den\u00ed. Ka\u017ed\u00fd ve\u0159ejn\u00fd \u010dinitel si mus\u00ed zv\u00e1\u017eit obsah i formu sv\u00fdch vystoupen\u00ed a je logick\u00e9, \u017ee doch\u00e1z\u00ed k n\u00e1zorov\u00fdm rozd\u00edl\u016fm. Stejn\u00fd n\u00e1zor na ur\u010ditou v\u011bc nemaj\u00ed nejen prezident a v\u0161ichni \u010dlenov\u00e9 vl\u00e1dy, ale i p\u0159edsedov\u00e9 parlamentn\u00edch komor \u010di p\u0159edsedov\u00e9 nejvy\u0161\u0161\u00edch soud\u016f a dal\u0161\u00ed p\u0159edstavitel\u00e9 st\u00e1tu. Vystoupen\u00ed prezidenta nepodl\u00e9haj\u00ed spolupodpisu p\u0159edsedy vl\u00e1dy. \u00dastavn\u00ed soud ji\u017e rozhodl, \u017ee spolupodpisu podl\u00e9h\u00e1 jen ten akt prezidenta, kter\u00fd m\u00e1 povahu rozhodnut\u00ed, co\u017e \u00fastn\u00ed projev nen\u00ed.<\/p>\n<p>To, \u017ee n\u011bkdy vyvol\u00e1 prezident\u016fv projev nesouhlasn\u00e9 reakce, nen\u00ed v\u011bc nov\u00e1. I na projevy prezidenta V\u00e1clava Havla n\u011bkdy reagovali jin\u00ed politici nesouhlasn\u011b a cht\u011bli prezidentovi vnutit p\u0159edn\u00e1\u0161en\u00ed jen stanovisek projednan\u00fdch s vl\u00e1dou \u2013 nap\u0159. na Havlovy \u00favahy o evropsk\u00e9 \u00fastav\u011b a evropsk\u00e9m sen\u00e1tu v jeho projevu v Evropsk\u00e9m parlamentu 16. \u00fanora 2000. Obdobn\u011b vznikl v roce 2005 konflikt o evropskou integraci mezi prezidentem V\u00e1clavem Klausem a p\u0159edsedou vl\u00e1dy Ji\u0159\u00edm Paroubkem. Dokonce se hovo\u0159ilo o omezen\u00ed prezidentov\u00fdch zahrani\u010dn\u00edch cest. I Tom\u00e1\u0161 Garrique Masaryk byl zn\u00e1m konfliktn\u00edmi postoji, a\u0165 je\u0161t\u011b v dob\u011b, kdy prezidentem nebyl (boj s fale\u0161n\u00fdmi rukopisy zelenohorsk\u00fdm a kr\u00e1lov\u00e9dvorsk\u00fdm a s pov\u011brou o ritu\u00e1ln\u00ed vra\u017ed\u011b v p\u0159\u00edpadu Leopolda Hilsnera), tak v dob\u011b prezidentstv\u00ed, kdy m\u011bl nesmlouvav\u00fd postoj ve v\u011bci fa\u0161izuj\u00edc\u00edho legion\u00e1\u0159sk\u00e9ho gener\u00e1la Radoly Gajdy.<\/p>\n<p>Prezidenti jsou ve sv\u00fdch zem\u00edch v\u00fdznamn\u00fdmi osobami a s t\u00edm je velmi \u010dasto spojena n\u00e1zorov\u00e1 vyhran\u011bnost na r\u016fzn\u00e9 ot\u00e1zky dom\u00e1c\u00edho i sv\u011btov\u00e9ho d\u011bn\u00ed. Svoboda r\u016fznosti n\u00e1zor\u016f je v\u0161ak podstatou demokracie. V\u00fdsti\u017en\u00e1 jsou slova Emila Soboty \u2013 pr\u00e1vn\u00edka Kancel\u00e1\u0159e prezidenta republiky Masaryka a Bene\u0161e:\u00a0<em>\u201eNa\u0161e \u00fastava nikde nenazna\u010dila, \u017ee by si p\u0159\u00e1la m\u00edt prezidenta republiky n\u011bm\u00fdm.\u201c.<a id=\"_ftnref1\" href=\"https:\/\/web.litterate.cz\/prezident-ma-svobodu-projevu\/#_ftn1\"><strong>[1]<\/strong><\/a><\/em><\/p>\n<p>\u00dastava chr\u00e1n\u00ed svobodu projevu a \u0161\u00ed\u0159en\u00ed informac\u00ed. V\u00fdznamn\u00e9 n\u00e1zory vyvolaj\u00ed polemiku, nebo\u0165 nikdo se nezal\u00edb\u00ed v\u0161em. Polemiku nevyvol\u00e1 jen n\u00e1zor, kter\u00fd nem\u00e1 my\u0161lenkov\u00fd obsah. Podstatou v\u011bcn\u00e9 diskuse je debata o tom, co se \u0159\u00edk\u00e1, nikoliv, kdo to \u0159\u00edk\u00e1. V\u011bt\u0161inou a\u017e \u010dasov\u00fd odstup umo\u017en\u00ed nezaujat\u011b zhodnotit pravdivost n\u011bkter\u00fdch postoj\u016f.<\/p>\n<p><strong>Nesni\u017eujme se na \u00farove\u0148 \u010cesk\u00e9 televize<\/strong><\/p>\n<p>V\u00a0listopadu 1989 bylo jedno z\u00a0hesel:\u00a0<em>\u201eNejsme jako oni!\u201c<\/em>. Vyjad\u0159ovalo se t\u00edm, \u017ee nov\u00fd demokratick\u00fd st\u00e1t nebude pou\u017e\u00edvat nedemokratick\u00e9 a protipr\u00e1vn\u00ed prost\u0159edky v\u016f\u010di p\u0159edstavitel\u016fm totalitn\u00edho re\u017eimu. Pamatujme na toto heslo. Zast\u00e1nci svobody slova nemohou klesnout na protidemokratick\u00e9 a protipr\u00e1vn\u00ed jedn\u00e1n\u00ed n\u011bkter\u00fdch po\u0159ad\u016f publicistiky \u010cesk\u00e9 televize, kter\u00e9 \u00fato\u010d\u00ed na ty, je\u017e si u\u017e\u00edvaj\u00ed \u00fastavn\u011b zaru\u010denou svobodu slova, pokud se jejich n\u00e1zory \u010di r\u016fzn\u00e9 weby nel\u00edb\u00ed pra\u017esk\u00e9 televizn\u00ed kav\u00e1rn\u011b. Zast\u00e1nci svobody slova mus\u00ed tuto svobodu chr\u00e1nit i v\u016f\u010di n\u00e1zor\u016fm, s\u00a0nimi\u017e nesouhlas\u00ed. Svoboda slova bu\u010f je, anebo nen\u00ed. Nem\u016f\u017ee b\u00fdt jen pro n\u011bkoho a jen n\u011bkdy.<\/p>\n<p><strong>Voli\u010di rozhodnou o politice prezidenta<\/strong><\/p>\n<p>V\u00a0demokracii rozhoduj\u00ed voli\u010di. Ji\u017e za rok bude prob\u00edhat prezidentsk\u00e1 kampa\u0148 a voli\u010di budou moci \u0159\u00edci, zda cht\u011bj\u00ed na Hrad\u011b b\u00fdval\u00e9ho komunistick\u00e9ho rozv\u011bd\u010d\u00edka, d\u0159\u00edve p\u0159ipraven\u00e9ho bojovat za Var\u0161avskou smlouvu a totalitn\u00ed ideologii a nyn\u00ed vz\u00fdvaj\u00edc\u00edho Spojen\u00e9 st\u00e1ty evropsk\u00e9, anebo daj\u00ed hlas jin\u00e9mu kandid\u00e1tovi, kter\u00fd odm\u00edtne vznik bruselsk\u00e9ho feder\u00e1ln\u00edho superst\u00e1tu. Rozhodnout voli\u010di. A ti, kte\u0159\u00ed prohraj\u00ed, se mus\u00ed sm\u00ed\u0159it, \u017ee na Hrad\u011b bude p\u011bt let sed\u011bt n\u011bkdo, komu hlas nedali, a bude mluvit to, s\u00a0\u010d\u00edm nesouhlas\u00ed. To je demokratick\u00fd princip vl\u00e1dy na \u010das.<\/p>\n<hr class=\"wp-block-separator has-alpha-channel-opacity\" \/>\n<p><a id=\"_ftn1\" href=\"https:\/\/web.litterate.cz\/prezident-ma-svobodu-projevu\/#_ftnref1\">[1]<\/a>\u00a0Emil Sobota, Jaroslav Vorel, Rudolf K\u0159ov\u00e1k, Anton\u00edn Schenk:\u00a0<em>\u010ceskoslovensk\u00fd prezident republiky.<\/em>\u00a0Praha 1934, s. 95.<\/p>\n<p><a href=\"https:\/\/web.litterate.cz\/prezident-ma-svobodu-projevu\/\">Zden\u011bk Koudelka<\/a><\/p>\n<p>&nbsp;<\/p>\n","protected":false},"excerpt":{"rendered":"<p>Prezident Petr Pavel podpo\u0159il vznik Spojen\u00fdch st\u00e1t\u016f evropsk\u00fdch, tedy federalizaci Evropsk\u00e9 unie. Mnoho lid\u00ed jeho&#8230;<\/p>\n","protected":false},"author":2,"featured_media":100958,"comment_status":"closed","ping_status":"closed","sticky":false,"template":"","format":"standard","meta":[],"categories":[6],"tags":[1503,1173,117],"_links":{"self":[{"href":"https:\/\/www.infokuryr.cz\/n\/wp-json\/wp\/v2\/posts\/105480"}],"collection":[{"href":"https:\/\/www.infokuryr.cz\/n\/wp-json\/wp\/v2\/posts"}],"about":[{"href":"https:\/\/www.infokuryr.cz\/n\/wp-json\/wp\/v2\/types\/post"}],"author":[{"embeddable":true,"href":"https:\/\/www.infokuryr.cz\/n\/wp-json\/wp\/v2\/users\/2"}],"replies":[{"embeddable":true,"href":"https:\/\/www.infokuryr.cz\/n\/wp-json\/wp\/v2\/comments?post=105480"}],"version-history":[{"count":0,"href":"https:\/\/www.infokuryr.cz\/n\/wp-json\/wp\/v2\/posts\/105480\/revisions"}],"wp:featuredmedia":[{"embeddable":true,"href":"https:\/\/www.infokuryr.cz\/n\/wp-json\/wp\/v2\/media\/100958"}],"wp:attachment":[{"href":"https:\/\/www.infokuryr.cz\/n\/wp-json\/wp\/v2\/media?parent=105480"}],"wp:term":[{"taxonomy":"category","embeddable":true,"href":"https:\/\/www.infokuryr.cz\/n\/wp-json\/wp\/v2\/categories?post=105480"},{"taxonomy":"post_tag","embeddable":true,"href":"https:\/\/www.infokuryr.cz\/n\/wp-json\/wp\/v2\/tags?post=105480"}],"curies":[{"name":"wp","href":"https:\/\/api.w.org\/{rel}","templated":true}]}}