{"id":105478,"date":"2026-04-28T00:19:27","date_gmt":"2026-04-27T22:19:27","guid":{"rendered":"https:\/\/www.infokuryr.cz\/n\/?p=105478"},"modified":"2026-04-28T02:14:53","modified_gmt":"2026-04-28T00:14:53","slug":"vystrcil-na-svet-prostrednicek-komentar-stepana-chaba","status":"publish","type":"post","link":"https:\/\/www.infokuryr.cz\/n\/2026\/04\/28\/vystrcil-na-svet-prostrednicek-komentar-stepana-chaba\/","title":{"rendered":"Vystr\u010dil na sv\u011bt prost\u0159edn\u00ed\u010dek. Koment\u00e1\u0159 \u0160t\u011bp\u00e1na Ch\u00e1ba"},"content":{"rendered":"<div id=\"fb-root\"><\/div>\n<div class=\"abBnr\"><\/div>\n<p><a href=\"https:\/\/www.novinky.cz\/clanek\/domaci-tiskova-konference-predsedy-senatu-vystrcila-o-letu-na-tchaj-wan-40574619\" target=\"_blank\" rel=\"noopener\"><strong>Milo\u0161 Vystr\u010dil se rozkatil<\/strong><\/a>\u00a0nad t\u00edm, \u017ee mu Babi\u0161ova vl\u00e1da neschv\u00e1lila let vl\u00e1dn\u00edm letadlem na Tchaj-wan. Tam cht\u011bl Vystr\u010dil v\u011btrat d\u00e1vno zv\u011btralou hodnotovou politiku politick\u00fdch gest, kter\u00e1 nep\u0159in\u00e1\u0161\u00ed nic pozitivn\u00edho. Jen napln\u011bn\u00ed osobn\u00edch ambic\u00ed a pocitu vlastn\u00ed d\u016fle\u017eitosti p\u00e1n\u016f Vystr\u010dil\u016f. Zakl\u00edn\u00e1n\u00ed se t\u00edm, \u017ee na Tchaj-wan se jezd\u00ed d\u011blat byznys, je pak dokonale vybo\u010den\u00e9. I po mezin\u00e1rodn\u00ed ostud\u011b s n\u00e1v\u0161t\u011bvou Pekarov\u00e9 Adamov\u00e9 a Vystr\u010dila na Tchaj-wanu, kde Vystr\u010dil velmi origin\u00e1ln\u011b pohovo\u0159il o tom, \u017ee je Tchajwanec, se do \u010cesk\u00e9 republiky byznys hrnout neza\u010dal. Ba naopak. Tov\u00e1rnu na \u010dipy Tchajwanci nepostavili u n\u00e1s, ale v N\u011bmecku. A to i p\u0159esto, \u017ee u n\u00e1s by mohli u\u0161et\u0159it rozd\u00e1v\u00e1n\u00edm t\u0159etinov\u00fdch plat\u016f oproti na\u0161im z\u00e1padn\u00edm soused\u016fm.<\/p>\n<p>Zat\u00edmco Vystr\u010dil se pachtil s \u201ehodnotami\u201c, n\u011bmeck\u00e1 vl\u00e1da\u00a0<a href=\"https:\/\/www.gtai.de\/en\/meta\/press\/tsmc-breaks-ground-secures-subsidy-for-german-plant-1813224\" target=\"_blank\" rel=\"noopener\"><strong>p\u0159ipravila<\/strong><\/a> dota\u010dn\u00ed bal\u00edk v hodnot\u011b 5 miliard eur a legislativn\u00ed d\u00e1lnici pro v\u00fdstavbu. My jsme nab\u00eddli politick\u00e1 gesta a nevyjasn\u011bn\u00e9 pr\u00e1vn\u00ed prost\u0159ed\u00ed. Tchajwansk\u00fd byznys je pragmatick\u00fd \u2013 politick\u00e9 \u201epoklep\u00e1n\u00ed po rameni\u201c v Praze jim nezaplat\u00ed provozn\u00ed n\u00e1klady, kter\u00e9 jsou v N\u011bmecku sice vy\u0161\u0161\u00ed, ale d\u00edky stabilit\u011b a pob\u00eddk\u00e1m p\u0159edv\u00eddateln\u011bj\u0161\u00ed. Politika gest je prost\u011b impotentn\u00ed a pat\u0159\u00ed tak maxim\u00e1ln\u011b do devades\u00e1t\u00fdch let, kdy na n\u00ed je\u0161t\u011b n\u011bkdo sly\u0161el a zabral.<\/p>\n<p>A jen tak na okraj. Tov\u00e1rna TSMC v Dr\u00e1\u017e\u010fanech\u00a0<a href=\"https:\/\/archiv.hn.cz\/c1-67232550-tchajwanci-postavi-u-ceskych-hranic-tovarnu-na-cipy\" target=\"_blank\" rel=\"noopener\"><strong>vytvo\u0159\u00ed<\/strong><\/a>\u00a0do roku 2027 zhruba 2 000 p\u0159\u00edm\u00fdch high-tech pracovn\u00edch m\u00edst. \u010cesk\u00e1 republika se v roce 2026 mus\u00ed spokojit s rol\u00ed subdodavatele \u201ejednodu\u0161\u0161\u00edch\u201c komponent, proto\u017ee n\u00e1m chyb\u00ed strategick\u00e1 koncepce, kter\u00e1 by p\u0159esahovala jedno volebn\u00ed obdob\u00ed. Ale to je na \u00fapln\u011b jin\u00fd koment\u00e1\u0159.<\/p>\n<p>Evropsk\u00e1 unie, v\u010detn\u011b \u010cesk\u00e9 republiky, uzn\u00e1v\u00e1 politiku jedn\u00e9 \u010c\u00edny. To znamen\u00e1, \u017ee neuzn\u00e1v\u00e1 Tchaj-wan jako samostatnou zemi a jednat se tedy jezd\u00ed do Pekingu, nikoliv do Tchaj-peje. A\u017e se na\u0161e a unijn\u00ed politika zm\u011bn\u00ed, pros\u00edm, pak a\u0165 se Vystr\u010dil luftuje a\u017e do mdlob, ale v sou\u010dasn\u00e9 situaci jeho \u010dinnost podkop\u00e1v\u00e1 jak \u010deskou, tak i unijn\u00ed zahrani\u010dn\u00ed politiku.<\/p>\n<p>Na samotn\u00e9m Tchaj-wanu se pak tak\u00e9 posunula politika po volb\u00e1ch v roce 2024. Zat\u00edmco v dob\u011b, kdy na ostrov let\u011bl Vystr\u010dil poprv\u00e9, opanovala tamn\u00ed parlament strana DPP, kter\u00e1 zast\u00e1vala tvrdou linku proti Pekingu a nebyla s n\u00edm ochotn\u00e1 ani k dialogu. Po volb\u00e1ch 2024 se nejsiln\u011bj\u0161\u00ed stranou v tamn\u00edm parlamentu\u00a0<a href=\"https:\/\/casopisargument.cz\/66999\" target=\"_blank\" rel=\"noopener\"><strong>stala<\/strong><\/a>\u00a0strana KMT, kter\u00e1 podobn\u00e9 v\u00fdlety aktivistick\u00fdch politik\u016f bere jako nevhodnou provokaci \u010c\u00edny a nen\u00ed jim naklon\u011bn\u00e1. Strana DPP p\u0159i n\u00e1v\u0161t\u011bv\u011b Vystr\u010dila (2020) a Pekarov\u00e9 Adamov\u00e9 (2023) opanovala jak parlament, tak i prezidentsk\u00fd pal\u00e1c. Po volb\u00e1ch j\u00ed zbyl jen ten pal\u00e1c a v zemi vl\u00e1dnou neust\u00e1l\u00e9 rozpory a \u0159evnivost, kdy tamn\u00ed prezident Lai Ching-te zast\u00e1v\u00e1 tvrd\u011b proz\u00e1padn\u00ed politiku, ale parlament jeho politiku \u010dasto blokuje.<\/p>\n<p>Vystr\u010dil by tedy na Tchaj-wanu nebyl v\u00edt\u00e1n a v parlamentu by mu jeho opi\u010den\u00ed po Kennedym pron\u00e9st nedovolili. Ujal by se jej prezident, ale v parlamentu by m\u011bl s nejv\u011bt\u0161\u00ed pravd\u011bpodobnost\u00ed dve\u0159e zav\u0159en\u00e9.<\/p>\n<p>A je na zv\u00e1\u017een\u00ed, jestli je vhodn\u00e9 vys\u00edlat vl\u00e1dn\u00edm letadlem (tedy jako ofici\u00e1ln\u00ed n\u00e1v\u0161t\u011bvu posv\u011bcenou vl\u00e1dou) druh\u00e9ho nejmocn\u011bj\u0161\u00edho mu\u017ee zem\u011b jednat s opozic\u00ed ciz\u00edho st\u00e1tu. To by se rovnalo velmi nevhodn\u00e9mu vm\u011b\u0161ov\u00e1n\u00ed do vnitropolitick\u00e9 situace zem\u011b. Pak toti\u017e nem\u016f\u017eeme mluvit o diplomacii, ale o aktivismu. A aktivismus ve smyslu p\u0159ilepov\u00e1n\u00ed se k silnic\u00edm u\u017e snad m\u00e1me za sebou. Cesta na Tchaj-wan p\u0159edsedy \u010desk\u00e9ho sen\u00e1tu prost\u011b p\u00e1chne po lepidle. P\u0159edstavme si, \u017ee se kup\u0159\u00edkladu britsk\u00fd ministr obr\u00e1t\u00ed rad\u0161i na \u010desk\u00e9 opozi\u010dn\u00ed strany, ne\u017eli na vl\u00e1dn\u00ed p\u0159edstavitele. P\u0159ipadali bychom si jako u bl\u00e1zn\u016f na dvore\u010dku. Tak p\u0159esn\u011b se chce zachovat Milo\u0161 Vystr\u010dil.<\/p>\n<p>Ale nemus\u00edme si vym\u00fd\u0161let absurdn\u00ed p\u0159\u00edklady z Velk\u00e9 Brit\u00e1nie, sta\u010d\u00ed se pod\u00edvat do minulosti. V\u0161ak si vzpome\u0148me na ned\u00e1vn\u00e9 vl\u00e1dnut\u00ed Petra Fialy, kter\u00fd p\u0159eru\u0161il ve\u0161kerou komunikaci se slovenskou vl\u00e1dou a\u00a0<a href=\"https:\/\/ct24.ceskatelevize.cz\/clanek\/svet\/fiala-prijal-lidra-slovenske-opozice-slovensko-neni-jen-fico-vzkazal-simecka-346910\" target=\"_blank\" rel=\"noopener\"><strong>fotil se se slovensk\u00fdmi opozi\u010dn\u00edmi politiky<\/strong><\/a>. Bylo to\u2026 sm\u011b\u0161n\u00e9. Tak ukrutn\u011b nediplomatick\u00e9, nepolitick\u00e9, ale n\u00e1dhern\u011b aktivistick\u00e9. P\u0159\u00edpadn\u011b si pak vzpomenout na V\u00edta Raku\u0161ana, kter\u00fd, st\u00e1le v roli ministra vnitra,\u00a0<a href=\"https:\/\/www.idnes.cz\/zpravy\/zahranicni\/slovensko-demonstrace-fico-vit-rakusan-ucast-kritika.A250917_132009_zahranicni_kha\" target=\"_blank\" rel=\"noopener\"><strong>zajel<\/strong><\/a>\u00a0protestovat na protivl\u00e1dn\u00ed demonstraci na Slovensko. Skand\u00e1ln\u00ed pitomost metast\u00e1zuj\u00edc\u00edho aktivismu, dalo by se \u0159\u00edct.<\/p>\n<p>Ov\u0161em snaha Andreje Babi\u0161e m\u00edt dobr\u00e9 vztahy (ne podl\u00e9zav\u00e9, ale dobr\u00e9) s \u010c\u00ednou se i p\u0159esto mine \u00fa\u010dinkem. I kdyby si vylomil nohy z ky\u010dl\u00ed, \u010c\u00edna na n\u00e1s bude hled\u011bt s velkou ned\u016fv\u011brou. Co\u017e jsme p\u0159edvedli ned\u00e1vno, kdy se pod gumov\u00fdm paragrafem 318a trestn\u00edho z\u00e1kon\u00edku \u201eNeopr\u00e1vn\u011bn\u00e1 \u010dinnost pro ciz\u00ed moc\u201c v klepetech na\u0161\u00ed vachrlat\u00e9 spravedlnosti ocitl \u010d\u00ednsk\u00fd novin\u00e1\u0159, kter\u00fd z na\u0161\u00ed zem\u011b reportoval dlouh\u00e1 l\u00e9ta, ale teprve kdy\u017e bylo pot\u0159eba dodat argument pro zachov\u00e1n\u00ed paragrafu,\u00a0<a href=\"https:\/\/www.ceska-justice.cz\/2026\/02\/obvineny-ze-spionaze-zustava-ve-vazbe-trestny-cin-cinnosti-pro-cizi-moc-obstal\/\" target=\"_blank\" rel=\"noopener\"><strong>do\u0161lo na klepeta<\/strong><\/a>. A Babi\u0161ova vl\u00e1da to p\u0159e\u0161la jako bezv\u00fdznamnost. A\u010d p\u0159ed volbami slibovala, \u017ee paragraf 318a trestn\u00edho z\u00e1kon\u00edku p\u016fjde mezi prvn\u00edmi do legislativn\u00ed stoupy. St\u00e1le ov\u0161em v na\u0161\u00ed legislativ\u011b stra\u0161\u00ed a Babi\u0161ova vl\u00e1da ne a ne jej zru\u0161it.<\/p>\n<p>V takov\u00e9 atmosf\u00e9\u0159e se pak nen\u00ed co divit, \u017ee \u010c\u00edna v \u010cesk\u00e9 republice nechce investovat. V\u0161ak ka\u017ed\u00fd jej\u00ed byznys by se mohl ocitnout pod \u00fa\u0159edn\u00ed \u0161ikanou vych\u00e1zej\u00edc\u00ed z na\u0161\u00ed legislativy. To se to pak Vystr\u010dil\u016fm a Pekarov\u00fdm Adamov\u00fdm triumf\u00e1ln\u011b vol\u00e1, \u017ee Tchaj-wan u n\u00e1s investuje v\u00edc ne\u017e pevninsk\u00e1 \u010c\u00edna. No, kdy\u017e j\u00ed jako protihodnotu nab\u00edz\u00edme paragraf 318a trestn\u00edho z\u00e1kon\u00edku a jako bonus Vystr\u010dila, je jasn\u00e9, \u017ee si to dvakr\u00e1t rozmysl\u00ed.<\/p>\n<p>Pro asijsk\u00e9 investory (nejen ty z pevninsk\u00e9 \u010c\u00edny) je takov\u00e1 legislativn\u00ed nejistota naprostou stopkou. Investo\u0159i pot\u0159ebuj\u00ed v\u011bd\u011bt, \u017ee jejich zam\u011bstnanci nebo obchodn\u00ed partne\u0159i nebudou popotahov\u00e1ni za \u201e\u010dinnost pro ciz\u00ed moc\u201c jen proto, \u017ee zastupuj\u00ed z\u00e1jmy sv\u00e9 zem\u011b. V kontrastu s Vystr\u010dilovou cestou to ukazuje na naprost\u00fd rozpor v na\u0161\u00ed politice: jednou rukou l\u00e1k\u00e1me \u201edemokratick\u00e9 investice\u201c, druhou rukou dr\u017e\u00edme v legislativ\u011b n\u00e1stroje, kter\u00e9 investory d\u011bs\u00ed. No, vlastn\u011b jako u blbe\u010dk\u016f na dvore\u010dku.<\/p>\n<p><a href=\"https:\/\/www.krajskelisty.cz\/stredocesky-kraj\/34948-vystrcil-na-svet-prostrednicek-komentar-stepana-chaba.htm\">\u0160t\u011bp\u00e1n Ch\u00e1b<\/a><\/p>\n<p><img decoding=\"async\" loading=\"lazy\" class=\"alignnone wp-image-96529\" src=\"http:\/\/www.infokuryr.cz\/n\/wp-content\/uploads\/2026\/01\/stepan-chab.jpg\" alt=\"\" width=\"150\" height=\"160\" \/><\/p>\n<p>&nbsp;<\/p>\n","protected":false},"excerpt":{"rendered":"<p>Milo\u0161 Vystr\u010dil se rozkatil\u00a0nad t\u00edm, \u017ee mu Babi\u0161ova vl\u00e1da neschv\u00e1lila let vl\u00e1dn\u00edm letadlem na Tchaj-wan&#8230;.<\/p>\n","protected":false},"author":2,"featured_media":105479,"comment_status":"closed","ping_status":"closed","sticky":false,"template":"","format":"standard","meta":[],"categories":[6],"tags":[1503,333,1651],"_links":{"self":[{"href":"https:\/\/www.infokuryr.cz\/n\/wp-json\/wp\/v2\/posts\/105478"}],"collection":[{"href":"https:\/\/www.infokuryr.cz\/n\/wp-json\/wp\/v2\/posts"}],"about":[{"href":"https:\/\/www.infokuryr.cz\/n\/wp-json\/wp\/v2\/types\/post"}],"author":[{"embeddable":true,"href":"https:\/\/www.infokuryr.cz\/n\/wp-json\/wp\/v2\/users\/2"}],"replies":[{"embeddable":true,"href":"https:\/\/www.infokuryr.cz\/n\/wp-json\/wp\/v2\/comments?post=105478"}],"version-history":[{"count":0,"href":"https:\/\/www.infokuryr.cz\/n\/wp-json\/wp\/v2\/posts\/105478\/revisions"}],"wp:featuredmedia":[{"embeddable":true,"href":"https:\/\/www.infokuryr.cz\/n\/wp-json\/wp\/v2\/media\/105479"}],"wp:attachment":[{"href":"https:\/\/www.infokuryr.cz\/n\/wp-json\/wp\/v2\/media?parent=105478"}],"wp:term":[{"taxonomy":"category","embeddable":true,"href":"https:\/\/www.infokuryr.cz\/n\/wp-json\/wp\/v2\/categories?post=105478"},{"taxonomy":"post_tag","embeddable":true,"href":"https:\/\/www.infokuryr.cz\/n\/wp-json\/wp\/v2\/tags?post=105478"}],"curies":[{"name":"wp","href":"https:\/\/api.w.org\/{rel}","templated":true}]}}