{"id":105475,"date":"2026-04-28T00:13:20","date_gmt":"2026-04-27T22:13:20","guid":{"rendered":"https:\/\/www.infokuryr.cz\/n\/?p=105475"},"modified":"2026-04-28T02:12:45","modified_gmt":"2026-04-28T00:12:45","slug":"jindrich-kulhavy-dnes-trochu-atypicky","status":"publish","type":"post","link":"https:\/\/www.infokuryr.cz\/n\/2026\/04\/28\/jindrich-kulhavy-dnes-trochu-atypicky\/","title":{"rendered":"Jind\u0159ich Kulhav\u00fd: Dnes trochu atypicky"},"content":{"rendered":"<div id=\"fb-root\"><\/div>\n<p><span class=\"anotation\">V\u010dera jsem byl se sv\u00fdm psem na proch\u00e1zce. Bydl\u00edm na kraji velkom\u011bsta, za plotem m\u00e1m pole, bl\u00edzko louku. Je\u0161t\u011b p\u0159ed p\u00e1r lety bylo pol\u00ed a luk v\u00edce, ale develope\u0159i se \u010din\u00ed. Nicm\u00e9n\u011b zat\u00edm je\u0161t\u011b soused\u00edm skute\u010dn\u011b s\u00a0voln\u00fdm prostorem. M\u016fj \u0161v\u00fdcarsk\u00fd ov\u010d\u00e1k, kter\u00e9mu bude 12 let, pro\u017eil sv\u016fj \u017eivot na velk\u00e9 zahrad\u011b a ven\u010dit se chod\u00ed mimo ni u\u017e p\u00e1r let s\u00e1m. Co\u017e pomalu d\u00edky v\u00fdskytu novousedl\u00edk\u016f s\u00a0jejich \u010dubami kon\u010d\u00ed a jsem r\u00e1d, \u017ee se nedo\u017eije konce mo\u017enosti j\u00edt se prob\u011bhnout.<\/span><\/p>\n<div id=\"pagetext\">\n<p>K proch\u00e1zce. I pes m\u00e1 svou pot\u0159ebu a pole i louka mi p\u0159ijdou jako p\u0159\u00edrodn\u00ed prost\u0159ed\u00ed, ve kter\u00e9m mimo m\u00e9ho psa \u017eij\u00ed kr\u00e1l\u00edci, zaj\u00edci, ba\u017eanti, kuny, ko\u010dky a doned\u00e1vna i nutrie a dal\u0161\u00ed \u201ehav\u011b\u0165\u201c. A\u017e dosud mne opravdu nenapadlo p\u0159i ven\u010den\u00ed v t\u00e9to lokalit\u011b \u0159e\u0161it \u00faklid exkrementu a jeho vyhled\u00e1v\u00e1n\u00ed s pytl\u00edkem v ruce uprost\u0159ed polnosti. Nav\u00edc toto rozlehl\u00e9 m\u00edsto nav\u0161t\u011bvuje v\u00edce majitel\u016f ps\u016f se stejn\u00fdm p\u0159\u00edstupem. V\u010dera n\u00e1s z d\u00e1lky sledoval p\u00e1r mlad\u00fdch p\u0159ist\u011bhovalc\u016f do nedalek\u00fdch domk\u016f maj\u00edc\u00edch sv\u00e9ho nale\u0161t\u011bn\u00e9ho boxera na k\u0161and\u00e1ch a kdy\u017e vid\u011bli m\u00e9ho b\u00edl\u00e9ho vl\u010d\u00e1ka prov\u00e1d\u011bt t\u011blesnou o\u010distu a zjistili, \u017ee se mnou tento \u00fakon nic ned\u011bl\u00e1, za\u010dali na mne pok\u0159ikovat, nech\u0165 po n\u011bm uklid\u00edm. Upozor\u0148uji, \u017ee si na m\u00edsto nechod\u00ed hr\u00e1t d\u011bti, cesti\u010dku si vy\u0161lapali pejska\u0159i a pov\u011bstn\u00fdch hov\u00ednek je tam mnohem v\u00edce a pravideln\u011b je likviduj\u00ed hovniv\u00e1lov\u00e9 a podobn\u00ed p\u0159\u00edrodn\u00ed sb\u011bra\u010di. Je to prost\u011b p\u0159\u00edroda.<\/p>\n<p>Kdy\u017e jsem ho poslal do h\u00e1je, za\u010dal si mne nat\u00e1\u010det na mobil, a nakonec volal na m\u011bstskou policii. P\u00e1re\u010dek mne za\u010dal sledovat do doby, kdy se asi dovolali a policist\u00e9 jim \u0159ekli cosi podobn\u00e9ho jako j\u00e1. Necht\u011bl jsem konflikt hrotit, kv\u016fli pitomcovi nep\u0159ijdu o zbrojn\u00ed pr\u016fkaz, by\u0165 by asi v tu chv\u00edli bylo lidsky obhajiteln\u00e9 ho intenzivn\u011bji odp\u00e1lkovat, a proto\u017ee to v jednom t\u00fddnu byl druh\u00fd \u010dlov\u011bk \u0159e\u0161\u00edc\u00ed kolem mne probl\u00e9m bonzov\u00e1n\u00edm a nat\u00e1\u010den\u00edm (ten p\u0159ede\u0161l\u00fd se t\u00fdkal manipulace s eternitem v zam\u011bstn\u00e1n\u00ed na stavb\u011b a \u00faprk z\u00e1stupce stavebn\u00edho \u00fa\u0159adu maj\u00edc\u00edho zak\u00e1zku na starost \u00a0pro zam\u011bstnance hygienick\u00e9 stanice a jeho zklaman\u00fd obli\u010dej po uji\u0161t\u011bn\u00ed, \u017ee je v\u0161e v po\u0159\u00e1dku a pokuta za to nebude, se ned\u00e1 zapomenout), p\u0159i\u0161lo mi, \u017ee se vrac\u00edme do dob STB a ud\u00e1v\u00e1n\u00ed. Mobily nav\u00edc sv\u00fdmi mo\u017enostmi nat\u00e1\u010det kdykoliv tuto \u010dinnost doslova podporuj\u00ed.<\/p>\n<p>P\u0159edes\u00edl\u00e1m, \u017ee ps\u00ed hov\u00ednko na cest\u011b, ve m\u011bst\u011b nebo na bot\u011b tak\u00e9 nesn\u00e1\u0161\u00edm, nicm\u00e9n\u011b \u017ee bych se z toho skl\u00e1dal, to asi ne. Osobn\u011b bych si psa v m\u011bstsk\u00e9 lokalit\u011b ani nikdy nepo\u0159izoval, ale ch\u00e1pu lidi, \u017ee jim bl\u00edzkost ps\u00edho p\u0159\u00edtele mnoh\u00e9 p\u0159in\u00e1\u0161\u00ed i tam. A pytl\u00edky v obci pova\u017euji za b\u011b\u017en\u00fd dopln\u011bk. V p\u0159\u00edrod\u011b jde ale prost\u011b o voln\u00fd prostor pro v\u0161echny. A sp\u00ed\u0161e si v\u0161imnete pap\u00edrov\u00e9ho ubrousku, kter\u00fd pou\u017eil \u010dlov\u011bk v podobn\u00e9 situaci a p\u0159i stejn\u00e9 akci, kdy prost\u011b ve\u0159ejn\u00e9 WC nebylo v dosahu.<\/p>\n<p>To v\u0161e bych p\u0159e\u0161el neb\u00fdt hysterie mlad\u00e9ho p\u00e1ru (no n\u011bco pod 35 let) \u00a0a jeho iniciativn\u00ed snahy \u0159e\u0161it probl\u00e9m. P\u0159edpokl\u00e1d\u00e1m, \u017ee progresivismus z nich \u010di\u0161\u00edc\u00ed a dovol\u00e1v\u00e1n\u00ed se pomoci str\u00e1\u017en\u00edk\u016f je p\u0159edur\u010duje b\u00fdt spokojeni v direktivn\u00edm syst\u00e9mu Evropsk\u00e9 unie. Nev\u00edm pro\u010d, ale \u00fapln\u011b jsem vid\u011bl jejich elektroauto nap\u00edchl\u00e9 na kabely z fotovoltaiky, Green Deal je pro n\u011b mo\u017en\u00e1 mantrou a pokud nevolili Pavla a P\u011btikoalici, p\u0159eb\u011bhnu nah\u00fd n\u00e1m\u011bst\u00ed. Trochu jsem jim i p\u0159\u00e1l tu romantiku s pytl\u00edkem v ruce a jejich psovi \u017ealude\u010dn\u00ed pot\u00ed\u017ee a slu\u0161n\u00fd pr\u016fjem. Pravdou je, \u017ee kdy\u017e se jejich \u010dern\u00fd nale\u0161t\u011bn\u00fd boxer p\u0159ibl\u00ed\u017eil k m\u00e9mu rozcuchan\u00e9mu \u0160v\u00fdcarovi, ten si vzpomn\u011bl na mlad\u00e1 l\u00e9ta, ol\u00edznul se, zlov\u011bstn\u011b zavr\u010del a asi by ho se\u0161rotoval. Jen se mu necht\u011blo se \u0161pinit a v klidu se na pokyn oto\u010dil a ode\u0161el. I p\u0159es p\u016flkilometrov\u00e9 pron\u00e1sledov\u00e1n\u00ed dvojic\u00ed p\u0159i p\u0159echodu do lesa.<\/p>\n<p>P\u0159em\u00fd\u0161l\u00edm, kde se v lidech bere neust\u00e1l\u00e1 nen\u00e1vist, pot\u0159eba v\u0161\u00edmat si jin\u00fdch, obracet se na policii i s naprost\u00fdmi nesmysly. Odpov\u011bd\u00ed je celospole\u010densk\u00e1 atmosf\u00e9ra. M\u00e9dia jdou po \u010d\u00e1sti politick\u00e9 sc\u00e9ny s neb\u00fdvalou agresivitou, zat\u00edmco jinde toleruj\u00ed v\u0161e. Kdybych se k p\u00e1novi vyj\u00e1d\u0159il ukrajinsky, mo\u017en\u00e1 by mi nab\u00eddl, \u017ee to uklid\u00ed s\u00e1m. P\u0159i\u0161el odn\u011bkud, nast\u011bhoval se do domu v m\u00edst\u011b, kde doned\u00e1vna byla p\u0159\u00edroda, p\u0159it\u00e1hnul m\u011bstsk\u00e9 man\u00fdry, m\u00edsto d\u011bt\u00ed si s osobou vedle n\u011bj se vyskytuj\u00edc\u00ed po\u0159\u00eddili psa a uv\u011bdom\u011ble rozd\u00e1vaj\u00ed rozumy. A j\u00e1 nakonec mus\u00edm souhlasit s Turkem. Bohu\u017eel n\u011bkter\u00fd politik mus\u00ed v\u00e1\u017eit slova a opatrn\u011b se vyjad\u0159ovat tam, kde opozice a novin\u00e1\u0159i mohou adorovat nap\u0159\u00edklad nacismus \u010di rozpad \u010cesk\u00e9 republiky, ur\u00e1\u017eet, vyz\u00fdvat k likvidaci, zat\u00edmco doty\u010dn\u00fd sd\u011bluj\u00edc\u00ed pot\u0159ebu vy\u010distit \u00fa\u0159ady a sv\u011bt od parazit\u016f a aktivist\u016f je nucen se omluvit.<\/p>\n<p>\u017dijeme ve zvr\u00e1cen\u00e9 dob\u011b s nemocn\u00fdmi lidmi a s absenc\u00ed zdrav\u00e9ho rozumu. Vn\u00edm\u00e1m to v\u0161ude. Na silnic\u00edch, chodn\u00edc\u00edch v obchodech, v zam\u011bstn\u00e1n\u00ed a venku v p\u0159\u00edrod\u011b. T\u011bch parazit\u016f nic neprodukuj\u00edc\u00edch a neznal\u00fdch je st\u00e1le n\u011bjak v\u00edce. Vyrostl jsem v jin\u00e9m prost\u0159ed\u00ed. Ne, socialismus mi opravdu nechyb\u00ed. Ale to, co se z lid\u00ed stalo nyn\u00ed, ani tenkr\u00e1t nebylo. Vrac\u00edme se obloukem k totalit\u011b, buzeraci, nesvobod\u011b. A k bonzov\u00e1n\u00ed, kter\u00e9 je technologicky mnohem dokonalej\u0161\u00ed. U\u017e na tomto sv\u011bt\u011b nejsem \u0161\u0165astn\u00fd.<\/p>\n<p><a href=\"https:\/\/www.inadhled.live\/sex-a-vztahy\/dnes-trochu-atypicky\/\">Jind\u0159ich Kulhav\u00fd<\/a><\/p>\n<p><img decoding=\"async\" loading=\"lazy\" class=\"alignnone size-full wp-image-48136\" src=\"http:\/\/www.infokuryr.cz\/n\/wp-content\/uploads\/2024\/02\/kulhavy-jindrich.jpg\" alt=\"\" width=\"219\" height=\"221\" srcset=\"https:\/\/www.infokuryr.cz\/n\/wp-content\/uploads\/2024\/02\/kulhavy-jindrich.jpg 219w, https:\/\/www.infokuryr.cz\/n\/wp-content\/uploads\/2024\/02\/kulhavy-jindrich-150x150.jpg 150w\" sizes=\"(max-width: 219px) 100vw, 219px\" \/><\/p>\n<p>&nbsp;<\/p>\n<\/div>\n","protected":false},"excerpt":{"rendered":"<p>V\u010dera jsem byl se sv\u00fdm psem na proch\u00e1zce. Bydl\u00edm na kraji velkom\u011bsta, za plotem m\u00e1m&#8230;<\/p>\n","protected":false},"author":2,"featured_media":105476,"comment_status":"closed","ping_status":"closed","sticky":false,"template":"","format":"standard","meta":[],"categories":[6],"tags":[1503,940,122],"_links":{"self":[{"href":"https:\/\/www.infokuryr.cz\/n\/wp-json\/wp\/v2\/posts\/105475"}],"collection":[{"href":"https:\/\/www.infokuryr.cz\/n\/wp-json\/wp\/v2\/posts"}],"about":[{"href":"https:\/\/www.infokuryr.cz\/n\/wp-json\/wp\/v2\/types\/post"}],"author":[{"embeddable":true,"href":"https:\/\/www.infokuryr.cz\/n\/wp-json\/wp\/v2\/users\/2"}],"replies":[{"embeddable":true,"href":"https:\/\/www.infokuryr.cz\/n\/wp-json\/wp\/v2\/comments?post=105475"}],"version-history":[{"count":0,"href":"https:\/\/www.infokuryr.cz\/n\/wp-json\/wp\/v2\/posts\/105475\/revisions"}],"wp:featuredmedia":[{"embeddable":true,"href":"https:\/\/www.infokuryr.cz\/n\/wp-json\/wp\/v2\/media\/105476"}],"wp:attachment":[{"href":"https:\/\/www.infokuryr.cz\/n\/wp-json\/wp\/v2\/media?parent=105475"}],"wp:term":[{"taxonomy":"category","embeddable":true,"href":"https:\/\/www.infokuryr.cz\/n\/wp-json\/wp\/v2\/categories?post=105475"},{"taxonomy":"post_tag","embeddable":true,"href":"https:\/\/www.infokuryr.cz\/n\/wp-json\/wp\/v2\/tags?post=105475"}],"curies":[{"name":"wp","href":"https:\/\/api.w.org\/{rel}","templated":true}]}}