{"id":105471,"date":"2026-04-28T00:24:00","date_gmt":"2026-04-27T22:24:00","guid":{"rendered":"https:\/\/www.infokuryr.cz\/n\/?p=105471"},"modified":"2026-04-28T02:16:20","modified_gmt":"2026-04-28T00:16:20","slug":"soudni-rozhodnuti-v-recku-300-000-eur-jako-odskodneni-po-umrti-v-dusledku-ockovani","status":"publish","type":"post","link":"https:\/\/www.infokuryr.cz\/n\/2026\/04\/28\/soudni-rozhodnuti-v-recku-300-000-eur-jako-odskodneni-po-umrti-v-dusledku-ockovani\/","title":{"rendered":"Soudn\u00ed rozhodnut\u00ed v \u0158ecku: 300 000 eur jako od\u0161kodn\u011bn\u00ed po \u00famrt\u00ed v d\u016fsledku o\u010dkov\u00e1n\u00ed"},"content":{"rendered":"<div id=\"fb-root\"><\/div>\n<p><strong><span dir=\"auto\">Zpr\u00e1vy z \u0158ecka nazna\u010duj\u00ed, \u017ee poz\u016fstal\u00e1 rodina osoby, kter\u00e1 zem\u0159ela po o\u010dkov\u00e1n\u00ed mRNA vakc\u00ednou AstraZeneca, z\u00edskala v soudn\u00edm sporu zna\u010dn\u00e9 od\u0161kodn\u011bn\u00ed v celkov\u00e9 v\u00fd\u0161i 300 000 eur. Provedli jsme rozs\u00e1hl\u00fd v\u00fdzkum a poda\u0159ilo se n\u00e1m toto rozhodnut\u00ed naj\u00edt v soudn\u00edch datab\u00e1z\u00edch. Pr\u00e1vn\u00ed platnost tohoto p\u016fvodn\u00edho rozhodnut\u00ed nen\u00ed zn\u00e1ma.<\/span><\/strong><\/p>\n<p><span dir=\"auto\">T\u00fdk\u00e1 se to rozsudku TPDA 11407\/2025 vydan\u00e9ho v \u00fanoru 2026. Lze jej nal\u00e9zt\u00a0<\/span><a href=\"https:\/\/www.qualex.gr\/el-GR\/periexomeno\/nomologia\/nomologia?id=2510824\" target=\"_blank\" rel=\"noreferrer noopener\"><span dir=\"auto\">v \u0159eck\u00e9 pr\u00e1vn\u00ed datab\u00e1zi Qualex<\/span><\/a><span dir=\"auto\">\u00a0(pln\u00fd p\u0159\u00edstup pouze pro registrovan\u00e9 \u0159eck\u00e9 pr\u00e1vn\u00edky). Z\u00e1znam m\u00e1 n\u00e1zev:\u00a0<\/span><strong><span dir=\"auto\">TPDA 11407\/2025 Ob\u010danskopr\u00e1vn\u00ed odpov\u011bdnost st\u00e1tu \u2013 Smrt osoby v d\u016fsledku ne\u017e\u00e1douc\u00edch \u00fa\u010dink\u016f po o\u010dkov\u00e1n\u00ed proti koronaviru COVID-19 \u2013 \u0160koda vznikl\u00e1 v d\u016fsledku z\u00e1konn\u00e9ho \u010dinu p\u0159ekra\u010duj\u00edc\u00edho p\u0159\u00edpustn\u00e9 meze p\u0159im\u011b\u0159en\u00e9 ve\u0159ejn\u00e9mu z\u00e1jmu \u2013 Dobrovolnost o\u010dkov\u00e1n\u00ed nebyla dot\u010dena.<\/span><\/strong><\/p>\n<p><span dir=\"auto\">P\u0159\u00edpad se t\u00fdk\u00e1 rozsudku t\u0159\u00ed\u010dlenn\u00e9ho Spr\u00e1vn\u00edho soudu prvn\u00edho stupn\u011b v At\u00e9n\u00e1ch \u010d. 11407\/2025. \u017dalobci byli man\u017eel a dv\u011b dcery zesnul\u00e9 \u017eeny. \u017dena \u00fadajn\u011b po o\u010dkov\u00e1n\u00ed vakc\u00ednou Vaxzevria\/AstraZeneca utrp\u011bla tromb\u00f3zu nebo trombotickou p\u0159\u00edhodu a n\u00e1sledn\u011b zem\u0159ela. (\u00a0<\/span><a href=\"https:\/\/www.pharmamanage.gr\/apozhmioseis-gia-tis-parenergeies-ton-emvolion-i-dikastiki-anagnorisi-ws-praksi-euthunis\/\" target=\"_blank\" rel=\"noreferrer noopener\"><span dir=\"auto\">Citace z Pharmacy Management<\/span><\/a><span dir=\"auto\">\u00a0: \u017dalobkyn\u011b po o\u010dkov\u00e1n\u00ed proti COVID-19 rozvinula vz\u00e1cn\u00e9 neurologick\u00e9 onemocn\u011bn\u00ed ADEM (akutn\u00ed diseminovan\u00e1 encefalomyelitida).)<\/span><\/p>\n<p><span dir=\"auto\">Soud p\u0159edpokl\u00e1dal p\u0159\u00ed\u010dinnou souvislost na z\u00e1klad\u011b \u010dasov\u00e9 bl\u00edzkosti o\u010dkov\u00e1n\u00ed, absence dal\u0161\u00edch rizikov\u00fdch faktor\u016f a mezin\u00e1rodn\u00ed l\u00e9ka\u0159sk\u00e9 literatury o tomto zn\u00e1m\u00e9m vz\u00e1cn\u00e9m vedlej\u0161\u00edm \u00fa\u010dinku.<\/span><\/p>\n<p><span dir=\"auto\">Podle dostupn\u00fdch informac\u00ed byl \u017ealovan\u00fdm \u0159eck\u00fd st\u00e1t, nikoli spole\u010dnost AstraZeneca \u2013 pravd\u011bpodobn\u011b proto, \u017ee se v\u00fdrobci smluvn\u011b vylou\u010dili z jak\u00e9koli odpov\u011bdnosti. Soud odm\u00edtl argument st\u00e1tu, \u017ee o\u010dkov\u00e1n\u00ed bylo \u010dist\u011b dobrovoln\u00e9, a proto nemohlo v\u00e9st k \u017e\u00e1dn\u00e9 odpov\u011bdnosti st\u00e1tu.<\/span><\/p>\n<p><span dir=\"auto\">Z pr\u00e1vn\u00edho hlediska se nejednalo o vadu v\u00fdrobku, ale sp\u00ed\u0161e o odpov\u011bdnost st\u00e1tu nebo o my\u0161lenku, \u017ee mimo\u0159\u00e1dn\u011b z\u00e1va\u017enou individu\u00e1ln\u00ed ztr\u00e1tu vzniklou v souvislosti se st\u00e1tem financovan\u00fdm opat\u0159en\u00edm na ochranu ve\u0159ejn\u00e9ho zdrav\u00ed by nem\u011bli n\u00e9st pouze p\u0159\u00edbuzn\u00ed.<\/span><\/p>\n<p><span dir=\"auto\">Soud rodin\u011b p\u0159iznal celkem 300 000 eur: 120 000 eur pro man\u017eela a 90 000 eur pro ob\u011b dcery. Tato \u010d\u00e1stka byla p\u0159izn\u00e1na jako od\u0161kodn\u011bn\u00ed za citov\u00e9 utrpen\u00ed a ztr\u00e1tu jejich bl\u00edzk\u00fdch.<\/span><\/p>\n<p><span dir=\"auto\">Tento p\u0159\u00edpad nep\u0159edstavuje soudn\u00ed d\u016fkaz o tom, \u017ee spole\u010dnost AstraZeneca jednala protipr\u00e1vn\u011b. Podle dostupn\u00fdch informac\u00ed se nejedn\u00e1 ani o obecn\u00e9 rozhodnut\u00ed proti o\u010dkov\u00e1n\u00ed proti COVID-19. Sp\u00ed\u0161e se jedn\u00e1 o prvostup\u0148ov\u00fd p\u0159\u00edpad odpov\u011bdnosti \u0159eck\u00e9ho st\u00e1tu t\u00fdkaj\u00edc\u00ed se uznan\u00e9ho, \u200b\u200bvz\u00e1cn\u00e9ho a z\u00e1va\u017en\u00e9ho rizika spojen\u00e9ho s vakc\u00ednou AstraZeneca. Agentura EMA ji\u017e v roce 2021 identifikovala mo\u017enou souvislost mezi vakc\u00ednou AstraZeneca a velmi vz\u00e1cn\u00fdmi krevn\u00edmi sra\u017eeninami s n\u00edzk\u00fdm po\u010dtem krevn\u00edch desti\u010dek; rozhodnut\u00ed o registraci vakc\u00edny Vaxzevria v EU bylo v roce 2024 na \u017e\u00e1dost spole\u010dnosti AstraZeneca z obchodn\u00edch d\u016fvod\u016f sta\u017eeno.<\/span><\/p>\n<p><span dir=\"auto\">Neexistuj\u00ed \u017e\u00e1dn\u00e9 spolehliv\u00e9 d\u016fkazy o jeho pr\u00e1vn\u00ed platnosti \u2013 \u0159e\u010dt\u00ed pr\u00e1vn\u00edci by to mohli p\u0159\u00edpadn\u011b objasnit; redak\u010dn\u00ed t\u00fdm v\u00edt\u00e1 kontakt na adrese\u00a0<\/span><a href=\"mailto:redaktion@report24.news\" target=\"_blank\" rel=\"noreferrer noopener\"><span dir=\"auto\">redaktion@report24.news<\/span><\/a><span dir=\"auto\">\u00a0.<\/span><\/p>\n<p><span dir=\"auto\">O tomto p\u0159\u00edpadu informuje\u00a0\u0159ada \u0159eck\u00fdch online m\u00e9di\u00ed, v\u010detn\u011b\u00a0<\/span><a href=\"https:\/\/www.pharmamanage.gr\/apozhmioseis-gia-tis-parenergeies-ton-emvolion-i-dikastiki-anagnorisi-ws-praksi-euthunis\/\" target=\"_blank\" rel=\"noreferrer noopener\"><span dir=\"auto\">farmaceutick\u00fdch port\u00e1l\u016f a pr\u00e1vnick\u00fdch web\u016f. Nap\u0159\u00edklad advok\u00e1tn\u00ed kancel\u00e1\u0159 Siamakis &amp; Partners\u00a0<\/span><\/a><a href=\"https:\/\/siamakis-lawyers.gr\/apozimiosi-thanatos-emvolio-covid\/\" target=\"_blank\" rel=\"noreferrer noopener\"><span dir=\"auto\">popisuje<\/span><\/a><span dir=\"auto\">\u00a0pr\u00e1vn\u00ed z\u00e1klad, pozad\u00ed a klasifikaci p\u0159\u00edpadu. Sami si m\u016f\u017eete domyslet, pro\u010d se rozhodnut\u00ed dosud nedostalo do pov\u011bdom\u00ed mainstreamov\u00fdch m\u00e9di\u00ed. Informace z odkazovan\u00fdch str\u00e1nek vysv\u011btluj\u00ed n\u011bkter\u00e9 podrobnosti \u0159\u00edzen\u00ed:<\/span><span dir=\"auto\">Soud odm\u00edtl tvrzen\u00ed st\u00e1tu, \u017ee o\u010dkov\u00e1n\u00ed bylo \u010dist\u011b dobrovoln\u00e9, a proto mimo odpov\u011bdnost st\u00e1tu.<\/span><\/p>\n<p><span dir=\"auto\">Kauzalita byla stanovena na n\u00e1sleduj\u00edc\u00edm z\u00e1klad\u011b:<\/span><\/p>\n<ul>\n<li><span dir=\"auto\">\u010casov\u00e1 bl\u00edzkost mezi o\u010dkov\u00e1n\u00edm a epizodou<\/span><\/li>\n<li><span dir=\"auto\">Absence dal\u0161\u00edch rizikov\u00fdch faktor\u016f<\/span><\/li>\n<li><span dir=\"auto\">Mezin\u00e1rodn\u00ed v\u011bdeck\u00e1 literatura o tomto specifick\u00e9m vedlej\u0161\u00edm \u00fa\u010dinku<\/span><\/li>\n<\/ul>\n<p><span dir=\"auto\">Obzvl\u00e1\u0161t\u011b d\u016fle\u017eit\u00e1 je skute\u010dnost, \u017ee o\u010dkov\u00e1n\u00ed nebylo form\u00e1ln\u011b povinn\u00e9 pro celou populaci. Soud v\u0161ak rozhodl:<\/span><\/p>\n<ul>\n<li><span dir=\"auto\">D\u016frazn\u00e9 vl\u00e1dn\u00ed doporu\u010den\u00ed<\/span><\/li>\n<li><span dir=\"auto\">Organizovan\u00e1 celost\u00e1tn\u00ed kampa\u0148<\/span><\/li>\n<li><span dir=\"auto\">Soci\u00e1ln\u00ed tlaky t\u00e9 doby<\/span><\/li>\n<li><span dir=\"auto\">Vytvo\u0159ili r\u00e1mec, kter\u00fd p\u0159ipom\u00ednal povinnost. V d\u016fsledku toho musel st\u00e1t n\u00e9st n\u00e1klady na \u0161kody.<\/span><\/li>\n<\/ul>\n<p><span dir=\"auto\">Soud d\u00e1le zjistil n\u00e1sleduj\u00edc\u00ed:<\/span><\/p>\n<ul>\n<li><span dir=\"auto\">Nedo\u0161lo k \u017e\u00e1dn\u00e9mu l\u00e9ka\u0159sk\u00e9mu pochyben\u00ed.<\/span><\/li>\n<li><span dir=\"auto\">Nebyl \u017e\u00e1dn\u00fd nedostatek vakc\u00edny.<\/span><\/li>\n<\/ul>\n<p><span dir=\"auto\">Rozhodnut\u00ed objas\u0148uj\u00ed, kdo je povinen vyplatit od\u0161kodn\u011bn\u00ed:<\/span><\/p>\n<ul>\n<li><span dir=\"auto\">\u0158eck\u00fd st\u00e1t nese odpov\u011bdnost jako garant ve\u0159ejn\u00e9ho zdrav\u00ed a str\u016fjce n\u00e1rodn\u00ed o\u010dkovac\u00ed strategie.<\/span><\/li>\n<li><span dir=\"auto\">Regiony ani m\u00edstn\u00ed zdravotnick\u00e9 org\u00e1ny nenesou odpov\u011bdnost, proto\u017ee prov\u00e1d\u011bj\u00ed \u00fast\u0159edn\u00ed pokyny.<\/span><\/li>\n<li><span dir=\"auto\">Farmaceutick\u00e9 spole\u010dnosti nenesou odpov\u011bdnost, pokud se neprok\u00e1\u017ee \u017e\u00e1dn\u00e1 vada produktu.<\/span><\/li>\n<\/ul>\n<p><img decoding=\"async\" loading=\"lazy\" class=\"alignnone size-full wp-image-1185\" src=\"http:\/\/www.infokuryr.cz\/n\/wp-content\/uploads\/2021\/04\/kuryr-podpis.png\" alt=\"\" width=\"84\" height=\"24\" \/><\/p>\n<p>&nbsp;<\/p>\n","protected":false},"excerpt":{"rendered":"<p>Zpr\u00e1vy z \u0158ecka nazna\u010duj\u00ed, \u017ee poz\u016fstal\u00e1 rodina osoby, kter\u00e1 zem\u0159ela po o\u010dkov\u00e1n\u00ed mRNA vakc\u00ednou AstraZeneca,&#8230;<\/p>\n","protected":false},"author":2,"featured_media":105472,"comment_status":"closed","ping_status":"closed","sticky":false,"template":"","format":"standard","meta":[],"categories":[7],"tags":[539,324,651],"_links":{"self":[{"href":"https:\/\/www.infokuryr.cz\/n\/wp-json\/wp\/v2\/posts\/105471"}],"collection":[{"href":"https:\/\/www.infokuryr.cz\/n\/wp-json\/wp\/v2\/posts"}],"about":[{"href":"https:\/\/www.infokuryr.cz\/n\/wp-json\/wp\/v2\/types\/post"}],"author":[{"embeddable":true,"href":"https:\/\/www.infokuryr.cz\/n\/wp-json\/wp\/v2\/users\/2"}],"replies":[{"embeddable":true,"href":"https:\/\/www.infokuryr.cz\/n\/wp-json\/wp\/v2\/comments?post=105471"}],"version-history":[{"count":0,"href":"https:\/\/www.infokuryr.cz\/n\/wp-json\/wp\/v2\/posts\/105471\/revisions"}],"wp:featuredmedia":[{"embeddable":true,"href":"https:\/\/www.infokuryr.cz\/n\/wp-json\/wp\/v2\/media\/105472"}],"wp:attachment":[{"href":"https:\/\/www.infokuryr.cz\/n\/wp-json\/wp\/v2\/media?parent=105471"}],"wp:term":[{"taxonomy":"category","embeddable":true,"href":"https:\/\/www.infokuryr.cz\/n\/wp-json\/wp\/v2\/categories?post=105471"},{"taxonomy":"post_tag","embeddable":true,"href":"https:\/\/www.infokuryr.cz\/n\/wp-json\/wp\/v2\/tags?post=105471"}],"curies":[{"name":"wp","href":"https:\/\/api.w.org\/{rel}","templated":true}]}}