{"id":105470,"date":"2026-04-28T00:23:00","date_gmt":"2026-04-27T22:23:00","guid":{"rendered":"https:\/\/www.infokuryr.cz\/n\/?p=105470"},"modified":"2026-04-28T02:16:05","modified_gmt":"2026-04-28T00:16:05","slug":"zeleni-zachranci-proc-je-odolnost-vuci-vetrne-energii-tak-dulezita","status":"publish","type":"post","link":"https:\/\/www.infokuryr.cz\/n\/2026\/04\/28\/zeleni-zachranci-proc-je-odolnost-vuci-vetrne-energii-tak-dulezita\/","title":{"rendered":"Zelen\u00ed zachr\u00e1nci? Pro\u010d je odolnost v\u016f\u010di v\u011btrn\u00e9 energii tak d\u016fle\u017eit\u00e1"},"content":{"rendered":"<div id=\"fb-root\"><\/div>\n<p><strong><span dir=\"auto\">Nov\u00e1 generace v\u011btrn\u00fdch turb\u00edn je vysok\u00e1 300 metr\u016f a s rotorov\u00fdmi listy dlouh\u00fdmi p\u0159es 90 metr\u016f. Tyto kopiovit\u00e9 rotory se na sv\u00fdch \u0161pi\u010dk\u00e1ch ot\u00e1\u010dej\u00ed rychlost\u00ed a\u017e 300 km\/h. V noci blikaj\u00ed \u010derven\u011b a jsou viditeln\u00e9 do d\u00e1lky. Doln\u00ed Rakousko m\u00e1 ji\u017e 830 t\u011bchto energetick\u00fdch stroj\u016f na sv\u00fdch pol\u00edch a v les\u00edch. Odh\u00e1n\u011bj\u00ed divokou zv\u011b\u0159, drt\u00ed pt\u00e1ky, netop\u00fdry a hmyz, jejich hu\u010den\u00ed je extr\u00e9mn\u011b hlu\u010dn\u00e9 a vrhaj\u00ed neuv\u011b\u0159iteln\u011b o\u0161kliv\u00e9 st\u00edny. Vytv\u00e1\u0159ej\u00ed v\u00edry, kter\u00e9 vysu\u0161uj\u00ed p\u016fdu. Jsou v\u0161\u00edm, jen ne udr\u017eiteln\u00e9, a rozhodn\u011b ne \u201ezelen\u00e9\u201c.<\/span><\/strong><\/p>\n<p><span dir=\"auto\">Z\u00e1konem stanoven\u00e1 vzd\u00e1lenost od s\u00eddel je 1200 metr\u016f. Toto m\u011b\u0159en\u00ed bylo p\u016fvodn\u011b vypo\u010d\u00edt\u00e1no pro 60 metr\u016f vysok\u00e9 v\u011btrn\u00e9 turb\u00edny a\u00a0<\/span><strong><span dir=\"auto\">nikdy<\/span><\/strong><span dir=\"auto\">\u00a0nebylo revidov\u00e1no. Infrazvuk, kter\u00fd generuj\u00ed, se \u0161\u00ed\u0159\u00ed 20 kilometr\u016f a pronik\u00e1 betonem dom\u016f. U citliv\u00fdch jedinc\u016f zp\u016fsobuje nemoci, od srde\u010dn\u00edch probl\u00e9m\u016f a\u017e po dal\u0161\u00ed neduhy, a v\u00fdrazn\u011b sni\u017euje kvalitu \u017eivota. Tyto monstr\u00f3zn\u00ed energetick\u00e9 stroje dominuj\u00ed krajin\u011b v prominentn\u00edch v\u00fd\u0161k\u00e1ch a bodech, podobn\u011b jako kdysi kostely a hrady. Pozoruhodn\u00e9 pam\u00e1tky, kter\u00e9 sd\u011bluj\u00ed: Nyn\u00ed ovl\u00e1d\u00e1me zemi! Jejich technologie je v\u0161ak v rozporu s ve\u0161kerou ochranou \u017eivotn\u00edho prost\u0159ed\u00ed, biodiverzitou a estetikou.<\/span><\/p>\n<h3 id=\"h-die-grosse-tauschung-keine-saubere-technologie\" class=\"wp-block-heading\"><span dir=\"auto\">Velk\u00fd podvod \u2013 \u017e\u00e1dn\u00e1 \u010dist\u00e1 technologie<\/span><\/h3>\n<p><span dir=\"auto\">Rotory se vyr\u00e1b\u011bj\u00ed v \u010c\u00edn\u011b za nelidsk\u00fdch podm\u00ednek a ne\u017e sem doraz\u00ed, cestuj\u00ed lod\u00ed p\u0159es p\u016fl sv\u011bta. Materi\u00e1l se skl\u00e1d\u00e1 z diploidn\u00edch prysky\u0159ic a je pota\u017een chemik\u00e1liemi, kter\u00e9 se od\u011brem (v\u00edtr, slunce, d\u00e9\u0161\u0165, krupobit\u00ed) uvol\u0148uj\u00ed do pol\u00ed a les\u016f v \u201eo\u0161kliv\u00fdch vl\u00e1knech\u201c. Bisfenol A je karcinogenn\u00ed. Tyto l\u00e1tky se dost\u00e1vaj\u00ed do potravn\u00edho \u0159et\u011bzce a podzemn\u00ed vody. Gondoly obsahuj\u00ed FS6 (sklen\u00edkov\u00fd plyn) a neodym (prvek vz\u00e1cn\u00fdch zemin, jeho\u017e t\u011b\u017ebou se uvol\u0148uje uran a thorium). Stroje jsou poh\u00e1n\u011bny naftou. V\u011btrnou energii nelze skladovat a je zcela nespolehliv\u00e1. Na z\u00e1kladnu se pou\u017e\u00edvaj\u00ed stovky tun oceli a betonu \u2013 dostatek materi\u00e1lu na jednu v\u011btrnou turb\u00ednu k postaven\u00ed 10 pevn\u00fdch dom\u016f.<\/span><\/p>\n<p><span dir=\"auto\">Stavba vy\u017eaduje p\u0159\u00edstupov\u00e9 cesty \u0161irok\u00e9 5 metr\u016f, kter\u00e9 zhut\u0148uj\u00ed p\u016fdu a \u010din\u00ed ji ne\u00farodnou. Pokud se nach\u00e1zej\u00ed vedle pole, ztr\u00e1cej\u00ed se n\u011bkolik hektar\u016f \u00farodn\u00e9 zem\u011bd\u011blsk\u00e9 p\u016fdy. Pokud se nach\u00e1zej\u00ed v lese, jsou pok\u00e1ceny stovky strom\u016f a lesem jsou pro\u0159ez\u00e1ny obrovsk\u00e9 kusy lesa, co\u017e ni\u010d\u00ed \u017eivot v p\u016fd\u011b, faunu a fl\u00f3ru. Pracovn\u00ed m\u00edsta vytv\u00e1\u0159\u00ed nanejv\u00fd\u0161 provozovatel b\u011bhem v\u00fdstavby, ale ne po n\u00ed.<\/span><\/p>\n<h3 id=\"h-der-finanzielle-aspekt\" class=\"wp-block-heading\"><span dir=\"auto\">Finan\u010dn\u00ed aspekt<\/span><\/h3>\n<p><span dir=\"auto\">V\u011btrn\u00e1 energie je jen obchodn\u00ed model; v s\u00e1zce jsou miliardy. Pod zav\u00e1d\u011bj\u00edc\u00ed n\u00e1lepkou \u201eobnoviteln\u00e1 energie\u201c je c\u00edlem odklon od ropy a plynu. EU dotuje v\u011btrnou a sol\u00e1rn\u00ed energii miliony eur, \u010d\u00edm\u017e diktuje sv\u016fj program n\u00e1rodn\u00edm st\u00e1t\u016fm. Zastavila dod\u00e1vky levn\u00e9ho plynu z Ruska a vykreslila Putina jako nep\u0159\u00edtele.<\/span><\/p>\n<p><span dir=\"auto\">Pro v\u00fdrobce elekt\u0159iny, jako jsou EVN, Wien Energie, Verbund a n\u011bkolik soukrom\u00fdch spole\u010dnost\u00ed, se model v\u011btrn\u00e9 energie st\u00e1v\u00e1 megabyznysem. EVN vypl\u00e1c\u00ed sv\u00fdm \u010dlen\u016fm p\u0159edstavenstva pr\u016fm\u011brn\u00fd ro\u010dn\u00ed plat 600 000 eur. Velc\u00ed vlastn\u00edci p\u016fdy z \u0159ad \u0161lechty a c\u00edrkve tak\u00e9 vn\u00edmaj\u00ed obchodn\u00ed model v\u011btrn\u00e9 energie v\u00fdhradn\u011b jako motiv zisku. Rakousk\u00e1 elita v\u011btrn\u00e9 energie, jako nap\u0159\u00edklad Johannes Trautmansdorff (ImWind) z Abensberg-Traun, Hardegg a Cernin-Kinsky, vyu\u017e\u00edv\u00e1 v\u011btrnou energii jako zdroj p\u0159\u00edjm\u016f jako n\u00e1jemci a\/nebo provozovatel\u00e9 sv\u00fdch pozemk\u016f. Spolkov\u00e1 zem\u011b Doln\u00ed Rakousko z toho finan\u010dn\u011b t\u011b\u017e\u00ed v maxim\u00e1ln\u00ed m\u00ed\u0159e prost\u0159ednictv\u00edm vlastn\u00edch spole\u010dnost\u00ed EVN a Verbund.<\/span><\/p>\n<h3 id=\"h-der-politische-aspekt\" class=\"wp-block-heading\"><span dir=\"auto\">Politick\u00fd aspekt<\/span><\/h3>\n<p><span dir=\"auto\">Otev\u0159en\u00e1 politi\u010dka Strany zelen\u00fdch Leonore Gewesslerov\u00e1 odlet\u011bla do Bruselu sama a podepsala smlouvu jm\u00e9nem Rakouska, \u010d\u00edm\u017e se zavedl z\u00e1kon EU o renaturaci. Obnoviteln\u00e9 zdroje energie a v\u00e1le\u010dn\u00e9 hospod\u00e1\u0159stv\u00ed jsou z t\u00e9to dohody vy\u0148aty. Konzervativn\u00ed n\u00e1m\u011bstek hejtmana Stephan Pernkopf st\u00e1le cestuje po zemi s Gewesslerov\u00fdm man\u017eelem Herbertem Greisbergerem a propaguje v\u011btrnou energii a fotovoltaiku jako budoucnost. Doln\u00ed Rakousko se ji\u017e s 830 v\u011btrn\u00fdmi turb\u00ednami, zejm\u00e9na v regionu Weinviertel, prom\u011bnilo v krajinnou hanbu. Do roku 2030 se pl\u00e1nuje v\u00fdstavba dal\u0161\u00edch 200 nebo v\u00edce. Doln\u00ed Rakousko, kr\u00e1sn\u00e1 zem\u011b tis\u00edce krajin, by se tak prom\u011bnilo v o\u0161klivou zemi tis\u00edce v\u011btrn\u00fdch turb\u00edn.<\/span><\/p>\n<p><span dir=\"auto\">Na ja\u0159e 2026 p\u016fjde feder\u00e1ln\u00ed vl\u00e1da je\u0161t\u011b d\u00e1l: hodl\u00e1 v parlamentu prosadit \u201eZ\u00e1kon o urychlen\u00ed obnoviteln\u00fdch zdroj\u016f energie\u201c. To znamen\u00e1 krat\u0161\u00ed postupy posuzov\u00e1n\u00ed vliv\u016f na \u017eivotn\u00ed prost\u0159ed\u00ed (EIA), men\u0161\u00ed dohled a oslaben\u00ed norem ochrany \u017eivotn\u00edho prost\u0159ed\u00ed. To guvern\u00e9r\u016fm st\u00e1t\u016f vnese do hry kl\u00ed\u010d a prom\u011bn\u00ed je v pouh\u00e9 p\u0159\u00edjemce p\u0159\u00edkaz\u016f politiky EU, kter\u00e1, stejn\u011b jako \u010d\u00ednsk\u00e9 rotorov\u00e9 listy, jde \u0161patnou cestou: politick\u00e1 energetick\u00e1 transformace, kter\u00e1 nikam nevede a kter\u00e1 v kone\u010dn\u00e9m d\u016fsledku bere pen\u00edze spot\u0159ebitel\u016fm.<\/span><\/p>\n<h3 id=\"h-der-menschliche-aspekt\" class=\"wp-block-heading\"><span dir=\"auto\">Lidsk\u00fd aspekt<\/span><\/h3>\n<p><span dir=\"auto\">Rakou\u0161t\u00ed ob\u010dan\u00e9, kte\u0159\u00ed se stav\u00ed proti monstr\u00f3zn\u00edm energetick\u00fdm turb\u00edn\u00e1m ve sv\u00e9m bezprost\u0159edn\u00edm okol\u00ed, jsou ozna\u010dov\u00e1ni za nacisty, pot\u00ed\u017eisty, konspira\u010dn\u00ed teoretiky, pravicov\u00e9 extremisty a reakcion\u00e1\u0159e. Nejsou br\u00e1ni v\u00e1\u017en\u011b, jejich hlasy jsou ignorov\u00e1ny a v levicov\u00e9m tisku jsou hanobeni jako pravicov\u00e9 konspira\u010dn\u00ed teoretiky. Jejich sch\u016fze jsou naru\u0161ov\u00e1ny, jejich argumenty zavrhov\u00e1ny a je jim up\u00edr\u00e1no pr\u00e1vo na sebeur\u010den\u00ed nad jejich \u017eivotn\u00edm prostorem. V\u011btrn\u00e9 turb\u00edny postaven\u00e9 po cel\u00e9 zemi jim pos\u00edlaj\u00ed prost\u0159edn\u00ed\u010dek: Mus\u00edte se pod\u0159\u00eddit! Starostov\u00e9 a zem\u011bd\u011blci jsou l\u00e1k\u00e1ni sliby rychl\u00fdch a zna\u010dn\u00fdch \u010d\u00e1stek pen\u011bz, kter\u00e9 zd\u00e1nliv\u011b \u201epadaj\u00ed z nebe\u201c bez jak\u00e9hokoli \u00fasil\u00ed z jejich strany. V\u011bt\u0161ina na tento trik nalet\u00ed. Tisk se st\u00e1v\u00e1 podporovatelem myln\u00e9 politiky a hanob\u00ed disentn\u00ed ob\u010dany, jako by to byli zlo\u010dinci.<\/span><\/p>\n<h3 id=\"h-meine-motive\" class=\"wp-block-heading\"><span dir=\"auto\">M\u00e9 motivy<\/span><\/h3>\n<p><span dir=\"auto\">Jsem zahradn\u00edk a pot\u00e9, co se m\u00fdch p\u011bt d\u011bt\u00ed odst\u011bhovalo, jsem studoval \u017eurnalistiku pro tisk a televizi v Krem\u017ei. V roce 2023 se pl\u00e1novalo znetvo\u0159it Tullnerfeld, kde jsem vyr\u016fstal a st\u00e1le \u017eiji, 40 v\u011btrn\u00fdmi turb\u00ednami \u2013 zelenou obilnici Doln\u00edho Rakouska. \u0158ekl jsem NE a bojoval proti tomu. Stejn\u011b jako by se kdokoli br\u00e1nil, kdyby se n\u011bkdo pokusil znesv\u011btit jeho du\u0161i, jeho domov, jeho vlast.<\/span><\/p>\n<p><span dir=\"auto\">Jsem zahradn\u00edk a miluji stromy, zv\u00ed\u0159ata a lidi. V\u011b\u0159\u00edm, \u017ee na\u0161e spojen\u00ed s p\u0159\u00edrodou povzn\u00e1\u0161\u00ed a l\u00e9\u010d\u00ed na\u0161e du\u0161e, t\u011bla i mysli. V\u011btrn\u00e9 p\u0159\u00ed\u0161ery o\u0159ez\u00e1vaj\u00ed, masivn\u011b naru\u0161uj\u00ed a ni\u010d\u00ed v\u00fdtvory p\u0159\u00edrody. Bol\u00ed to. Nedot\u010den\u00e9, kr\u00e1sn\u00e9 lesy, kter\u00e9 p\u0159em\u011b\u0148uj\u00ed CO2 na kysl\u00edk, pole, p\u016fdy a zahrady, kde p\u011bstujeme potraviny, jsou posv\u00e1tn\u00e9. Jsou z\u00e1kladem \u017eivota pro budouc\u00ed generace. Mus\u00edme nejen br\u00e1nit kulturn\u00ed poklady na\u0161\u00ed vlasti s jej\u00ed n\u00e1dhernou krajinou, jedine\u010dnou histori\u00ed a ko\u0159eny na\u0161eho d\u011bdictv\u00ed. P\u0159edev\u0161\u00edm je mus\u00edme chr\u00e1nit! Chra\u0148te je p\u0159ed v\u0161emi formami zab\u00edr\u00e1n\u00ed p\u016fdy, agrese a n\u00e1siln\u00e9ho p\u0159ivlast\u0148ov\u00e1n\u00ed. Chra\u0148te je p\u0159ed kr\u00e1tkozrak\u00fdmi, neinformovan\u00fdmi nebo vypo\u010d\u00edtav\u00fdmi politiky, podnikateli a lidmi, kte\u0159\u00ed kv\u016fli pen\u011bz\u016fm a rychl\u00e9mu zisku bez sv\u011bdom\u00ed prod\u00e1vaj\u00ed svou \u010dest a svou p\u016fdu.<\/span><\/p>\n<p><span dir=\"auto\">Ti, kdo miluj\u00ed svou vlast, ji br\u00e1n\u00ed p\u0159ed \u00fato\u010dn\u00edky. V\u011btrn\u00e9 turb\u00edny nejsou nic v\u00edc ne\u017e \u00fato\u010dn\u00edci. Jejich technologie bude za p\u00e1r let zastaral\u00e1. Ale jejich nebezpe\u010dn\u00fd odpad s n\u00e1mi z\u016fstane.<\/span><\/p>\n<p><em><span dir=\"auto\">Koment\u00e1\u0159 <a href=\"https:\/\/report24.news\/gruene-heilsbringer-warum-der-widerstand-gegen-wind-energie-so-wichtig-ist\/\">Angeliky Starkl<\/a><\/span><\/em><\/p>\n<p>&nbsp;<\/p>\n","protected":false},"excerpt":{"rendered":"<p>Nov\u00e1 generace v\u011btrn\u00fdch turb\u00edn je vysok\u00e1 300 metr\u016f a s rotorov\u00fdmi listy dlouh\u00fdmi p\u0159es 90&#8230;<\/p>\n","protected":false},"author":2,"featured_media":90939,"comment_status":"closed","ping_status":"closed","sticky":false,"template":"","format":"standard","meta":[],"categories":[7],"tags":[67,1503,2625],"_links":{"self":[{"href":"https:\/\/www.infokuryr.cz\/n\/wp-json\/wp\/v2\/posts\/105470"}],"collection":[{"href":"https:\/\/www.infokuryr.cz\/n\/wp-json\/wp\/v2\/posts"}],"about":[{"href":"https:\/\/www.infokuryr.cz\/n\/wp-json\/wp\/v2\/types\/post"}],"author":[{"embeddable":true,"href":"https:\/\/www.infokuryr.cz\/n\/wp-json\/wp\/v2\/users\/2"}],"replies":[{"embeddable":true,"href":"https:\/\/www.infokuryr.cz\/n\/wp-json\/wp\/v2\/comments?post=105470"}],"version-history":[{"count":0,"href":"https:\/\/www.infokuryr.cz\/n\/wp-json\/wp\/v2\/posts\/105470\/revisions"}],"wp:featuredmedia":[{"embeddable":true,"href":"https:\/\/www.infokuryr.cz\/n\/wp-json\/wp\/v2\/media\/90939"}],"wp:attachment":[{"href":"https:\/\/www.infokuryr.cz\/n\/wp-json\/wp\/v2\/media?parent=105470"}],"wp:term":[{"taxonomy":"category","embeddable":true,"href":"https:\/\/www.infokuryr.cz\/n\/wp-json\/wp\/v2\/categories?post=105470"},{"taxonomy":"post_tag","embeddable":true,"href":"https:\/\/www.infokuryr.cz\/n\/wp-json\/wp\/v2\/tags?post=105470"}],"curies":[{"name":"wp","href":"https:\/\/api.w.org\/{rel}","templated":true}]}}