{"id":105468,"date":"2026-04-28T00:21:41","date_gmt":"2026-04-27T22:21:41","guid":{"rendered":"https:\/\/www.infokuryr.cz\/n\/?p=105468"},"modified":"2026-04-28T02:15:37","modified_gmt":"2026-04-28T00:15:37","slug":"jeden-rok-kanclere-merze-neuspechy-mu-dlazdi-cestu","status":"publish","type":"post","link":"https:\/\/www.infokuryr.cz\/n\/2026\/04\/28\/jeden-rok-kanclere-merze-neuspechy-mu-dlazdi-cestu\/","title":{"rendered":"Jeden rok kancl\u00e9\u0159e Merze: \u201eNe\u00fasp\u011bchy mu dl\u00e1\u017ed\u00ed cestu\u201c"},"content":{"rendered":"<div id=\"fb-root\"><\/div>\n<p><strong><span dir=\"auto\">Za p\u00e1r dn\u00ed to bude rok od doby, kdy bude kancl\u00e9\u0159 Friedrich Merz \u2013 kter\u00e9ho n\u011bkte\u0159\u00ed ozna\u010duj\u00ed za \u201ekancl\u00e9\u0159e, kter\u00fd nepln\u00ed sliby\u201c, jin\u00ed dokonce za \u201e\u00a0<\/span><a id=\"164396\" href=\"https:\/\/report24.news\/merz-pinocchio-genannt-zulaessige-machtkritik-ermittlungen-eingestellt\/\" type=\"post\"><span dir=\"auto\">Pinocchia<\/span><\/a><span dir=\"auto\">\u00a0\u201c \u2013 ve funkci. Sl\u00edbil mnoho. Splnilo se toho jen m\u00e1lo. Slibovan\u00e1 zm\u011bna v migra\u010dn\u00ed politice se neuskute\u010dnila, stejn\u011b jako ekonomick\u00fd vzestup: za Merze ka\u017ed\u00fd m\u011bs\u00edc zkrachuje p\u0159ibli\u017en\u011b 2 000 firem. List Deutschlandkurier shrnuje jeho prvn\u00ed rok ve funkci kancl\u00e9\u0159e: \u201eBankroty mu dl\u00e1\u017ed\u00ed cestu.\u201c<\/span><\/strong><\/p>\n<p><span dir=\"auto\">Kancl\u00e9\u0159 Friedrich Merz (CDU), jeho\u017e historie byla \u0161patn\u011b spravov\u00e1na, bude za dva t\u00fddny, 6. kv\u011btna, rok od sv\u00e9ho n\u00e1stupu do \u00fa\u0159adu. Od t\u00e9 doby n\u011bmeck\u00e1 ekonomika pro\u0161la celou \u0159adou zk\u00e1zy: deindustrializace, p\u0159esun firem do zahrani\u010d\u00ed. Po\u010det bankrot\u016f je vy\u0161\u0161\u00ed ne\u017e za posledn\u00edch 20 let. Jen letos je kv\u016fli insolvenc\u00edm ohro\u017eeno 200 000 pracovn\u00edch m\u00edst.<\/span><\/p>\n<p><span dir=\"auto\">N\u011bmecko, kdysi zem\u011b in\u017een\u00fdr\u016f a inovativn\u00edch mal\u00fdch a st\u0159edn\u00edch podnik\u016f, se pod neschopn\u00fdm kancl\u00e9\u0159em Merzem stalo zem\u00ed rozbit\u00fdch pracovn\u00edch m\u00edst. Ka\u017ed\u00fd m\u011bs\u00edc h\u00e1z\u00ed ru\u010dn\u00edk do ringu p\u0159ibli\u017en\u011b 2 000 firem. Jen v lo\u0148sk\u00e9m roce tak u\u010dinilo v\u00edce ne\u017e 24 000. Po\u010det nezam\u011bstnan\u00fdch nyn\u00ed p\u0159ekro\u010dil t\u0159i miliony.<\/span><\/p>\n<p><span dir=\"auto\">\u00dav\u011brov\u00e1 poji\u0161\u0165ovna Allianz Trade p\u0159edpov\u00edd\u00e1 masivn\u00ed naru\u0161en\u00ed trhu pr\u00e1ce v d\u016fsledku firemn\u00edch insolvenc\u00ed i v roce 2026: V ohro\u017een\u00ed je v\u00edce ne\u017e 200 000 pracovn\u00edch m\u00edst!<\/span><\/p>\n<p><span dir=\"auto\">V prvn\u00edm \u010dtvrtlet\u00ed roku 2026 dos\u00e1hl po\u010det bankrot\u016f firem v N\u011bmecku nejvy\u0161\u0161\u00ed \u00farovn\u011b za 20 let. Jak ned\u00e1vno ozn\u00e1mil Leibniz\u016fv institut pro ekonomick\u00fd v\u00fdzkum v Halle (IWH), b\u011bhem prvn\u00edch t\u0159\u00ed m\u011bs\u00edc\u016f bylo v N\u011bmecku zaznamen\u00e1no 4 573 insolvenc\u00ed partnerstv\u00ed a korporac\u00ed. Naposledy jich bylo v\u00edce ve t\u0159et\u00edm \u010dtvrtlet\u00ed roku 2005, vypl\u00fdv\u00e1 z \u00fadaj\u016f Destatis.<\/span><\/p>\n<h3 id=\"h-71-prozent-mehr-marz-merz-pleiten\" class=\"wp-block-heading\"><span dir=\"auto\">O 71 procent v\u00edce bankrot\u016f v b\u0159eznu!<\/span><\/h3>\n<p><span dir=\"auto\">Zejm\u00e9na b\u0159eznov\u00e1 \u010d\u00edsla by m\u011bla b\u00fdt alarmuj\u00edc\u00ed: Celkov\u00fd po\u010det bankrot\u016f byl v letech 2016 a\u017e 2019 \u2013 tedy p\u0159ed pandemi\u00ed \u2013 o 71 procent vy\u0161\u0161\u00ed ne\u017e pr\u016fm\u011br za b\u0159ezen. Podle Destatis v\u0161ak muselo v lednu ukon\u010dit \u010dinnost i v\u00fdrazn\u011b v\u00edce spole\u010dnost\u00ed ne\u017e v lednu p\u0159edchoz\u00edho roku. Obzvl\u00e1\u0161t\u011b posti\u017eeny jsou sektory stavebnictv\u00ed, maloobchodu a pohostinstv\u00ed. Vysok\u00e9 \u00farokov\u00e9 sazby, n\u00e1klady na energie a osobn\u00ed n\u00e1klady si vyb\u00edraj\u00ed velkou da\u0148. Insolvence spot\u0159ebitel\u016f se tak\u00e9 zv\u00fd\u0161ila o 8,4 procenta.<\/span><\/p>\n<p><span dir=\"auto\">V\u00fdhled n\u011bmeck\u00e9 ekonomiky je nyn\u00ed pochmurn\u011bj\u0161\u00ed ne\u017e b\u011bhem finan\u010dn\u00ed krize v roce 2009. Ministryn\u011b hospod\u00e1\u0159stv\u00ed Katherina Reiche (CDU) v\u00fdrazn\u011b sn\u00ed\u017eila o\u010dek\u00e1v\u00e1n\u00ed r\u016fstu: Hrub\u00fd dom\u00e1c\u00ed produkt (HDP), tj. celkov\u00e1 hodnota ve\u0161ker\u00e9ho zbo\u017e\u00ed a slu\u017eeb, by nyn\u00ed m\u011bl letos vzr\u016fst pouze o 0,5 procenta \u2013 nam\u00edsto d\u0159\u00edve p\u0159edpokl\u00e1dan\u00e9ho jednoho procenta.<\/span><\/p>\n<p><span dir=\"auto\">\u201eV\u00e1lka v \u00cdr\u00e1nu zvy\u0161uje ceny energi\u00ed a surovin. To zat\u011b\u017euje soukrom\u00e9 dom\u00e1cnosti a zvy\u0161uje n\u00e1klady pro n\u011bmeckou ekonomiku,\u201c \u0159ekl ministr v Berl\u00edn\u011b.<\/span><\/p>\n<p><span dir=\"auto\">Co ministr ne\u0159ekl: Politika t\u00e9to feder\u00e1ln\u00ed vl\u00e1dy tak\u00e9 \u017eene ceny nahoru a zvy\u0161uje n\u00e1klady pro n\u011bmeckou ekonomiku \u2013 nemluv\u011b o sank\u010dn\u00edm \u0161\u00edlenstv\u00ed EU a programu p\u0159edsedkyn\u011b komise CDU Ursuly von der Leyen (\u201eZelen\u00e1 dohoda\u201c), kter\u00fd ni\u010d\u00ed pracovn\u00ed m\u00edsta!<\/span><\/p>\n<h3 id=\"h-schaden-vom-deutschen-volke-wenden\" class=\"wp-block-heading\"><span dir=\"auto\">\u201eZabra\u0148te \u00fajm\u011b od n\u011bmeck\u00e9ho lidu&#8230;\u201c<\/span><\/h3>\n<p><span dir=\"auto\">Za ka\u017ed\u00fdm z 2 000 bankrot\u016f ka\u017ed\u00fd m\u011bs\u00edc stoj\u00ed \u017eivobyt\u00ed: pracovit\u00ed podnikatel\u00e9, kte\u0159\u00ed str\u00e1vili roky budov\u00e1n\u00edm sv\u00fdch firem. Zam\u011bstnanci, kte\u0159\u00ed se boj\u00ed o sv\u00e1 pracovn\u00ed m\u00edsta. Rodiny \u010del\u00ed nejist\u00e9 budoucnosti.<\/span><\/p>\n<p><span dir=\"auto\">Jak\u00e1 p\u0159esn\u011b byla va\u0161e p\u0159\u00edsaha, pane Merzi, kterou jste slo\u017eil v n\u011bmeck\u00e9m Bundestagu 6. kv\u011btna 2025 pot\u00e9, co jste byl na druh\u00fd pokus kone\u010dn\u011b zvolen kancl\u00e9\u0159em? \u201eAbyste odvr\u00e1til \u0161kodu n\u011bmeck\u00e9mu lidu, abych zv\u00fd\u0161il jeho prosp\u011bch!\u201c<\/span><\/p>\n<p><em><span dir=\"auto\">Koment\u00e1\u0159 se poprv\u00e9 objevil v den\u00edku <\/span><a href=\"https:\/\/deutschlandkurier.de\/2026\/04\/ein-jahr-minus-kanzler-merz-pleiten-pflastern-seinen-weg\/\"><span dir=\"auto\">Deutschlandkurier<\/span><\/a><span dir=\"auto\">\u00a0<\/span><\/em><\/p>\n<p>&nbsp;<\/p>\n","protected":false},"excerpt":{"rendered":"<p>Za p\u00e1r dn\u00ed to bude rok od doby, kdy bude kancl\u00e9\u0159 Friedrich Merz \u2013 kter\u00e9ho&#8230;<\/p>\n","protected":false},"author":2,"featured_media":105469,"comment_status":"closed","ping_status":"closed","sticky":false,"template":"","format":"standard","meta":[],"categories":[7],"tags":[1503,8211,84,4368],"_links":{"self":[{"href":"https:\/\/www.infokuryr.cz\/n\/wp-json\/wp\/v2\/posts\/105468"}],"collection":[{"href":"https:\/\/www.infokuryr.cz\/n\/wp-json\/wp\/v2\/posts"}],"about":[{"href":"https:\/\/www.infokuryr.cz\/n\/wp-json\/wp\/v2\/types\/post"}],"author":[{"embeddable":true,"href":"https:\/\/www.infokuryr.cz\/n\/wp-json\/wp\/v2\/users\/2"}],"replies":[{"embeddable":true,"href":"https:\/\/www.infokuryr.cz\/n\/wp-json\/wp\/v2\/comments?post=105468"}],"version-history":[{"count":0,"href":"https:\/\/www.infokuryr.cz\/n\/wp-json\/wp\/v2\/posts\/105468\/revisions"}],"wp:featuredmedia":[{"embeddable":true,"href":"https:\/\/www.infokuryr.cz\/n\/wp-json\/wp\/v2\/media\/105469"}],"wp:attachment":[{"href":"https:\/\/www.infokuryr.cz\/n\/wp-json\/wp\/v2\/media?parent=105468"}],"wp:term":[{"taxonomy":"category","embeddable":true,"href":"https:\/\/www.infokuryr.cz\/n\/wp-json\/wp\/v2\/categories?post=105468"},{"taxonomy":"post_tag","embeddable":true,"href":"https:\/\/www.infokuryr.cz\/n\/wp-json\/wp\/v2\/tags?post=105468"}],"curies":[{"name":"wp","href":"https:\/\/api.w.org\/{rel}","templated":true}]}}