{"id":105466,"date":"2026-04-28T00:21:30","date_gmt":"2026-04-27T22:21:30","guid":{"rendered":"https:\/\/www.infokuryr.cz\/n\/?p=105466"},"modified":"2026-04-28T02:15:24","modified_gmt":"2026-04-28T00:15:24","slug":"evropska-komise-nadale-popira-jakoukoli-souvislost-mezi-ockovanim-proti-koronaviru-a-rakovinou","status":"publish","type":"post","link":"https:\/\/www.infokuryr.cz\/n\/2026\/04\/28\/evropska-komise-nadale-popira-jakoukoli-souvislost-mezi-ockovanim-proti-koronaviru-a-rakovinou\/","title":{"rendered":"Evropsk\u00e1 komise nad\u00e1le pop\u00edr\u00e1 jakoukoli souvislost mezi o\u010dkov\u00e1n\u00edm proti koronaviru a rakovinou"},"content":{"rendered":"<div id=\"fb-root\"><\/div>\n<p><strong><span dir=\"auto\">Evropsk\u00e1 komise z\u016fst\u00e1v\u00e1 tvrdohlav\u00e1. Poslanec Evropsk\u00e9ho parlamentu za Stranu svobody Gerald Hauser varoval p\u0159ed souvislost\u00ed mezi rakovinou a o\u010dkov\u00e1n\u00edm proti COVID-19 \u2013 eurokrat\u00e9 to ale odm\u00edtaj\u00ed uznat. Navzdory tomu, \u017ee\u00a0\u00a0<\/span><a href=\"https:\/\/biomarkerres.biomedcentral.com\/articles\/10.1186\/s40364-025-00831-w\"><span dir=\"auto\">jihokorejsk\u00e1 studie<\/span><\/a><span dir=\"auto\">\u00a0s osmi miliony \u00fa\u010dastn\u00edk\u016f uk\u00e1zala alarmuj\u00edc\u00ed n\u00e1r\u016fst p\u0159\u00edpad\u016f rakoviny mezi o\u010dkovan\u00fdmi, jsou jak\u00e9koli v\u011bdeck\u00e9 d\u016fkazy o souvislosti pop\u00edr\u00e1ny.<\/span><\/strong><\/p>\n<p><span dir=\"auto\">Europoslanec za Stranu svobody Gerald Hauser op\u011bt kritizoval Evropskou komisi a obvinil ji, \u017ee nad\u00e1le pop\u00edr\u00e1 jakoukoli souvislost mezi o\u010dkov\u00e1n\u00edm proti COVID-19 a rostouc\u00ed m\u00edrou v\u00fdskytu rakoviny. Hauser jako d\u016fkaz uv\u00e1d\u00ed odpov\u011bdi komisa\u0159e Varhelyiho na parlamentn\u00ed ot\u00e1zky: \u201eVe sv\u00e9 odpov\u011bdi na mou ot\u00e1zku \u201aMo\u017en\u00e1 souvislost mezi mRNA vakc\u00ednami proti COVID-19 a agresivn\u00edmi druhy rakoviny (\u201eturbo rakovina\u201c) v kontextu evropsk\u00e9ho pl\u00e1nu proti rakovin\u011b\u2018 komisa\u0159 pro zdrav\u00ed uv\u00e1d\u00ed:\u00a0<\/span><strong><span dir=\"auto\">\u201aNeexistuj\u00ed \u017e\u00e1dn\u00e9 v\u011bdeck\u00e9 d\u016fkazy o tom, \u017ee by se m\u00edra v\u00fdskytu rakoviny v d\u016fsledku o\u010dkov\u00e1n\u00ed proti COVID-19 zv\u00fd\u0161ila.\u2018<\/span><\/strong><span dir=\"auto\"> D\u00e1le \u0159\u00edk\u00e1: \u201aStudie o souvislosti mezi mRNA vakc\u00ednami proti COVID-19 a rakovinou proto nejsou sou\u010d\u00e1st\u00ed pl\u00e1nu proti rakovin\u011b,\u2018\u201c l\u00ed\u010d\u00ed Hauser.<\/span><\/p>\n<p><span dir=\"auto\">\u010clen Strany svobody tak\u00e9 poukazuje na druhou reakci na dotaz: \u201eV jin\u00e9 odpov\u011bdi, konkr\u00e9tn\u011b na dotaz \u201aDramatick\u00fd n\u00e1r\u016fst rakoviny po o\u010dkov\u00e1n\u00ed proti COVID-19\u2018, Varhelyi uvedl, \u017ee \u201aneexistuj\u00ed \u017e\u00e1dn\u00e9 potvrzen\u00e9 d\u016fkazy o zv\u00fd\u0161en\u00e9m riziku rakoviny po o\u010dkov\u00e1n\u00ed proti COVID-19\u2018. D\u00e1le uv\u00e1d\u00ed, \u017ee podle studie o\u010dkov\u00e1n\u00ed proti COVID-19 pomoc\u00ed mRNA vakc\u00edn zlep\u0161uje \u0161ance na p\u0159e\u017eit\u00ed pacient\u016f l\u00e9\u010den\u00fdch specifick\u00fdmi l\u00e9ky proti rakovin\u011b. Na to m\u016f\u017eu jen kroutit hlavou!\u201c \u0159ekl Hauser.<\/span><\/p>\n<p><span dir=\"auto\">Souvislosti mezi hromadn\u00fdm o\u010dkov\u00e1n\u00edm proti COVID-19 a n\u00e1r\u016fstem p\u0159\u00edpad\u016f rakoviny nejsou v \u017e\u00e1dn\u00e9m p\u0159\u00edpad\u011b p\u0159ita\u017een\u00e9 za vlasy. Hauser v t\u00e9to souvislosti odkazuje na jednu z nejv\u011bt\u0161\u00edch kohortov\u00fdch studi\u00ed, kter\u00e9 kdy byly provedeny: V Ji\u017en\u00ed Koreji byla po dobu jednoho roku analyzov\u00e1na data od v\u00edce ne\u017e 8,4 milionu lid\u00ed. Byli rozd\u011bleni na ty o\u010dkovan\u00e9 proti COVID-19 a ty neo\u010dkovan\u00e9.\u00a0<\/span><strong><span dir=\"auto\">\u201eV\u00fdsledky ukazuj\u00ed statisticky v\u00fdznamn\u00e9 rozd\u00edly u n\u011bkolika typ\u016f rakoviny. Podle studie byly obzvl\u00e1\u0161t\u011b posti\u017eeny rakoviny \u0161t\u00edtn\u00e9 \u017el\u00e1zy, \u017ealudku, tlust\u00e9ho st\u0159eva, plic, prsu a prostaty.<\/span><\/strong><span dir=\"auto\"> Takov\u00e1 zji\u0161t\u011bn\u00ed je t\u0159eba br\u00e1t v\u00e1\u017en\u011b a zohlednit je v pl\u00e1nu EU pro boj s rakovinou,\u201c zd\u016fraz\u0148uje Hauser. Zd\u00e1 se v\u0161ak, \u017ee eurokrat\u00e9 vid\u00ed v\u011bci jinak.<\/span><\/p>\n<p><span dir=\"auto\">Z\u00e1stupce Strany svobody nepolevuje. Dodal, \u017ee l\u00e9ka\u0159i st\u00e1le \u010dast\u011bji hl\u00e1s\u00ed neobvykle agresivn\u00ed progresi rakoviny. Hauser tak\u00e9 poukazuje na kritick\u00e9 hlasy ohledn\u011b o\u010dkov\u00e1n\u00ed mRNA po cel\u00e9m sv\u011bt\u011b. Uvedl p\u0159\u00edklady: \u201eV N\u011bmecku podal biolog a farmaceutick\u00fd expert J\u00fcrgen O. Kirchner st\u00ed\u017enost na \u00dastav Paula Ehrlicha. V n\u00ed po\u017eaduje komplexn\u00ed vy\u0161et\u0159en\u00ed potenci\u00e1ln\u00edch bezpe\u010dnostn\u00edch probl\u00e9m\u016f souvisej\u00edc\u00edch s l\u00e9ky s mRNA. Renomovan\u00fd imunolog profesor Sucharit Bhakdi tak\u00e9 vyz\u00fdv\u00e1 ke komplexn\u00edmu a transparentn\u00edmu p\u0159ezkumu o\u010dkov\u00e1n\u00ed mRNA a je p\u0159esv\u011bd\u010den o souvislosti mezi n\u00e1r\u016fstem p\u0159\u00edpad\u016f rakoviny a o\u010dkov\u00e1n\u00edm. B\u00fdval\u00fd \u0159editel Centra pro kontrolu a prevenci nemoc\u00ed Robert Redfield d\u00e1le ost\u0159e kritizoval politick\u00e9 zach\u00e1zen\u00ed s o\u010dkovac\u00edmi kampan\u011bmi a vyzval k otev\u0159en\u011bj\u0161\u00ed v\u011bdeck\u00e9 diskusi. Uvedl, \u017ee o\u010dkov\u00e1n\u00ed proti COVID-19 bylo prod\u00e1v\u00e1no jako vakc\u00edny a v n\u011bkter\u00fdch p\u0159\u00edpadech bylo povinn\u00e9, p\u0159esto\u017ee bylo od za\u010d\u00e1tku jasn\u00e9, \u017ee spolehliv\u011b nezabra\u0148uje infekci ani p\u0159enosu viru.\u201c<\/span><\/p>\n<p><span dir=\"auto\">\u201eLid\u00e9 pr\u00e1vem o\u010dek\u00e1vaj\u00ed, \u017ee potenci\u00e1ln\u00ed zdravotn\u00ed rizika o\u010dkov\u00e1n\u00ed proti COVID-19 budou otev\u0159en\u011b vy\u0161et\u0159ov\u00e1na, budou vyvozeny d\u016fsledky a budou zru\u0161ena tabu my\u0161len\u00ed!\u201c uzav\u00edr\u00e1 Hauser.<\/span><\/p>\n<div class=\"repor-inhalt6 repor-entity-placement repor-target repor-target\" data-repor-trackid=\"166006\" data-repor-trackbid=\"1\"><img decoding=\"async\" loading=\"lazy\" class=\"alignnone size-full wp-image-1185\" src=\"http:\/\/www.infokuryr.cz\/n\/wp-content\/uploads\/2021\/04\/kuryr-podpis.png\" alt=\"\" width=\"84\" height=\"24\" \/><\/div>\n<div data-repor-trackid=\"166006\" data-repor-trackbid=\"1\"><\/div>\n","protected":false},"excerpt":{"rendered":"<p>Evropsk\u00e1 komise z\u016fst\u00e1v\u00e1 tvrdohlav\u00e1. Poslanec Evropsk\u00e9ho parlamentu za Stranu svobody Gerald Hauser varoval p\u0159ed souvislost\u00ed&#8230;<\/p>\n","protected":false},"author":2,"featured_media":105467,"comment_status":"closed","ping_status":"closed","sticky":false,"template":"","format":"standard","meta":[],"categories":[7],"tags":[41,5347,651],"_links":{"self":[{"href":"https:\/\/www.infokuryr.cz\/n\/wp-json\/wp\/v2\/posts\/105466"}],"collection":[{"href":"https:\/\/www.infokuryr.cz\/n\/wp-json\/wp\/v2\/posts"}],"about":[{"href":"https:\/\/www.infokuryr.cz\/n\/wp-json\/wp\/v2\/types\/post"}],"author":[{"embeddable":true,"href":"https:\/\/www.infokuryr.cz\/n\/wp-json\/wp\/v2\/users\/2"}],"replies":[{"embeddable":true,"href":"https:\/\/www.infokuryr.cz\/n\/wp-json\/wp\/v2\/comments?post=105466"}],"version-history":[{"count":0,"href":"https:\/\/www.infokuryr.cz\/n\/wp-json\/wp\/v2\/posts\/105466\/revisions"}],"wp:featuredmedia":[{"embeddable":true,"href":"https:\/\/www.infokuryr.cz\/n\/wp-json\/wp\/v2\/media\/105467"}],"wp:attachment":[{"href":"https:\/\/www.infokuryr.cz\/n\/wp-json\/wp\/v2\/media?parent=105466"}],"wp:term":[{"taxonomy":"category","embeddable":true,"href":"https:\/\/www.infokuryr.cz\/n\/wp-json\/wp\/v2\/categories?post=105466"},{"taxonomy":"post_tag","embeddable":true,"href":"https:\/\/www.infokuryr.cz\/n\/wp-json\/wp\/v2\/tags?post=105466"}],"curies":[{"name":"wp","href":"https:\/\/api.w.org\/{rel}","templated":true}]}}