{"id":105464,"date":"2026-04-28T00:20:05","date_gmt":"2026-04-27T22:20:05","guid":{"rendered":"https:\/\/www.infokuryr.cz\/n\/?p=105464"},"modified":"2026-04-28T02:15:09","modified_gmt":"2026-04-28T00:15:09","slug":"papez-versus-trump-pozadi-medialni-show","status":"publish","type":"post","link":"https:\/\/www.infokuryr.cz\/n\/2026\/04\/28\/papez-versus-trump-pozadi-medialni-show\/","title":{"rendered":"Pape\u017e versus Trump: Pozad\u00ed medi\u00e1ln\u00ed show"},"content":{"rendered":"<div id=\"fb-root\"><\/div>\n<p><strong><span dir=\"auto\">Ve st\u0159etu mezi Lvem XIV. a americk\u00fdm prezidentem se v\u011bt\u0161ina m\u00e9di\u00ed libovala v povrchnosti \u2013 a samoz\u0159ejm\u011b odsuzovala Donalda Trumpa. Role veden\u00ed katolick\u00e9 c\u00edrkve v re\u017eimu probuzen\u00e9m globalismem byla obecn\u011b ignorov\u00e1na.<\/span><\/strong><\/p>\n<p><span dir=\"auto\">Pro mainstreamov\u00e1 m\u00e9dia byla tato z\u00e1le\u017eitost samoz\u0159ejm\u011b darem z nebes. V\u0161ichni levicov\u00ed novin\u00e1\u0159i z establishmentu, kte\u0159\u00ed pohrdaj\u00ed k\u0159es\u0165anstv\u00edm (a podl\u00e9zaj\u00ed isl\u00e1mu), pou\u017eili pape\u017ee jako kl\u00ed\u010dov\u00e9ho sv\u011bdka pro sv\u00e9 obvykl\u00e9 \u00fatoky na Trumpa.<\/span><\/p>\n<p><span dir=\"auto\">Zat\u00edmco Lev XIV. \u201enab\u00edz\u00ed kritiku\u201c a \u201echce spor urovnat\u201c, je to Trump, kdo \u201e\u00fato\u010d\u00ed\u201c na m\u00edrumilovn\u00e9ho pape\u017ee a \u201ezu\u0159\u00ed online\u201c. Tuto formulaci pou\u017e\u00edvaj\u00ed probuzen\u00e1 mainstreamov\u00e1 m\u00e9dia. A dokonce i Giorgia Meloni, italsk\u00e1 premi\u00e9rka, kter\u00e1 m\u00e1 ve skute\u010dnosti dobr\u00e9 vztahy s B\u00edl\u00fdm domem, se postavila na stranu pape\u017ee. Co se stalo? Co se za t\u00edm skr\u00fdv\u00e1?<\/span><\/p>\n<p><span dir=\"auto\">N\u011bkter\u00e9 Trumpovy medi\u00e1ln\u00ed persony jsou skute\u010dn\u011b ok\u00e1zal\u00e9. Nap\u0159\u00edklad jeho sebevyobrazen\u00ed jako l\u00e9ka\u0159e podobn\u00e9ho Je\u017e\u00ed\u0161i. Nebo jin\u00e9 narcistick\u00e9 sebevyvy\u0161ov\u00e1n\u00ed. Ale to je jen povrchn\u00ed pohled. V j\u00e1dru jde o jin\u00e9, z\u00e1va\u017en\u011bj\u0161\u00ed probl\u00e9my.<\/span><\/p>\n<h3 id=\"h-inhaltliche-kernfragen\" class=\"wp-block-heading\"><span dir=\"auto\">Kl\u00ed\u010dov\u00e9 obsahov\u00e9 ot\u00e1zky<\/span><\/h3>\n<p><span dir=\"auto\">Ve skute\u010dnosti to byl pape\u017e, kdo konflikt zah\u00e1jil opakovan\u00fdmi \u201e\u00fatoky\u201c na v\u00e1lku USA proti \u00edr\u00e1nsk\u00e9mu mull\u00e1hovsk\u00e9mu re\u017eimu. Nyn\u00ed by se dalo nam\u00edtnout, \u017ee je pr\u00e1v\u011b povinnost\u00ed k\u0159es\u0165ansk\u00e9ho c\u00edrkevn\u00edho p\u0159edstavitele kritizovat v\u00e1lku a n\u00e1sil\u00ed.<\/span><\/p>\n<p><span dir=\"auto\">Lev XIV. neodsuzoval v\u00e1lku a n\u00e1sil\u00ed jako takov\u00e9, ale sp\u00ed\u0161e tuto konkr\u00e9tn\u00ed v\u00e1lku \u2013 a ml\u010del o masakrech vlastn\u00edho obyvatelstva islamisty. T\u00edmto zp\u016fsobem sledoval agendu: podb\u00edzen\u00ed se isl\u00e1mu. Naivn\u011b opakovan\u011b mluvil o \u201espole\u010dn\u00e9 p\u016fd\u011b mezi k\u0159es\u0165any a muslimy\u201c (naposledy b\u011bhem sv\u00e9 n\u00e1v\u0161t\u011bvy Al\u017e\u00edrska) a vystupoval proti \u201estrachu z isl\u00e1mu v Evrop\u011b\u201c.<\/span><\/p>\n<p><em><span dir=\"auto\">V tomto smyslu m\u00e1 Trump v podstat\u011b pravdu, kdy\u017e na sv\u00e9 platform\u011b Truth Social<\/span><\/em><span dir=\"auto\">\u00a0vyzval pape\u017ee\u00a0, aby \u201ep\u0159estal podl\u00e9zat radik\u00e1ln\u00ed levici\u201c. \u201eNechci pape\u017ee, kter\u00fd si mysl\u00ed, \u017ee je v po\u0159\u00e1dku, aby \u00cdr\u00e1n m\u011bl jadernou zbra\u0148,\u201c\u00a0<\/span><a href=\"https:\/\/truthsocial.com\/@realDonaldTrump\/posts\/116394704213456431\"><span dir=\"auto\">\u0159ekl Trump<\/span><\/a><span dir=\"auto\">\u00a0.<\/span><\/p>\n<p><span dir=\"auto\">A v dal\u0161\u00edm p\u0159\u00edsp\u011bvku\u00a0<\/span><a href=\"https:\/\/truthsocial.com\/@realDonaldTrump\/posts\/116406622416293152\"><span dir=\"auto\">dodal<\/span><\/a><span dir=\"auto\">\u00a0: \u201eM\u016f\u017ee pros\u00edm n\u011bkdo \u0159\u00edct pape\u017ei Lvu, \u017ee \u00cdr\u00e1n za posledn\u00ed dva m\u011bs\u00edce zabil nejm\u00e9n\u011b 42 000 nevinn\u00fdch, zcela neozbrojen\u00fdch protestuj\u00edc\u00edch?\u201c\u00a0<\/span><\/p>\n<p><a href=\"https:\/\/www.c-span.org\/program\/public-affairs-event\/vp-vance-delivers-remarks-for-turning-point-usa-at-the-university-of-georgia\/677365\"><span dir=\"auto\">Na akci na Univerzit\u011b v Georgii viceprezident J. D. Vance<\/span><\/a><span dir=\"auto\">\u00a0, s\u00e1m katol\u00edk, prohl\u00e1sil, \u017ee pape\u017e je \u0161\u00edlen\u00fd, kdy\u017e \u0159\u00edk\u00e1, \u017ee n\u00e1sledovn\u00edci Krista by se nikdy nepostavili na stranu t\u011bch, kte\u0159\u00ed \u201ednes shazuj\u00ed bomby\u201c. P\u0159irovnal to k vylod\u011bn\u00ed americk\u00fdch vojsk ve Francii b\u011bhem druh\u00e9 sv\u011btov\u00e9 v\u00e1lky, kter\u00e9 pomohlo porazit nacistick\u00e9 N\u011bmecko. \u201eByl B\u016fh na stran\u011b Ameri\u010dan\u016f, kte\u0159\u00ed osvobodili Francii od nacist\u016f? Jsem si jist\u00fd, \u017ee odpov\u011b\u010f zn\u00ed ano,\u201c \u0159ekl Vance.<\/span><\/p>\n<h3 id=\"h-konflikt-in-der-migrationsfrage\" class=\"wp-block-heading\"><span dir=\"auto\">Konflikt ohledn\u011b migra\u010dn\u00ed ot\u00e1zky<\/span><\/h3>\n<p><span dir=\"auto\">Trump se rozhodn\u011b nem\u00fdl\u00ed, kdy\u017e \u0159\u00edk\u00e1, \u017ee nen\u00ed n\u00e1hoda, \u017ee byl tento pape\u017e dosazen. Probuzen\u00fd Ameri\u010dan jako dal\u0161\u00ed n\u00e1stroj syst\u00e9mu proti ne\u017e\u00e1douc\u00edmu trumpismu.<\/span><\/p>\n<p><span dir=\"auto\">Leovo skute\u010dn\u00e9 jm\u00e9no je Robert Francis Prevost; vyr\u016fstal v Illinois a Michiganu jako syn n\u00e1mo\u0159n\u00edho d\u016fstojn\u00edka a knihovnice. \u201eJe to naprost\u00fd marxista, stejn\u011b jako pape\u017e Franti\u0161ek,\u201c poznamenala bezprost\u0159edn\u011b po pape\u017esk\u00e9 volb\u011b pravicov\u00e1 americk\u00e1 influencerka Laura Loomerov\u00e1.<\/span><\/p>\n<p><span dir=\"auto\">Jak si pan Prevost p\u0159\u00e1l, nyn\u00ed vyu\u017e\u00edv\u00e1 svou ideologickou s\u00edlu k opakovan\u00fdm \u00fatok\u016fm na Trumpa a zejm\u00e9na na jeho imigra\u010dn\u00ed politiku \u2013 kterou nap\u0159\u00edklad v z\u00e1\u0159\u00ed 2025 ozna\u010dil za \u201enelidskou\u201c. T\u00edmto \u010dinem stav\u00ed \u2013 a p\u0159esn\u011b o to jde \u2013 katol\u00edky v Trumpov\u011b hnut\u00ed MAGA do obt\u00ed\u017en\u00e9 situace.\u00a0<\/span><\/p>\n<p><span dir=\"auto\">Trump\u016fv \u201ecar hranic\u201c Tom Homan, kter\u00fd se ozna\u010duje za celo\u017eivotn\u00edho katol\u00edka, argumentoval, \u017ee Vatik\u00e1n nech\u00e1pe realitu bezpe\u010dnosti hranic. Uvedl zv\u011brstva, jako je zneu\u017e\u00edv\u00e1n\u00ed d\u011bt\u00ed a vra\u017edy, a zd\u016fraznil, \u017ee bezpe\u010dn\u00e9 hranice zachra\u0148uj\u00ed \u017eivoty a rozb\u00edjej\u00ed kartely. Vyj\u00e1d\u0159il zklam\u00e1n\u00ed nad t\u00edm, \u017ee c\u00edrkev vm\u011b\u0161uje do politick\u00fdch z\u00e1le\u017eitost\u00ed, a navrhl, aby se c\u00edrkev zam\u011b\u0159ila na vnit\u0159n\u00ed z\u00e1le\u017eitosti.\u00a0<\/span><\/p>\n<p><span dir=\"auto\">V\u00fdroky Lva XIV. nejsou n\u00e1hodn\u00e9, ale sp\u00ed\u0161e vyj\u00e1d\u0159en\u00edm dlouhodob\u00e9 orientace veden\u00ed katolick\u00e9 c\u00edrkve, kter\u00e1 je zase zalo\u017eena na hmatateln\u00fdch materi\u00e1ln\u00edch z\u00e1jmech. Jen v N\u011bmecku zam\u011bstn\u00e1v\u00e1 Caritas p\u0159ibli\u017en\u011b 750 000 lid\u00ed (a protestantsk\u00e1 Diakonie 690 000), z nich\u017e velk\u00e1 \u010d\u00e1st pracuje v \u201ep\u00e9\u010di o uprchl\u00edky\u201c.\u00a0<\/span><\/p>\n<p><span dir=\"auto\">Tak\u017ee \u017eij\u00ed z azylov\u00e9ho pr\u016fmyslu, kter\u00fd je financov\u00e1n produktivn\u00edmi da\u0148ov\u00fdmi poplatn\u00edky. Pro srovn\u00e1n\u00ed, VW m\u00e1 v N\u011bmecku st\u00e1le t\u00e9m\u011b\u0159 300 000 zam\u011bstnanc\u016f, Siemens kolem 90 000. Tak je to v mnoha zem\u00edch \u2013 a proto Vatik\u00e1n poskytuje odpov\u00eddaj\u00edc\u00ed proisl\u00e1msk\u00fd, multikulturn\u00ed doprovod.<\/span><\/p>\n<h3 id=\"h-die-rolle-der-kirchen-im-system\" class=\"wp-block-heading\"><span dir=\"auto\">Role c\u00edrkv\u00ed v syst\u00e9mu<\/span><\/h3>\n<p><span dir=\"auto\">Krom\u011b klasick\u00e9ho st\u00e1tn\u00edho apar\u00e1tu \u2013 dnes policie, arm\u00e1da, soudnictv\u00ed, v\u011bznice, da\u0148ov\u00fd \u00fa\u0159ad, \u00fa\u0159ad p\u00e9\u010de o ml\u00e1de\u017e, zdravotnictv\u00ed, \u201ebl\u00e1zince\u201c atd. \u2013 hraj\u00ed v politick\u00e9m syst\u00e9mu d\u016fle\u017eitou a podp\u016frnou roli tak\u00e9 \u201eideologick\u00e9 st\u00e1tn\u00ed apar\u00e1ty\u201c.<\/span><\/p>\n<p><span dir=\"auto\">Po velmi dlouhou dobu se to t\u00fdkalo p\u0159edev\u0161\u00edm n\u00e1bo\u017eensk\u00fdch instituc\u00ed, kter\u00e9 byly \u00fazce spjaty se st\u00e1tem. V despotick\u00fdch vysok\u00fdch kultur\u00e1ch starov\u011bk\u00e9ho Egypta nebo Ink\u016f byly st\u00e1t a n\u00e1bo\u017eensk\u00e1 vl\u00e1da toto\u017en\u00e9. Tot\u00e9\u017e plat\u00ed pro isl\u00e1msk\u00e9 drav\u00e9 st\u00e1ty, kde je tato identita ji\u017e zakotvena v Kor\u00e1nu.<\/span><\/p>\n<p><span dir=\"auto\">I ve st\u0159edov\u011bk\u00e9 Evrop\u011b byla c\u00edrkev \u010dasto sama feud\u00e1ln\u00edm p\u00e1nem, nebo alespo\u0148 \u00fast\u0159edn\u00edm ideologick\u00fdm pil\u00ed\u0159em \u201ebo\u017esky ustanoven\u00e9ho\u201c feud\u00e1ln\u00edho vyko\u0159is\u0165ov\u00e1n\u00ed. Podporovala \u010dasto brut\u00e1ln\u00ed christianizaci \u201epohansk\u00fdch\u201c germ\u00e1nsk\u00fdch a slovansk\u00fdch n\u00e1rod\u016f v severn\u00ed a v\u00fdchodn\u00ed Evrop\u011b.<\/span><\/p>\n<p><span dir=\"auto\">A\u017e do modern\u00ed \u00e9ry v Evrop\u011b byly c\u00edrkve se sv\u00fdmi rozs\u00e1hl\u00fdmi strukturami nezbytn\u00fdmi ideologick\u00fdmi n\u00e1stroji pro zaji\u0161t\u011bn\u00ed moci. Byly zodpov\u011bdn\u00e9 za hon na \u010darod\u011bjnice a v t\u0159icetilet\u00e9 v\u00e1lce, v n\u00ed\u017e zem\u0159elo 40 procent n\u011bmeck\u00e9ho obyvatelstva, proti sob\u011b \u0161tvaly katolick\u00e9 a protestantsk\u00e9 v\u011b\u0159\u00edc\u00ed v N\u011bmeck\u00e9 \u0159\u00ed\u0161i.<\/span><\/p>\n<p><span dir=\"auto\">C\u00edrkve prod\u00e1valy absolutn\u00ed vl\u00e1du monarch\u016f, z n\u00ed\u017e samy profitovaly, za \u201ebo\u017esky ustanovenou\u201c (\u201ebo\u017esk\u00e9 pr\u00e1vo kr\u00e1l\u016f\u201c). Podporovaly kolonialismus a (na v\u0161ech stran\u00e1ch) vehnaly evropsk\u00e9 n\u00e1rody do vra\u017eedn\u00e9ho barbarstv\u00ed prvn\u00ed sv\u011btov\u00e9 v\u00e1lky a \u017eehnaly ozbrojen\u00e9mu konfliktu.<\/span><\/p>\n<h3 id=\"h-woke-anpassung-der-kirchen\" class=\"wp-block-heading\"><span dir=\"auto\">Probuzen\u00e1 adaptace kostel\u016f<\/span><\/h3>\n<p><span dir=\"auto\">K\u0159es\u0165ansk\u00e9 c\u00edrkve v pr\u016fb\u011bhu sv\u00e9 historie t\u00e9m\u011b\u0159 v\u017edy fungovaly jako ideologick\u00e9 instituce vl\u00e1dnouc\u00ed t\u0159\u00eddy. S postupn\u00fdm rozvojem kapitalismu a sekularizac\u00ed spole\u010dnosti se role c\u00edrkv\u00ed p\u0159i pln\u011bn\u00ed tohoto \u00fakolu na Z\u00e1pad\u011b st\u00e1le v\u00edce zmen\u0161ovala a nejprve ji dopl\u0148ovaly, pot\u00e9 z velk\u00e9 \u010d\u00e1sti nahrazovaly jin\u00e9 struktury.<\/span><\/p>\n<p><span dir=\"auto\">V podstat\u011b se jedn\u00e1 o kapitalistick\u00e1 m\u00e9dia a vzd\u011bl\u00e1vac\u00ed instituce, z nich\u017e ka\u017ed\u00e1 \u2013 ve sv\u00e9m hlavn\u00edm proudu \u2013 ideologicky podporuje sou\u010dasnou agendu dominantn\u00edch frakc\u00ed kapit\u00e1lu. V posledn\u00edch desetilet\u00edch se jednalo o sekul\u00e1rn\u00ed n\u00e1bo\u017eenstv\u00ed globalisticko-multikulturalistick\u00e9 ideologie Jednoho sv\u011bta. Jej\u00edmi velekn\u011b\u017e\u00edmi jsou univerzitn\u00ed profeso\u0159i, vlivn\u00ed novin\u00e1\u0159i a takzvan\u00ed experti z globalistick\u00fdch s\u00edt\u00ed. Jej\u00edmi vesnick\u00fdmi kn\u011b\u017e\u00edmi jsou u\u010ditel\u00e9, kte\u0159\u00ed sv\u00fdm student\u016fm v\u0161t\u011bpuj\u00ed to, co je politicky \u017e\u00e1douc\u00ed.<\/span><\/p>\n<p><span dir=\"auto\">V\u011bt\u0161ina c\u00edrkv\u00ed (zejm\u00e9na jejich veden\u00ed) se tomuto v\u00fdvoji p\u0159izp\u016fsobila. Staly se sou\u010d\u00e1st\u00ed globalisticky probuzen\u00e9 ideologie. To se t\u00fdk\u00e1 ot\u00e1zek migrace a isl\u00e1mu, ale i podpory re\u017eimu COVID-19 a ideologie klimatick\u00fdch zm\u011bn ze strany c\u00edrkve. V N\u011bmecku se v tomto ohledu zvl\u00e1\u0161t\u011b prominentn\u011b prezentuje veden\u00ed protestantsk\u00e9 c\u00edrkve. K t\u00e9to linii se hl\u00e1s\u00ed i pape\u017e Lev XIV.<\/span><\/p>\n<p><span dir=\"auto\">Katolick\u00e1 a protestantsk\u00e1 c\u00edrkev tak i nad\u00e1le hraj\u00ed v syst\u00e9mu d\u016fle\u017eitou ideologickou roli. Jedn\u00edm z d\u016fvod\u016f, pro\u010d je odpor v\u016f\u010di r\u016fzn\u00fdm globalistick\u00fdm projekt\u016fm na \u00fazem\u00ed b\u00fdval\u00e9 NDR siln\u011bj\u0161\u00ed ne\u017e v jin\u00fdch \u010d\u00e1stech N\u011bmecka, by mohlo b\u00fdt to, \u017ee tam \u017eije mnohem m\u00e9n\u011b \u010dlen\u016f obou c\u00edrkv\u00ed a jejich vliv a struktury jsou mnohem slab\u0161\u00ed.<\/span><\/p>\n<p><em><span dir=\"auto\">Koment\u00e1\u0159 od <a href=\"https:\/\/report24.news\/papst-versus-trump-hintergruende-einer-medialen-show\/\">Erica Angerera<\/a><\/span><\/em><\/p>\n<p>&nbsp;<\/p>\n","protected":false},"excerpt":{"rendered":"<p>Ve st\u0159etu mezi Lvem XIV. a americk\u00fdm prezidentem se v\u011bt\u0161ina m\u00e9di\u00ed libovala v povrchnosti \u2013&#8230;<\/p>\n","protected":false},"author":2,"featured_media":105465,"comment_status":"closed","ping_status":"closed","sticky":false,"template":"","format":"standard","meta":[],"categories":[7],"tags":[1503,220,254,452],"_links":{"self":[{"href":"https:\/\/www.infokuryr.cz\/n\/wp-json\/wp\/v2\/posts\/105464"}],"collection":[{"href":"https:\/\/www.infokuryr.cz\/n\/wp-json\/wp\/v2\/posts"}],"about":[{"href":"https:\/\/www.infokuryr.cz\/n\/wp-json\/wp\/v2\/types\/post"}],"author":[{"embeddable":true,"href":"https:\/\/www.infokuryr.cz\/n\/wp-json\/wp\/v2\/users\/2"}],"replies":[{"embeddable":true,"href":"https:\/\/www.infokuryr.cz\/n\/wp-json\/wp\/v2\/comments?post=105464"}],"version-history":[{"count":0,"href":"https:\/\/www.infokuryr.cz\/n\/wp-json\/wp\/v2\/posts\/105464\/revisions"}],"wp:featuredmedia":[{"embeddable":true,"href":"https:\/\/www.infokuryr.cz\/n\/wp-json\/wp\/v2\/media\/105465"}],"wp:attachment":[{"href":"https:\/\/www.infokuryr.cz\/n\/wp-json\/wp\/v2\/media?parent=105464"}],"wp:term":[{"taxonomy":"category","embeddable":true,"href":"https:\/\/www.infokuryr.cz\/n\/wp-json\/wp\/v2\/categories?post=105464"},{"taxonomy":"post_tag","embeddable":true,"href":"https:\/\/www.infokuryr.cz\/n\/wp-json\/wp\/v2\/tags?post=105464"}],"curies":[{"name":"wp","href":"https:\/\/api.w.org\/{rel}","templated":true}]}}