{"id":105460,"date":"2026-04-28T00:18:42","date_gmt":"2026-04-27T22:18:42","guid":{"rendered":"https:\/\/www.infokuryr.cz\/n\/?p=105460"},"modified":"2026-04-28T02:14:26","modified_gmt":"2026-04-28T00:14:26","slug":"od-velikonoc-ke-krizi-viry-proc-evropa-ztraci-sve-koreny","status":"publish","type":"post","link":"https:\/\/www.infokuryr.cz\/n\/2026\/04\/28\/od-velikonoc-ke-krizi-viry-proc-evropa-ztraci-sve-koreny\/","title":{"rendered":"Od Velikonoc ke krizi v\u00edry: Pro\u010d Evropa ztr\u00e1c\u00ed sv\u00e9 ko\u0159eny"},"content":{"rendered":"<div id=\"fb-root\"><\/div>\n<p><strong><span dir=\"auto\">V rozhovoru v\u00edde\u0148sk\u00fd podnikatel Ronald F. Schwarzer hovo\u0159\u00ed o v\u00fdznamu Velikonoc a vzk\u0159\u00ed\u0161en\u00ed Je\u017e\u00ed\u0161e Krista jako\u017eto \u00fast\u0159edn\u00edho z\u00e1kladu k\u0159es\u0165ansk\u00e9 v\u00edry. Kritizuje postupuj\u00edc\u00ed \u00fabytek n\u00e1bo\u017eensk\u00fdch znalost\u00ed v Evrop\u011b a p\u0159ipisuje to rostouc\u00edmu p\u0159izp\u016fsobov\u00e1n\u00ed c\u00edrkv\u00ed duchu doby. Z\u00e1rove\u0148 se zab\u00fdv\u00e1 demografick\u00fdmi trendy, spole\u010densk\u00fdmi zm\u011bnami a rol\u00ed dal\u0161\u00edch n\u00e1bo\u017eensk\u00fdch hnut\u00ed, kter\u00e1 tuto v\u00fdslednou pr\u00e1zdnotu zapl\u0148uj\u00ed.<\/span><\/strong><\/p>\n<p><span dir=\"auto\">V lineck\u00e9m studiu Report24 poslou\u017eily Velikonoce jako v\u00fdchoz\u00ed bod pro z\u00e1sadn\u00ed anal\u00fdzu. Schwarzer zd\u016fraz\u0148uje historickou realitu vzk\u0159\u00ed\u0161en\u00ed a poukazuje na to, \u017ee jej nelze ch\u00e1pat jako symbolickou ud\u00e1lost. V\u00edra tvo\u0159\u00ed z\u00e1klad k\u0159es\u0165ansk\u00e9ho sv\u011bton\u00e1zoru a ztr\u00e1c\u00ed sv\u016fj v\u00fdznam, kdy\u017e se \u00fast\u0159edn\u00ed principy ji\u017e nesd\u011bluj\u00ed.<\/span><\/p>\n<div class=\"video-wrapper\"><iframe loading=\"lazy\" title=\"P\u0159ehr\u00e1va\u010d videa na YouTube\" src=\"https:\/\/www.youtube.com\/embed\/vzNQXIJk3d8?si=f8ye1E2tBbE1_xos\" width=\"560\" height=\"315\" frameborder=\"0\" allowfullscreen=\"allowfullscreen\" data-mce-fragment=\"1\"><\/iframe><\/div>\n<p><span dir=\"auto\">Jako kl\u00ed\u010dov\u00fd faktor uv\u00e1d\u00ed vnit\u0159n\u00ed v\u00fdvoj c\u00edrkve. C\u00edrkev se po desetilet\u00ed siln\u011bji p\u0159izp\u016fsobovala spole\u010densk\u00fdm trend\u016fm, a t\u00edm ztratila \u010d\u00e1st sv\u00e9 jasn\u00e9 doktr\u00edny. N\u00e1bo\u017eensk\u00e1 v\u00fdchova a formov\u00e1n\u00ed v\u00edry \u010dasto ji\u017e nesd\u011bluj\u00ed z\u00e1kladn\u00ed poselstv\u00ed. To vede k situaci, kdy ani b\u011b\u017en\u00ed n\u00e1v\u0161t\u011bvn\u00edci kostela nerozum\u00ed z\u00e1kladn\u00edm pojm\u016fm a souvislostem.<\/span><\/p>\n<p><span dir=\"auto\">Z\u00e1rove\u0148 se uv\u00e1d\u011bj\u00ed statistick\u00e9 trendy. C\u00edrkev v n\u011bkolika evropsk\u00fdch zem\u00edch ve velk\u00e9m m\u011b\u0159\u00edtku ztr\u00e1c\u00ed \u010dleny. Z\u00e1rove\u0148 u mnoha lid\u00ed p\u0159etrv\u00e1v\u00e1 pot\u0159eba smyslu a transcendence, pot\u0159eba, kter\u00e1 se st\u00e1le v\u00edce projevuje mimo tradi\u010dn\u00ed c\u00edrkevn\u00ed struktury.<\/span><\/p>\n<p><span dir=\"auto\">D\u00e1le se zab\u00fdv\u00e1 rol\u00ed dal\u0161\u00edch n\u00e1bo\u017eensk\u00fdch komunit, kter\u00e9 v Evrop\u011b nab\u00fdvaj\u00ed na v\u00fdznamu. Isl\u00e1m je popisov\u00e1n jako syst\u00e9m s jasn\u00fdmi pravidly a spole\u010densk\u00fdmi po\u017eadavky, zat\u00edmco k\u0159es\u0165anstv\u00ed v mnoha oblastech ztratilo vnit\u0159n\u00ed soudr\u017enost.<\/span><\/p>\n<p><span dir=\"auto\">Zab\u00fdv\u00e1 se tak\u00e9 historick\u00fdmi srovn\u00e1n\u00edmi a politick\u00fdm v\u00fdvojem. Vztah mezi c\u00edrkevn\u00ed a sv\u011btskou moc\u00ed se v pr\u016fb\u011bhu stalet\u00ed m\u011bnil a v\u017edy se vyzna\u010doval interakc\u00ed. V sou\u010dasnosti Schwarzer vid\u00ed rostouc\u00ed odstup mezi c\u00edrkevn\u00ed doktr\u00ednou a spole\u010denskou realitou.<\/span><\/p>\n<h3 id=\"h-massenabtreibung-als-zentrales-problem\" class=\"wp-block-heading\"><span dir=\"auto\">Hromadn\u00e9 potraty jako \u00fast\u0159edn\u00ed probl\u00e9m<\/span><\/h3>\n<p><span dir=\"auto\">\u00dast\u0159edn\u00ed \u010d\u00e1st rozhovoru se zam\u011b\u0159uje na potraty. Schwarzer popisuje vysok\u00fd po\u010det potrat\u016f jako ur\u010duj\u00edc\u00ed jev sou\u010dasnosti a vn\u00edm\u00e1 ho jako hlubok\u00fd spole\u010densk\u00fd posun. Tvrd\u00ed, \u017ee situace, kter\u00e9 byly p\u016fvodn\u011b pova\u017eov\u00e1ny za v\u00fdjime\u010dn\u00e9 p\u0159\u00edpady, byly nyn\u00ed nahrazeny \u0161ir\u0161\u00edm uplatn\u011bn\u00edm. V t\u00e9to souvislosti hovo\u0159\u00ed o v\u00fdvoji, v n\u011bm\u017e l\u00e9ka\u0159sk\u00e9 mo\u017enosti a spole\u010densk\u00e1 akceptace vedly k normalizaci.<\/span><\/p>\n<p><span dir=\"auto\">V anal\u00fdze hraj\u00ed \u00fast\u0159edn\u00ed roli tak\u00e9 demografick\u00e9 faktory. Klesaj\u00edc\u00ed porodnost v evropsk\u00fdch spole\u010dnostech by m\u011bla dlouhodob\u00e9 dopady na kulturn\u00ed a n\u00e1bo\u017eensk\u00e9 struktury. Schwarzer prokazuje souvislost mezi n\u00e1bo\u017eenskou prax\u00ed a velikost\u00ed rodiny a pova\u017euje to za kl\u00ed\u010dov\u00fd faktor pro budouc\u00ed v\u00fdvoj.<\/span><\/p>\n<p><span dir=\"auto\">D\u00e1le se zab\u00fdv\u00e1 asistovanou sebevra\u017edou. Na mezin\u00e1rodn\u00edch p\u0159\u00edkladech se diskutuje o tom, jak byla pr\u00e1vn\u00ed regulace roz\u0161i\u0159ov\u00e1na a jak\u00e9 by to mohlo m\u00edt spole\u010densk\u00e9 d\u016fsledky. Tento v\u00fdvoj je zasazen do \u0161ir\u0161\u00edho kontextu, kter\u00fd se dot\u00fdk\u00e1 ot\u00e1zek hodnoty \u017eivota a regula\u010dn\u00edch r\u00e1mc\u016f, kter\u00e9 jej upravuj\u00ed.<\/span><\/p>\n<p><img decoding=\"async\" loading=\"lazy\" class=\"alignnone size-full wp-image-1185\" src=\"http:\/\/www.infokuryr.cz\/n\/wp-content\/uploads\/2021\/04\/kuryr-podpis.png\" alt=\"\" width=\"84\" height=\"24\" \/><\/p>\n<p>&nbsp;<\/p>\n","protected":false},"excerpt":{"rendered":"<p>V rozhovoru v\u00edde\u0148sk\u00fd podnikatel Ronald F. Schwarzer hovo\u0159\u00ed o v\u00fdznamu Velikonoc a vzk\u0159\u00ed\u0161en\u00ed Je\u017e\u00ed\u0161e Krista&#8230;<\/p>\n","protected":false},"author":2,"featured_media":105461,"comment_status":"closed","ping_status":"closed","sticky":false,"template":"","format":"standard","meta":[],"categories":[7],"tags":[2141,1052,2272,4816],"_links":{"self":[{"href":"https:\/\/www.infokuryr.cz\/n\/wp-json\/wp\/v2\/posts\/105460"}],"collection":[{"href":"https:\/\/www.infokuryr.cz\/n\/wp-json\/wp\/v2\/posts"}],"about":[{"href":"https:\/\/www.infokuryr.cz\/n\/wp-json\/wp\/v2\/types\/post"}],"author":[{"embeddable":true,"href":"https:\/\/www.infokuryr.cz\/n\/wp-json\/wp\/v2\/users\/2"}],"replies":[{"embeddable":true,"href":"https:\/\/www.infokuryr.cz\/n\/wp-json\/wp\/v2\/comments?post=105460"}],"version-history":[{"count":0,"href":"https:\/\/www.infokuryr.cz\/n\/wp-json\/wp\/v2\/posts\/105460\/revisions"}],"wp:featuredmedia":[{"embeddable":true,"href":"https:\/\/www.infokuryr.cz\/n\/wp-json\/wp\/v2\/media\/105461"}],"wp:attachment":[{"href":"https:\/\/www.infokuryr.cz\/n\/wp-json\/wp\/v2\/media?parent=105460"}],"wp:term":[{"taxonomy":"category","embeddable":true,"href":"https:\/\/www.infokuryr.cz\/n\/wp-json\/wp\/v2\/categories?post=105460"},{"taxonomy":"post_tag","embeddable":true,"href":"https:\/\/www.infokuryr.cz\/n\/wp-json\/wp\/v2\/tags?post=105460"}],"curies":[{"name":"wp","href":"https:\/\/api.w.org\/{rel}","templated":true}]}}