{"id":105455,"date":"2026-04-27T00:35:22","date_gmt":"2026-04-26T22:35:22","guid":{"rendered":"https:\/\/www.infokuryr.cz\/n\/?p=105455"},"modified":"2026-04-26T15:03:18","modified_gmt":"2026-04-26T13:03:18","slug":"michael-svatos-rusko-zacina-evrope-varit-jadernou-zabu","status":"publish","type":"post","link":"https:\/\/www.infokuryr.cz\/n\/2026\/04\/27\/michael-svatos-rusko-zacina-evrope-varit-jadernou-zabu\/","title":{"rendered":"Michael Svato\u0161: Rusko za\u010d\u00edn\u00e1 Evrop\u011b \u201cva\u0159it jadernou \u017e\u00e1bu\u201d"},"content":{"rendered":"<div id=\"fb-root\"><\/div>\n<h3>Rusko za\u010d\u00edn\u00e1 Evrop\u011b \u201cva\u0159it jadernou \u017e\u00e1bu\u201d. Ukrajinsk\u00e1 strategie Washingtonu proti Moskv\u011b z kv\u011btna 2024 byla Putinem \u201cp\u0159evr\u00e1cena naruby\u201d. Co to znamen\u00e1?<\/h3>\n<p>Rusko a Ukrajina si za\u010daly tento t\u00fdden masivn\u011b vym\u011b\u0148ovat devasta\u010dn\u00ed \u00fadery proti sv\u00fdm velkom\u011bst\u016fm. Moskva tyto ukrajinsk\u00e9 \u00fatoky ozna\u010duje za teroristick\u00e9, Kyjev ty rusk\u00e9 jakbysmet. Ukrajinci v\u010dera za\u00fato\u010dili drony na Jekat\u011brinburg na Sibi\u0159i, a vyp\u00e1lili tam p\u00e1r pater jedn\u00e9 modern\u011bj\u0161\u00ed v\u00fd\u0161kov\u00e9 budovy. Kr\u00e1tce p\u0159ed t\u00edm se jim \u00fadery proti rusk\u00e9 ropn\u00e9 infrastruktu\u0159e ve m\u011bst\u011b Tuapse na kavkazsk\u00e9m \u010dernomo\u0159sk\u00e9m pob\u0159e\u017e\u00ed kousek od olympijsk\u00e9 So\u010di poda\u0159ilo rozpoutat ohromuj\u00edc\u00ed ekologickou katastrofu, a zma\u0159it tak nad\u011bje velk\u00e9 \u010d\u00e1sti Rus\u016f na leto\u0161n\u00ed pl\u00e1novanou dom\u00e1c\u00ed letn\u00ed dovolenou u mo\u0159e. Rusov\u00e9 zase v\u010dera Ukrainc\u016fm \u201cna opl\u00e1tku\u201d vyp\u00e1lili jejich ropn\u00e9 n\u00e1dr\u017ee ve Dn\u011bpropetrovsku, a zbo\u0159ili tam p\u00e1r dom\u016f jednou ranou n\u011bjak\u00e9ho v\u011bt\u0161\u00edho kalibru, a dal\u0161\u00edmi ni\u010div\u00fdmi \u00fadery proti Od\u011bse a \u0159ad\u011b z\u00e1padoukrajinsk\u00fdch m\u011bst Zelensk\u00e9ho p\u0159ivedli a\u017e k srdceryvn\u00fdm n\u00e1\u0159k\u016fm ke sv\u00fdm z\u00e1padn\u00edm \u201cdobro-d\u00e1rc\u016fm\u201d, aby mu okam\u017eit\u011b poslali na obranu n\u011bjak\u00e9 ty slibovan\u00e9 anti-rakety. V\u00e1lka na Ukrajin\u011b se tak st\u00e1le v\u00edce zvrh\u00e1v\u00e1 v urputn\u00e9 ni\u010den\u00ed ve\u0161ker\u00e9 civilizace, zejm\u00e9na velk\u00fdch pr\u016fmyslov\u00fdch aglomerac\u00ed. A tento v\u00fdvoj bude podle v\u0161eho p\u0159edstavovat pouze p\u0159edstupe\u0148 kone\u010dn\u00e9ho \u0159e\u0161en\u00ed cel\u00e9 ukrajinsk\u00e9 ot\u00e1zky.<\/p>\n<div id=\"attachment_24878\" class=\"wp-caption aligncenter\" style=\"width: 571px;\"><img decoding=\"async\" loading=\"lazy\" class=\" wp-image-24878\" src=\"https:\/\/www.michalapetr.com\/wp-content\/uploads\/2026\/04\/photo_2026-04-26_03-53-59.jpg\" sizes=\"(max-width: 2366px) 100vw, 2366px\" srcset=\"https:\/\/www.michalapetr.com\/wp-content\/uploads\/2026\/04\/photo_2026-04-26_03-53-59.jpg 2366w, https:\/\/www.michalapetr.com\/wp-content\/uploads\/2026\/04\/photo_2026-04-26_03-53-59-300x165.jpg 300w, https:\/\/www.michalapetr.com\/wp-content\/uploads\/2026\/04\/photo_2026-04-26_03-53-59-1030x566.jpg 1030w, https:\/\/www.michalapetr.com\/wp-content\/uploads\/2026\/04\/photo_2026-04-26_03-53-59-768x422.jpg 768w, https:\/\/www.michalapetr.com\/wp-content\/uploads\/2026\/04\/photo_2026-04-26_03-53-59-1536x845.jpg 1536w, https:\/\/www.michalapetr.com\/wp-content\/uploads\/2026\/04\/photo_2026-04-26_03-53-59-2048x1126.jpg 2048w, https:\/\/www.michalapetr.com\/wp-content\/uploads\/2026\/04\/photo_2026-04-26_03-53-59-1500x825.jpg 1500w, https:\/\/www.michalapetr.com\/wp-content\/uploads\/2026\/04\/photo_2026-04-26_03-53-59-705x388.jpg 705w, https:\/\/www.michalapetr.com\/wp-content\/uploads\/2026\/04\/photo_2026-04-26_03-53-59-450x247.jpg 450w\" alt=\"\" width=\"571\" height=\"314\" aria-describedby=\"caption-attachment-24878\" \/><\/p>\n<p id=\"caption-attachment-24878\" class=\"wp-caption-text\" style=\"text-align: justify;\">V p\u00e1tek byla zve\u0159ejn\u011bna \u0159ada satelitn\u00edch sn\u00edmk\u016f, a ty ukazuj\u00ed, \u017ee Rusov\u00e9 u\u017e ve Brjansk\u00e9 a v Kursk\u00e9 gubernii vybudovali \u0159adu podzemn\u00edch odpalovac\u00edch komplex\u016f, ur\u010den\u00fdch k masov\u00e9mu vypou\u0161t\u011bn\u00ed nov\u00fdch proudov\u00fdch dron\u016f Geranium 5 a 6 proti Ukrajin\u011b. Oproti star\u0161\u00edm vypou\u0161t\u011bc\u00edm ramp\u00e1m pro vrtulov\u00e9 drony Geranium 3 a 4 s d\u00e9lkou 26 metr\u016f, jsou tyto nov\u00e9 vypou\u0161t\u011bc\u00ed rampy pro reaktivn\u00ed drony dlouh\u00e9 80m, a v\u00edce chr\u00e1n\u011bn\u00e9 valy. A jak uvid\u00edte na dal\u0161\u00edch satelitn\u00edch sn\u00edmc\u00edch n\u00ed\u017ee v anal\u00fdze, na t\u011bchto rusk\u00fdch vypou\u0161t\u011bc\u00edch z\u00e1kladn\u00e1ch, v ru\u0161tin\u011b ozna\u010dovan\u00fdch nov\u00fdm slovem: \u0434\u0440\u043e\u043d\u043e\u043f\u043e\u0440\u0442, jsou v\u0161echny dal\u0161\u00ed budovy \u2013 sklady, ubikace, elektr\u00e1rny, a velitelsk\u00e1 centra, zakop\u00e1ny pod zem, a vyztu\u017eeny betonem. Jde tedy o finan\u010dn\u011b n\u00e1ro\u010dnou p\u0159\u00edpravu na dlouhou v\u00e1lku podle ir\u00e1nsk\u00e9ho vzoru, kter\u00fd se letos tak mimo\u0159\u00e1dn\u011b osv\u011bd\u010dil.<\/p>\n<\/div>\n<div id=\"attachment_24882\" class=\"wp-caption aligncenter\" style=\"width: 627px;\"><img decoding=\"async\" loading=\"lazy\" class=\" wp-image-24882\" src=\"https:\/\/www.michalapetr.com\/wp-content\/uploads\/2026\/04\/photo_2026-04-22_17-44-59.jpg\" sizes=\"(max-width: 2366px) 100vw, 2366px\" srcset=\"https:\/\/www.michalapetr.com\/wp-content\/uploads\/2026\/04\/photo_2026-04-22_17-44-59.jpg 2366w, https:\/\/www.michalapetr.com\/wp-content\/uploads\/2026\/04\/photo_2026-04-22_17-44-59-300x165.jpg 300w, https:\/\/www.michalapetr.com\/wp-content\/uploads\/2026\/04\/photo_2026-04-22_17-44-59-1030x566.jpg 1030w, https:\/\/www.michalapetr.com\/wp-content\/uploads\/2026\/04\/photo_2026-04-22_17-44-59-768x422.jpg 768w, https:\/\/www.michalapetr.com\/wp-content\/uploads\/2026\/04\/photo_2026-04-22_17-44-59-1536x845.jpg 1536w, https:\/\/www.michalapetr.com\/wp-content\/uploads\/2026\/04\/photo_2026-04-22_17-44-59-2048x1126.jpg 2048w, https:\/\/www.michalapetr.com\/wp-content\/uploads\/2026\/04\/photo_2026-04-22_17-44-59-1500x825.jpg 1500w, https:\/\/www.michalapetr.com\/wp-content\/uploads\/2026\/04\/photo_2026-04-22_17-44-59-705x388.jpg 705w, https:\/\/www.michalapetr.com\/wp-content\/uploads\/2026\/04\/photo_2026-04-22_17-44-59-450x247.jpg 450w\" alt=\"\" width=\"627\" height=\"345\" aria-describedby=\"caption-attachment-24882\" \/><\/p>\n<p id=\"caption-attachment-24882\" class=\"wp-caption-text\" style=\"text-align: justify;\">Nov\u00e9 betonov\u00e9 bunkry a \u00fakryty pro proudov\u00e9 drony Geranium 5 a 6 na jednom nov\u00e9m rusk\u00e9m \u201c\u0434\u0440\u043e\u043d\u043e\u043f\u043e\u0440\u0442y\u201d v orelsk\u00e9 oblasti Ruska.\u00a0<a href=\"https:\/\/t.me\/swodki\/578600\">Dal\u0161\u00ed sn\u00edmky zde<\/a>.<\/p>\n<\/div>\n<div id=\"attachment_24883\" class=\"wp-caption aligncenter\" style=\"width: 577px;\"><img decoding=\"async\" loading=\"lazy\" class=\" wp-image-24883\" src=\"https:\/\/www.michalapetr.com\/wp-content\/uploads\/2026\/04\/photo_2026-04-26_03-08-49.jpg\" sizes=\"(max-width: 960px) 100vw, 960px\" srcset=\"https:\/\/www.michalapetr.com\/wp-content\/uploads\/2026\/04\/photo_2026-04-26_03-08-49.jpg 960w, https:\/\/www.michalapetr.com\/wp-content\/uploads\/2026\/04\/photo_2026-04-26_03-08-49-225x300.jpg 225w, https:\/\/www.michalapetr.com\/wp-content\/uploads\/2026\/04\/photo_2026-04-26_03-08-49-773x1030.jpg 773w, https:\/\/www.michalapetr.com\/wp-content\/uploads\/2026\/04\/photo_2026-04-26_03-08-49-768x1024.jpg 768w, https:\/\/www.michalapetr.com\/wp-content\/uploads\/2026\/04\/photo_2026-04-26_03-08-49-529x705.jpg 529w, https:\/\/www.michalapetr.com\/wp-content\/uploads\/2026\/04\/photo_2026-04-26_03-08-49-450x600.jpg 450w\" alt=\"\" width=\"577\" height=\"769\" aria-describedby=\"caption-attachment-24883\" \/><\/p>\n<p id=\"caption-attachment-24883\" class=\"wp-caption-text\">Ukrajinsk\u00fdm dronem v\u010dera vyp\u00e1len\u00e1 budova v Jekat\u011brinburgu na Sibi\u0159i. Tamn\u00ed gubern\u00e1tor k tomu ledov\u011b poznamenal \u2013 \u201cp\u0159ipravte se, bude to pokra\u010dovat\u201d.<\/p>\n<\/div>\n<div id=\"attachment_24884\" class=\"wp-caption aligncenter\" style=\"width: 592px;\"><img decoding=\"async\" loading=\"lazy\" class=\" wp-image-24884\" src=\"https:\/\/www.michalapetr.com\/wp-content\/uploads\/2026\/04\/photo_2026-04-26_03-09-38.jpg\" sizes=\"(max-width: 1280px) 100vw, 1280px\" srcset=\"https:\/\/www.michalapetr.com\/wp-content\/uploads\/2026\/04\/photo_2026-04-26_03-09-38.jpg 1280w, https:\/\/www.michalapetr.com\/wp-content\/uploads\/2026\/04\/photo_2026-04-26_03-09-38-300x220.jpg 300w, https:\/\/www.michalapetr.com\/wp-content\/uploads\/2026\/04\/photo_2026-04-26_03-09-38-1030x755.jpg 1030w, https:\/\/www.michalapetr.com\/wp-content\/uploads\/2026\/04\/photo_2026-04-26_03-09-38-768x563.jpg 768w, https:\/\/www.michalapetr.com\/wp-content\/uploads\/2026\/04\/photo_2026-04-26_03-09-38-705x517.jpg 705w, https:\/\/www.michalapetr.com\/wp-content\/uploads\/2026\/04\/photo_2026-04-26_03-09-38-450x330.jpg 450w\" alt=\"\" width=\"592\" height=\"434\" aria-describedby=\"caption-attachment-24884\" \/><\/p>\n<p id=\"caption-attachment-24884\" class=\"wp-caption-text\" style=\"text-align: justify;\">Dva z po\u017e\u00e1r\u016f ukrajinsk\u00fdch z\u00e1sobn\u00edk\u016f na tekut\u00e1 fosiln\u00ed paliva ve m\u011bst\u011b Dn\u011bpropetrovsk, kter\u00e9 v\u010dera napadly rusk\u00e9 drony. Rusk\u00fd \u00fatok na m\u011bsto vlnami dron\u016f a raket trval 20 hodin, a ke v\u010derej\u0161\u00edmu ve\u010deru\u00a0<a href=\"https:\/\/www.pravda.com.ua\/eng\/news\/2026\/04\/25\/8031831\/\">u\u017e bylo ve m\u011bst\u011b 10 mrtv\u00fdch a 56 zran\u011bn\u00fdch, z toho 4 ve v\u00e1\u017en\u00e9m stavu<\/a>. Krom Dn\u011bpropetrovska samotn\u00e9ho rusk\u00e9 drony \u00fasp\u011b\u0161n\u011b \u00fato\u010dily i na dal\u0161\u00ed m\u011bsta dn\u011bpropetrovsk\u00e9 oblasti \u2013 Nikopol a Synelnykove. Vychvalovan\u00e9 ukrajinsk\u00e9 st\u00edhac\u00ed drony op\u011bt selhaly, nebo nejsou k dispozici v po\u010dtech nezbytn\u00fdch pro obranu ukrajinsk\u00fdch m\u011bst s v\u00fdjimkou Kyjeva.<\/p>\n<\/div>\n<div id=\"attachment_24885\" class=\"wp-caption aligncenter\" style=\"width: 528px;\"><img decoding=\"async\" loading=\"lazy\" class=\" wp-image-24885\" src=\"https:\/\/www.michalapetr.com\/wp-content\/uploads\/2026\/04\/photo_2026-04-26_00-24-54.jpg\" sizes=\"(max-width: 1151px) 100vw, 1151px\" srcset=\"https:\/\/www.michalapetr.com\/wp-content\/uploads\/2026\/04\/photo_2026-04-26_00-24-54.jpg 1151w, https:\/\/www.michalapetr.com\/wp-content\/uploads\/2026\/04\/photo_2026-04-26_00-24-54-300x221.jpg 300w, https:\/\/www.michalapetr.com\/wp-content\/uploads\/2026\/04\/photo_2026-04-26_00-24-54-1030x759.jpg 1030w, https:\/\/www.michalapetr.com\/wp-content\/uploads\/2026\/04\/photo_2026-04-26_00-24-54-768x566.jpg 768w, https:\/\/www.michalapetr.com\/wp-content\/uploads\/2026\/04\/photo_2026-04-26_00-24-54-705x519.jpg 705w, https:\/\/www.michalapetr.com\/wp-content\/uploads\/2026\/04\/photo_2026-04-26_00-24-54-450x332.jpg 450w\" alt=\"\" width=\"528\" height=\"389\" aria-describedby=\"caption-attachment-24885\" \/><\/p>\n<p id=\"caption-attachment-24885\" class=\"wp-caption-text\" style=\"text-align: justify;\">V noci na dne\u0161ek Ukrajinci zase drony p\u0159epadly a\u00a0<a href=\"https:\/\/t.me\/swodki\/578952\">podpalovali ruskou Jaroslavl<\/a>.<\/p>\n<\/div>\n<p>Nov\u00e9 velk\u00e9 rusk\u00e9 z\u00e1kladny pro masivn\u00ed vypu\u0161t\u011bn\u00ed nov\u00fdch proudov\u00fdch dron\u016f budovan\u00e9 okolo m\u011bst Brjansk, Kursk a Orel, jemn\u011b nazna\u010duj\u00ed, \u017ee gener\u00e1l Gerasimov hodl\u00e1 brzy a masivn\u011b t\u011bmito nov\u00fdmi proudov\u00fdmi drony za\u010d\u00edt \u00fato\u010dit na c\u00edle nach\u00e1zej\u00edc\u00ed se na severov\u00fdchodn\u00edm b\u0159ehu \u0159eky Dn\u011bpr, (dost\u0159el proudov\u00fdch dron\u016f je nyn\u00ed zat\u00edm pouze ke Dn\u011bpru), tedy na c\u00edle, kter\u00e9 se nach\u00e1zej\u00ed na ose n\u011bkdej\u0161\u00edho \u00faderu 1. rusk\u00e9 tankov\u00e9 arm\u00e1dy sm\u011brem na Kyjev, kter\u00fd se v roce 2022 zastavil v kyjevsk\u00e9m p\u0159edm\u011bst\u00ed Bu\u010da.<\/p>\n<p>\u017de Rusov\u00e9 z\u0159ejm\u011b pl\u00e1nuj\u00ed zah\u00e1jit novou ofenz\u00edvu, a p\u0159i n\u00ed opakovat sv\u016fj star\u00fd \u00fatok na Kyjev, nazna\u010duj\u00ed i testovac\u00ed \u00fatoky nov\u00fdch proudov\u00fdch dron\u016f uskute\u010d\u0148ovan\u00e9 tento m\u011bs\u00edc kolem Charkova. Ru\u0161t\u00ed oper\u00e1to\u0159i p\u0159i nich podle \u0159ady z\u00e1znam\u016f zcela ur\u010dit\u011b cvi\u010dili \u00fatoky na bodov\u00e9 c\u00edle, jako maskovan\u00e1 velitelsk\u00e1 stanovi\u0161t\u011b, a na pohybliv\u00e9 c\u00edle, jako lokomotivy a automobily. Proudov\u00e9 drony l\u00e9taj\u00ed nejm\u00e9n\u011b dvojn\u00e1sobnou rychlost\u00ed, a jejich oper\u00e1to\u0159i si tak mus\u00ed zvyknout na jinou rychlej\u0161\u00ed techniku p\u0159i jejich ovl\u00e1d\u00e1n\u00ed. A proto\u017ee proudov\u00e9 drony Geranium 5 a 6 maj\u00ed v\u00fdrazn\u011b krat\u0161\u00ed dolet, ne\u017e vrtulov\u00e9 drony Geranium 3 a 4, je finan\u010dn\u011b n\u00e1ro\u010dn\u00e9 rozmis\u0165ov\u00e1n\u00ed jejich odpalovac\u00edch z\u00e1kladen naproti severov\u00fdchodn\u00ed Ukrajin\u011b zjevn\u00fd nesmysl, proto\u017ee v oblasti jejich doletu, (pokud nebude v\u00fdrazn\u011b prodlou\u017een), se nenach\u00e1zej\u00ed \u017e\u00e1dn\u00e9 v\u00fdznamn\u00e9 ukrajinsk\u00e9 pr\u016fmyslov\u00e9 ani energetick\u00e9 kapacity. C\u00edly t\u011bchto nov\u00fdch rusk\u00fdch proudov\u00fdch dron\u016f tak budou v\u00edce ukrajinsk\u00e9 logistick\u00e9 kapacity, a dal\u0161\u00ed vojensk\u00e9 c\u00edle, a to zna\u010d\u00ed d\u016fraznou zm\u011bnu dosavadn\u00edch ve\u0159ejn\u011b deklarovan\u00fdch c\u00edl\u016f Putinovy speci\u00e1ln\u00ed operace proti Ukrajin\u011b \u2013 SVO.<\/p>\n<div id=\"attachment_24886\" class=\"wp-caption aligncenter\" style=\"width: 568px;\"><img decoding=\"async\" loading=\"lazy\" class=\" wp-image-24886\" src=\"https:\/\/www.michalapetr.com\/wp-content\/uploads\/2026\/04\/photo_2026-04-23_22-57-44.jpg\" sizes=\"(max-width: 2560px) 100vw, 2560px\" srcset=\"https:\/\/www.michalapetr.com\/wp-content\/uploads\/2026\/04\/photo_2026-04-23_22-57-44.jpg 2560w, https:\/\/www.michalapetr.com\/wp-content\/uploads\/2026\/04\/photo_2026-04-23_22-57-44-300x202.jpg 300w, https:\/\/www.michalapetr.com\/wp-content\/uploads\/2026\/04\/photo_2026-04-23_22-57-44-1030x692.jpg 1030w, https:\/\/www.michalapetr.com\/wp-content\/uploads\/2026\/04\/photo_2026-04-23_22-57-44-768x516.jpg 768w, https:\/\/www.michalapetr.com\/wp-content\/uploads\/2026\/04\/photo_2026-04-23_22-57-44-1536x1032.jpg 1536w, https:\/\/www.michalapetr.com\/wp-content\/uploads\/2026\/04\/photo_2026-04-23_22-57-44-2048x1376.jpg 2048w, https:\/\/www.michalapetr.com\/wp-content\/uploads\/2026\/04\/photo_2026-04-23_22-57-44-1500x1008.jpg 1500w, https:\/\/www.michalapetr.com\/wp-content\/uploads\/2026\/04\/photo_2026-04-23_22-57-44-705x474.jpg 705w, https:\/\/www.michalapetr.com\/wp-content\/uploads\/2026\/04\/photo_2026-04-23_22-57-44-450x302.jpg 450w\" alt=\"\" width=\"568\" height=\"381\" aria-describedby=\"caption-attachment-24886\" \/><\/p>\n<p id=\"caption-attachment-24886\" class=\"wp-caption-text\" style=\"text-align: justify;\">Rusov\u00e9 s n\u00e1stupem leto\u0161n\u00edho jara zna\u010dn\u011b zes\u00edlili \u00fatoky proti ukrajinsk\u00e9mu m\u011bstu Sumy, a to z n\u011bkolika stran, a sou\u010dasn\u011b \u00fato\u010d\u00ed drony na lokomotivy a n\u00e1kladn\u00ed automobily dopravuj\u00edc\u00ed do m\u011bsta z\u00e1soby, a ni\u010d\u00ed jeho kl\u00ed\u010dovou infrastrukturu. Obdobn\u011b \u00fato\u010d\u00ed i na m\u011bsta Romy, Gluchov, \u0160ostka a Konotop, kter\u00e1 nejsou oproti velk\u00fdm m\u011bst\u016fm na jihoz\u00e1padn\u00ed a st\u0159edn\u00ed Ukrajin\u011b nijak ekonomicky nebo pr\u016fmyslov\u011b v\u00fdrazn\u00e1. Jsou v\u0161ak d\u016fle\u017eit\u00e1 v p\u0159\u00edpad\u011b rusk\u00e9ho pozemn\u00edho \u00fatoku na Kyjev starou severn\u00ed cestou z roku 2022, (bez druh\u00e9ho \u00fatoku pod\u00e9l \u010dernobylsk\u00e9 jadern\u00e9 elektr\u00e1rny). Co t\u00edm Rusov\u00e9 mohou sledovat v anal\u00fdze.<\/p>\n<\/div>\n<p>Rusk\u00fd nov\u00fd proudov\u00fd dron Geranium 5 a 6 p\u0159edstavuje odpov\u011b\u010f na zlep\u0161uj\u00edc\u00ed se schopnosti ukrajinsk\u00fdch a z\u00e1padn\u00edch st\u00edhac\u00edch dron\u016f, kter\u00fdch je na boji\u0161ti ka\u017ed\u00fd m\u011bs\u00edc v\u00edc a v\u00edc, a kter\u00e9 u\u017e sem tam dok\u00e1\u017e\u00ed rozvracet \u00fato\u010dn\u00e9 vlny vrtulov\u00fdch dron\u016f Geranium 3 a 4. \u010casem tak nevyhnuteln\u011b dojde k situaci, \u017ee star\u00e9 vrtulov\u00e9 drony nebudou schopny pror\u00e1\u017eet ukrajinskou obranu. Rusov\u00e9 proto zat\u00edm st\u00e1le \u010dast\u011bji \u00fato\u010d\u00ed vrtulov\u00fdmi drony ve dne, proto\u017ee slune\u010dn\u00ed sv\u011btlo oslepuje a po\u0161kozuje citliv\u00e9 no\u010dn\u00ed senzory ukrajinsk\u00fdch st\u00edhac\u00edch dron\u016f. Le\u010d toto \u0159e\u0161en\u00ed je do\u010dasn\u00e9. Nov\u00e9 \u0159e\u0161en\u00ed proudov\u00fd dron s rychlost\u00ed p\u0159es 600km za hodinu se u\u017e uk\u00e1zalo jako \u00fasp\u011b\u0161n\u00e9, proto\u017ee dron se d\u00e1 i p\u0159i t\u011bchto rychlostech p\u0159esn\u011b nav\u00e1d\u011bt na c\u00edl, a p\u0159itom ho ukrajinsk\u00e9 st\u00edhac\u00ed drony s rychlost\u00ed 300 km nedok\u00e1\u017e\u00ed dostihnout. Probl\u00e9m v\u0161ak p\u0159edstavuje sotva polovi\u010dn\u00ed dolet t\u011bchto proudov\u00fdch dron\u016f. Zv\u00fd\u0161en\u00ed jejich doletu by v\u0161ak zna\u010dn\u011b zv\u00fd\u0161ilo celkovou hmotnost i cenu tohoto dronu, a bylo by tak u\u017e ekonomicky \u00fanosn\u00e9, aby jej Ukrajinci za\u010dali sest\u0159elovat klasick\u00fdmi protiletadlov\u00fdmi raketami. V\u00fdhodou sou\u010dasn\u00e9ho rychl\u00e9ho proudov\u00e9ho dronu s men\u0161\u00edm dost\u0159elem je naopak skute\u010dnost, \u017ee vyvinout levn\u00fd st\u00edhac\u00ed dron ur\u010den\u00fd k jeho sest\u0159elov\u00e1n\u00ed, se obecn\u011b pova\u017euje za extr\u00e9mn\u011b n\u00e1ro\u010dn\u00fd technologick\u00fd \u00fakol s d\u00e9lkou trv\u00e1n\u00ed n\u011bkolik m\u00e1lo let. A logick\u00fdm \u0159e\u0161en\u00edm v\u0161ech probl\u00e9m\u016f se jev\u00ed, posunout frontu na severn\u00ed Ukrajin\u011b p\u0159es m\u011bsto Sumy k m\u011bstu Romy, a p\u0159es m\u011bsta Gluchov a \u0160ostka ke m\u011bstu Konotop, a po dosa\u017een\u00ed t\u00e9to \u010d\u00e1ry z n\u00ed proti Kyjevu odpalovat vlny t\u011bchto nov\u00fdch proudov\u00fdch dron\u016f, proti nim\u017e se ukazuj\u00ed st\u00edhac\u00ed drony a protiletadlov\u00e9 kulomety a malokalibern\u00ed automatick\u00e9 kan\u00f3ny ne\u00fa\u010dinn\u00e9, a protiletadlov\u00e9 rakety p\u0159\u00edli\u0161 drah\u00e9 a m\u00e1lo efektivn\u00ed. (Zde se V\u00e1m pro vizualizaci v p\u0159\u00edpad\u011b pot\u0159eby\u00a0<a href=\"https:\/\/www.google.com\/maps\/place\/Sumy,+Sumsk%C3%A1,+Ukrajina,+40000\/@50.2300829,32.9579651,339210m\/data=!3m1!1e3!4m6!3m5!1s0x41290220fc73a461:0xdb74f6366b836c28!8m2!3d50.9077!4d34.7981!16zL20vMDJxNmp6?entry=ttu&amp;g_ep=EgoyMDI2MDQyMi4wIKXMDSoASAFQAw%3D%3D\">otev\u0159e mapa Google s centrem m\u011bsto Romy<\/a>)<\/p>\n<p>V\u010dera na konferenci v Moskv\u011b po\u017eadoval b\u00fdval\u00fd n\u00e1\u010deln\u00edk rusk\u00e9ho gener\u00e1ln\u00edho \u0161t\u00e1bu Jurij Balujevskij, (pln\u011b v souladu s pravd\u011bpodobnou eskala\u010dn\u00ed \u00fato\u010dnou strategi\u00ed, kterou na \u00fazem\u00edch p\u0159il\u00e9haj\u00edc\u00edch k severov\u00fdchodn\u00ed Ukrajin\u011b p\u0159ipravuje sou\u010dasn\u00fd n\u00e1\u010deln\u00edk Gener\u00e1ln\u00edho \u0161t\u00e1bu Valerij Gerasimov), r\u00e1zn\u00e1 mobiliza\u010dn\u00ed opat\u0159en\u00ed, okam\u017eitou jadernou eskalaci, p\u0159echod od speci\u00e1ln\u00ed operace k plnohodnotn\u00e9 v\u00e1lce, a \u201c\u00fadery proti ukrajinsk\u00fdm t\u00fdl\u016fm, energetick\u00fdm i pr\u016fmyslov\u00fdm kapacit\u00e1m a centr\u016fm velen\u00ed i \u0159\u00edzen\u00ed, v\u010detn\u011b tech nejvy\u0161\u0161\u00edch, absolutn\u011b beze v\u0161ech ohled\u016f\u201d. (V\u00edce viz\u00a0<a href=\"https:\/\/t.me\/swodki\/578903\">video z vystoupen\u00ed Balujevsk\u00e9ho zde<\/a>.)<\/p>\n<p>Sou\u010dasn\u011b s gener\u00e1lem Balujevsk\u00fdm vedl na jin\u00e9 konferenci v Moskv\u011b nezvykle dlouh\u00e9, v\u00fdhru\u017en\u00e9 a v\u0161eobecn\u011b pochmurn\u00e9 \u0159e\u010di i jinak ve sv\u00e9m vyjad\u0159ov\u00e1n\u00ed velmi diplomatick\u00fd Sergej Lavrov, (tedy \u017e\u00e1dn\u00fd polo-st\u0159\u00edzliv\u00fd mluvka zk\u00e1zy Z\u00e1padu Dimitrij Medved\u011bv). Lavrov toho \u0159ekl v\u010dera mnoho, nicm\u00e9n\u011b zcela st\u011b\u017eejn\u00ed je tato \u010d\u00e1st jeho vyj\u00e1d\u0159en\u00ed:\u00a0<em><span class=\"Y2IQFc\" lang=\"cs\">\u201eToto je tak\u00e9 sou\u010d\u00e1st\u00ed agrese proti n\u00e1m, proti Rusku jako civilizaci. A p\u0159esn\u011b proto Z\u00e1pad vyu\u017e\u00edv\u00e1 tento nacistick\u00fd re\u017eim. Tak\u017ee kdy\u017e n\u00e1m te\u010f \u0159\u00edkaj\u00ed: \u201aDob\u0159e, poj\u010fme n\u011bjak vy\u0159e\u0161it tuto ot\u00e1zku s Donbasem. Mo\u017en\u00e1 p\u0159esv\u011bd\u010d\u00edme Zelensk\u00e9ho, nebo mo\u017en\u00e1 ustoup\u00edte vy, a pak bude v\u0161echno v po\u0159\u00e1dku.\u2018 Nic nebude v po\u0159\u00e1dku. Z\u00e1pad to \u0159ekl otev\u0159en\u011b. Chci, aby to v\u0161ichni sly\u0161eli a vyu\u017eili to v\u0161emo\u017en\u011b. Z\u00e1pad otev\u0159en\u011b prohl\u00e1sil, \u017ee vytv\u00e1\u0159\u00ed bezpe\u010dnostn\u00ed z\u00e1ruky pro re\u017eim, kter\u00fd je vn\u00edm\u00e1n jako dlouhodob\u00e1 hrozba pro na\u0161i zemi a n\u00e1\u0161 re\u017eim, a kter\u00fd bude mimo jin\u00e9 pou\u017eit pro nov\u00e1 vojensk\u00e1 dobrodru\u017estv\u00ed. Prohl\u00e1sili, \u017ee tohle v\u0161echno za\u010dne v roce 2029 nebo 2030.\u201c.\u00a0<\/span><\/em><span class=\"Y2IQFc\" lang=\"cs\"><a href=\"https:\/\/t.me\/swodki\/578889\">V origin\u00e1le zde<\/a>.\u00a0<\/span><\/p>\n<div id=\"attachment_24887\" class=\"wp-caption aligncenter\" style=\"width: 486px;\"><img decoding=\"async\" loading=\"lazy\" class=\" wp-image-24887\" src=\"https:\/\/www.michalapetr.com\/wp-content\/uploads\/2026\/04\/photo_2026-04-26_06-08-04.jpg\" sizes=\"(max-width: 837px) 100vw, 837px\" srcset=\"https:\/\/www.michalapetr.com\/wp-content\/uploads\/2026\/04\/photo_2026-04-26_06-08-04.jpg 837w, https:\/\/www.michalapetr.com\/wp-content\/uploads\/2026\/04\/photo_2026-04-26_06-08-04-300x168.jpg 300w, https:\/\/www.michalapetr.com\/wp-content\/uploads\/2026\/04\/photo_2026-04-26_06-08-04-768x431.jpg 768w, https:\/\/www.michalapetr.com\/wp-content\/uploads\/2026\/04\/photo_2026-04-26_06-08-04-705x396.jpg 705w, https:\/\/www.michalapetr.com\/wp-content\/uploads\/2026\/04\/photo_2026-04-26_06-08-04-450x253.jpg 450w\" alt=\"\" width=\"486\" height=\"273\" aria-describedby=\"caption-attachment-24887\" \/><\/p>\n<p id=\"caption-attachment-24887\" class=\"wp-caption-text\" style=\"text-align: justify;\">Jadern\u00e1 v\u00e1lka Ruska proti NATO je nevyhnuteln\u00e1, reagovali v\u010dera ru\u0161t\u00ed bloge\u0159i na vyj\u00e1d\u0159en\u00ed gener\u00e1la Balujevsk\u00e9ho a ministra Lavrova. Evropa mus\u00ed pochopit, \u017ee bude zni\u010dena jadern\u00fdmi \u00fadery, pokud bude nad\u00e1le podporovat Kyjevsk\u00fd re\u017eim, tvrdili.\u00a0<a href=\"https:\/\/t.me\/swodki\/578945\">V\u00edce zde<\/a>.<\/p>\n<\/div>\n<p>Jak jsme analyzovali v MAP 2581 o \u201cvybombardov\u00e1n\u00ed Velk\u00e9 B\u00edte\u0161e a Prahy\u201d, zve\u0159ejn\u011bn\u00ed c\u00edl\u016f rusk\u00fdch raket v Evrop\u011b bylo provedeno na p\u0159\u00edm\u00fd pokyn z nejvy\u0161\u0161\u00edho m\u00edsta. A jak uk\u00e1zaly reakce v\u0161ech rusk\u00fdch diplomat\u016f, kte\u0159\u00ed byli r\u016fzn\u00fdmi Eurokraty \u010di \u010dleny jednotliv\u00fdch evropsk\u00fdch vl\u00e1d p\u0159edvol\u00e1n\u00ed, aby podle diplomatick\u00fdch zvyklost\u00ed podali vysv\u011btlen\u00ed, pro\u010d rusk\u00e9 ministerstvo obrany tento seznam zve\u0159ejnilo, ru\u0161t\u00ed diplomati se sv\u00fdm evropsk\u00fdm koleg\u016fm jen chladnokrevn\u011b vysm\u00e1li.<\/p>\n<p><a href=\"https:\/\/www.michalapetr.com\/map-2002-tajna-operace-usa-boiling-the-frog-proti-rusku-valka-na-ukrajine-v-letos-lete-prudce-eskaluje-zelenskyj-se-pokousi-rozpoutat-iii-svetovou-valku-sef-strateg-armady-rakouska-plk-gst-d\/\">V kv\u011btnu 2024 jsme v MAP 2002<\/a>\u00a0podrobn\u011b analyzovali, jak Biden tou dobou pomoc\u00ed ukrajinsk\u00fdch \u00fatok\u016f proti rusk\u00fdm strategick\u00fdm v\u00fdstra\u017en\u00fdm radar\u016fm \u201cva\u0159il ruskou jadernou \u017e\u00e1bu\u201d, tedy podle rakousk\u00e9ho plukovn\u00edka Marcuse Reisnera, jak se sna\u017eil Rusy odradit od zah\u00e1jen\u00ed jadern\u00fdch taktick\u00fdch \u00fader\u016f proti Ukrajin\u011b. Dnes, 23 m\u011bs\u00edc\u016f po t\u00e9, se situace oto\u010dila na ruby, a Putin za\u010d\u00edn\u00e1 koordinovan\u011b \u201cva\u0159it evropskou jadernou \u017e\u00e1bu\u201d, aby odradil Evropany od dal\u0161\u00edho pokra\u010dov\u00e1n\u00ed podpory v\u00e1lky na Ukrajin\u011b.<\/p>\n<p>Pro\u010d tomu tak je? (1) Pentagon m\u00e1 te\u010f uprost\u0159ed v\u00e1lky s Ir\u00e1nem u\u017e pr\u00e1zdn\u00e9 sklady p\u0159esn\u00fdch zbran\u00ed, a potrv\u00e1 mu p\u00e1r let, ne\u017e si je dopln\u00ed, i kdy\u017e v\u00e1lka proti Ajatoll\u00e1h\u016fm zamrzne, nebo skon\u010d\u00ed. (2)\u00a0<a href=\"https:\/\/www.politico.eu\/article\/it-is-idiot-france-and-greece-call-for-delaying-covid-debt-repayment\/\">Francie a \u0158ecko podle v\u010derej\u0161\u00edch p\u0159izn\u00e1n\u00ed sv\u00fdch nejvy\u0161\u0161\u00edch st\u00e1tn\u00edch k\u00e1p\u016f u\u017e stoj\u00ed na hran\u011b st\u00e1tn\u00edch bankrot\u016f<\/a>, a \u017e\u00e1daj\u00ed proto, aby se spl\u00e1cen\u00ed spole\u010dn\u00e9 p\u016fj\u010dky EU za COVID-19 nap\u0159\u00ed\u010d celou Evropou odlo\u017eilo o n\u011bkolik let, a aby se Evropa za\u010dala spole\u010dn\u011b zadlu\u017eovat, proto\u017ee Francii, \u0158ecku a It\u00e1lii u\u017e nikdo p\u0159i smyslech nep\u016fj\u010d\u00ed bez mimo\u0159\u00e1dn\u00fdch rizikov\u00fdch pr\u00e9mi\u00ed, tedy s vysok\u00fdmi \u00faroky. (3) Kyjevsk\u00e9 soldatesce u\u017e do\u0161ly v\u0161ichni mobilizovateln\u00ed voj\u00e1ci, krom\u011b t\u011bch na \u00fat\u011bku, a v\u00e1lku tak rychle prohraje, pokud nezah\u00e1j\u00ed masivn\u00ed ost\u0159elov\u00e1n\u00ed cel\u00e9ho Ruska drony a raketami vyr\u00e1b\u011bn\u00fdmi na Z\u00e1pad\u011b a ovl\u00e1dan\u00fdmi p\u0159es americk\u00fd Starlink. (4) Proto\u017ee tak jako Izrael, ani Rusko nen\u00ed tak dokonal\u00e9, aby odvr\u00e1tilo v\u0161echny tyto \u00fatoky drony a raketami proti sv\u00fdm m\u011bst\u016fm, je obrann\u00e1 strategie zhola nemo\u017en\u00e1, a nezb\u00fdv\u00e1 proto, ne\u017e nep\u0159\u00edtele zcela a jednozna\u010dn\u011b porazit agresivn\u00ed \u00fato\u010dnou strategi\u00ed, a donutit ho ke kapitulaci se v\u0161emi jej\u00edmi d\u016fsledky. (5) Proto\u017ee Eurokrati pl\u00e1nuj\u00ed do roku 2030 vybudovat arm\u00e1du velikosti pot\u0159ebn\u00e9 k napaden\u00ed Ruska, a proto\u017ee USA do roku 2030 budou dopl\u0148ovat z\u00e1soby zbran\u00ed vy\u010derpan\u00e9 ve v\u00e1lce s Ir\u00e1nem, je otev\u0159en\u00e9 okno proto, aby Rusko jednou pro v\u017edy vy\u0159\u00eddilo celou ukrajinskou ot\u00e1zku. (6) Lavrov nazval v\u010dera ukrajinsk\u00fd prostor prostorem rusk\u00e9 civilizace, a tedy jasn\u011b nazna\u010dil, \u017ee jeho ovl\u00e1dnut\u00ed z\u00e1padn\u00ed civilizac\u00ed Rusko nep\u0159ipust\u00ed, proto\u017ee by t\u00edm p\u0159ipustilo vybudov\u00e1n\u00ed p\u0159edmost\u00ed pro kone\u010dn\u00fd \u00fatok Z\u00e1padu proti Rusku, nekdy v letech 2029-30. Tud\u00ed\u017e Rusko bude va\u0159it jadernou \u017e\u00e1bu, proto\u017ee USA nehnou prstem, aby na n\u011b nedopadla, a Evropan\u00e9 bu\u010f ustoup\u00ed, a Rusko Ukrajinu doslova schlamstne, by\u0165 t\u0159eba v n\u011bjak\u00e9 form\u011b n\u011bkolika mal\u00fdch a vazalsk\u00fdch ka\u0161par-st\u00e1t\u016f, a nebo Rusko p\u0159ejde k jadern\u00e9 taktick\u00e9 eskalaci, pokud jeho konven\u010dn\u00ed s\u00edly letos Ukrajinu nevy\u0159\u00edd\u00ed, aby se p\u0159ede\u0161lo dod\u00e1vk\u00e1m evropsk\u00fdch dron\u016f a raket kyjevsk\u00e9mu re\u017eimu. \u017de v tomto sc\u00e9n\u00e1\u0159i m\u016f\u017ee na Velkou B\u00edte\u0161, nebo Pardubice p\u0159ilet\u011bt v\u00fdstra\u017en\u00fd Ore\u0161nik, \u010di men\u0161\u00ed taktick\u00e1 jadern\u00e1 n\u00e1lo\u017e, je nasnad\u011b, proto\u017ee USA se budou dr\u017eet zp\u00e1tky, dokud Rusko nebude ohro\u017eovat \u00fazem\u00ed za b\u00fdvalou hranic\u00ed Var\u0161avsk\u00e9 smlouvy na z\u00e1pad. A to v\u010detn\u011b Polska.<\/p>\n<div>V\u00edc se dnes r\u00e1no u\u017e neve\u0161lo, p\u0159etahoval jsem i tak a\u017e na samou hranu sp\u00e1nku, tak d\u011bkuji za pochopen\u00ed, i za p\u0159\u00edpadnou pomoc a podporu.<\/div>\n<div>\n<a href=\"https:\/\/www.michalapetr.com\/map-2588-rusko-zacina-evrope-varit-jadernou-zabu-ukrajinska-strategie-washingtonu-proti-moskve-z-kvetna-2024-byla-putinem-prevracena-naruby-co-to-znamena-analyza\/\">Michael Svato\u0161<\/a><\/div>\n<div><img decoding=\"async\" loading=\"lazy\" class=\"alignnone size-full wp-image-27204\" src=\"http:\/\/www.infokuryr.cz\/n\/wp-content\/uploads\/2023\/05\/Michael_Svatos.png\" alt=\"\" width=\"180\" height=\"180\" srcset=\"https:\/\/www.infokuryr.cz\/n\/wp-content\/uploads\/2023\/05\/Michael_Svatos.png 180w, https:\/\/www.infokuryr.cz\/n\/wp-content\/uploads\/2023\/05\/Michael_Svatos-150x150.png 150w\" sizes=\"(max-width: 180px) 100vw, 180px\" \/><\/div>\n<div><\/div>\n","protected":false},"excerpt":{"rendered":"<p>Rusko za\u010d\u00edn\u00e1 Evrop\u011b \u201cva\u0159it jadernou \u017e\u00e1bu\u201d. Ukrajinsk\u00e1 strategie Washingtonu proti Moskv\u011b z kv\u011btna 2024 byla&#8230;<\/p>\n","protected":false},"author":2,"featured_media":101047,"comment_status":"closed","ping_status":"closed","sticky":false,"template":"","format":"standard","meta":[],"categories":[6],"tags":[1042,39,22,26],"_links":{"self":[{"href":"https:\/\/www.infokuryr.cz\/n\/wp-json\/wp\/v2\/posts\/105455"}],"collection":[{"href":"https:\/\/www.infokuryr.cz\/n\/wp-json\/wp\/v2\/posts"}],"about":[{"href":"https:\/\/www.infokuryr.cz\/n\/wp-json\/wp\/v2\/types\/post"}],"author":[{"embeddable":true,"href":"https:\/\/www.infokuryr.cz\/n\/wp-json\/wp\/v2\/users\/2"}],"replies":[{"embeddable":true,"href":"https:\/\/www.infokuryr.cz\/n\/wp-json\/wp\/v2\/comments?post=105455"}],"version-history":[{"count":0,"href":"https:\/\/www.infokuryr.cz\/n\/wp-json\/wp\/v2\/posts\/105455\/revisions"}],"wp:featuredmedia":[{"embeddable":true,"href":"https:\/\/www.infokuryr.cz\/n\/wp-json\/wp\/v2\/media\/101047"}],"wp:attachment":[{"href":"https:\/\/www.infokuryr.cz\/n\/wp-json\/wp\/v2\/media?parent=105455"}],"wp:term":[{"taxonomy":"category","embeddable":true,"href":"https:\/\/www.infokuryr.cz\/n\/wp-json\/wp\/v2\/categories?post=105455"},{"taxonomy":"post_tag","embeddable":true,"href":"https:\/\/www.infokuryr.cz\/n\/wp-json\/wp\/v2\/tags?post=105455"}],"curies":[{"name":"wp","href":"https:\/\/api.w.org\/{rel}","templated":true}]}}