{"id":105454,"date":"2026-04-27T00:33:12","date_gmt":"2026-04-26T22:33:12","guid":{"rendered":"https:\/\/www.infokuryr.cz\/n\/?p=105454"},"modified":"2026-04-26T14:56:20","modified_gmt":"2026-04-26T12:56:20","slug":"po-tvrzenich-byvaleho-hlavniho-toxikologa-pfizeru-o-60000-umrtich-v-nemecku-elon-musk-promluvil-o-svych-zavaznych-reakcich-po-covidovem-ockovani","status":"publish","type":"post","link":"https:\/\/www.infokuryr.cz\/n\/2026\/04\/27\/po-tvrzenich-byvaleho-hlavniho-toxikologa-pfizeru-o-60000-umrtich-v-nemecku-elon-musk-promluvil-o-svych-zavaznych-reakcich-po-covidovem-ockovani\/","title":{"rendered":"Po tvrzen\u00edch b\u00fdval\u00e9ho hlavn\u00edho toxikologa Pfizeru o 60000 \u00famrt\u00edch v N\u011bmecku, Elon Musk promluvil o sv\u00fdch z\u00e1va\u017en\u00fdch reakc\u00edch po covidov\u00e9m o\u010dkov\u00e1n\u00ed"},"content":{"rendered":"<div id=\"fb-root\"><\/div>\n<p><strong><span dir=\"auto\">Odhalen\u00ed osobn\u00edch zdravotn\u00edch informac\u00ed od jedn\u00e9 z nejvlivn\u011bj\u0161\u00edch osobnost\u00ed sv\u011bta znovu rozpoutalo prudkou debatu o bezpe\u010dnosti vakc\u00edn proti Covidu-19.<\/span><\/strong><\/p>\n<p><span dir=\"auto\">P\u0159edchoz\u00ed v\u00edkend Elon Musk sv\u011b\u0159il podrobnosti o tom, jak jeho druh\u00e1 d\u00e1vka vakc\u00edny ho t\u00e9m\u011b\u0159 dostala do nemocnice.<\/span><\/p>\n<p><span dir=\"auto\">Jedn\u00e1 se o velmi osobn\u00ed pozn\u00e1mku, kter\u00e1 se objevila p\u0159\u00edmo jako reakce na v\u00fdbu\u0161n\u00e9 sv\u011bdectv\u00ed b\u00fdval\u00e9ho mana\u017eera ve farmaceutick\u00e9 spole\u010dnosti Pfizer, kter\u00fd tvrd\u00ed, \u017ee tyto vakc\u00edny zp\u016fsobily v N\u011bmecku desetitis\u00edce \u00famrt\u00ed.<\/span><\/p>\n<p><span dir=\"auto\">Elon Musk zve\u0159ejnil status na soci\u00e1ln\u00ed s\u00edti X, ve kter\u00e9m reagoval na ned\u00e1vn\u00e1 prohl\u00e1\u0161en\u00ed Dr. Helmuta Sterza, b\u00fdval\u00e9ho hlavn\u00edho toxikologa spole\u010dnosti Pfizer v Evrop\u011b. B\u011bhem vy\u0161et\u0159ov\u00e1n\u00ed pandemie Covidu-19 v N\u011bmecku Dr. Sterz minul\u00fd m\u011bs\u00edc p\u0159edlo\u017eil zdrcuj\u00edc\u00ed sv\u011bdectv\u00ed.<\/span><\/p>\n<p><span dir=\"auto\">Vypov\u011bd\u011bl, \u017ee\u00a0<\/span><em><span dir=\"auto\">Institut Paula Ehrlicha,<\/span><\/em><span dir=\"auto\">\u00a0n\u011bmeck\u00fd regula\u010dn\u00ed org\u00e1n pro vakc\u00edny (jako na Slovensku \u0160\u00daKL), obdr\u017eel 2 133 hl\u00e1\u0161en\u00ed o \u00famrt\u00edch po o\u010dkov\u00e1n\u00ed vakc\u00ednou proti Covidu-19 od spole\u010dnosti Pfizer.<\/span><\/p>\n<p><span dir=\"auto\">Dr. Sterz uvedl:<\/span><\/p>\n<p><em><span dir=\"auto\">&#8222;Tato spont\u00e1nn\u00ed hl\u00e1\u0161en\u00ed pravd\u011bpodobn\u011b obsahuj\u00ed vysok\u00fd po\u010det nehl\u00e1\u0161en\u00fdch p\u0159\u00edpad\u016f z d\u016fvodu nedostate\u010dn\u00e9ho hl\u00e1\u0161en\u00ed. Skute\u010dn\u00fd po\u010det je proto mnohem vy\u0161\u0161\u00ed.&#8220;<\/span><\/em><\/p>\n<p><span dir=\"auto\">K odhadu skute\u010dn\u00e9ho po\u010dtu ob\u011bt\u00ed pou\u017eil b\u011b\u017en\u00fd faktor nedostate\u010dn\u00e9ho hl\u00e1\u0161en\u00ed.<\/span><\/p>\n<p><em><span dir=\"auto\">\\&#8220;V USA se p\u0159edpokl\u00e1d\u00e1, \u017ee existuje faktor nedostate\u010dn\u00e9ho hl\u00e1\u0161en\u00ed 30, kter\u00fdm by se registrovan\u00e9 p\u0159\u00edpady musely vyn\u00e1sobit, abychom dostali re\u00e1ln\u00fd obraz. V N\u011bmecku by to odpov\u00eddalo 60 000 \u00famrt\u00edm v d\u016fsledku o\u010dkov\u00e1n\u00ed, \\&#8220;<\/span><\/em><span dir=\"auto\">\u00a0\u0159ekl Dr. Sterz.<\/span><\/p>\n<p><span dir=\"auto\">D\u00e1le odhalil, \u017ee vlastn\u00ed zpr\u00e1va spole\u010dnosti Pfizer po uveden\u00ed vakc\u00edn na trh zaznamenala 1 200 podez\u0159el\u00fdch \u00famrt\u00ed do dvou m\u011bs\u00edc\u016f od schv\u00e1len\u00ed vakc\u00edny.<\/span><\/p>\n<p><em><span dir=\"auto\">\u201eV tom moment\u011b m\u011bla b\u00fdt vakc\u00edna Comiraty sta\u017eena z trhu,\u201c<\/span><\/em><span dir=\"auto\">\u00a0\u0159ekl Dr. Sterz vy\u0161et\u0159ovac\u00ed komisi.<\/span><\/p>\n<h2><span dir=\"auto\">Vynechan\u00e9 bezpe\u010dnostn\u00ed studie a v\u00fdzva k pozastaven\u00ed vakc\u00edn<\/span><\/h2>\n<p><span dir=\"auto\">Sv\u011bdectv\u00ed \u0161lo nad r\u00e1mec \u00fadaj\u016f o \u00famrtnosti. Dr. Sterz tvrd\u00ed, \u017ee \u201e\u010dasov\u00e1 omezen\u00ed\u201c zp\u016fsobila, \u017ee spole\u010dnost Pfizer p\u0159ed uveden\u00edm vakc\u00edn na trh\u00a0<\/span><a href=\"https:\/\/www.badatel.net\/prevalilo-sa-ze-pfizer-tajil-poskodenia-a-umrtia-ucastnikov-klinickych-skusok-covidovych-vakcin\/\"><span dir=\"auto\">vynechala<\/span><\/a><span dir=\"auto\">\u00a0d\u016fle\u017eit\u00e9 bezpe\u010dnostn\u00ed studie.<\/span><\/p>\n<p><span dir=\"auto\">Pat\u0159ily sem studie karcinogenity k ov\u011b\u0159en\u00ed karcinogenn\u00edch vlastnost\u00ed a v\u00fdzkum vlivu vakc\u00edny na t\u011bhotenstv\u00ed. Vyzval proto k nez\u00e1visl\u00e9mu v\u011bdeck\u00e9mu p\u0159ezkumu dlouhodob\u00fdch \u00fa\u010dink\u016f vakc\u00edn.<\/span><\/p>\n<p><em><span dir=\"auto\">\\&#8220;Pot\u0159ebujeme \u0159\u00e1dn\u011b nez\u00e1visl\u00e9 bezpe\u010dnostn\u00ed studie, abychom pochopili, co se skute\u010dn\u011b stalo. Bez \u00fapln\u00e9 transparentnosti lid\u00e9 nebudou d\u016fv\u011b\u0159ovat ofici\u00e1ln\u00edm informac\u00edm, \\&#8220;<\/span><\/em><span dir=\"auto\">\u00a0\u0159ekl Dr. Sterz podle port\u00e1lu\u00a0<\/span><em><span dir=\"auto\">GB News<\/span><\/em><span dir=\"auto\"> .<\/span><\/p>\n<p><span dir=\"auto\">Tvrd\u00ed, \u017ee vysok\u00fd po\u010det negativn\u00edch vedlej\u0161\u00edch \u00fa\u010dink\u016f vy\u017eaduje pozastaven\u00ed t\u011bchto a jin\u00fdch vakc\u00edn pou\u017e\u00edvaj\u00edc\u00edch podobnou technologii, dokud nez\u00e1visl\u00e9 studie nepotvrd\u00ed jejich bezpe\u010dnost.<\/span><\/p>\n<p><span dir=\"auto\">Kdy\u017e se komisa\u0159 zeptal, zda p\u0159\u00ednosy vakc\u00edny od spole\u010dnosti Pfizer st\u00e1le p\u0159eva\u017euj\u00ed nad riziky, odpov\u011b\u010f Dr. Sterza byla jednozna\u010dn\u00e1: \u201eNe.\u201c Citoval p\u0159itom anal\u00fdzu, kter\u00e1 odhaduje 25 p\u0159\u00edpad\u016f z\u00e1va\u017en\u00fdch vedlej\u0161\u00edch \u00fa\u010dink\u016f vakc\u00edny na ka\u017ed\u00fd jeden z\u00e1va\u017en\u00fd p\u0159\u00edpad Covidu-19, kter\u00e9mu \u00fadajn\u011b zabr\u00e1nila.<\/span><\/p>\n<h2><span dir=\"auto\">Muskova osobn\u00ed zku\u0161enost umoc\u0148uje znepokojen\u00ed<\/span><\/h2>\n<p><span dir=\"auto\">Pr\u00e1v\u011b tento kontext podn\u00edtil Elona Muska pod\u011blit se o svou vlastn\u00ed zku\u0161enost. Musk zve\u0159ejnil shrnut\u00ed v\u00fdpov\u011bdi Dr. Sterza a p\u0159idal svou vlastn\u00ed anamn\u00e9zu. Osobn\u00ed zku\u0161enost s \u201ep\u016fvodn\u00edm virem z Wu-chanu\u201c, kter\u00fd byl podle n\u011bj zvl\u00e1dnuteln\u00fd, porovnal se svou reakc\u00ed na vakc\u00ednu:<\/span><\/p>\n<p><em><span dir=\"auto\">\u201eMoje druh\u00e1 d\u00e1vka vakc\u00edny m\u011b t\u00e9m\u011b\u0159 p\u0159ivedla do nemocnice,\u201c<\/span><\/em><span dir=\"auto\">\u00a0napsal Musk.\u00a0<\/span><em><span dir=\"auto\">\u201eC\u00edtil jsem se, jako bych um\u00edral.\u201c<\/span><\/em><\/p>\n<p><span dir=\"auto\">D\u00e1le kritizoval univerz\u00e1ln\u00ed p\u0159\u00edstup k o\u010dkov\u00e1n\u00ed v\u0161ech za \u0159adou bez rozd\u00edlu a uvedl, \u017ee d\u00e1vky vakc\u00edny byly \u201ezjevn\u011b p\u0159\u00edli\u0161 vysok\u00e9\u201c.<\/span><\/p>\n<p><span dir=\"auto\">Muskovy koment\u00e1\u0159e, kter\u00e9 oslovily miliony jeho sledovatel\u016f, rozbily jakoukoli zb\u00fdvaj\u00edc\u00ed iluzi o univerz\u00e1ln\u00edm konsensu o bezpe\u010dnosti vakc\u00edn. V\u00fdznamn\u00fd britsk\u00fd kardiolog Dr. Aseem Malhotra reagoval na sv\u011bdectv\u00ed Dr. Sterza statusem na s\u00edti X:\u00a0<\/span><em><span dir=\"auto\">\u201eHluboce znepokojuj\u00edc\u00ed je slab\u00e9 slovo.\u201c<\/span><\/em><\/p>\n<p><span dir=\"auto\">Dr. Ryan Cole z\u00a0<\/span><em><span dir=\"auto\">Nez\u00e1visl\u00e9 l\u00e9ka\u0159sk\u00e9 aliance<\/span><\/em><span dir=\"auto\">\u00a0se pt\u00e1, pro\u010d vakc\u00edny z\u016fst\u00e1vaj\u00ed na trhu vzhledem k takov\u00fdm obvin\u011bn\u00edm.<\/span><\/p>\n<h2><span dir=\"auto\">Syst\u00e9mov\u00e9 selh\u00e1n\u00ed zdravotnick\u00e9ho dohledu<\/span><\/h2>\n<p><span dir=\"auto\">Tato tvrzen\u00ed se objevuj\u00ed na pozad\u00ed dlouhodob\u00fdch obav t\u00fdkaj\u00edc\u00edch se syst\u00e9m\u016f hl\u00e1\u0161en\u00ed vedlej\u0161\u00edch \u00fa\u010dink\u016f po o\u010dkov\u00e1n\u00ed.<\/span><\/p>\n<p><span dir=\"auto\">\u00dadaje z USA ze\u00a0<\/span><em><span dir=\"auto\">Syst\u00e9mu hl\u00e1\u0161en\u00ed ne\u017e\u00e1douc\u00edch ud\u00e1lost\u00ed o\u010dkov\u00e1n\u00ed<\/span><\/em><span dir=\"auto\">\u00a0(VAERS) ukazuj\u00ed v\u00edce ne\u017e 39 000 hl\u00e1\u0161en\u00fdch \u00famrt\u00ed po o\u010dkov\u00e1n\u00ed proti Covidu-19 do konce \u00fanora, p\u0159i\u010dem\u017e v\u00edce ne\u017e 24 000 z nich souvis\u00ed s vakc\u00ednou od spole\u010dnosti Pfizer.<\/span><\/p>\n<p><span dir=\"auto\">Intern\u00ed dokumenty minul\u00fd m\u011bs\u00edc odhalily, \u017ee feder\u00e1ln\u00ed zdravotni\u010dt\u00ed \u00fa\u0159edn\u00edci v\u011bd\u011bli, \u017ee prim\u00e1rn\u00ed statistick\u00fd n\u00e1stroj, kter\u00fd pou\u017e\u00edvali k detekci bezpe\u010dnostn\u00edch sign\u00e1l\u016f z VAERS, byl \u201ev\u011bt\u0161inou nepou\u017eiteln\u00fd\u201c.<\/span><\/p>\n<p><span dir=\"auto\">Tato zji\u0161t\u011bn\u00ed odhaluj\u00ed vzorec, ve kter\u00e9m nal\u00e9havost reakce na pandemii mohla ohrozit standardn\u00ed bezpe\u010dnostn\u00ed protokoly a transparentn\u00ed dohled. Sv\u011bdectv\u00ed zasv\u011bcen\u00e9 osoby z odv\u011btv\u00ed, jako je Dr. Sterz, spolu s intenzivn\u00edm sv\u011bdectv\u00edm osoby, jako je Musk, zpochyb\u0148uje ofici\u00e1ln\u00ed narativ, kter\u00fd l\u00e9ta dominuje informac\u00edm o ve\u0159ejn\u00e9m zdrav\u00ed.<\/span><\/p>\n<p><span dir=\"auto\">Diskuse se u\u017e neto\u010d\u00ed kolem okrajov\u00fdch teori\u00ed, ale o p\u0159izn\u00e1n\u00edch b\u00fdval\u00fdch farmaceutick\u00fdch mana\u017eer\u016f a \u017eivotn\u00edch zku\u0161enostech v\u00fdznamn\u00fdch sv\u011btov\u00fdch osobnost\u00ed, \u010d\u00edm\u017e vyvol\u00e1v\u00e1 kritickou ot\u00e1zku:<\/span><\/p>\n<p><em><span dir=\"auto\">Kdy\u017e jednotlivci, kte\u0159\u00ed dohl\u00ed\u017eej\u00ed na v\u011bdu, a nejv\u00fdznamn\u011bj\u0161\u00ed osobnosti modern\u00edch technologi\u00ed bij\u00ed na poplach, nen\u00ed \u010das na skute\u010dn\u011b nez\u00e1visl\u00e9 a transparentn\u00ed vy\u0161et\u0159ov\u00e1n\u00ed?<\/span><\/em><\/p>\n<p><span dir=\"auto\">Autor: Cassie B., Zdroj:\u00a0<\/span><a href=\"https:\/\/www.naturalnews.com\/2026-04-14-musk-severe-vaccine-reaction-pfizer-official.html\" target=\"_blank\" rel=\"noopener\"><span dir=\"auto\">naturalnews.com<\/span><\/a><span dir=\"auto\">\u00a0<\/span><\/p>\n<p>&nbsp;<\/p>\n","protected":false},"excerpt":{"rendered":"<p>Odhalen\u00ed osobn\u00edch zdravotn\u00edch informac\u00ed od jedn\u00e9 z nejvlivn\u011bj\u0161\u00edch osobnost\u00ed sv\u011bta znovu rozpoutalo prudkou debatu o&#8230;<\/p>\n","protected":false},"author":2,"featured_media":68367,"comment_status":"closed","ping_status":"closed","sticky":false,"template":"","format":"standard","meta":[],"categories":[7],"tags":[23,485,523,651],"_links":{"self":[{"href":"https:\/\/www.infokuryr.cz\/n\/wp-json\/wp\/v2\/posts\/105454"}],"collection":[{"href":"https:\/\/www.infokuryr.cz\/n\/wp-json\/wp\/v2\/posts"}],"about":[{"href":"https:\/\/www.infokuryr.cz\/n\/wp-json\/wp\/v2\/types\/post"}],"author":[{"embeddable":true,"href":"https:\/\/www.infokuryr.cz\/n\/wp-json\/wp\/v2\/users\/2"}],"replies":[{"embeddable":true,"href":"https:\/\/www.infokuryr.cz\/n\/wp-json\/wp\/v2\/comments?post=105454"}],"version-history":[{"count":0,"href":"https:\/\/www.infokuryr.cz\/n\/wp-json\/wp\/v2\/posts\/105454\/revisions"}],"wp:featuredmedia":[{"embeddable":true,"href":"https:\/\/www.infokuryr.cz\/n\/wp-json\/wp\/v2\/media\/68367"}],"wp:attachment":[{"href":"https:\/\/www.infokuryr.cz\/n\/wp-json\/wp\/v2\/media?parent=105454"}],"wp:term":[{"taxonomy":"category","embeddable":true,"href":"https:\/\/www.infokuryr.cz\/n\/wp-json\/wp\/v2\/categories?post=105454"},{"taxonomy":"post_tag","embeddable":true,"href":"https:\/\/www.infokuryr.cz\/n\/wp-json\/wp\/v2\/tags?post=105454"}],"curies":[{"name":"wp","href":"https:\/\/api.w.org\/{rel}","templated":true}]}}