{"id":105449,"date":"2026-04-27T00:31:46","date_gmt":"2026-04-26T22:31:46","guid":{"rendered":"https:\/\/www.infokuryr.cz\/n\/?p=105449"},"modified":"2026-04-26T14:45:13","modified_gmt":"2026-04-26T12:45:13","slug":"nova-vlada-nic-se-nezmenilo-v-cesku-vladne-zid","status":"publish","type":"post","link":"https:\/\/www.infokuryr.cz\/n\/2026\/04\/27\/nova-vlada-nic-se-nezmenilo-v-cesku-vladne-zid\/","title":{"rendered":"Nov\u00e1 vl\u00e1da, nic se nezm\u011bnilo. V \u010cesku vl\u00e1dne \u017eid"},"content":{"rendered":"<div id=\"fb-root\"><\/div>\n<p>\u010ce\u0161i maj\u00ed sice u\u017e n\u011bjak\u00fd ten p\u00e1tek novou vl\u00e1du, ale mnoho se nezm\u011bnilo. Tedy minim\u00e1ln\u011b v zahrani\u010dn\u00ed politice<strong>. D\u00e1l se bojuje proti Rusku a podporuje Ukrajina, podporuje se na vl\u00e1dn\u00ed \u00farovni izraelsk\u00e1 agrese proti Ir\u00e1nu, Libanonu, S\u00fdrii a huben\u00ed a vyh\u00e1n\u011bn\u00ed Palestinc\u016f z jejich domov\u016f v Gaze a na Z\u00e1padn\u00edm b\u0159ehu Jord\u00e1nu.<\/strong><\/p>\n<p>Korunu tomu nasadila n\u00e1v\u0161t\u011bva ministra zahrani\u010d\u00ed Macinky v Izraeli.\u00a0<strong>Tam otev\u0159en\u011b podpo\u0159il \u017eidovskou agresi a expanzi v\u010detn\u011b huben\u00ed gojim\u016f v okoln\u00edch zem\u00edch. Je to v\u016fbec zvl\u00e1\u0161tn\u00ed Macinka si zat\u00edm nena\u0161el \u010das na n\u00e1v\u0161t\u011bvu Rakouska, \u010di velmoc\u00ed jako \u010c\u00edna, Indie atd..<\/strong>.P<\/p>\n<p>P\u0159ekvapen\u00ed to nen\u00ed, V \u010cesku po roce 1989 vl\u00e1dne \u017eid a \u010desk\u00e1 politika je jeho vl\u00e1d\u011b pln\u011b pod\u0159\u00edzena.<\/p>\n<p><strong>Pokud cht\u011bj\u00ed \u0106e\u0161i z\u00edskat zp\u011bt suverenitu a zachr\u00e1nit se p\u0159ed osudem z\u00e1padn\u00ed Evropy, tak tohle mus\u00ed b\u00fdt prim\u00e1rn\u00ed v\u011bc, kterou si budou muset uv\u011bdomit.<\/strong><\/p>\n<p>Up\u0159\u00edmn\u011b, zde v USA je to asi je\u0161t\u011b hor\u0161\u00ed. Tady mus\u00edme za \u017eidy v\u00e1l\u010dit a um\u00edrat\u2026..<\/p>\n<p><strong><em>Mike Don\u00e1k, Texas, USA<\/em><\/strong><\/p>\n<p><span style=\"font-size: 10pt;\"><em>P.S.: \u010dl\u00e1nek nemus\u00ed vyjad\u0159ovat n\u00e1zor redakce<\/em><\/span><\/p>\n<p>&nbsp;<\/p>\n","protected":false},"excerpt":{"rendered":"<p>\u010ce\u0161i maj\u00ed sice u\u017e n\u011bjak\u00fd ten p\u00e1tek novou vl\u00e1du, ale mnoho se nezm\u011bnilo. Tedy minim\u00e1ln\u011b&#8230;<\/p>\n","protected":false},"author":2,"featured_media":105450,"comment_status":"closed","ping_status":"closed","sticky":false,"template":"","format":"standard","meta":[],"categories":[6],"tags":[506,10377,99,92],"_links":{"self":[{"href":"https:\/\/www.infokuryr.cz\/n\/wp-json\/wp\/v2\/posts\/105449"}],"collection":[{"href":"https:\/\/www.infokuryr.cz\/n\/wp-json\/wp\/v2\/posts"}],"about":[{"href":"https:\/\/www.infokuryr.cz\/n\/wp-json\/wp\/v2\/types\/post"}],"author":[{"embeddable":true,"href":"https:\/\/www.infokuryr.cz\/n\/wp-json\/wp\/v2\/users\/2"}],"replies":[{"embeddable":true,"href":"https:\/\/www.infokuryr.cz\/n\/wp-json\/wp\/v2\/comments?post=105449"}],"version-history":[{"count":0,"href":"https:\/\/www.infokuryr.cz\/n\/wp-json\/wp\/v2\/posts\/105449\/revisions"}],"wp:featuredmedia":[{"embeddable":true,"href":"https:\/\/www.infokuryr.cz\/n\/wp-json\/wp\/v2\/media\/105450"}],"wp:attachment":[{"href":"https:\/\/www.infokuryr.cz\/n\/wp-json\/wp\/v2\/media?parent=105449"}],"wp:term":[{"taxonomy":"category","embeddable":true,"href":"https:\/\/www.infokuryr.cz\/n\/wp-json\/wp\/v2\/categories?post=105449"},{"taxonomy":"post_tag","embeddable":true,"href":"https:\/\/www.infokuryr.cz\/n\/wp-json\/wp\/v2\/tags?post=105449"}],"curies":[{"name":"wp","href":"https:\/\/api.w.org\/{rel}","templated":true}]}}