{"id":105445,"date":"2026-04-27T00:28:58","date_gmt":"2026-04-26T22:28:58","guid":{"rendered":"https:\/\/www.infokuryr.cz\/n\/?p=105445"},"modified":"2026-04-25T15:15:11","modified_gmt":"2026-04-25T13:15:11","slug":"premiere-babisi-vazne-napriklad-vase-jourova-ci-martin-dvorak-nejsou-paraziti-v-systemu-urednickem-omluvite-se-turkovi","status":"publish","type":"post","link":"https:\/\/www.infokuryr.cz\/n\/2026\/04\/27\/premiere-babisi-vazne-napriklad-vase-jourova-ci-martin-dvorak-nejsou-paraziti-v-systemu-urednickem-omluvite-se-turkovi\/","title":{"rendered":"Premi\u00e9re Babi\u0161i, v\u00e1\u017en\u011b nap\u0159\u00edklad va\u0161e Jourov\u00e1 \u010di Martin Dvo\u0159\u00e1k nejsou paraziti v syst\u00e9mu \u00fa\u0159ednick\u00e9m? Omluv\u00edte se Turkovi?"},"content":{"rendered":"<div id=\"fb-root\"><\/div>\n<div class=\"introtext\">\n<h4>Jak\u00fd p\u0159\u00edmost m\u00e1 pro spole\u010dnost dojen\u00ed Jourov\u00e9, \u010di Martina Dvo\u0159\u00e1ka, ministr pro evropsk\u00e9 z\u00e1le\u017eitosti ve vl\u00e1d\u011b Petra Fialy? V\u00e1\u017en\u011b to nejsou obludn\u00ed parazit\u00e9?<\/h4>\n<\/div>\n<div class=\"fulltext\">\n<p><span data-subtree=\"aimfl,mfl\" data-processed=\"true\">Podle dat serveru\u00a0<\/span><span data-sfc-cp=\"\" data-sfc-root=\"c\" data-sfc-cb=\"\" data-processed=\"true\"><a class=\"H23r4e\" href=\"https:\/\/www.google.com\/url?sa=i&amp;source=web&amp;rct=j&amp;url=https:\/\/platy.hlidacstatu.cz\/politici\/politik\/martin-dvorak-1&amp;ved=2ahUKEwic8q73hYeUAxVcgP0HHbd8GcUQy_kOegQIARAB&amp;opi=89978449&amp;cd&amp;psig=AOvVaw1L6Ucx_ikaAOrLzA6GWmDS&amp;ust=1777139301161000\" target=\"_blank\" rel=\"noopener\" data-hveid=\"CAEQAQ\" data-processed=\"true\">Hl\u00edda\u010d st\u00e1tu<\/a><\/span>\u010dinil celkov\u00fd ro\u010dn\u00ed p\u0159\u00edjem\u00a0<strong>Ing. Martina Dvo\u0159\u00e1ka<\/strong>\u00a0(n\u00e1m\u011bstka pro evropsk\u00e9 z\u00e1le\u017eitosti) jako\u017eto ve\u0159ejn\u00e9ho funkcion\u00e1\u0159e\u00a02 343 600 K\u010d. A co \u00fad\u011blal tento d\u0159\u00ed\u010d\u00a0&#8211; \u00fa\u0159ednick\u00fd d\u011bln\u00edk tak \u00fa\u017easn\u00e9ho?<\/p>\n<p><strong>Nic ve zl\u00e9m, pane premi\u00e9re, ale m\u011bl byste se Turkovi omluvit.<\/strong><\/p>\n<p><strong>Ti parazit\u00e9 jsou tak do o\u010d\u00ed bij\u00edc\u00ed, \u017ee to dokonce zve\u0159ej\u0148oval i mainstream. A to u\u017e je co \u0159\u00edct.\u00a0<\/strong><\/p>\n<div class=\"authors\"><a class=\"name\" href=\"https:\/\/www.idnes.cz\/novinari\/eva-pospisilova.N3940\" rel=\"author\">Eva Posp\u00ed\u0161ilov\u00e1<\/a><\/div>\n<h2 class=\"art-info\"><span class=\"time\"><span class=\"time-date\">2. listopadu 2023<\/span><\/span><\/h2>\n<div class=\"opener\">Dal\u0161\u00ed prominentn\u00ed zam\u011bstnanec na\u0161el uplatn\u011bn\u00ed na \u00da\u0159adu vl\u00e1dy.\u00a0Po bratrovi \u0161\u00e9fa poslanc\u016f ODS\u00a0<strong>Marka Bendy Patrikovi<\/strong>\u00a0pracuje ve slu\u017eb\u00e1ch st\u00e1tu tak\u00e9 syn ministra pro evropsk\u00e9 z\u00e1le\u017eitosti\u00a0<strong>Martina Dvo\u0159\u00e1ka (STAN) Adam<\/strong>.\u00a0Ten podle zji\u0161t\u011bn\u00ed MF DNES nejm\u00e9n\u011b \u010dty\u0159i m\u011bs\u00edce spadal do sekce, kter\u00e9 \u0161\u00e9foval jeho otec.\u00a0Tento krok se stal ter\u010dem kritiky z hlediska mo\u017en\u00e9 politick\u00e9 trafiky \u010di st\u0159etu z\u00e1jm\u016f, p\u0159i\u010dem\u017e ministr Dvo\u0159\u00e1k to komentoval slovy, \u017ee se nejedn\u00e1 o podjatost, nebo\u0165 se synem nepracuje v p\u0159\u00edm\u00e9 pod\u0159\u00edzenosti.Od \u0159\u00edjna za\u010dal pracovat v odd\u011blen\u00ed, je\u017e u\u017e je pod\u0159\u00edzen\u00e9 premi\u00e9rovi Petru Fialovi (ODS). D\u016fvod?<\/div>\n<p><a href=\"https:\/\/www.idnes.cz\/zpravy\/domaci\/urad-vlady-martin-dvorak-adam.A231101_202526_domaci_vals\" target=\"_blank\" rel=\"noopener\">Zdroj<\/a><\/p>\n<div class=\"_66262e0cf54a3eeb72af9e4b ogm-container\">\n<div class=\"i_gT\" data-dot=\"ogm-article-author-header\">\n<div class=\"i_gW i_gX i_gZ\">\n<div class=\"i_g-\">\n<div class=\"f_fV\" data-dot=\"mol-author\">\n<div class=\"f_df f_gS\" data-dot=\"mol-author_content\">\n<div class=\"f_dg\">\n<div class=\"mol-author_names\" data-dot=\"mol-author_names\"><span class=\"f_fU\"><a class=\"c_N\" href=\"https:\/\/www.novinky.cz\/autor\/karolina-brodnickova-369\" data-dot=\"atm-link\">Karolina Brodn\u00ed\u010dkov\u00e1<\/a>,\u00a0<\/span><span class=\"f_fU\"><a class=\"c_N\" href=\"https:\/\/www.novinky.cz\/autor\/martina-machova-465\" data-dot=\"atm-link\">Martina Machov\u00e1<\/a><\/span><\/div>\n<\/div>\n<\/div>\n<\/div>\n<\/div>\n<\/div>\n<\/div>\n<h2 class=\"i_gy\" data-dot=\"ogm-date-of-publication\"><time class=\"mol-formatted-date ogm-date-of-publication__date i_gz\" datetime=\"2024-07-18 12:57:11\">18.\u00a07. 2024,\u00a0<\/time><\/h2>\n<p><strong>Parazit Jourov\u00e1 cenzorka a syn\u00e1\u010dek<\/strong><\/p>\n<\/div>\n<p class=\"c_bz i_iR speakable\" data-dot=\"ogm-article-perex\">Adam Joura\u00a0sed\u00ed v\u00a0zastupitelstvu T\u0159eb\u00ed\u010de za hnut\u00ed Pro T\u0159eb\u00ed\u010d, kter\u00e9 ve m\u011bst\u011b vl\u00e1dne v\u00a0koalici s\u00a0ANO. Z\u00e1rove\u0148 jako jednatel \u0159\u00edd\u00ed rodinn\u00e9 firmy Archeon Stavby a\u00a0Archatt pam\u00e1tky real, kter\u00e9 od T\u0159eb\u00ed\u010de\u00a0z\u00edskaly zak\u00e1zky za des\u00edtky milion\u016f korun. Jasn\u00fd st\u0159et z\u00e1jm\u016f syn\u00a0kon\u010d\u00edc\u00ed eurokomisa\u0159ky V\u011bry Jourov\u00e9 a\u00a0kandid\u00e1t za STAN na hejtmana&#8230;<br \/>\n______________<\/p>\n<div class=\"explanation wholeWidth\">\n<div class=\"explanationTitle\"><span style=\"color: #0000ff;\">Jan Jakob @ Ond\u0159ej Jakob<\/span><\/p>\n<\/div>\n<div class=\"explanationContent\"><span style=\"color: #0000ff;\">Poslanec Jan Jakob (TOP 09) p\u016fsob\u00ed jako p\u0159edseda poslaneck\u00e9ho klubu TOP 09 v Poslaneck\u00e9 sn\u011bmovn\u011b Parlamentu \u010cR. B\u00fdval\u00fd dlouholet\u00fd starosta m\u011bsta Roztoky, kter\u00fd v t\u00e9to funkci skon\u010dil v roce 2022.<\/span><img decoding=\"async\" loading=\"lazy\" class=\"aligncenter\" src=\"https:\/\/www.skrytapravda.cz\/images\/blogy\/805\/2026\/4deben\/Jakob_Rajchl_07ae1.webp\" alt=\"Jakob Rajchl 07ae1\" width=\"644\" height=\"378\" \/><\/p>\n<p><span style=\"color: #0000ff;\">Jeho bratrem je Ond\u0159ej Jakob, kter\u00fd dlouhodob\u011b p\u016fsob\u00ed ve st\u00e1tn\u00ed spr\u00e1v\u011b a komunikaci. V minulosti pracoval nap\u0159\u00edklad jako mluv\u010d\u00ed ministerstva zdravotnictv\u00ed (cca od r. 2021).<\/span><\/p>\n<p>_______________<\/p>\n<\/div>\n<\/div>\n<h2>Deratizace od parazit\u016f<\/h2>\n<p>Vynech\u00e1me v\u0161e, co vyslovili\u00a0 nacist\u00e9 \u010di Adolf Hitler, vynech\u00e1me v\u0161echna slova, kter\u00fd vyslovili nacist\u00e9 a Adolf Hitler?\u00a0P\u0159edstavte si, \u017ee nacist\u00e9 d\u00fdchali. M\u011bl by Dvo\u0159\u00e1k, Jakob, \u010di Jourov\u00e1 d\u011blat opak, aby nebyli jako Adolf Hitler?\u00a0V\u00e1\u017en\u011b se v\u0161ichni zcvokli?<\/p>\n<p>Zlod\u011bj k\u0159i\u010d\u00ed chy\u0165te zlod\u011bje a hlavn\u011b Martin Dvo\u0159\u00e1k je t\u00edm pov\u011bstn\u00fd.\u00a0Rodina Bend\u016f se nafa\u0159ila do st\u00e1tn\u00edch funkc\u00ed, ale to nejsou parazit\u00e9, rodina Jakob\u016f v\u00e1\u017en\u011b nejsou parazit\u00e9, rodina Dvo\u0159\u00e1k\u016f viz \u00favod&#8230;<\/p>\n<p>Pane Babi\u0161i, m\u011bl byste se Motorist\u016fm a p\u0159edev\u0161\u00edm Turkovi omluvit, proto\u017ee lze zdokumentovat, kolik parazit\u016f je v \u00fa\u0159ednick\u00fdch m\u00edstech a jen se vezou a kolik je skute\u010dn\u00fdch pracant\u016f. Nejv\u00edce se rekrutuj\u00ed kolem Pir\u00e1t\u016f, proto\u017ee d\u016fkazem jsou jejich digit\u00e1ln\u00ed hv\u011bzdn\u00e9 vyn\u00e1lezy a v\u0161ichni v\u00edme, jak to dopadlo. Ka\u017ed\u00fd Pir\u00e1t je digit\u00e1ln\u00ed odborn\u00edk a o cel\u00fdch klanech nalezl\u00fdch do \u00fa\u0159ad\u016f se vypr\u00e1v\u011bj\u00ed rom\u00e1ny. Nap\u0159. Pir\u00e1t Mich\u00e1lek a jeho pra\u017esk\u00e1 pornopracovnice s H\u0159ibem s v\u00fdletem na Tchajwan&#8230;<\/p>\n<p><strong>Ani toto nen\u00ed parazitismus? Cestovn\u00ed kancel\u00e1\u0159e i s man\u017eelkami a cht\u011bla let\u011bt i Kuberov\u00e1?\u00a0<\/strong><\/p>\n<p><a title=\"Vystr\u010dil a Mich\u00e1lek: prim\u00e1tora Zde\u0148ka H\u0159iba p\u0159izvali na cestu na Tchaj-wan. Kufr m\u011bl sbalen\u00fd okam\u017eit\u011b\" href=\"https:\/\/www.expres.cz\/zpravy\/zdenek-hrib-primator-tchaj-pej-tchaj-wan-milos-vystrcil-kubera.A200812_111851_dx-zpravy_peve\" target=\"_blank\" rel=\"noopener\">Vystr\u010dil a Mich\u00e1lek: prim\u00e1tora Zde\u0148ka H\u0159iba p\u0159izvali na cestu na Tchaj-wan. Kufr m\u011bl sbalen\u00fd okam\u017eit\u011b<\/a><\/p>\n<p><strong>Nest\u00e1lo by za to ud\u011blat prov\u011brku, kolik lid\u00ed je napojeno z rodinn\u00fdch klan\u016f na \u00fa\u0159adech? Pak by nebylo o \u010dem diskutovat.\u00a0<\/strong><\/p>\n<\/div>\n<div><a href=\"https:\/\/www.skrytapravda.cz\/z-domova\/3110-promiere-babisi-vazne-napriklad-vase-jourova-ci-dvorak-nejsou-paraziti-v-systemu-dotaci\">Petr Pokorn\u00fd<\/a><\/div>\n<div><\/div>\n<div><\/div>\n","protected":false},"excerpt":{"rendered":"<p>Jak\u00fd p\u0159\u00edmost m\u00e1 pro spole\u010dnost dojen\u00ed Jourov\u00e9, \u010di Martina Dvo\u0159\u00e1ka, ministr pro evropsk\u00e9 z\u00e1le\u017eitosti ve&#8230;<\/p>\n","protected":false},"author":2,"featured_media":105446,"comment_status":"closed","ping_status":"closed","sticky":false,"template":"","format":"standard","meta":[],"categories":[6],"tags":[126,1503,35,122,1411],"_links":{"self":[{"href":"https:\/\/www.infokuryr.cz\/n\/wp-json\/wp\/v2\/posts\/105445"}],"collection":[{"href":"https:\/\/www.infokuryr.cz\/n\/wp-json\/wp\/v2\/posts"}],"about":[{"href":"https:\/\/www.infokuryr.cz\/n\/wp-json\/wp\/v2\/types\/post"}],"author":[{"embeddable":true,"href":"https:\/\/www.infokuryr.cz\/n\/wp-json\/wp\/v2\/users\/2"}],"replies":[{"embeddable":true,"href":"https:\/\/www.infokuryr.cz\/n\/wp-json\/wp\/v2\/comments?post=105445"}],"version-history":[{"count":1,"href":"https:\/\/www.infokuryr.cz\/n\/wp-json\/wp\/v2\/posts\/105445\/revisions"}],"predecessor-version":[{"id":105447,"href":"https:\/\/www.infokuryr.cz\/n\/wp-json\/wp\/v2\/posts\/105445\/revisions\/105447"}],"wp:featuredmedia":[{"embeddable":true,"href":"https:\/\/www.infokuryr.cz\/n\/wp-json\/wp\/v2\/media\/105446"}],"wp:attachment":[{"href":"https:\/\/www.infokuryr.cz\/n\/wp-json\/wp\/v2\/media?parent=105445"}],"wp:term":[{"taxonomy":"category","embeddable":true,"href":"https:\/\/www.infokuryr.cz\/n\/wp-json\/wp\/v2\/categories?post=105445"},{"taxonomy":"post_tag","embeddable":true,"href":"https:\/\/www.infokuryr.cz\/n\/wp-json\/wp\/v2\/tags?post=105445"}],"curies":[{"name":"wp","href":"https:\/\/api.w.org\/{rel}","templated":true}]}}