{"id":105442,"date":"2026-04-27T00:24:11","date_gmt":"2026-04-26T22:24:11","guid":{"rendered":"https:\/\/www.infokuryr.cz\/n\/?p=105442"},"modified":"2026-04-25T15:07:27","modified_gmt":"2026-04-25T13:07:27","slug":"karel-strakos-petr-pavel-a-jeho-evropske-vize","status":"publish","type":"post","link":"https:\/\/www.infokuryr.cz\/n\/2026\/04\/27\/karel-strakos-petr-pavel-a-jeho-evropske-vize\/","title":{"rendered":"Karel Strako\u0161: Petr Pavel a jeho evropsk\u00e9 vize"},"content":{"rendered":"<div id=\"fb-root\"><\/div>\n<div class=\"x14z9mp xat24cr x1lziwak x1vvkbs xtlvy1s x126k92a\">\n<div dir=\"auto\">Kdy\u017e prezident Petr Pavel na debat\u011b v Litomy\u0161li prohl\u00e1sil, \u017ee vznik Spojen\u00fdch st\u00e1t\u016f evropsk\u00fdch je pravd\u011bpodobn\u011b jedin\u00fdm \u0159e\u0161en\u00edm pro Evropu, ne\u0161lo o bezv\u00fdznamnou pozn\u00e1mku do publika. \u0160lo o politick\u00fd v\u00fdrok, kter\u00fd otev\u00edr\u00e1 legitimn\u00ed ot\u00e1zku jestli zde je\u0161t\u011b mluv\u00ed prezident \u010cesk\u00e9 republiky, nebo zast\u00e1nce utopick\u00e9ho evropsk\u00e9ho projektu, k n\u011bmu\u017e od \u010desk\u00fdch voli\u010d\u016f nikdy nedostal mand\u00e1t.<\/div>\n<\/div>\n<div class=\"x14z9mp xat24cr x1lziwak x1vvkbs xtlvy1s x126k92a\">\n<div dir=\"auto\">\n<p>Prezident m\u016f\u017ee m\u00edt osobn\u00ed n\u00e1zory na budoucnost Evropy, federaci \u010di hlub\u0161\u00ed integraci. Nen\u00ed v\u0161ak volen k tomu, aby prosazoval vlastn\u00ed civiliza\u010dn\u00ed vize bez opory v dom\u00e1c\u00ed ve\u0159ejn\u00e9 debat\u011b. Je volen p\u0159edev\u0161\u00edm jako reprezentant \u010desk\u00e9ho st\u00e1tu a jeho z\u00e1jm\u016f.<\/p>\n<\/div>\n<div dir=\"auto\">\n<p>\u010cesk\u00fd prezident skl\u00e1d\u00e1 p\u0159\u00edsahu \u010cesk\u00e9 republice. Jeho role je v \u00fastavn\u00edm syst\u00e9mu specifick\u00e1, ale ve\u0159ejnost od n\u011bj p\u0159irozen\u011b o\u010dek\u00e1v\u00e1, \u017ee bude h\u00e1jit z\u00e1jmy vlastn\u00ed zem\u011b, upozor\u0148ovat na jej\u00ed probl\u00e9my a formulovat jej\u00ed pozici navenek.<\/p>\n<\/div>\n<div dir=\"auto\">\n<p>Pokud v\u0161ak hlava st\u00e1tu opakovan\u011b mluv\u00ed o dal\u0161\u00edm p\u0159esunu pravomoc\u00ed na nadn\u00e1rodn\u00ed \u00farove\u0148 jako o t\u00e9m\u011b\u0159 nevyhnuteln\u00e9m \u0159e\u0161en\u00ed, je nam\u00edst\u011b debata, zda t\u00edm nep\u0159ekra\u010duje r\u00e1mec sv\u00e9ho mand\u00e1tu. Tak z\u00e1sadn\u00ed zm\u011bny maj\u00ed b\u00fdt v\u00fdsledkem politick\u00e9 sout\u011b\u017ee, voleb a ve\u0159ejn\u00e9ho souhlasu ob\u010dan\u016f, nikoli bonmot\u016f pron\u00e1\u0161en\u00fdch na diskusn\u00edch f\u00f3rech.<\/p>\n<\/div>\n<div dir=\"auto\">\n<p>My\u0161lenka evropsk\u00e9 federace sama o sob\u011b nen\u00ed nelegitimn\u00ed. Je legitimn\u00ed stejn\u011b jako my\u0161lenka voln\u011bj\u0161\u00ed spolupr\u00e1ce suver\u00e9nn\u00edch st\u00e1t\u016f. Nelegitimn\u00ed je sp\u00ed\u0161e to, kdy\u017e se jedna z t\u011bchto variant prezentuje jako samoz\u0159ejm\u00e1 nutnost.<\/p>\n<\/div>\n<div dir=\"auto\">\n<p>\u010cesk\u00e1 republika mezit\u00edm \u0159e\u0161\u00ed zcela konkr\u00e9tn\u00ed probl\u00e9my. Dostupnost bydlen\u00ed pat\u0159\u00ed k nejhor\u0161\u00edm v Evrop\u011b. N\u00e1klady dom\u00e1cnost\u00ed rostou. Mzdy v mnoha profes\u00edch st\u00e1le zaost\u00e1vaj\u00ed za z\u00e1padn\u00ed Evropou, zat\u00edmco ceny ji v \u0159ad\u011b oblast\u00ed doh\u00e1n\u011bj\u00ed nebo u\u017e dohnaly.<\/p>\n<\/div>\n<div dir=\"auto\">\n<p>Prezident samoz\u0159ejm\u011b nen\u00ed premi\u00e9r ani ministr financ\u00ed. Nem\u00e1 exekutivn\u00ed moc tyto probl\u00e9my vy\u0159e\u0161it. M\u00e1 v\u0161ak siln\u00fd ve\u0159ejn\u00fd hlas a schopnost nastavovat t\u00e9mata. O to n\u00e1padn\u011bj\u0161\u00ed je, kdy\u017e jej \u010dast\u011bji sly\u0161\u00edme mluvit o geopolitick\u00fdch architektur\u00e1ch ne\u017e o ka\u017edodenn\u00ed realit\u011b lid\u00ed doma.<\/p>\n<\/div>\n<div dir=\"auto\">\n<p>Prezident m\u00e1 v \u010desk\u00e9m syst\u00e9mu fungovat jako stabiliza\u010dn\u00ed prvek. Nemus\u00ed se v\u0161em l\u00edbit, ale m\u011bl by usilovat o to, aby r\u016fzn\u00e9 \u010d\u00e1sti spole\u010dnosti v\u016fbec byly schopn\u00e9 spolu mluvit.<\/p>\n<\/div>\n<div dir=\"auto\">\n<p>Kdy\u017e v\u0161ak \u010d\u00e1st ve\u0159ejnosti sly\u0161\u00ed od hlavy st\u00e1tu p\u0159edev\u0161\u00edm podporu dal\u0161\u00ed centralizace Evropy, pokra\u010duj\u00edc\u00edho zbrojen\u00ed a moralizuj\u00edc\u00ed t\u00f3n v\u016f\u010di odp\u016frc\u016fm t\u011bchto sm\u011br\u016f, nevytv\u00e1\u0159\u00ed t\u00edm vz\u00e1jemnou d\u016fv\u011bru. Vytv\u00e1\u0159\u00ed jen dal\u0161\u00ed p\u0159\u00edkop.<\/p>\n<\/div>\n<div dir=\"auto\">Skeptick\u00fd postoj k EU, NATO \u010di federalizaci nen\u00ed automaticky extremismus ani ciz\u00ed propaganda. Ve zdrav\u00e9 demokracii je to legitimn\u00ed n\u00e1zor, se kter\u00fdm se m\u00e1 v\u00e9st spor argumenty, ne n\u00e1lepkami.<\/p>\n<\/div>\n<div dir=\"auto\">V\u00fdsledkem je prezident, kter\u00fd mluv\u00ed o v\u011bcech mimo sv\u016fj mand\u00e1t, nerozum\u00ed jim dostate\u010dn\u011b do hloubky, nedok\u00e1\u017ee artikulovat konkr\u00e9tn\u00ed \u010desk\u00e9 z\u00e1jmy a spole\u010dnost sp\u00ed\u0161e rozd\u011bluje, ne\u017e sjednocuje.<\/div>\n<div dir=\"auto\"><\/div>\n<\/div>\n<div dir=\"auto\"><a href=\"https:\/\/www.facebook.com\/karel.strakos.79\">Karel Strako\u0161<\/a><\/div>\n<div dir=\"auto\"><\/div>\n<div dir=\"auto\"><\/div>\n","protected":false},"excerpt":{"rendered":"<p>Kdy\u017e prezident Petr Pavel na debat\u011b v Litomy\u0161li prohl\u00e1sil, \u017ee vznik Spojen\u00fdch st\u00e1t\u016f evropsk\u00fdch je&#8230;<\/p>\n","protected":false},"author":2,"featured_media":105443,"comment_status":"closed","ping_status":"closed","sticky":false,"template":"","format":"standard","meta":[],"categories":[6],"tags":[283,1503,1173,3340],"_links":{"self":[{"href":"https:\/\/www.infokuryr.cz\/n\/wp-json\/wp\/v2\/posts\/105442"}],"collection":[{"href":"https:\/\/www.infokuryr.cz\/n\/wp-json\/wp\/v2\/posts"}],"about":[{"href":"https:\/\/www.infokuryr.cz\/n\/wp-json\/wp\/v2\/types\/post"}],"author":[{"embeddable":true,"href":"https:\/\/www.infokuryr.cz\/n\/wp-json\/wp\/v2\/users\/2"}],"replies":[{"embeddable":true,"href":"https:\/\/www.infokuryr.cz\/n\/wp-json\/wp\/v2\/comments?post=105442"}],"version-history":[{"count":1,"href":"https:\/\/www.infokuryr.cz\/n\/wp-json\/wp\/v2\/posts\/105442\/revisions"}],"predecessor-version":[{"id":105444,"href":"https:\/\/www.infokuryr.cz\/n\/wp-json\/wp\/v2\/posts\/105442\/revisions\/105444"}],"wp:featuredmedia":[{"embeddable":true,"href":"https:\/\/www.infokuryr.cz\/n\/wp-json\/wp\/v2\/media\/105443"}],"wp:attachment":[{"href":"https:\/\/www.infokuryr.cz\/n\/wp-json\/wp\/v2\/media?parent=105442"}],"wp:term":[{"taxonomy":"category","embeddable":true,"href":"https:\/\/www.infokuryr.cz\/n\/wp-json\/wp\/v2\/categories?post=105442"},{"taxonomy":"post_tag","embeddable":true,"href":"https:\/\/www.infokuryr.cz\/n\/wp-json\/wp\/v2\/tags?post=105442"}],"curies":[{"name":"wp","href":"https:\/\/api.w.org\/{rel}","templated":true}]}}