{"id":105434,"date":"2026-04-27T00:14:17","date_gmt":"2026-04-26T22:14:17","guid":{"rendered":"https:\/\/www.infokuryr.cz\/n\/?p=105434"},"modified":"2026-04-25T14:50:51","modified_gmt":"2026-04-25T12:50:51","slug":"jindrich-kulhavy-necte-se-to-dobre-ale-je-to-realita","status":"publish","type":"post","link":"https:\/\/www.infokuryr.cz\/n\/2026\/04\/27\/jindrich-kulhavy-necte-se-to-dobre-ale-je-to-realita\/","title":{"rendered":"Jind\u0159ich Kulhav\u00fd: Ne\u010dte se to dob\u0159e, ale je to realita"},"content":{"rendered":"<div id=\"fb-root\"><\/div>\n<p><span class=\"anotation\">Evropsk\u00e1 komise utahuje \u0161rouby a s\u00a0EU si de facto d\u011bl\u00e1, co chce. I p\u0159es odpor st\u00e1t\u016f, automobilek a pr\u016fmyslov\u00fdch podnik\u016f, farm\u00e1\u0159\u016f a mnoh\u00fdch obyvatel Evropy d\u00e1le prosazuje \u0161\u00edlen\u00fd Green Deal. Jeho tragick\u00e9 ekonomick\u00e9, lidsk\u00e9 i profesn\u00ed dopady jako by neexistovaly. Proliber\u00e1ln\u00ed a eurohujersk\u00e1 m\u00e9dia, kter\u00fdch i mimo hlavn\u00ed proud vznik\u00e1 st\u00e1le v\u00edce (maj\u00ed b\u00fdt protiv\u00e1hou bloger\u016f a str\u00e1nek podobn\u00fdch t\u011bm na\u0161im), jedou propagandu soub\u011b\u017enou s\u00a0tou, kterou prezentuje Evropsk\u00e1 komise.<\/span><\/p>\n<div id=\"pagetext\">\n<p>Green Deal v\u0161ak zdaleka nen\u00ed jedin\u00fdm t\u00e9matem protla\u010dovan\u00fdm ze v\u0161ech stran. Stejn\u011b agresivn\u011b se postupuje v nen\u00e1visti proti Rusku a podpo\u0159e Ukrajiny. I p\u0159es ji\u017e mnohokr\u00e1t prov\u011b\u0159en\u00e9 skute\u010dnosti, kter\u00fdmi je ukrajinsk\u00fd nacismus, korupce a defraudace jak p\u0159\u00edmo na Ukrajin\u011b, tak i mezi \u201ed\u00e1rci\u201c evropsk\u00fdch pen\u011bz, bylo uvoln\u011bno dal\u0161\u00edch spole\u010dn\u00fdch 90 miliard euro jdouc\u00edch do kapes sebranky kolem Zelensk\u00e9ho. To zdaleka nen\u00ed v\u0161e, proto\u017ee na z\u00e1sobov\u00e1n\u00ed ukrajinsk\u00e9 arm\u00e1dy se mimo tuto iniciativu pod\u00edl\u00ed \u0159ada zem\u00ed individu\u00e1ln\u011b a p\u0159es vlastn\u00ed o\u0159ezan\u00e9 rozpo\u010dty pos\u00edlaj\u00ed pen\u00edze jaksi bokem. Zaprodan\u00ed politici okr\u00e1daj\u00ed sv\u00e9 voli\u010de ve velk\u00e9m a udr\u017euj\u00ed Ukrajinu v boji proti Rus\u016fm.<\/p>\n<p>Mus\u00edme se zeptat? Nakolik nech\u00e1me Green Dealem zdevastovat evropskou ekonomiku? Kam a\u017e prost\u00fd lid nech\u00e1 elity zaj\u00edt v jejich prostoduchosti \u010di napl\u0148ov\u00e1n\u00ed \u010f\u00e1belsk\u00e9ho pl\u00e1nu zlikvidovat v\u0161e, co p\u0159edch\u016fdci dne\u0161n\u00edch Evropan\u016f vybudovali? Tak\u00e9 n\u00e1s zaj\u00edm\u00e1, co vlastn\u011b Rusov\u00e9 Z\u00e1padu ud\u011blali, \u017ee je tolik nen\u00e1vid\u00ed? A\u0165 p\u0159em\u00fd\u0161l\u00edme jakkoliv, jedin\u00fdm proh\u0159e\u0161kem je, \u017ee \u017eij\u00ed na rozlehl\u00e9m a na suroviny bohat\u00e9m \u00fazem\u00ed, kter\u00e9 jim poskytuje jist\u00e9 bohatstv\u00ed. K tomu jsou nezlomn\u00ed, hrd\u00ed a schopn\u00ed za svou zemi um\u00edrat, je li to t\u0159eba.<\/p>\n<p>Petr Pavel, jako\u017eto extr\u00e9m mezi \u0159i\u0165olezci, ve\u0159ejn\u011b prohl\u00e1sil, \u017ee federalizace EU je jej\u00ed jedinou mo\u017enost\u00ed. O tom, \u017ee jde o dlouhodob\u00fd vlhk\u00fd sen n\u011bkter\u00fdch globalist\u016f v\u010detn\u011b Leyenov\u00e9, kter\u00e1 na tomto sm\u011b\u0159ov\u00e1n\u00ed systematicky pracuje a destrukc\u00ed pravomoc\u00ed a svrchovanosti jednotliv\u00fdch st\u00e1t\u016f krok po kroku postupuje k napln\u011bn\u00ed p\u0159edstavy a evropsk\u00e9 federaci, nen\u00ed pochyb. Mysl\u00ed si v\u0161ak n\u011bkdo, \u017ee po vytvo\u0159en\u00ed homogenn\u00ed evropsk\u00e9 n\u00e1rodnostn\u00ed ka\u0161e s p\u0159idan\u00fdm migrantsk\u00fdm ko\u0159en\u00edm bude je\u0161t\u011b n\u011bkoho zaj\u00edmat \u010desk\u00e1 men\u0161ina rozpu\u0161t\u011bn\u00e1 v anglosask\u00e9m, germ\u00e1nsk\u00e9m a rom\u00e1nsk\u00e9m prost\u0159ed\u00ed? \u017de slovansk\u00fd p\u016fvod Pol\u00e1k\u016f, \u010cech\u016f, Slov\u00e1k\u016f, Bulhar\u016f \u010di pohrobk\u016f Jugosl\u00e1vie a Pobalt\u00ed nebude potla\u010den a jeho specifika upozadn\u011bna? \u017de se staneme v\u0161ichni rovnocenn\u00fdmi, abychom o n\u011bco m\u00e1lo pozd\u011bji tak jako tak za\u00fato\u010dili na Rusko?<\/p>\n<p>Evropsk\u00e1 komise, pota\u017emo Brusel, od covidu jde tvrd\u011b za sv\u00fdm. Leyenov\u00e1 se stala i p\u0159es \u0159adu evidentn\u00edch pr\u016f\u0161vih\u016f a p\u0159ehmat\u016f nedotknutelnou osobou, a dokonce dok\u00e1zala se sv\u00fdmi noshledy zvr\u00e1tit v\u00fdvoj, kdy protiliber\u00e1ln\u00ed s\u00edly za\u010d\u00ednaly nab\u00edrat na s\u00edle. Mimo pokra\u010duj\u00edc\u00ed podpory nacist\u016f na Ukrajin\u011b a adorov\u00e1n\u00ed tamn\u00edho fe\u0165\u00e1ck\u00e9ho dikt\u00e1tora dok\u00e1zaly s\u00edly kolem n\u00ed soust\u0159ed\u011bn\u00e9 eliminovat Marinu LePen, zru\u0161it rumunsk\u00e9 prezidentsk\u00e9 volby, obrousit ost\u0159\u00ed Meloniov\u00e9, udr\u017eet AfD mimo n\u011bmeckou vl\u00e1du, implantovat Tuska do premi\u00e9rsk\u00e9ho k\u0159esla v Polsku, udr\u017eet Macrona v prezidentsk\u00e9m pal\u00e1ci, donutit Ma\u010fary, aby Orb\u00e1na nahradili Magyarem. Trochu se jim vymknulo Slovensko s Ficem a u n\u00e1s se neudr\u017eel prolhan\u00fd Fiala, nicm\u00e9n\u011b Babi\u0161 ned\u011bl\u00e1 z\u00e1sadn\u00ed probl\u00e9my. Moment\u00e1ln\u011b se vzbou\u0159ili je\u0161t\u011b Bulha\u0159i, ale to je pod Leyenov\u00e9 rozezn\u00e1vac\u00ed schopnosti.<\/p>\n<p>Petr Pavel slou\u017e\u00ed z\u00e1jm\u016fm Leyenov\u00e9 dokonale a pomoc\u00ed n\u011bj a m\u00e9di\u00ed se da\u0159\u00ed udr\u017eet tlak na \u010deskou spole\u010dnost stejn\u011b, jako to d\u011bl\u00e1 Progresivn\u00ed Slovensko a tamn\u00ed liber\u00e1ln\u00ed m\u00e9dia u na\u0161ich soused\u016f. \u010caputov\u00e1 vstala z mrtv\u00fdch a st\u00e1le \u010dast\u011bji se n\u011bkde objevuje, mobilizace probruselsk\u00fdch sil p\u0159ed bl\u00ed\u017e\u00edc\u00edmi volbami bude nar\u016fstat. Stejn\u011b tak se bude u n\u00e1s st\u00e1le v\u00edce tla\u010dit na pilu a hysteri\u00ed v\u016f\u010di Motorist\u016fm a SPD vze\u0161l\u00e9 z m\u00e9di\u00ed a politick\u00fdch neziskovek nebudou aktivist\u00e9 \u0161et\u0159it v\u016fbec. \u010clov\u011bk v t\u00edsni, Milion chvilek, \u0160t\u00edt demokracie, \u010cT, \u010cRo, Seznam a mnoho pl\u00e1tk\u016f r\u016fzn\u00e9 \u00farovn\u011b, velikosti a v\u00fdznamu do n\u00e1s budou denodenn\u011b bu\u0161it se zvy\u0161uj\u00edc\u00ed se agresivitou a nasazen\u00edm. Jsou navz\u00e1jem propojeni, maj\u00ed vliv ve \u0161kol\u00e1ch, v \u00e9teru i velk\u00fdch nadn\u00e1rodn\u00edch firm\u00e1ch. Pen\u00edze jim nedoch\u00e1zej\u00ed a p\u0159\u00edznivce si vychov\u00e1vaj\u00ed st\u00e1le pe\u010dliv\u011bji a systemati\u010dt\u011bji.<\/p>\n<p>Doba, kdy lid\u00e9 nebudou nic m\u00edt a budou \u0161\u0165astn\u00ed (nebo si to budou aspo\u0148 myslet), se bl\u00ed\u017e\u00ed. Ml\u00e1de\u017e je zmanipulovan\u00e1, \u010d\u00e1ste\u010dn\u011b zdegenerovan\u00e1. Mus\u00edme souhlasit s Turkem, nazval li \u010d\u00e1st spole\u010dnosti jako parazity. Jsou to ti, kte\u0159\u00ed se vezou na vln\u011b eurohujerismu a ji\u017e d\u00e1vno ztratili pocit n\u00e1rodn\u00ed hrdosti, \u010desk\u00e9 a moravsk\u00e9 v\u00fdjime\u010dnosti a odli\u0161nosti od z\u00e1padn\u00ed sm\u011bsky. Star\u0161\u00ed konzervativn\u00ed generace v\u00e1\u017e\u00edc\u00ed si koruny, hrd\u00e1 na \u00fazem\u00ed s hranicemi, kter\u00e9 ji odd\u011blovaly od germ\u00e1nsk\u00fdch hord, vym\u00edr\u00e1. M\u00edsto n\u00ed se k moci dostala jin\u00e1 zvouc\u00ed Landsmannschaft do Brna \u010di adoruj\u00edc\u00ed agenta P\u00e1vka tou\u017e\u00edc\u00edho po konci \u010cesk\u00e9 republiky. \u017d\u00edt tady je st\u00e1le t\u011b\u017e\u0161\u00ed a slo\u017eit\u011bj\u0161\u00ed. Tak\u00e9 mnohem m\u00e9n\u011b svobodn\u00e9. Je mi smutno.<\/p>\n<p><img decoding=\"async\" loading=\"lazy\" class=\"alignnone size-full wp-image-1185\" src=\"http:\/\/www.infokuryr.cz\/n\/wp-content\/uploads\/2021\/04\/kuryr-podpis.png\" alt=\"\" width=\"84\" height=\"24\" \/><\/p>\n<p>&nbsp;<\/p>\n<\/div>\n","protected":false},"excerpt":{"rendered":"<p>Evropsk\u00e1 komise utahuje \u0161rouby a s\u00a0EU si de facto d\u011bl\u00e1, co chce. I p\u0159es odpor&#8230;<\/p>\n","protected":false},"author":2,"featured_media":105435,"comment_status":"closed","ping_status":"closed","sticky":false,"template":"","format":"standard","meta":[],"categories":[6],"tags":[41,122,3251],"_links":{"self":[{"href":"https:\/\/www.infokuryr.cz\/n\/wp-json\/wp\/v2\/posts\/105434"}],"collection":[{"href":"https:\/\/www.infokuryr.cz\/n\/wp-json\/wp\/v2\/posts"}],"about":[{"href":"https:\/\/www.infokuryr.cz\/n\/wp-json\/wp\/v2\/types\/post"}],"author":[{"embeddable":true,"href":"https:\/\/www.infokuryr.cz\/n\/wp-json\/wp\/v2\/users\/2"}],"replies":[{"embeddable":true,"href":"https:\/\/www.infokuryr.cz\/n\/wp-json\/wp\/v2\/comments?post=105434"}],"version-history":[{"count":0,"href":"https:\/\/www.infokuryr.cz\/n\/wp-json\/wp\/v2\/posts\/105434\/revisions"}],"wp:featuredmedia":[{"embeddable":true,"href":"https:\/\/www.infokuryr.cz\/n\/wp-json\/wp\/v2\/media\/105435"}],"wp:attachment":[{"href":"https:\/\/www.infokuryr.cz\/n\/wp-json\/wp\/v2\/media?parent=105434"}],"wp:term":[{"taxonomy":"category","embeddable":true,"href":"https:\/\/www.infokuryr.cz\/n\/wp-json\/wp\/v2\/categories?post=105434"},{"taxonomy":"post_tag","embeddable":true,"href":"https:\/\/www.infokuryr.cz\/n\/wp-json\/wp\/v2\/tags?post=105434"}],"curies":[{"name":"wp","href":"https:\/\/api.w.org\/{rel}","templated":true}]}}