{"id":105431,"date":"2026-04-27T00:29:42","date_gmt":"2026-04-26T22:29:42","guid":{"rendered":"https:\/\/www.infokuryr.cz\/n\/?p=105431"},"modified":"2026-04-25T14:33:54","modified_gmt":"2026-04-25T12:33:54","slug":"rockefellerovi-jako-architekti-moderniho-vzdelavaciho-systemu-tato-psychologicka-operace-je-horsi-nez-si-myslite","status":"publish","type":"post","link":"https:\/\/www.infokuryr.cz\/n\/2026\/04\/27\/rockefellerovi-jako-architekti-moderniho-vzdelavaciho-systemu-tato-psychologicka-operace-je-horsi-nez-si-myslite\/","title":{"rendered":"Rockefellerovi jako architekti modern\u00edho vzd\u011bl\u00e1vac\u00edho syst\u00e9mu: \u201eTato psychologick\u00e1 operace je hor\u0161\u00ed, ne\u017e si mysl\u00edte\u201c"},"content":{"rendered":"<div id=\"fb-root\"><\/div>\n<p><span dir=\"auto\">Spencer Taylor uvedl, \u017ee deset let pracoval na dokument\u00e1rn\u00edm filmu, ve kter\u00e9m zkoum\u00e1 roli Rockefellerovy nadace a rodiny Rockefeller\u016f p\u0159i budov\u00e1n\u00ed modern\u00edho vzd\u011bl\u00e1vac\u00edho syst\u00e9mu.<\/span><\/p>\n<p><span dir=\"auto\">Taylor vykresluje jasn\u00fd obr\u00e1zek: Rockefellerovi nebyli jen mecen\u00e1\u0161i podporuj\u00edc\u00edmi vzd\u011bl\u00e1vac\u00ed projekty, ale aktivn\u00edmi tv\u016frci samotn\u00e9ho syst\u00e9mu. Poukazuje na instituce jako Rockefellerova nadace a Rada pro v\u0161eobecn\u00e9 vzd\u011bl\u00e1v\u00e1n\u00ed, kter\u00e9 na za\u010d\u00e1tku 20. stolet\u00ed zna\u010dn\u011b investovaly do vzd\u011bl\u00e1vac\u00edho syst\u00e9mu Spojen\u00fdch st\u00e1t\u016f.<\/span><\/p>\n<p><iframe loading=\"lazy\" title=\"The Death of Recess | Angel Studios Launch Trailer\" width=\"640\" height=\"360\" src=\"https:\/\/www.youtube.com\/embed\/oeH2XHstYBA?start=2&#038;feature=oembed\" frameborder=\"0\" allow=\"accelerometer; autoplay; clipboard-write; encrypted-media; gyroscope; picture-in-picture; web-share\" referrerpolicy=\"strict-origin-when-cross-origin\" allowfullscreen><\/iframe><\/p>\n<h2 class=\"wp-block-heading\"><span dir=\"auto\">Vzd\u011bl\u00e1n\u00ed jako n\u00e1stroj industri\u00e1ln\u00ed spole\u010dnosti<\/span><\/h2>\n<p><span dir=\"auto\">Taylor tvrd\u00ed, \u017ee tato \u201efilantropie\u201c nebyla v \u017e\u00e1dn\u00e9m p\u0159\u00edpad\u011b neutr\u00e1ln\u00ed. Sp\u00ed\u0161e se zam\u011b\u0159ovala na vytvo\u0159en\u00ed vzd\u011bl\u00e1vac\u00edho syst\u00e9mu, kter\u00fd by spl\u0148oval pot\u0159eby industrializuj\u00edc\u00ed se ekonomiky.<\/span><\/p>\n<p><span dir=\"auto\">\u0160koly se proto st\u00e1le v\u00edce st\u00e1vaj\u00ed n\u00e1stroji pro tvorbu stabiln\u00ed, efektivn\u00ed a p\u0159edv\u00eddateln\u00e9 pracuj\u00edc\u00ed populace.<\/span><\/p>\n<h2 class=\"wp-block-heading\"><span dir=\"auto\">Vym\u00fdv\u00e1n\u00ed mozk\u016f prost\u0159ednictv\u00edm standardizace?<\/span><\/h2>\n<p><span dir=\"auto\">Taylor nach\u00e1z\u00ed p\u016fvod dne\u0161n\u00edho vzd\u011bl\u00e1vac\u00edho syst\u00e9mu v industri\u00e1ln\u00edm modelu, kter\u00fd je siln\u011b zalo\u017een na prusk\u00e9m syst\u00e9mu 19. stolet\u00ed.<\/span><\/p>\n<p><span dir=\"auto\">Funkce jako nap\u0159\u00edklad:<\/span><\/p>\n<ul>\n<li><span dir=\"auto\">standardizace<\/span><\/li>\n<li><span dir=\"auto\">rigidn\u00ed osnovy<\/span><\/li>\n<li><span dir=\"auto\">t\u0159\u00eddy podle v\u011bku<\/span><\/li>\n<li><span dir=\"auto\">standardizovan\u00e9 testy<\/span><\/li>\n<li><span dir=\"auto\">centralizovan\u00e9 struktury<\/span><\/li>\n<\/ul>\n<p><span dir=\"auto\">Podle jeho n\u00e1zoru to nebyly n\u00e1hodn\u00e9, ale sp\u00ed\u0161e vyj\u00e1d\u0159en\u00ed syst\u00e9mu zam\u011b\u0159en\u00e9ho na uniformitu, discipl\u00ednu a \u0161k\u00e1lovatelnost.<\/span><\/p>\n<p><span dir=\"auto\">Taylor tento v\u00fdvoj v\u00fdslovn\u011b spojuje s vlivem ekonomick\u00fdch elit, jako byli Rockefellerov\u00e9, kte\u0159\u00ed pomohli tento model trvale institucionalizovat.<\/span><\/p>\n<h2 class=\"wp-block-heading\"><span dir=\"auto\">Od svobodn\u00e9ho my\u0161len\u00ed k soci\u00e1ln\u00ed konformit\u011b<\/span><\/h2>\n<p><span dir=\"auto\">Z tohoto pohledu se vzd\u011bl\u00e1v\u00e1n\u00ed stalo m\u00e9n\u011b m\u00edstem pro individu\u00e1ln\u00ed rozvoj a sp\u00ed\u0161e syst\u00e9mem, kter\u00fd studenty specificky p\u0159ipravuje na jejich pozd\u011bj\u0161\u00ed roli v hierarchick\u00e9 spole\u010dnosti.<\/span><\/p>\n<p><span dir=\"auto\">Taylor tvrd\u00ed, \u017ee standardizovan\u00e9 testy a p\u0159edem stanoven\u00e9 studijn\u00ed pl\u00e1ny jsou navr\u017eeny tak, aby nivelovaly talenty, potla\u010dovaly nez\u00e1vislost a omezovaly kreativitu.<\/span><\/p>\n<h2 class=\"wp-block-heading\"><span dir=\"auto\">Vliv dodnes?<\/span><\/h2>\n<p><iframe loading=\"lazy\" title=\"\u201cBrainwash!\u201d - The Rockefeller\u2019s School Psyop WORSE Than You Think | Spencer Taylor \u2022 410\" width=\"640\" height=\"360\" src=\"https:\/\/www.youtube.com\/embed\/DGzmIySm0ss?start=17&#038;feature=oembed\" frameborder=\"0\" allow=\"accelerometer; autoplay; clipboard-write; encrypted-media; gyroscope; picture-in-picture; web-share\" referrerpolicy=\"strict-origin-when-cross-origin\" allowfullscreen><\/iframe><\/p>\n<p><span dir=\"auto\">V rozhovoru s moder\u00e1torem podcastu Julianem Doreym (\u201e\u0160koln\u00ed psychoanal\u00fdza Rockefeller\u016f je hor\u0161\u00ed, ne\u017e si mysl\u00edte\u201c) jde Taylor je\u0161t\u011b d\u00e1l.<\/span><\/p>\n<p><span dir=\"auto\">Tvrd\u00ed, \u017ee vliv Rockefeller\u016f v \u017e\u00e1dn\u00e9m p\u0159\u00edpad\u011b nen\u00ed minulost\u00ed. Sp\u00ed\u0161e jsou s\u00edt\u011b, nadace a finan\u010dn\u00ed struktury s nimi spojen\u00e9 st\u00e1le aktivn\u00ed ve vzd\u011bl\u00e1vac\u00edm sektoru \u2013 nap\u0159\u00edklad prost\u0159ednictv\u00edm program\u016f financov\u00e1n\u00ed nebo nep\u0159\u00edm\u00e9ho vlivu na m\u00edstn\u00ed \u0161kolsk\u00e9 \u00fa\u0159ady.<\/span><\/p>\n<h2 class=\"wp-block-heading\"><span dir=\"auto\">\u0160kola jako formativn\u00ed syst\u00e9m<\/span><\/h2>\n<p><span dir=\"auto\">Taylor v kone\u010dn\u00e9m d\u016fsledku popisuje vzd\u011bl\u00e1vac\u00ed syst\u00e9m nikoli jako neutr\u00e1ln\u00ed n\u00e1stroj pro p\u0159ed\u00e1v\u00e1n\u00ed znalost\u00ed, ale jako mechanismus pro formov\u00e1n\u00ed chov\u00e1n\u00ed, norem a o\u010dek\u00e1v\u00e1n\u00ed.<\/span><\/p>\n<p><span dir=\"auto\">Podle jeho n\u00e1zoru \u0161kola slou\u017e\u00ed nejen k u\u010den\u00ed, ale tak\u00e9 k podpo\u0159e konformity a za\u010dle\u0148ov\u00e1n\u00ed lid\u00ed do existuj\u00edc\u00edch soci\u00e1ln\u00edch struktur.<\/span><\/p>\n<h2 class=\"wp-block-heading\"><span dir=\"auto\">D\u016fsledky pro du\u0161evn\u00ed zdrav\u00ed mlad\u00fdch lid\u00ed<\/span><\/h2>\n<p><span dir=\"auto\">Taylor tak\u00e9 zji\u0161\u0165uje souvislost mezi \u0161kolsk\u00fdm syst\u00e9mem a du\u0161evn\u00edm zdrav\u00edm mlad\u00fdch lid\u00ed.<\/span><\/p>\n<p><span dir=\"auto\">\u0158\u00edk\u00e1, \u017ee n\u00e1sleduj\u00edc\u00ed faktory mohou p\u0159isp\u00edvat ke stresu, \u00fazkosti a depresi:<\/span><\/p>\n<ul>\n<li><span dir=\"auto\">Tlak na v\u00fdkon<\/span><\/li>\n<li><span dir=\"auto\">neust\u00e1l\u00e9 srovn\u00e1v\u00e1n\u00ed s ostatn\u00edmi<\/span><\/li>\n<li><span dir=\"auto\">nedostatek autonomie<\/span><\/li>\n<li><span dir=\"auto\">standardizovan\u00e9 c\u00edle \u00fasp\u011bchu<\/span><\/li>\n<li><span dir=\"auto\">nedostatek individu\u00e1ln\u00ed svobody<\/span><\/li>\n<\/ul>\n<h2 class=\"wp-block-heading\"><span dir=\"auto\">Popt\u00e1vka po alternativ\u00e1ch<\/span><\/h2>\n<p><span dir=\"auto\">Taylor implicitn\u011b prosazuje i jin\u00e9 formy vzd\u011bl\u00e1v\u00e1n\u00ed, v\u010detn\u011b:<\/span><\/p>\n<ul>\n<li><span dir=\"auto\">Dom\u00e1c\u00ed vzd\u011bl\u00e1v\u00e1n\u00ed<\/span><\/li>\n<li><span dir=\"auto\">samospr\u00e1vn\u00e9 u\u010den\u00ed<\/span><\/li>\n<li><span dir=\"auto\">prakticky orientovan\u00e9 modely<\/span><\/li>\n<li><span dir=\"auto\">individualizovan\u011bj\u0161\u00ed studijn\u00ed cesty<\/span><\/li>\n<\/ul>\n<p><span dir=\"auto\">Podle jeho n\u00e1zoru by tyto p\u0159\u00edstupy l\u00e9pe vyhovovaly r\u016fzn\u00fdm talent\u016fm, pot\u0159eb\u00e1m a osobnostem.<\/span><\/p>\n<h2 class=\"wp-block-heading\"><span dir=\"auto\">Z\u00e1v\u011br<\/span><\/h2>\n<p><span dir=\"auto\">Taylor vykresluje extr\u00e9mn\u011b kritick\u00fd obraz modern\u00edho \u0161kolsk\u00e9ho syst\u00e9mu. Jeho \u00fast\u0159edn\u00ed tez\u00ed je, \u017ee dne\u0161n\u00ed vzd\u011bl\u00e1vac\u00ed syst\u00e9m nevznikl n\u00e1hodou, ale byl z\u00e1m\u011brn\u011b formov\u00e1n jako n\u00e1stroj ekonomick\u00e9 a soci\u00e1ln\u00ed kontroly.<\/span><\/p>\n<p><span dir=\"auto\">A\u0165 u\u017e se s t\u00edmto n\u00e1zorem hl\u00e1s\u00edme, nebo ne \u2013 dot\u00fdk\u00e1 se z\u00e1kladn\u00ed ot\u00e1zky na\u0161\u00ed doby: Slou\u017e\u00ed \u0161kola prim\u00e1rn\u011b rozvoji jednotlivce, nebo adaptaci na st\u00e1vaj\u00edc\u00ed syst\u00e9m?<\/span><\/p>\n<p><img decoding=\"async\" loading=\"lazy\" class=\"alignnone size-full wp-image-1185\" src=\"http:\/\/www.infokuryr.cz\/n\/wp-content\/uploads\/2021\/04\/kuryr-podpis.png\" alt=\"\" width=\"84\" height=\"24\" \/><\/p>\n<p>&nbsp;<\/p>\n","protected":false},"excerpt":{"rendered":"<p>Spencer Taylor uvedl, \u017ee deset let pracoval na dokument\u00e1rn\u00edm filmu, ve kter\u00e9m zkoum\u00e1 roli Rockefellerovy&#8230;<\/p>\n","protected":false},"author":2,"featured_media":105432,"comment_status":"closed","ping_status":"closed","sticky":false,"template":"","format":"standard","meta":[],"categories":[7],"tags":[2645,121,6782],"_links":{"self":[{"href":"https:\/\/www.infokuryr.cz\/n\/wp-json\/wp\/v2\/posts\/105431"}],"collection":[{"href":"https:\/\/www.infokuryr.cz\/n\/wp-json\/wp\/v2\/posts"}],"about":[{"href":"https:\/\/www.infokuryr.cz\/n\/wp-json\/wp\/v2\/types\/post"}],"author":[{"embeddable":true,"href":"https:\/\/www.infokuryr.cz\/n\/wp-json\/wp\/v2\/users\/2"}],"replies":[{"embeddable":true,"href":"https:\/\/www.infokuryr.cz\/n\/wp-json\/wp\/v2\/comments?post=105431"}],"version-history":[{"count":0,"href":"https:\/\/www.infokuryr.cz\/n\/wp-json\/wp\/v2\/posts\/105431\/revisions"}],"wp:featuredmedia":[{"embeddable":true,"href":"https:\/\/www.infokuryr.cz\/n\/wp-json\/wp\/v2\/media\/105432"}],"wp:attachment":[{"href":"https:\/\/www.infokuryr.cz\/n\/wp-json\/wp\/v2\/media?parent=105431"}],"wp:term":[{"taxonomy":"category","embeddable":true,"href":"https:\/\/www.infokuryr.cz\/n\/wp-json\/wp\/v2\/categories?post=105431"},{"taxonomy":"post_tag","embeddable":true,"href":"https:\/\/www.infokuryr.cz\/n\/wp-json\/wp\/v2\/tags?post=105431"}],"curies":[{"name":"wp","href":"https:\/\/api.w.org\/{rel}","templated":true}]}}