{"id":105426,"date":"2026-04-27T00:26:07","date_gmt":"2026-04-26T22:26:07","guid":{"rendered":"https:\/\/www.infokuryr.cz\/n\/?p=105426"},"modified":"2026-04-25T14:20:49","modified_gmt":"2026-04-25T12:20:49","slug":"prehlednuta-bomba-v-americkem-senatu-admiral-tise-odhaluje-americky-plan-proti-cine","status":"publish","type":"post","link":"https:\/\/www.infokuryr.cz\/n\/2026\/04\/27\/prehlednuta-bomba-v-americkem-senatu-admiral-tise-odhaluje-americky-plan-proti-cine\/","title":{"rendered":"P\u0159ehl\u00e9dnut\u00e1 bomba v americk\u00e9m Sen\u00e1tu: Admir\u00e1l ti\u0161e odhaluje americk\u00fd pl\u00e1n proti \u010c\u00edn\u011b"},"content":{"rendered":"<div id=\"fb-root\"><\/div>\n<div class=\"elementor-element elementor-element-1fb4c2c elementor-widget elementor-widget-theme-post-content\" data-id=\"1fb4c2c\" data-element_type=\"widget\" data-e-type=\"widget\" data-widget_type=\"theme-post-content.default\">\n<div class=\"elementor-widget-container\">\n<p><span dir=\"auto\">Na zd\u00e1nliv\u011b rutinn\u00edm\u00a0<\/span><a href=\"https:\/\/www.armed-services.senate.gov\/hearings\/to-receive-testimony-on-the-posture-of-united-states-indo-pacific-command-and-united-states-forces-korea-in-review-of-the-defense-authorization-request-for-fiscal-year-2027-and-the-future-years-defense-program\" target=\"_blank\" rel=\"noreferrer noopener\" data-type=\"link\" data-id=\"https:\/\/www.armed-services.senate.gov\/hearings\/to-receive-testimony-on-the-posture-of-united-states-indo-pacific-command-and-united-states-forces-korea-in-review-of-the-defense-authorization-request-for-fiscal-year-2027-and-the-future-years-defense-program\"><span dir=\"auto\">sly\u0161en\u00ed Sen\u00e1tu 21. dubna 2026<\/span><\/a><span dir=\"auto\">\u00a0zazn\u011blo prohl\u00e1\u0161en\u00ed, jeho\u017e v\u00fdznam z\u016fstal do zna\u010dn\u00e9 m\u00edry bez pov\u0161imnut\u00ed. Admir\u00e1l Samuel Paparo, velitel americk\u00e9ho indicko-pacifick\u00e9ho velitelstv\u00ed, otev\u0159en\u011b prohl\u00e1sil, \u017ee Spojen\u00e9 st\u00e1ty analyzuj\u00ed svou energetickou z\u00e1vislost na partnerech a soupe\u0159\u00edch \u2013 a tak\u00e9 na pr\u016flivech, kter\u00fdmi je tato energie p\u0159epravov\u00e1na.<\/span><\/p>\n<p><span dir=\"auto\">Konkr\u00e9tn\u011b zm\u00ednil:\u00a0<\/span><strong><span dir=\"auto\">Malaccu, Lombok, Sundu<\/span><\/strong><span dir=\"auto\">\u00a0.<\/span><\/p>\n<p><span dir=\"auto\">Co chyb\u011blo, ale bylo strategicky d\u016fle\u017eit\u00e9:\u00a0<\/span><strong><span dir=\"auto\">Hormus<\/span><\/strong><span dir=\"auto\">\u00a0.<\/span><\/p>\n<p><span dir=\"auto\">A pr\u00e1v\u011b zde se vyno\u0159uje \u0161ir\u0161\u00ed obraz.<\/span><\/p>\n<div class=\"twitter-tweet twitter-tweet-rendered\"><iframe id=\"twitter-widget-0\" class=\"\" title=\"X Post\" src=\"https:\/\/platform.twitter.com\/embed\/Tweet.html?dnt=false&amp;embedId=twitter-widget-0&amp;features=eyJ0ZndfdGltZWxpbmVfbGlzdCI6eyJidWNrZXQiOltdLCJ2ZXJzaW9uIjpudWxsfSwidGZ3X2ZvbGxvd2VyX2NvdW50X3N1bnNldCI6eyJidWNrZXQiOnRydWUsInZlcnNpb24iOm51bGx9LCJ0ZndfdHdlZXRfZWRpdF9iYWNrZW5kIjp7ImJ1Y2tldCI6Im9uIiwidmVyc2lvbiI6bnVsbH0sInRmd19yZWZzcmNfc2Vzc2lvbiI6eyJidWNrZXQiOiJvbiIsInZlcnNpb24iOm51bGx9LCJ0ZndfZm9zbnJfc29mdF9pbnRlcnZlbnRpb25zX2VuYWJsZWQiOnsiYnVja2V0Ijoib24iLCJ2ZXJzaW9uIjpudWxsfSwidGZ3X21peGVkX21lZGlhXzE1ODk3Ijp7ImJ1Y2tldCI6InRyZWF0bWVudCIsInZlcnNpb24iOm51bGx9LCJ0ZndfZXhwZXJpbWVudHNfY29va2llX2V4cGlyYXRpb24iOnsiYnVja2V0IjoxMjA5NjAwLCJ2ZXJzaW9uIjpudWxsfSwidGZ3X3Nob3dfYmlyZHdhdGNoX3Bpdm90c19lbmFibGVkIjp7ImJ1Y2tldCI6Im9uIiwidmVyc2lvbiI6bnVsbH0sInRmd19kdXBsaWNhdGVfc2NyaWJlc190b19zZXR0aW5ncyI6eyJidWNrZXQiOiJvbiIsInZlcnNpb24iOm51bGx9LCJ0ZndfdXNlX3Byb2ZpbGVfaW1hZ2Vfc2hhcGVfZW5hYmxlZCI6eyJidWNrZXQiOiJvbiIsInZlcnNpb24iOm51bGx9LCJ0ZndfdmlkZW9faGxzX2R5bmFtaWNfbWFuaWZlc3RzXzE1MDgyIjp7ImJ1Y2tldCI6InRydWVfYml0cmF0ZSIsInZlcnNpb24iOm51bGx9LCJ0ZndfbGVnYWN5X3RpbWVsaW5lX3N1bnNldCI6eyJidWNrZXQiOnRydWUsInZlcnNpb24iOm51bGx9LCJ0ZndfdHdlZXRfZWRpdF9mcm9udGVuZCI6eyJidWNrZXQiOiJvbiIsInZlcnNpb24iOm51bGx9fQ%3D%3D&amp;frame=false&amp;hideCard=false&amp;hideThread=false&amp;id=2047576129884832117&amp;lang=cs&amp;origin=https%3A%2F%2Funcutnews.ch%2Fdie-uebersehene-bombe-im-us-senat-admiral-enthuellt-stillschweigend-amerikas-plan-gegen-china%2F&amp;sessionId=852435a113fe8477b515070019448a12965372df&amp;theme=light&amp;widgetsVersion=2615f7e52b7e0%3A1702314776716&amp;width=550px\" frameborder=\"0\" scrolling=\"no\" allowfullscreen=\"allowfullscreen\" data-tweet-id=\"2047576129884832117\" data-mce-fragment=\"1\"><\/iframe><\/div>\n<h2 class=\"wp-block-heading\"><span dir=\"auto\">Dv\u011b \u00fazk\u00e1 hrdla \u2013 jedna strategick\u00e1 p\u00e1ka<\/span><\/h2>\n<p><span dir=\"auto\">Abychom pochopili energetick\u00e9 z\u00e1sobov\u00e1n\u00ed \u010c\u00edny, mus\u00edme na map\u011b spojit dva body:<\/span><\/p>\n<ol>\n<li><strong><span dir=\"auto\">Hormuzsk\u00fd pr\u016fliv<\/span><\/strong><span dir=\"auto\">\u00a0\u2013 br\u00e1na do Persk\u00e9ho z\u00e1livu<\/span><\/li>\n<li><strong><span dir=\"auto\">Malack\u00fd pr\u016fliv<\/span><\/strong><span dir=\"auto\">\u00a0\u2013 br\u00e1na do v\u00fdchodn\u00ed Asie<\/span><\/li>\n<\/ol>\n<p><strong><span dir=\"auto\">Mapa Malack\u00e9ho pr\u016flivu<\/span><\/strong><\/p>\n<figure class=\"wp-block-image aligncenter size-large\"><img decoding=\"async\" loading=\"lazy\" class=\"aligncenter\" src=\"https:\/\/upload.wikimedia.org\/wikipedia\/commons\/5\/57\/Map_of_the_Strait_of_Malacca-de.jpg?_=20100314112122\" alt=\"\" width=\"555\" height=\"688\" \/><\/figure>\n<p><span dir=\"auto\">V\u00fdznamn\u00e1 \u010d\u00e1st ropy ze Sa\u00fadsk\u00e9 Ar\u00e1bie, Ir\u00e1ku, Kuvajtu, Spojen\u00fdch arabsk\u00fdch emir\u00e1t\u016f a Kataru nejprve proch\u00e1z\u00ed Hormuzsk\u00fdm pr\u016flivem \u2013 a pot\u00e9 \u010dasto putuje p\u0159es Indick\u00fd oce\u00e1n sm\u011brem k Malacce a d\u00e1le do \u010c\u00edny, Japonska, Ji\u017en\u00ed Koreje a na Tchaj-wan.<\/span><\/p>\n<p><strong><span dir=\"auto\">To znamen\u00e1:<\/span><\/strong><\/p>\n<p><em><span dir=\"auto\">Kdokoli ovl\u00e1dne nebo naru\u0161\u00ed Hormuz, zas\u00e1hne zdroj.<\/span><\/em><br \/>\n<em><span dir=\"auto\">Kdokoli ovl\u00e1dne nebo naru\u0161\u00ed Malaku, zas\u00e1hne trasu.<\/span><\/em><\/p>\n<p><span dir=\"auto\">A kdokoli m\u016f\u017ee ovlivnit oboj\u00ed, m\u00e1 geopolitickou p\u00e1ku glob\u00e1ln\u00edch rozm\u011br\u016f.<\/span><\/p>\n<h2 class=\"wp-block-heading\"><span dir=\"auto\">PDF ukazuje: Nez\u016fst\u00e1v\u00e1 to jen u slov.<\/span><\/h2>\n<p><span dir=\"auto\">V zve\u0159ejn\u011bn\u00e9m\u00a0<\/span><a href=\"https:\/\/www.armed-services.senate.gov\/imo\/media\/doc\/paparo_opening_statement.pdf\" target=\"_blank\" rel=\"noreferrer noopener\" data-type=\"link\" data-id=\"https:\/\/www.armed-services.senate.gov\/imo\/media\/doc\/paparo_opening_statement.pdf\"><span dir=\"auto\">pr\u016fvodn\u00edm dokumentu<\/span><\/a><span dir=\"auto\">\u00a0Paparo po\u017eaduje:<\/span><\/p>\n<ul>\n<li><span dir=\"auto\">V\u00edce sklad\u016f paliva v indicko-pacifick\u00e9 oblasti<\/span><\/li>\n<li><span dir=\"auto\">zaji\u0161t\u011bn\u00e9 z\u00e1soby paliva<\/span><\/li>\n<li><span dir=\"auto\">region\u00e1ln\u00ed logistick\u00e1 centra<\/span><\/li>\n<li><span dir=\"auto\">rychlej\u0161\u00ed dod\u00e1vky munice<\/span><\/li>\n<li><span dir=\"auto\">v\u011bt\u0161\u00ed p\u0159edn\u00ed p\u0159\u00edtomnost z\u00e1padn\u011b od mezin\u00e1rodn\u00ed datov\u00e9 linie<\/span><\/li>\n<li><span dir=\"auto\">distribuovan\u00e1 v\u00e1le\u010dn\u00e1 logistika v p\u0159\u00edpad\u011b nouze<\/span><\/li>\n<\/ul>\n<p><span dir=\"auto\">Toto nen\u00ed abstraktn\u00ed pl\u00e1nov\u00e1n\u00ed. Toto je opera\u010dn\u00ed p\u0159\u00edprava.<\/span><\/p>\n<h2 class=\"wp-block-heading\"><span dir=\"auto\">Pro\u010d je to nam\u00ed\u0159eno proti \u010c\u00edn\u011b<\/span><\/h2>\n<p><span dir=\"auto\">\u010c\u00edna je nejv\u011bt\u0161\u00edm sv\u011btov\u00fdm dovozcem energie. Navzdory roz\u0161\u00ed\u0159en\u00ed obnoviteln\u00fdch zdroj\u016f energie z\u016fst\u00e1v\u00e1 ropa nepostradateln\u00e1 pro pr\u016fmysl, dopravu, chemick\u00fd pr\u016fmysl a arm\u00e1du. Velk\u00e1 \u010d\u00e1st t\u00e9to ropy poch\u00e1z\u00ed p\u0159\u00edmo \u010di nep\u0159\u00edmo z Bl\u00edzk\u00e9ho v\u00fdchodu.<\/span><\/p>\n<p><span dir=\"auto\">Pokud tedy:<\/span><\/p>\n<ul>\n<li><span dir=\"auto\">Tlak na\u00a0<\/span><strong><span dir=\"auto\">Hormus<\/span><\/strong><span dir=\"auto\">\u00a0na z\u00e1pad\u011b s\u00edl\u00ed<\/span><\/li>\n<li><span dir=\"auto\">Tlak na\u00a0<\/span><strong><span dir=\"auto\">Malaccu<\/span><\/strong><span dir=\"auto\">\u00a0na v\u00fdchod\u011b s\u00edl\u00ed<\/span><\/li>\n<li><span dir=\"auto\">z\u00e1rove\u0148 ameri\u010dt\u00ed spojenci dost\u00e1vaj\u00ed alternativn\u00ed dod\u00e1vky<\/span><\/li>\n<\/ul>\n<p><span dir=\"auto\">&#8230;pak pro Peking nast\u00e1v\u00e1 strategick\u00fd probl\u00e9m.<\/span><\/p>\n<p><span dir=\"auto\">Ne nutn\u011b okam\u017eit\u00e9 zastaven\u00ed \u2013 ale:<\/span><\/p>\n<ul>\n<li><span dir=\"auto\">vy\u0161\u0161\u00ed n\u00e1klady na poji\u0161t\u011bn\u00ed<\/span><\/li>\n<li><span dir=\"auto\">del\u0161\u00ed trasy<\/span><\/li>\n<li><span dir=\"auto\">dra\u017e\u0161\u00ed n\u00e1kladn\u00ed doprava<\/span><\/li>\n<li><span dir=\"auto\">ni\u017e\u0161\u00ed rezervy<\/span><\/li>\n<li><span dir=\"auto\">vy\u0161\u0161\u00ed n\u00e1klady na v\u00e1le\u010dnou logistiku<\/span><\/li>\n<li><span dir=\"auto\">ekonomick\u00fd tlak v krizi<\/span><\/li>\n<\/ul>\n<h2 class=\"wp-block-heading\"><span dir=\"auto\">Paparovo prohl\u00e1\u0161en\u00ed tak nab\u00fdv\u00e1 nov\u00e9ho v\u00fdznamu<\/span><\/h2>\n<p><span dir=\"auto\">Kdy\u017e Paparo prohl\u00e1sil, \u017ee se USA cht\u011bj\u00ed st\u00e1t st\u00e1le v\u011bt\u0161\u00edm\u00a0<\/span><strong><span dir=\"auto\">\u010dist\u00fdm dodavatelem energie v indicko-pacifick\u00e9m regionu<\/span><\/strong><span dir=\"auto\">\u00a0, ne\u0161lo jen o hospod\u00e1\u0159skou politiku.<\/span><\/p>\n<p><span dir=\"auto\">To znamen\u00e1:<\/span><\/p>\n<ul>\n<li><span dir=\"auto\">Americk\u00fd LNG pro Japonsko a Ji\u017en\u00ed Koreu<\/span><\/li>\n<li><span dir=\"auto\">Energie z USA pro region\u00e1ln\u00ed partnery<\/span><\/li>\n<li><span dir=\"auto\">men\u0161\u00ed z\u00e1vislost na golfov\u00fdch tras\u00e1ch<\/span><\/li>\n<li><span dir=\"auto\">siln\u011bj\u0161\u00ed vazby na Washington<\/span><\/li>\n<li><span dir=\"auto\">robustn\u011bj\u0161\u00ed v\u00e1le\u010dn\u00e9 schopnosti Spojenc\u016f<\/span><\/li>\n<\/ul>\n<p><span dir=\"auto\">Z\u00e1rove\u0148 by \u010c\u00edna p\u0159etrv\u00e1vala z\u00e1vislost na stejn\u00fdch n\u00e1mo\u0159n\u00edch tras\u00e1ch.<\/span><\/p>\n<h2 class=\"wp-block-heading\"><span dir=\"auto\">Nov\u00e1 forma odstra\u0161ov\u00e1n\u00ed<\/span><\/h2>\n<p><span dir=\"auto\">V minulosti si lid\u00e9 p\u0159i pomy\u0161len\u00ed na konflikty mezi velmocemi p\u0159edstavovali letadlov\u00e9 lod\u011b a rakety.<\/span><\/p>\n<p><span dir=\"auto\">Dnes je ot\u00e1zka:<\/span><\/p>\n<ul>\n<li><span dir=\"auto\">Kdo \u0159\u00edd\u00ed trasy tanker\u016f?<\/span><\/li>\n<li><span dir=\"auto\">Kdo m\u016f\u017ee zajistit partnery?<\/span><\/li>\n<li><span dir=\"auto\">Kdo m\u00e1 z\u00e1soby?<\/span><\/li>\n<li><span dir=\"auto\">Kdo vydr\u017e\u00ed d\u00e9le?<\/span><\/li>\n<\/ul>\n<p><span dir=\"auto\">Zd\u00e1 se, \u017ee Pentagon tuto odpov\u011b\u010f ji\u017e formuloval:<\/span><\/p>\n<p><strong><span dir=\"auto\">Ne p\u0159\u00edmou konfrontaci jako prvn\u00ed \u2013 ale strategick\u00e9 vy\u010derp\u00e1n\u00ed prost\u0159ednictv\u00edm energie a logistiky.<\/span><\/strong><\/p>\n<h2 class=\"wp-block-heading\"><span dir=\"auto\">Velk\u00fd sign\u00e1l<\/span><\/h2>\n<p><span dir=\"auto\">Kdy\u017e je Hormus pod tlakem na Z\u00e1pad\u011b a Paparo sou\u010dasn\u011b jmenuje Malaku jako kl\u00ed\u010dov\u00fd bod, zd\u00e1 se, \u017ee jde o dv\u011b strany t\u00e9\u017ee strategie:<\/span><\/p>\n<p><em><span dir=\"auto\">Nejv\u011bt\u0161\u00ed slabinou \u010c\u00edny nen\u00ed jen arm\u00e1da.<\/span><\/em><br \/>\n<em><span dir=\"auto\">Spo\u010d\u00edv\u00e1 v dovozu energie p\u0159es zraniteln\u00e9 n\u00e1mo\u0159n\u00ed uzly.<\/span><\/em><\/p>\n<h2 class=\"wp-block-heading\"><span dir=\"auto\">Z\u00e1v\u011br<\/span><\/h2>\n<p><span dir=\"auto\">V\u011bt\u0161ina lid\u00ed vn\u00edmala sly\u0161en\u00ed v Sen\u00e1tu jen jako rutinn\u00ed dotazov\u00e1n\u00ed. Ve skute\u010dnosti to mohl b\u00fdt vz\u00e1cn\u00fd a up\u0159\u00edmn\u00fd pohled na americkou strategii v\u016f\u010di \u010c\u00edn\u011b.<\/span><\/p>\n<p><strong><span dir=\"auto\">Kontrola n\u00e1mo\u0159n\u00edch tras, zaji\u0161t\u011bn\u00ed vlastn\u00edch spojenc\u016f \u2013 a tlak na z\u00e1chrann\u00e9 tahy Pekingu.<\/span><\/strong><\/p>\n<p><span dir=\"auto\">Malacca bylo vysloven\u00e9 jm\u00e9no.<\/span><br \/>\n<span dir=\"auto\">Hormus bylo nevysloven\u00e9.<\/span><\/p>\n<\/div>\n<\/div>\n<div class=\"elementor-element elementor-element-8c57238 quelle dc-has-condition dc-condition-empty elementor-widget elementor-widget-heading\" data-id=\"8c57238\" data-element_type=\"widget\" data-e-type=\"widget\" data-widget_type=\"heading.default\">\n<div class=\"elementor-widget-container\">\n<h3 class=\"elementor-heading-title elementor-size-default\"><span style=\"font-size: 10pt;\"><a href=\"https:\/\/www.armed-services.senate.gov\/hearings\/to-receive-testimony-on-the-posture-of-united-states-indo-pacific-command-and-united-states-forces-korea-in-review-of-the-defense-authorization-request-for-fiscal-year-2027-and-the-future-years-defense-program\" target=\"_blank\" rel=\"nofollow noopener\"><span dir=\"auto\">Zdroj<\/span><\/a><\/span><\/h3>\n<p>&nbsp;<\/p>\n<\/div>\n<\/div>\n","protected":false},"excerpt":{"rendered":"<p>Na zd\u00e1nliv\u011b rutinn\u00edm\u00a0sly\u0161en\u00ed Sen\u00e1tu 21. dubna 2026\u00a0zazn\u011blo prohl\u00e1\u0161en\u00ed, jeho\u017e v\u00fdznam z\u016fstal do zna\u010dn\u00e9 m\u00edry bez&#8230;<\/p>\n","protected":false},"author":2,"featured_media":105427,"comment_status":"closed","ping_status":"closed","sticky":false,"template":"","format":"standard","meta":[],"categories":[7],"tags":[30,2181,37],"_links":{"self":[{"href":"https:\/\/www.infokuryr.cz\/n\/wp-json\/wp\/v2\/posts\/105426"}],"collection":[{"href":"https:\/\/www.infokuryr.cz\/n\/wp-json\/wp\/v2\/posts"}],"about":[{"href":"https:\/\/www.infokuryr.cz\/n\/wp-json\/wp\/v2\/types\/post"}],"author":[{"embeddable":true,"href":"https:\/\/www.infokuryr.cz\/n\/wp-json\/wp\/v2\/users\/2"}],"replies":[{"embeddable":true,"href":"https:\/\/www.infokuryr.cz\/n\/wp-json\/wp\/v2\/comments?post=105426"}],"version-history":[{"count":0,"href":"https:\/\/www.infokuryr.cz\/n\/wp-json\/wp\/v2\/posts\/105426\/revisions"}],"wp:featuredmedia":[{"embeddable":true,"href":"https:\/\/www.infokuryr.cz\/n\/wp-json\/wp\/v2\/media\/105427"}],"wp:attachment":[{"href":"https:\/\/www.infokuryr.cz\/n\/wp-json\/wp\/v2\/media?parent=105426"}],"wp:term":[{"taxonomy":"category","embeddable":true,"href":"https:\/\/www.infokuryr.cz\/n\/wp-json\/wp\/v2\/categories?post=105426"},{"taxonomy":"post_tag","embeddable":true,"href":"https:\/\/www.infokuryr.cz\/n\/wp-json\/wp\/v2\/tags?post=105426"}],"curies":[{"name":"wp","href":"https:\/\/api.w.org\/{rel}","templated":true}]}}