{"id":105423,"date":"2026-04-27T00:23:18","date_gmt":"2026-04-26T22:23:18","guid":{"rendered":"https:\/\/www.infokuryr.cz\/n\/?p=105423"},"modified":"2026-04-25T15:07:55","modified_gmt":"2026-04-25T13:07:55","slug":"valka-proti-iranu-patova-situace-bez-konce-v-dohledu","status":"publish","type":"post","link":"https:\/\/www.infokuryr.cz\/n\/2026\/04\/27\/valka-proti-iranu-patova-situace-bez-konce-v-dohledu\/","title":{"rendered":"V\u00e1lka proti \u00cdr\u00e1nu: Patov\u00e1 situace bez konce v dohledu"},"content":{"rendered":"<div id=\"fb-root\"><\/div>\n<div class=\"elementor-element elementor-element-1fb4c2c elementor-widget elementor-widget-theme-post-content\" data-id=\"1fb4c2c\" data-element_type=\"widget\" data-e-type=\"widget\" data-widget_type=\"theme-post-content.default\">\n<div class=\"elementor-widget-container\">\n<p><span dir=\"auto\">Americk\u00fd prezident Donald Trump op\u011bt ustoupil od sv\u00fdch hrozeb v\u016f\u010di \u00cdr\u00e1nu:<\/span><\/p>\n<p><span dir=\"auto\">Trump uvedl, \u017ee p\u0159\u00edm\u011b\u0159\u00ed m\u011blo skon\u010dit ve st\u0159edu, ale rozhodl se ho zachovat, proto\u017ee vl\u00e1da v Teher\u00e1nu byla \u201ev\u00e1\u017en\u011b rozd\u011blen\u00e1\u201c.<\/span><\/p>\n<p><span dir=\"auto\">\u0158ekl, \u017ee pauza potrv\u00e1, \u201edokud\u201c \u00edr\u00e1nsk\u00e9 veden\u00ed a z\u00e1stupci nep\u0159edlo\u017e\u00ed \u201ejednotn\u00fd n\u00e1vrh\u201c na ukon\u010den\u00ed v\u00e1lky se Spojen\u00fdmi st\u00e1ty a Izraelem. Trump tak\u00e9 uvedl, \u017ee tento krok u\u010dinil na \u017e\u00e1dost Asima Munira a \u0160ehb\u00e1ze \u0160ar\u00edfa z P\u00e1kist\u00e1nu. Na\u0159\u00eddil americk\u00e9 arm\u00e1d\u011b, aby blok\u00e1du zachovala, dokud nebude p\u0159edlo\u017een n\u00e1vrh.<\/span><\/p>\n<p><span dir=\"auto\">Jak v\u0161ak d\u0159\u00edve p\u0159iznal s\u00e1m Trump, USA ji\u017e desetibodov\u00fd n\u00e1vrh \u00cdr\u00e1nu obdr\u017eely.<\/span><\/p>\n<p><span dir=\"auto\">Trump sice p\u0159ipou\u0161t\u00ed, ani\u017e by to v\u00fdslovn\u011b uvedl, ale \u017ee k \u017e\u00e1dn\u00e9mu vyjedn\u00e1van\u00e9mu urovn\u00e1n\u00ed t\u00e9to v\u00e1lky pravd\u011bpodobn\u011b nedojde. USA jsou struktur\u00e1ln\u011b neschopn\u00e9 zru\u0161it sankce proti \u00cdr\u00e1nu ani uzav\u0159\u00edt m\u00edrovou dohodu. \u00cdr\u00e1n zase nen\u00ed ochoten vzd\u00e1t se sv\u00fdch pr\u00e1v na obohacov\u00e1n\u00ed uranu v\u00fdm\u011bnou za pouh\u00e9 sliby, kter\u00e9 by Trump ani jeho n\u00e1stupci s nejv\u011bt\u0161\u00ed pravd\u011bpodobnost\u00ed nedodr\u017eeli.<\/span><\/p>\n<h2 class=\"wp-block-heading\"><span dir=\"auto\">Konflikt bude tedy pokra\u010dovat.<\/span><\/h2>\n<p><span dir=\"auto\">\u00cdr\u00e1nsk\u00e9 vojensk\u00e9 kapacity jsou dostate\u010dn\u00e9 k veden\u00ed vlekl\u00e9 v\u00e1lky. Intenzivn\u00ed bombardovac\u00ed kampa\u0148 ze strany USA a Izraele zemi nedok\u00e1zala odzbrojit.<\/span><\/p>\n<p><span dir=\"auto\">P\u0159ibli\u017en\u011b polovina \u00edr\u00e1nsk\u00fdch balistick\u00fdch raket a jejich odpalovac\u00edch syst\u00e9m\u016f byla na za\u010d\u00e1tku p\u0159\u00edm\u011b\u0159\u00ed za\u010d\u00e1tkem dubna st\u00e1le neporu\u0161en\u00e1, uvedli pro CBS News t\u0159i \u00fa\u0159edn\u00edci.<\/span><\/p>\n<p><span dir=\"auto\">P\u0159ibli\u017en\u011b 60 procent n\u00e1mo\u0159n\u00edch jednotek Isl\u00e1msk\u00fdch revolu\u010dn\u00edch gard, v\u010detn\u011b rychl\u00fdch \u00fato\u010dn\u00fdch plavidel, st\u00e1le existuje.<\/span><\/p>\n<p><span dir=\"auto\">P\u0159ibli\u017en\u011b dv\u011b t\u0159etiny \u00edr\u00e1nsk\u00e9ho letectva jsou st\u00e1le pova\u017eov\u00e1ny za opera\u010dn\u00ed, a to navzdory intenzivn\u00ed americko-izraelsk\u00e9 kampani s tis\u00edci c\u00edl\u016f, v\u010detn\u011b skladovac\u00edch a v\u00fdrobn\u00edch za\u0159\u00edzen\u00ed.<\/span><\/p>\n<p><span dir=\"auto\">\u0160\u00e9f Obrann\u00e9 zpravodajsk\u00e9 slu\u017eby (Defense Intelligence Agency) v p\u00edsemn\u00e9m prohl\u00e1\u0161en\u00ed p\u0159ed sly\u0161en\u00edm V\u00fdboru pro ozbrojen\u00e9 s\u00edly Sn\u011bmovny reprezentant\u016f uvedl, \u017ee \u00cdr\u00e1n by st\u00e1le mohl zp\u016fsobit \u0161kodu.<\/span><\/p>\n<p><span dir=\"auto\">\u201e\u00cdr\u00e1n st\u00e1le vlastn\u00ed tis\u00edce raket a jednor\u00e1zov\u00fdch \u00fato\u010dn\u00fdch dron\u016f schopn\u00fdch ohrozit americk\u00e9 a spojeneck\u00e9 s\u00edly v cel\u00e9m regionu \u2013 a to i p\u0159es oslaben\u00ed jeho schopnost\u00ed v d\u016fsledku ztr\u00e1t a spot\u0159eby,\u201c napsal gener\u00e1l n\u00e1mo\u0159n\u00ed p\u011bchoty James Adams.<\/span><\/p>\n<p><span dir=\"auto\">Prezident a ministr obrany Pete Hegseth d\u0159\u00edve popsal americkou operaci s n\u00e1zvem\u00a0<\/span><em><span dir=\"auto\">Operace Epic Fury<\/span><\/em><span dir=\"auto\">\u00a0jako t\u00e9m\u011b\u0159 \u00fapln\u00e9 zni\u010den\u00ed \u00edr\u00e1nsk\u00fdch vojensk\u00fdch kapacit.<\/span><\/p>\n<h2 class=\"wp-block-heading\"><span dir=\"auto\">Skromn\u00fd v\u00fdsledek<\/span><\/h2>\n<p><span dir=\"auto\">To je mizern\u00fd v\u00fdsledek, pokud jsou pravdiv\u00e9 zpr\u00e1vy, \u017ee Pentagon spot\u0159eboval t\u00e9m\u011b\u0159 50 procent sv\u00e9 relevantn\u00ed munice:<\/span><\/p>\n<p><span dir=\"auto\">B\u011bhem uplynul\u00fdch sedmi t\u00fddn\u016f v\u00e1lky americk\u00e1 arm\u00e1da spot\u0159ebovala nejm\u00e9n\u011b 45 procent sv\u00fdch z\u00e1sob precizn\u00edch \u00fadern\u00fdch st\u0159el, nejm\u00e9n\u011b polovinu sv\u00fdch st\u00edhac\u00edch st\u0159el THAAD a t\u00e9m\u011b\u0159 50 procent sv\u00fdch raket zem\u011b-vzduch Patriot.<\/span><\/p>\n<p><span dir=\"auto\">Krom\u011b toho bylo spot\u0159ebov\u00e1no asi 30 procent z\u00e1sob raket Tomahawk, v\u00edce ne\u017e 20 procent spole\u010dn\u00fdch protiletadlov\u00fdch st\u0159el vzduch-zem\u011b s dlouh\u00fdm doletem a asi 20 procent raket SM-3 a SM-6.<\/span><\/p>\n<p><span dir=\"auto\">V\u00fdm\u011bna t\u011bchto syst\u00e9m\u016f by trvala p\u0159ibli\u017en\u011b \u010dty\u0159i a\u017e p\u011bt let.<\/span><\/p>\n<h2 class=\"wp-block-heading\"><span dir=\"auto\">Trumpovy hrozby byly opakovan\u011b vyvr\u00e1ceny.<\/span><\/h2>\n<p><span dir=\"auto\">Mezit\u00edm Trump\u016fv blaf nebyl odhalen jen jednou nebo dvakr\u00e1t, ale p\u011btkr\u00e1t:<\/span><\/p>\n<p><span dir=\"auto\">Prezident p\u0159i p\u011bti r\u016fzn\u00fdch p\u0159\u00edle\u017eitostech stanovil \u00cdr\u00e1nu lh\u016fty, do kter\u00fdch mus\u00ed p\u0159ijmout jeho podm\u00ednky, jinak bude \u010delit jeho hn\u011bvu.<\/span><\/p>\n<p><span dir=\"auto\">A poka\u017ed\u00e9 tuto lh\u016ftu znovu odlo\u017eil, p\u0159esto\u017ee existovalo jen m\u00e1lo nebo \u017e\u00e1dn\u00e9 ve\u0159ejn\u00e9 d\u016fkazy o tom, \u017ee \u00cdr\u00e1n jeho podm\u00ednky splnil.<\/span><\/p>\n<p><span dir=\"auto\">USA u\u017e nemaj\u00ed \u017e\u00e1dn\u00e9 dal\u0161\u00ed mo\u017enosti, ale nejsou p\u0159ipraveny p\u0159iznat por\u00e1\u017eku.<\/span><\/p>\n<h2 class=\"wp-block-heading\"><span dir=\"auto\">Ekonomick\u00e9 \u0161kody rostou ka\u017ed\u00fdm dnem.<\/span><\/h2>\n<p><span dir=\"auto\">\u0160kody zp\u016fsoben\u00e9 \u00edr\u00e1nskou blok\u00e1dou Hormuzsk\u00e9ho pr\u016flivu se ka\u017ed\u00fdm dnem zvy\u0161uj\u00ed:<\/span><\/p>\n<p><span dir=\"auto\">Mezin\u00e1rodn\u00ed m\u011bnov\u00fd fond minul\u00fd t\u00fdden varoval, \u017ee v p\u0159\u00edpad\u011b z\u00e1va\u017en\u00e9ho sc\u00e9n\u00e1\u0159e \u2013 s m\u011bs\u00edci prob\u00edhaj\u00edc\u00edho konfliktu a p\u0159etrv\u00e1vaj\u00edc\u00edm vysok\u00fdmi cenami ropy \u2013 by glob\u00e1ln\u00ed hospod\u00e1\u0159sk\u00fd r\u016fst mohl v roce 2026 klesnout na 2 procenta.<\/span><\/p>\n<p><span dir=\"auto\">Takov\u00e9ho r\u016fstu bylo naposledy dosa\u017eeno pouze b\u011bhem nejhlub\u0161\u00edch glob\u00e1ln\u00edch reces\u00ed.<\/span><\/p>\n<p><span dir=\"auto\">To je v kontrastu s hlavn\u00edm sc\u00e9n\u00e1\u0159em MMF, kter\u00fd p\u0159edpokl\u00e1d\u00e1 rychl\u00e9 \u0159e\u0161en\u00ed a glob\u00e1ln\u00ed r\u016fst o 3,1 procenta.<\/span><\/p>\n<p><span dir=\"auto\">Konflikt ji\u017e naru\u0161il glob\u00e1ln\u00ed energetick\u00e9 trhy v\u00edce ne\u017e ropn\u00e1 krize v roce 1973.<\/span><\/p>\n<p><span dir=\"auto\">D\u016fsledky sahaj\u00ed daleko za r\u00e1mec ropy.<\/span><\/p>\n<p><span dir=\"auto\">Dodavatelsk\u00e9 \u0159et\u011bzce pro h\u00e9lium \u2013 kl\u00ed\u010dov\u00e9 pro boom um\u011bl\u00e9 inteligence \u2013 a hnojiva pro glob\u00e1ln\u00ed potravinovou bezpe\u010dnost sl\u00e1bnou.<\/span><\/p>\n<p><span dir=\"auto\">Ceny hlin\u00edku se bl\u00ed\u017e\u00ed \u010dty\u0159let\u00e9mu maximu pot\u00e9, co uzav\u0159en\u00ed hut\u00ed v Persk\u00e9m z\u00e1livu v souvislosti s v\u00e1lkou ovlivnilo p\u0159ibli\u017en\u011b 10 procent celosv\u011btov\u00e9 nab\u00eddky.<\/span><\/p>\n<h2 class=\"wp-block-heading\"><span dir=\"auto\">Americk\u00e1 propaganda o \u00fadajn\u00e9m rozd\u011blen\u00ed \u00cdr\u00e1nu<\/span><\/h2>\n<p><span dir=\"auto\">Sou\u010dasn\u00e1 americk\u00e1 propaganda tvrd\u00ed, \u017ee \u00edr\u00e1nsk\u00e9 veden\u00ed nen\u00ed jednotn\u00e9:<\/span><\/p>\n<p><span dir=\"auto\">Trumpovi vyjednava\u010di v\u011b\u0159\u00ed, \u017ee dohoda o ukon\u010den\u00ed v\u00e1lky a \u0159e\u0161en\u00ed toho, co zb\u00fdv\u00e1 z \u00edr\u00e1nsk\u00e9ho jadern\u00e9ho programu, je st\u00e1le dosa\u017eiteln\u00e1. Z\u00e1rove\u0148 se ob\u00e1vaj\u00ed, \u017ee v Teher\u00e1nu nen\u00ed nikdo opr\u00e1vn\u011bn \u0159\u00edct ano.<\/span><\/p>\n<p><span dir=\"auto\">\u201eNejvy\u0161\u0161\u00ed v\u016fdce Mod\u017et\u00e1ba Chamene\u00ed sotva komunikuje. Gener\u00e1lov\u00e9 IRGC, kte\u0159\u00ed nyn\u00ed ovl\u00e1daj\u00ed zemi, a \u00edr\u00e1n\u0161t\u00ed civiln\u00ed vyjednava\u010di jsou ohledn\u011b strategie ve sporu otev\u0159en\u00ed,\u201c \u0159ekl americk\u00fd \u00fa\u0159edn\u00edk.<\/span><\/p>\n<h2 class=\"wp-block-heading\"><span dir=\"auto\">Nespr\u00e1vn\u00e1 interpretace \u00edr\u00e1nsk\u00e9ho politick\u00e9ho syst\u00e9mu<\/span><\/h2>\n<p><span dir=\"auto\">To je v\u00e1\u017en\u00e1 dezinterpretace politick\u00e9ho procesu v \u00cdr\u00e1nu.<\/span><\/p>\n<p><span dir=\"auto\">Rada n\u00e1rodn\u00ed bezpe\u010dnosti pod veden\u00edm nejvy\u0161\u0161\u00edho v\u016fdce byla v\u017edy nejd\u016fle\u017eit\u011bj\u0161\u00edm org\u00e1nem pro z\u00e1sadn\u00ed zahrani\u010dn\u011bpolitick\u00e1 rozhodnut\u00ed.<\/span><\/p>\n<p><span dir=\"auto\">V ot\u00e1zk\u00e1ch n\u00e1rodn\u00ed bezpe\u010dnosti jsou prezident Pezeshkian a ministr zahrani\u010d\u00ed Araghchi diplomat\u00e9, nikoli skute\u010dn\u00ed tv\u016frci rozhodnut\u00ed.<\/span><\/p>\n<p><span dir=\"auto\">Rozli\u0161ov\u00e1n\u00ed mezi \u201ezast\u00e1nci tvrd\u00e9 linie\u201c a \u201eum\u00edrn\u011bn\u00fdmi\u201c v \u00cdr\u00e1nu je proto nep\u0159esn\u00e9.<\/span><\/p>\n<h2 class=\"wp-block-heading\"><span dir=\"auto\">Trump\u016fv nejnov\u011bj\u0161\u00ed \u00fastup<\/span><\/h2>\n<p><span dir=\"auto\">Hlavn\u00ed p\u0159edstavitel\u00e9 ve\u0159ejn\u00e9ho m\u00edn\u011bn\u00ed, kte\u0159\u00ed s Trumpov\u00fdm souhlasem vyz\u00fdvaj\u00ed k vra\u017ed\u011b \u00fadajn\u011b odporuj\u00edc\u00ed strany v \u00cdr\u00e1nu, pouze odhaluj\u00ed svou nev\u011bdomost.<\/span><\/p>\n<p><span dir=\"auto\">Sv\u00fdm posledn\u00edm obratem Trump probl\u00e9m odlo\u017eil do budoucnosti.<\/span><\/p>\n<p><span dir=\"auto\">D\u00e1 se o\u010dek\u00e1vat, \u017ee se bude sna\u017eit ignorovat situaci, kterou vytvo\u0159il, dokud se neuk\u00e1\u017ee v\u00fdrazn\u011bj\u0161\u00ed \u0161koda na americk\u00e9 ekonomice.<\/span><\/p>\n<h2 class=\"wp-block-heading\"><span dir=\"auto\">\u00cdr\u00e1n pravd\u011bpodobn\u011b zv\u00fd\u0161\u00ed tlak.<\/span><\/h2>\n<p><span dir=\"auto\">Mezit\u00edm \u00cdr\u00e1n m\u016f\u017ee, m\u011bl by a pravd\u011bpodobn\u011b i zv\u00fd\u0161\u00ed tlak.<\/span><\/p>\n<p><span dir=\"auto\">Nejz\u0159ejm\u011bj\u0161\u00edm krokem by bylo po\u017e\u00e1dat Ansaroll\u00e1h (H\u00fat\u00edy) v Jemenu, aby uzav\u0159eli ji\u017en\u00ed v\u00fdchod z Rud\u00e9ho mo\u0159e p\u0159es B\u00e1b al-Mandeb.<\/span><\/p>\n<p><span dir=\"auto\">To by zablokovalo dal\u0161\u00edch 5 procent sv\u011btov\u00e9 produkce ropy a je\u0161t\u011b v\u00edce by zv\u00fd\u0161ilo ekonomick\u00fd tlak.<\/span><\/p>\n<\/div>\n<\/div>\n<div class=\"elementor-element elementor-element-8c57238 quelle dc-has-condition dc-condition-empty elementor-widget elementor-widget-heading\" data-id=\"8c57238\" data-element_type=\"widget\" data-e-type=\"widget\" data-widget_type=\"heading.default\">\n<div class=\"elementor-widget-container\">\n<h3 class=\"elementor-heading-title elementor-size-default\"><span style=\"font-size: 10pt;\"><a href=\"https:\/\/www.moonofalabama.org\/2026\/04\/war-on-iran-a-stalemate-with-no-end-in-sight.html\" target=\"_blank\" rel=\"nofollow noopener\"><span dir=\"auto\">Zdroj<\/span><\/a><\/span><\/h3>\n<p>&nbsp;<\/p>\n<\/div>\n<\/div>\n","protected":false},"excerpt":{"rendered":"<p>Americk\u00fd prezident Donald Trump op\u011bt ustoupil od sv\u00fdch hrozeb v\u016f\u010di \u00cdr\u00e1nu: Trump uvedl, \u017ee p\u0159\u00edm\u011b\u0159\u00ed&#8230;<\/p>\n","protected":false},"author":2,"featured_media":104673,"comment_status":"closed","ping_status":"closed","sticky":false,"template":"","format":"standard","meta":[],"categories":[7],"tags":[1042,38,37,40],"_links":{"self":[{"href":"https:\/\/www.infokuryr.cz\/n\/wp-json\/wp\/v2\/posts\/105423"}],"collection":[{"href":"https:\/\/www.infokuryr.cz\/n\/wp-json\/wp\/v2\/posts"}],"about":[{"href":"https:\/\/www.infokuryr.cz\/n\/wp-json\/wp\/v2\/types\/post"}],"author":[{"embeddable":true,"href":"https:\/\/www.infokuryr.cz\/n\/wp-json\/wp\/v2\/users\/2"}],"replies":[{"embeddable":true,"href":"https:\/\/www.infokuryr.cz\/n\/wp-json\/wp\/v2\/comments?post=105423"}],"version-history":[{"count":0,"href":"https:\/\/www.infokuryr.cz\/n\/wp-json\/wp\/v2\/posts\/105423\/revisions"}],"wp:featuredmedia":[{"embeddable":true,"href":"https:\/\/www.infokuryr.cz\/n\/wp-json\/wp\/v2\/media\/104673"}],"wp:attachment":[{"href":"https:\/\/www.infokuryr.cz\/n\/wp-json\/wp\/v2\/media?parent=105423"}],"wp:term":[{"taxonomy":"category","embeddable":true,"href":"https:\/\/www.infokuryr.cz\/n\/wp-json\/wp\/v2\/categories?post=105423"},{"taxonomy":"post_tag","embeddable":true,"href":"https:\/\/www.infokuryr.cz\/n\/wp-json\/wp\/v2\/tags?post=105423"}],"curies":[{"name":"wp","href":"https:\/\/api.w.org\/{rel}","templated":true}]}}