{"id":105412,"date":"2026-04-27T00:19:22","date_gmt":"2026-04-26T22:19:22","guid":{"rendered":"https:\/\/www.infokuryr.cz\/n\/?p=105412"},"modified":"2026-04-25T06:48:09","modified_gmt":"2026-04-25T04:48:09","slug":"datova-centra-eurokrate-prodavaji-nasi-vodu-a-elektrinu-americkym-korporacim","status":"publish","type":"post","link":"https:\/\/www.infokuryr.cz\/n\/2026\/04\/27\/datova-centra-eurokrate-prodavaji-nasi-vodu-a-elektrinu-americkym-korporacim\/","title":{"rendered":"Datov\u00e1 centra: Eurokrat\u00e9 prod\u00e1vaj\u00ed na\u0161i vodu a elekt\u0159inu americk\u00fdm korporac\u00edm"},"content":{"rendered":"<div id=\"fb-root\"><\/div>\n<p><strong><span dir=\"auto\">Tolik k \u201e\u00faspor\u011b klimatu\u201c a \u0161et\u0159en\u00ed vodou: Zat\u00edmco b\u011b\u017en\u00ed ob\u010dan\u00e9 maj\u00ed co nejv\u00edce \u0161et\u0159it vodou a st\u00e9naj\u00ed pod p\u0159emr\u0161t\u011bn\u00fdmi cenami elekt\u0159iny, Brusel americk\u00fdm technologick\u00fdm gigant\u016fm rozprost\u00edr\u00e1 \u010derven\u00fd koberec. Kolik elekt\u0159iny a vody tato gigantick\u00e1 nov\u00e1 datov\u00e1 centra s um\u011blou inteligenc\u00ed skute\u010dn\u011b spot\u0159ebuj\u00ed, z\u016fst\u00e1v\u00e1 p\u0159\u00edsn\u011b st\u0159e\u017een\u00fdm st\u00e1tn\u00edm tajemstv\u00edm. Umo\u017e\u0148uj\u00ed to z\u00e1kony diktovan\u00e9 lobbisty z \u00fast\u0159ed\u00ed americk\u00fdch korporac\u00ed.<\/span><\/strong><\/p>\n<p><span dir=\"auto\">Nen\u00ed \u017e\u00e1dn\u00fdm tajemstv\u00edm, \u017ee mnoho z\u00e1kon\u016f je diktov\u00e1no v z\u00e1kulis\u00ed Evropsk\u00e9 komise nikoli volen\u00fdmi z\u00e1stupci, ale vysoce placen\u00ed lobbist\u00e9. Vzpom\u00edn\u00e1me si na tajn\u00e9 textov\u00e9 zpr\u00e1vy Ursuly von der Leyenov\u00e9 o vakc\u00edn\u011b proti COVID-19 a na ve\u0161ker\u00e9 utajen\u00ed, kter\u00e9 je obklopovalo. Nyn\u00ed se tato pod\u00edvan\u00e1 nepr\u016fhlednosti opakuje s nejv\u011bt\u0161\u00edm infrastrukturn\u00edm hazardem na\u0161\u00ed dek\u00e1dy: v\u00fdstavbou gigantick\u00fdch datov\u00fdch center.<\/span><\/p>\n<p><span dir=\"auto\">Zpr\u00e1va v Die\u00a0<\/span><a href=\"https:\/\/www.zeit.de\/digital\/2026-04\/rechenzentren-umwelt-eu-kommission-energieeffizienzrichtlinie-microsoft\/komplettansicht\"><span dir=\"auto\">Zeit<\/span><\/a><span dir=\"auto\">\u00a0odhaluje, jak Brusel vede politiku: Evropsk\u00e1 komise se v ot\u00e1zce pr\u00e1vn\u00edch p\u0159edpis\u016f schvaluj\u00edc\u00edch tato masivn\u00ed datov\u00e1 centra jednodu\u0161e \u0159\u00eddila n\u00e1vrhem od Microsoftu a lobbistick\u00e9 skupiny DigitalEurope, jej\u00ed\u017e \u010dleny jsou ironicky t\u00e9m\u011b\u0159 v\u0161ichni ameri\u010dt\u00ed internetov\u00ed giganti. Odpov\u00eddaj\u00edc\u00ed na\u0159\u00edzen\u00ed Komise (\u00a0<\/span><a href=\"https:\/\/eur-lex.europa.eu\/legal-content\/DE\/ALL\/?uri=CELEX:32024R1364\"><span dir=\"auto\">2024\/1364<\/span><\/a><span dir=\"auto\">\u00a0) zn\u00ed takto:<\/span><\/p>\n<p><em><span dir=\"auto\">\u201eKomise a dot\u010den\u00e9 \u010dlensk\u00e9 st\u00e1ty zach\u00e1zej\u00ed se v\u0161emi informacemi a kl\u00ed\u010dov\u00fdmi ukazateli v\u00fdkonnosti t\u00fdkaj\u00edc\u00edmi se jednotliv\u00fdch datov\u00fdch center jako s d\u016fv\u011brn\u00fdmi. Tyto informace jsou pova\u017eov\u00e1ny za d\u016fv\u011brn\u00e9 a ovliv\u0148uj\u00ed obchodn\u00ed z\u00e1jmy provozovatel\u016f a vlastn\u00edk\u016f datov\u00fdch center.\u201c<\/span><\/em><\/p>\n<p><span dir=\"auto\">Jednodu\u0161e \u0159e\u010deno to znamen\u00e1, \u017ee \u201eobchodn\u00ed tajemstv\u00ed\u201c chr\u00e1n\u011bn\u00e9 EU je d\u016fle\u017eit\u011bj\u0161\u00ed ne\u017e informov\u00e1n\u00ed dot\u010den\u00fdch obc\u00ed o spot\u0159eb\u011b podzemn\u00ed vody a elekt\u0159iny t\u011bchto mega datov\u00fdch center pat\u0159\u00edc\u00edch spole\u010dnostem Microsoft, Google, Amazon, Meta, OpenAI, Anthropic a dal\u0161\u00edm. Nen\u00ed n\u00e1hoda, \u017ee se zde zatajuj\u00ed kl\u00ed\u010dov\u00e1 data. Datov\u00e1 centra vy\u017eaduj\u00ed astronomick\u00e9 mno\u017estv\u00ed vody k chlazen\u00ed a doslova saj\u00ed elekt\u0159inu ze s\u00edt\u011b. \u017div\u00fdm p\u0159\u00edkladem je Gro\u00df-Gerau. Tam se v sou\u010dasn\u00e9 dob\u011b diskutuje o megaprojektu, kter\u00fd by m\u011bl podle odhad\u016f spot\u0159ebovat neuv\u011b\u0159iteln\u00fdch 160 megawatt\u016f elekt\u0159iny. To odpov\u00edd\u00e1 elekt\u0159in\u011b pot\u0159ebn\u00e9 ohromuj\u00edc\u00edm 400 000 dom\u00e1cnost\u00ed! A to je jen jedno za\u0159\u00edzen\u00ed v ji\u017e tak zahlcen\u00e9m regionu Por\u00fdn\u00ed-Mohan, kter\u00fd se m\u00e1 st\u00e1t Silicon Valley evropsk\u00fdch serverov\u00fdch farem.<\/span><\/p>\n<p><span dir=\"auto\">V nadch\u00e1zej\u00edc\u00edch letech m\u00e1 b\u00fdt do kapacity datov\u00fdch center v EU napumpov\u00e1no ohromuj\u00edc\u00edch 176 miliard eur. O\u010dek\u00e1v\u00e1 se tak, \u017ee se celkov\u00e1 kapacita ztrojn\u00e1sob\u00ed. A jak lze zajistit, aby do toho nezasahovali \u017e\u00e1dn\u00ed otravn\u00ed ekologov\u00e9 ani znepokojen\u00ed obyvatel\u00e9? Urychlen\u00edm povolovac\u00edho procesu! V\u00fdstavba elektr\u00e1ren se urychluje: posouzen\u00ed vliv\u016f na \u017eivotn\u00ed prost\u0159ed\u00ed m\u00e1 b\u00fdt urychleno za pouh\u00fdch 90 dn\u00ed. Pro mal\u00e9 a st\u0159edn\u00ed podniky v N\u011bmecku je n\u011bco takov\u00e9ho prost\u011b nemo\u017en\u00e9.<\/span><\/p>\n<p><span dir=\"auto\">Cynick\u00e1 a zpronev\u011b\u0159en\u00e1 povaha regulac\u00ed EU je z\u0159ejm\u00e1, kdy\u017e se pod\u00edv\u00e1me p\u0159es Atlantik. Ve Spojen\u00fdch st\u00e1tech \u2013 skute\u010dn\u00e9m rodi\u0161ti technologick\u00fdch gigant\u016f \u2013 existuje masivn\u00ed odpor proti kr\u00e1de\u017ei zdroj\u016f poh\u00e1n\u011bn\u00e9 um\u011blou inteligenc\u00ed. St\u00e1t Maine ned\u00e1vno\u00a0<\/span><a href=\"https:\/\/archive.is\/IJD9o\"><span dir=\"auto\">schv\u00e1lil z\u00e1kon<\/span><\/a><span dir=\"auto\">\u00a0, kter\u00fd do\u010dasn\u011b zastavuje v\u00fdstavbu datov\u00fdch center s v\u00fdkonem vy\u0161\u0161\u00edm ne\u017e 20 megawatt\u016f. D\u016fvod: nejprve je nutn\u00e9 d\u016fkladn\u011b a transparentn\u011b vy\u0161et\u0159it ni\u010div\u00e9 d\u016fsledky pro \u017eivotn\u00ed prost\u0159ed\u00ed a stabilitu s\u00edt\u011b.<\/span><\/p>\n<p><span dir=\"auto\">V N\u011bmecku se to zd\u00e1 zcela nemo\u017en\u00e9. Takov\u00fd postup je v z\u00e1rodku zastaven na\u0159\u00edzen\u00edm EU o uml\u010dov\u00e1n\u00ed. Pro vyhodnocen\u00ed d\u016fsledk\u016f a limit\u016f by byly pot\u0159eba \u00fadaje o spot\u0159eb\u011b elekt\u0159iny, p\u0159esn\u00e9 spot\u0159eb\u011b vody, tepeln\u00e9m z\u00e1\u0159en\u00ed a elektromagnetick\u00fdch proudech. Pr\u00e1v\u011b tyto z\u00e1kladn\u00ed rozhodovac\u00ed z\u00e1klady jsou v\u0161ak podle p\u0159edpis\u016f EU tabu a pova\u017eov\u00e1ny za \u201eobchodn\u00ed tajemstv\u00ed\u201c.<\/span><\/p>\n<p><span dir=\"auto\">Princip je snadno pochopiteln\u00fd: pro pr\u016fm\u011brn\u00e9ho da\u0148ov\u00e9ho poplatn\u00edka jsou to klimatick\u00e9 zm\u011bny, regulace vyt\u00e1p\u011bn\u00ed a neust\u00e1l\u00e9 vol\u00e1n\u00ed po \u00fasporn\u00fdch opat\u0159en\u00edch. Ale pokud jde o miliardy dolar\u016f zisk\u016f spole\u010dnost\u00ed Amazon, Google a Microsoft, environment\u00e1ln\u00ed regulace se v Bruselu za zav\u0159en\u00fdmi dve\u0159mi souhrnn\u011b uvol\u0148uj\u00ed a skute\u010dn\u00e1 data o spot\u0159eb\u011b jsou prohl\u00e1\u0161ena za st\u00e1tn\u00ed tajemstv\u00ed. M\u00edstn\u00ed komunity se mus\u00ed vypo\u0159\u00e1dat s d\u016fsledky. Dod\u00e1vaj\u00ed ji\u017e tak vz\u00e1cnou vodu, poskytuj\u00ed omezenou energii a mus\u00ed se vypo\u0159\u00e1dat s obrovsk\u00fdm odpadn\u00edm teplem ze serverov\u00fdch farem. Co se p\u0159itom ztr\u00e1c\u00ed, jsou z\u00e1jmy ob\u010dan\u016f.<\/span><\/p>\n<p><img decoding=\"async\" loading=\"lazy\" class=\"alignnone size-full wp-image-1185\" src=\"http:\/\/www.infokuryr.cz\/n\/wp-content\/uploads\/2021\/04\/kuryr-podpis.png\" alt=\"\" width=\"84\" height=\"24\" \/><\/p>\n<p>&nbsp;<\/p>\n","protected":false},"excerpt":{"rendered":"<p>Tolik k \u201e\u00faspor\u011b klimatu\u201c a \u0161et\u0159en\u00ed vodou: Zat\u00edmco b\u011b\u017en\u00ed ob\u010dan\u00e9 maj\u00ed co nejv\u00edce \u0161et\u0159it vodou&#8230;<\/p>\n","protected":false},"author":2,"featured_media":105413,"comment_status":"closed","ping_status":"closed","sticky":false,"template":"","format":"standard","meta":[],"categories":[7],"tags":[7614,1299,10148,1106],"_links":{"self":[{"href":"https:\/\/www.infokuryr.cz\/n\/wp-json\/wp\/v2\/posts\/105412"}],"collection":[{"href":"https:\/\/www.infokuryr.cz\/n\/wp-json\/wp\/v2\/posts"}],"about":[{"href":"https:\/\/www.infokuryr.cz\/n\/wp-json\/wp\/v2\/types\/post"}],"author":[{"embeddable":true,"href":"https:\/\/www.infokuryr.cz\/n\/wp-json\/wp\/v2\/users\/2"}],"replies":[{"embeddable":true,"href":"https:\/\/www.infokuryr.cz\/n\/wp-json\/wp\/v2\/comments?post=105412"}],"version-history":[{"count":0,"href":"https:\/\/www.infokuryr.cz\/n\/wp-json\/wp\/v2\/posts\/105412\/revisions"}],"wp:featuredmedia":[{"embeddable":true,"href":"https:\/\/www.infokuryr.cz\/n\/wp-json\/wp\/v2\/media\/105413"}],"wp:attachment":[{"href":"https:\/\/www.infokuryr.cz\/n\/wp-json\/wp\/v2\/media?parent=105412"}],"wp:term":[{"taxonomy":"category","embeddable":true,"href":"https:\/\/www.infokuryr.cz\/n\/wp-json\/wp\/v2\/categories?post=105412"},{"taxonomy":"post_tag","embeddable":true,"href":"https:\/\/www.infokuryr.cz\/n\/wp-json\/wp\/v2\/tags?post=105412"}],"curies":[{"name":"wp","href":"https:\/\/api.w.org\/{rel}","templated":true}]}}