{"id":105410,"date":"2026-04-27T00:19:19","date_gmt":"2026-04-26T22:19:19","guid":{"rendered":"https:\/\/www.infokuryr.cz\/n\/?p=105410"},"modified":"2026-04-25T14:51:43","modified_gmt":"2026-04-25T12:51:43","slug":"studie-v-usa-se-teplota-nezvysila-od-roku-1899","status":"publish","type":"post","link":"https:\/\/www.infokuryr.cz\/n\/2026\/04\/27\/studie-v-usa-se-teplota-nezvysila-od-roku-1899\/","title":{"rendered":"Studie: V USA se teplota nezv\u00fd\u0161ila od roku 1899!"},"content":{"rendered":"<div id=\"fb-root\"><\/div>\n<p><strong><span dir=\"auto\">126 let skute\u010dn\u00fdch a nemanipulovan\u00fdch teplotn\u00edch dat ukazuje, \u017ee se Spojen\u00e9 st\u00e1ty neoteplily. Dokonce i extr\u00e9mn\u00ed teploty klesly. Pravda je mnohem slo\u017eit\u011bj\u0161\u00ed, ne\u017e by n\u00e1m klimati\u010dt\u00ed fanatici, politici a mainstreamov\u00e1 m\u00e9dia cht\u011bli namluvit.<\/span><\/strong><\/p>\n<p><span dir=\"auto\">Po cel\u00e1 desetilet\u00ed se lidem \u0159\u00edk\u00e1, \u017ee glob\u00e1ln\u00ed teploty prudce stoupaj\u00ed. Studie v\u0161ak opakovan\u011b nazna\u010duj\u00ed, \u017ee glob\u00e1ln\u00ed klima je mnohem slo\u017eit\u011bj\u0161\u00ed, ne\u017e si mysl\u00edme. To plat\u00ed i pro studii o kontinent\u00e1ln\u00edm klimatu zve\u0159ejn\u011bnou v lo\u0148sk\u00e9m roce, o kter\u00e9 Report24\u00a0<\/span><a href=\"https:\/\/report24.news\/warum-kontinentale-temperaturen-das-narrativ-der-globalen-erwaermung-infrage-stellen\/\"><span dir=\"auto\">ji\u017e psal<\/span><\/a><span dir=\"auto\"> .<\/span><\/p>\n<figure class=\"wp-block-embed is-type-rich is-provider-twitter wp-block-embed-twitter\">\n<div class=\"wp-block-embed__wrapper\">\n<div class=\"twitter-tweet twitter-tweet-rendered\"><iframe id=\"twitter-widget-0\" class=\"\" title=\"X Post\" src=\"https:\/\/platform.twitter.com\/embed\/Tweet.html?dnt=true&amp;embedId=twitter-widget-0&amp;features=eyJ0ZndfdGltZWxpbmVfbGlzdCI6eyJidWNrZXQiOltdLCJ2ZXJzaW9uIjpudWxsfSwidGZ3X2ZvbGxvd2VyX2NvdW50X3N1bnNldCI6eyJidWNrZXQiOnRydWUsInZlcnNpb24iOm51bGx9LCJ0ZndfdHdlZXRfZWRpdF9iYWNrZW5kIjp7ImJ1Y2tldCI6Im9uIiwidmVyc2lvbiI6bnVsbH0sInRmd19yZWZzcmNfc2Vzc2lvbiI6eyJidWNrZXQiOiJvbiIsInZlcnNpb24iOm51bGx9LCJ0ZndfZm9zbnJfc29mdF9pbnRlcnZlbnRpb25zX2VuYWJsZWQiOnsiYnVja2V0Ijoib24iLCJ2ZXJzaW9uIjpudWxsfSwidGZ3X21peGVkX21lZGlhXzE1ODk3Ijp7ImJ1Y2tldCI6InRyZWF0bWVudCIsInZlcnNpb24iOm51bGx9LCJ0ZndfZXhwZXJpbWVudHNfY29va2llX2V4cGlyYXRpb24iOnsiYnVja2V0IjoxMjA5NjAwLCJ2ZXJzaW9uIjpudWxsfSwidGZ3X3Nob3dfYmlyZHdhdGNoX3Bpdm90c19lbmFibGVkIjp7ImJ1Y2tldCI6Im9uIiwidmVyc2lvbiI6bnVsbH0sInRmd19kdXBsaWNhdGVfc2NyaWJlc190b19zZXR0aW5ncyI6eyJidWNrZXQiOiJvbiIsInZlcnNpb24iOm51bGx9LCJ0ZndfdXNlX3Byb2ZpbGVfaW1hZ2Vfc2hhcGVfZW5hYmxlZCI6eyJidWNrZXQiOiJvbiIsInZlcnNpb24iOm51bGx9LCJ0ZndfdmlkZW9faGxzX2R5bmFtaWNfbWFuaWZlc3RzXzE1MDgyIjp7ImJ1Y2tldCI6InRydWVfYml0cmF0ZSIsInZlcnNpb24iOm51bGx9LCJ0ZndfbGVnYWN5X3RpbWVsaW5lX3N1bnNldCI6eyJidWNrZXQiOnRydWUsInZlcnNpb24iOm51bGx9LCJ0ZndfdHdlZXRfZWRpdF9mcm9udGVuZCI6eyJidWNrZXQiOiJvbiIsInZlcnNpb24iOm51bGx9fQ%3D%3D&amp;frame=false&amp;hideCard=false&amp;hideThread=false&amp;id=2046603199499432217&amp;lang=cs&amp;origin=https%3A%2F%2Freport24.news%2Fstudie-keine-temperaturerhoehungen-in-den-usa-seit-1899%2F&amp;sessionId=3a154bb6e54337e8a50e942123cb9ba5646141ee&amp;theme=light&amp;widgetsVersion=2615f7e52b7e0%3A1702314776716&amp;width=550px\" frameborder=\"0\" scrolling=\"no\" allowfullscreen=\"allowfullscreen\" data-tweet-id=\"2046603199499432217\" data-mce-fragment=\"1\"><\/iframe><\/div>\n<\/div>\n<\/figure>\n<p><span dir=\"auto\">Nyn\u00ed se k t\u00e9to studii p\u0159idala komplexn\u00ed studie renomovan\u00e9ho v\u011bdce Johna Cristyho, ned\u00e1vno publikovan\u00e1 v \u010dasopise Theoretical and Applied Climatology pod n\u00e1zvem \u201e\u00a0<\/span><a href=\"https:\/\/link.springer.com\/article\/10.1007\/s00704-026-06200-3\"><span dir=\"auto\">Pokles extr\u00e9mn\u00edch denn\u00edch teplot v hork\u00fdch a chladn\u00fdch oblastech USA, 1899\u20132025<\/span><\/a><span dir=\"auto\">\u00a0\u201c. Tato studie je v\u00fdjime\u010dn\u00e1 t\u00edm, \u017ee Cristy jako z\u00e1klad pou\u017eil skute\u010dn\u00e1, nemanipulovan\u00e1 data z posledn\u00edch 126 let.<\/span><\/p>\n<p><span dir=\"auto\">Zat\u00edmco v\u00fdzkumn\u00e9 \u00fastavy zab\u00fdvaj\u00edc\u00ed se klimatick\u00fdmi alarmisty n\u00e1m \u010dasto poskytuj\u00ed po\u010d\u00edta\u010dov\u00e9 modely, kde jsou historick\u00e1 data \u010dasto retrospektivn\u011b \u201eupravov\u00e1na\u201c, Christyho pr\u00e1ce je zalo\u017eena na skute\u010dn\u00fdch, nefal\u0161ovan\u00fdch m\u011b\u0159en\u00edch. Analyzoval p\u0159ibli\u017en\u011b 40 milion\u016f denn\u00edch pozorov\u00e1n\u00ed ze s\u00edt\u011b 1 211 americk\u00fdch stanic. V\u00fdsledky v\u0161ak neodpov\u00eddaj\u00ed narativ\u016fm, kter\u00e9 se klimati\u010dt\u00ed fanatici neust\u00e1le sna\u017e\u00ed ve\u0159ejnosti prodat jako \u201epravdy\u201c.<\/span><\/p>\n<p><span dir=\"auto\">Nejteplej\u0161\u00edm\u00a0<\/span><a id=\"103314\" href=\"https:\/\/report24.news\/rekordsommer-us-klimadaten-zeigen-die-1930er-waren-heisser-und-trockener\/\"><span dir=\"auto\">rokem<\/span><\/a><span dir=\"auto\">\u00a0ve Spojen\u00fdch st\u00e1tech byl rok 1936, nikoli 2024 nebo 2025. Dal\u0161\u00edmi extr\u00e9mn\u00edmi roky byly roky 1934, 1930 a 1954. Rozd\u00edl mezi nejteplej\u0161\u00edmi a nejchladn\u011bj\u0161\u00edmi dny v roce se nav\u00edc za posledn\u00ed stolet\u00ed sn\u00ed\u017eil o v\u00edce ne\u017e 3 stupn\u011b Celsia. Po\u010das\u00ed se tedy nest\u00e1v\u00e1 extr\u00e9mn\u011bj\u0161\u00edm, ale sp\u00ed\u0161e m\u00edrn\u011bj\u0161\u00edm. Po\u010det dn\u016f s extr\u00e9mn\u00edmi vlnami veder se od za\u010d\u00e1tku 20. stolet\u00ed tak\u00e9 sn\u00ed\u017eil p\u0159ibli\u017en\u011b o 30 procent.<\/span><\/p>\n<p><span dir=\"auto\">Christy ve sv\u00e9 studii odhaluje, jak v\u00fdrazn\u011b tepeln\u00fd efekt m\u011bst (tzv. \u201e\u00a0<\/span><a id=\"115621\" href=\"https:\/\/report24.news\/daten-aus-south-carolina-verdeutlichen-wie-bei-den-temperaturen-manipuliert-wird\/\"><span dir=\"auto\">efekt m\u011bstsk\u00e9ho tepeln\u00e9ho ostrova<\/span><\/a><span dir=\"auto\"> \u201c) zkresluje data. Kdy\u017e se dnes analyzuj\u00ed meteorologick\u00e9 stanice um\u00edst\u011bn\u00e9 na leti\u0161t\u00edch nebo obklopen\u00e9 asfaltov\u00fdmi d\u017eunglemi, zejm\u00e9na noci jsou teplej\u0161\u00ed ne\u017e d\u0159\u00edve v otev\u0159en\u00e9 krajin\u011b. To v\u0161ak nem\u00e1 nic spole\u010dn\u00e9ho s glob\u00e1ln\u00edm klimatem, ale sp\u00ed\u0161e s lok\u00e1ln\u00edm v\u00fdvojem zp\u016fsoben\u00fdm vydl\u00e1\u017ed\u011bn\u00edm velk\u00fdch ploch asfaltem a betonem.<\/span><\/p>\n<p><span dir=\"auto\">Hlavn\u00ed klimatick\u00e9 zpr\u00e1vy \u010dasto vyb\u00edraj\u00ed \u010dasov\u00e1 obdob\u00ed a metriky, kter\u00e9 se zdaj\u00ed b\u00fdt nejv\u00edce alarmuj\u00edc\u00ed \u2013 nap\u0159\u00edklad t\u00edm, \u017ee m\u011b\u0159\u00ed vlny veder nikoli od roku 1900, ale a\u017e od chladn\u011bj\u0161\u00edch 60. let 20. stolet\u00ed. To jim umo\u017e\u0148uje um\u011ble vytv\u00e1\u0159et iluzi \u201eprudk\u00e9ho n\u00e1r\u016fstu\u201c, co\u017e se p\u0159i zv\u00e1\u017een\u00ed celkov\u00fdch dat jasn\u011b ukazuje jako manipulativn\u00ed. C\u00edlem je p\u0159esv\u011bd\u010dit lidi, \u017ee jejich emise CO2 zp\u016fsobuj\u00ed p\u0159eh\u0159\u00edv\u00e1n\u00ed sv\u011bta.<\/span><\/p>\n<p><span dir=\"auto\">Studie Johna Cristyho v\u0161ak jasn\u011b ukazuje, \u017ee p\u0159irozen\u00e9 v\u00fdkyvy byly v minulosti v\u00fdrazn\u011b v\u011bt\u0161\u00ed a \u017ee n\u00e1r\u016fst atmosf\u00e9rick\u00e9ho CO2 v posledn\u00edch n\u011bkolika desetilet\u00edch nevedl k extr\u00e9mn\u011bj\u0161\u00edm teplot\u00e1m (ani vy\u0161\u0161\u00edm, ani ni\u017e\u0161\u00edm) ani k v\u011bt\u0161\u00edm teplotn\u00edm v\u00fdkyv\u016fm. Naopak, po\u010das\u00ed \u2013 alespo\u0148 ve Spojen\u00fdch st\u00e1tech \u2013 se st\u00e1v\u00e1 m\u00edrn\u011bj\u0161\u00edm. To je dobr\u00e1 zpr\u00e1va, ale pravd\u011bpodobn\u011b ji neuvid\u00edte v mainstreamov\u00fdch m\u00e9di\u00edch, proto\u017ee neodpov\u00edd\u00e1 p\u0159evl\u00e1daj\u00edc\u00edmu narativu.<\/span><\/p>\n<p><img decoding=\"async\" loading=\"lazy\" class=\"alignnone size-full wp-image-1185\" src=\"http:\/\/www.infokuryr.cz\/n\/wp-content\/uploads\/2021\/04\/kuryr-podpis.png\" alt=\"\" width=\"84\" height=\"24\" \/><\/p>\n<p>&nbsp;<\/p>\n","protected":false},"excerpt":{"rendered":"<p>126 let skute\u010dn\u00fdch a nemanipulovan\u00fdch teplotn\u00edch dat ukazuje, \u017ee se Spojen\u00e9 st\u00e1ty neoteplily. Dokonce i&#8230;<\/p>\n","protected":false},"author":2,"featured_media":105411,"comment_status":"closed","ping_status":"closed","sticky":false,"template":"","format":"standard","meta":[],"categories":[7],"tags":[873,839,2648,37],"_links":{"self":[{"href":"https:\/\/www.infokuryr.cz\/n\/wp-json\/wp\/v2\/posts\/105410"}],"collection":[{"href":"https:\/\/www.infokuryr.cz\/n\/wp-json\/wp\/v2\/posts"}],"about":[{"href":"https:\/\/www.infokuryr.cz\/n\/wp-json\/wp\/v2\/types\/post"}],"author":[{"embeddable":true,"href":"https:\/\/www.infokuryr.cz\/n\/wp-json\/wp\/v2\/users\/2"}],"replies":[{"embeddable":true,"href":"https:\/\/www.infokuryr.cz\/n\/wp-json\/wp\/v2\/comments?post=105410"}],"version-history":[{"count":0,"href":"https:\/\/www.infokuryr.cz\/n\/wp-json\/wp\/v2\/posts\/105410\/revisions"}],"wp:featuredmedia":[{"embeddable":true,"href":"https:\/\/www.infokuryr.cz\/n\/wp-json\/wp\/v2\/media\/105411"}],"wp:attachment":[{"href":"https:\/\/www.infokuryr.cz\/n\/wp-json\/wp\/v2\/media?parent=105410"}],"wp:term":[{"taxonomy":"category","embeddable":true,"href":"https:\/\/www.infokuryr.cz\/n\/wp-json\/wp\/v2\/categories?post=105410"},{"taxonomy":"post_tag","embeddable":true,"href":"https:\/\/www.infokuryr.cz\/n\/wp-json\/wp\/v2\/tags?post=105410"}],"curies":[{"name":"wp","href":"https:\/\/api.w.org\/{rel}","templated":true}]}}