{"id":105406,"date":"2026-04-27T00:16:15","date_gmt":"2026-04-26T22:16:15","guid":{"rendered":"https:\/\/www.infokuryr.cz\/n\/?p=105406"},"modified":"2026-04-25T06:41:53","modified_gmt":"2026-04-25T04:41:53","slug":"pakistan-neni-pratelskym-prostrednikem-ale-islamskou-diktaturou","status":"publish","type":"post","link":"https:\/\/www.infokuryr.cz\/n\/2026\/04\/27\/pakistan-neni-pratelskym-prostrednikem-ale-islamskou-diktaturou\/","title":{"rendered":"P\u00e1kist\u00e1n nen\u00ed p\u0159\u00e1telsk\u00fdm prost\u0159edn\u00edkem, ale isl\u00e1mskou diktaturou"},"content":{"rendered":"<div id=\"fb-root\"><\/div>\n<p><strong><span dir=\"auto\">Jak globalistick\u00fd mainstream, tak i americk\u00e1 vl\u00e1da v posledn\u00ed dob\u011b vykresluj\u00ed P\u00e1kist\u00e1n jako sp\u0159\u00e1telenou zemi, kter\u00e1 d\u011bl\u00e1 v\u0161e pro ukon\u010den\u00ed v\u00e1lky s \u00cdr\u00e1nem. Ve skute\u010dnosti je p\u00e1kist\u00e1nsk\u00fd re\u017eim odporn\u00fd syst\u00e9m, a to jak na dom\u00e1c\u00ed, tak na mezin\u00e1rodn\u00ed \u00farovni.<\/span><\/strong><\/p>\n<p><span dir=\"auto\">P\u00e1kist\u00e1n je ofici\u00e1ln\u011b \u201eisl\u00e1mskou republikou\u201c. Feder\u00e1ln\u00ed soud \u0161ar\u00eda p\u0159ezkoum\u00e1v\u00e1 soulad z\u00e1kon\u016f s isl\u00e1mem. N\u00e1bo\u017eensk\u00e9 men\u0161iny jsou vystaveny barbarsk\u00e9mu pron\u00e1sledov\u00e1n\u00ed. D\u017eih\u00e1dist\u00e9 \u200b\u200bv Afgh\u00e1nist\u00e1nu byli po cel\u00e1 desetilet\u00ed cvi\u010deni v P\u00e1kist\u00e1nu. Re\u017eim se sna\u017e\u00ed kompenzovat ekonomickou a soci\u00e1ln\u00ed zaostalost zem\u011b vojenskou silou a jadern\u00fdmi zbran\u011bmi.<\/span><\/p>\n<h3 id=\"h-teilung-des-subkontinents\" class=\"wp-block-heading\"><span dir=\"auto\">Rozd\u011blen\u00ed subkontinentu<\/span><\/h3>\n<p><span dir=\"auto\">Indick\u00e9 hnut\u00ed za nez\u00e1vislost proti britsk\u00e9 nadvl\u00e1d\u011b bylo od konce 19. stolet\u00ed ovl\u00e1d\u00e1no sekul\u00e1rn\u00ed Kongresovou stranou. Usilovala o demokratick\u00fd st\u00e1t, v n\u011bm\u017e by hinduist\u00e9, muslimov\u00e9, buddhist\u00e9, sikhov\u00e9 a k\u0159es\u0165an\u00e9 m\u011bli stejn\u00e1 ob\u010dansk\u00e1 pr\u00e1va. Od roku 1906 se proti tomu stav\u011bla Muslimsk\u00e1 liga a po\u017eadovala samostatn\u00fd muslimsk\u00fd st\u00e1t.<\/span><\/p>\n<p><span dir=\"auto\">Nakonec zv\u00edt\u011bzila \u2013 a po odchodu Brit\u016f v roce 1947 byl vytvo\u0159en P\u00e1kist\u00e1n, kter\u00fd se skl\u00e1dal z dne\u0161n\u00edho (Z\u00e1padn\u00edho) P\u00e1kist\u00e1nu a V\u00fdchodn\u00edho P\u00e1kist\u00e1nu (pozd\u011bji Banglad\u00e9\u0161e). Proces rozd\u011blen\u00ed byl poznamen\u00e1n konflikty podobn\u00fdmi ob\u010dansk\u00e9 v\u00e1lce, kter\u00e9 si vy\u017e\u00e1daly smrt p\u0159ibli\u017en\u011b milionu lid\u00ed. V d\u016fsledku rozd\u011blen\u00ed Britsk\u00e9 Indie bylo deportov\u00e1no, vyhn\u00e1no nebo p\u0159es\u00eddleno p\u0159ibli\u017en\u011b 20 milion\u016f lid\u00ed.<\/span><\/p>\n<h3 id=\"h-beidseitige-vertreibungen\" class=\"wp-block-heading\"><span dir=\"auto\">Vz\u00e1jemn\u00e1 vylou\u010den\u00ed?<\/span><\/h3>\n<p><span dir=\"auto\">Na rozd\u00edl od toho, co je \u010dasto l\u00ed\u010deno v mainstreamov\u00fdch m\u00e9di\u00edch, se ob\u011b strany nechovaly stejn\u011b \u201enevhodn\u011b\u201c. I kdy\u017e na obou stran\u00e1ch jist\u011b do\u0161lo k p\u0159estupk\u016fm, existuj\u00ed zna\u010dn\u00e9 rozd\u00edly.\u00a0<\/span><\/p>\n<p><span dir=\"auto\">V\u011bt\u0161ina muslim\u016f opustila Indii, proto\u017ee pova\u017eovali za nep\u0159ijateln\u00e9 \u017e\u00edt ve st\u00e1t\u011b ovl\u00e1dan\u00e9m nemuslimy. Skute\u010dnost, \u017ee muslimov\u00e9 mohli v Indii z\u016fstat, dokazuje fakt, \u017ee dnes se 180 miliony obyvatel tvo\u0159\u00ed 14 procent indick\u00e9 populace muslimov\u00e9.<\/span><\/p>\n<p><span dir=\"auto\">Naopak P\u00e1kist\u00e1n byl d\u016fsledn\u011b o\u010di\u0161t\u011bn od nemuslim\u016f, tak\u017ee dnes pouze 2 procenta p\u00e1kist\u00e1nsk\u00e9 populace tvo\u0159\u00ed hinduist\u00e9, kte\u0159\u00ed ve v\u00fdslovn\u011b isl\u00e1msk\u00e9m st\u00e1t\u011b P\u00e1kist\u00e1n nesm\u00ed ve\u0159ejn\u011b praktikovat sv\u00e9 n\u00e1bo\u017eenstv\u00ed. To, \u017ee muslimsk\u00e1 nen\u00e1vist k nemuslim\u016fm nebyla nam\u00ed\u0159ena pouze proti hinduist\u016fm, dokazuje sikhsk\u00e1 men\u0161ina, jej\u00ed\u017e p\u0159\u00edslu\u0161n\u00edci byli v roce 1947 zavra\u017ed\u011bni, zn\u00e1siln\u011bni, oloupeni a vyhn\u00e1ni do Indie, kde se jim poda\u0159ilo prosperovat jako samostatn\u00e1 n\u00e1bo\u017eensk\u00e1 skupina.<\/span><\/p>\n<h3 id=\"h-islamische-expansion\" class=\"wp-block-heading\"><span dir=\"auto\">Isl\u00e1msk\u00e1 expanze<\/span><\/h3>\n<p><span dir=\"auto\">Ko\u0159eny muslimsko-hinduistick\u00e9ho konfliktu v\u0161ak sahaj\u00ed mnohem hloub\u011bji ne\u017e do 40. let 20. stolet\u00ed, konkr\u00e9tn\u011b do \u00e9ry isl\u00e1msk\u00e9 expanze. Arabsk\u00e1 nom\u00e1dsk\u00e1 spole\u010dnost od sam\u00e9ho po\u010d\u00e1tku zav\u00e1d\u011bla do isl\u00e1mu siln\u00e9 prvky v\u00e1lky, expanze, drancov\u00e1n\u00ed a ko\u0159isti, kter\u00e9 nyn\u00ed dostaly n\u00e1bo\u017eensk\u00fd n\u00e1dech. Soub\u011b\u017en\u011b s muslimskou expanz\u00ed v severn\u00ed Africe, ji\u017en\u00ed Evrop\u011b a z\u00e1padn\u00ed Asii se v\u00e1le\u010dn\u00ed stoupenci isl\u00e1mu po p\u00e1du Persk\u00e9 \u0159\u00ed\u0161e tla\u010dili d\u00e1le na v\u00fdchod.<\/span><\/p>\n<p><span dir=\"auto\">Jedn\u00edm z d\u016fsledk\u016f bylo zni\u010den\u00ed buddhistick\u00fdch civilizac\u00ed ve St\u0159edn\u00ed Asii, po\u010d\u00ednaje po\u010d\u00e1tkem 8. stolet\u00ed, b\u011bhem nich\u017e bylo podle n\u011bkter\u00fdch odhad\u016f muslimsk\u00fdmi kolonialisty v pr\u016fb\u011bhu asi 300 let zavra\u017ed\u011bno a\u017e 10 milion\u016f buddhist\u016f (Taliban to ukon\u010dil zni\u010den\u00edm slavn\u00fdch soch Buddhy v \u00fadol\u00ed B\u00e1mj\u00e1n v roce 2001).<\/span><\/p>\n<p><span dir=\"auto\">Kolem roku 710 za\u010daly prvn\u00ed muslimsk\u00e9 n\u00e1jezdy do Indie. Mahm\u00fad z Ghazn\u00ed (998\u20131030) vedl celkem 17 ta\u017een\u00ed v \u00fadol\u00ed Indu, p\u0159i\u010dem\u017e j\u00edzda \u00fato\u010dn\u00edk\u016f se \u010dasto uk\u00e1zala jako p\u0159evaha nad indickou p\u011bchotou se sv\u00fdmi slony. Muslim\u016fm se tak poda\u0159ilo etablovat v severoz\u00e1padn\u00ed Indii a kolem roku 1200 zalo\u017eili Dill\u00edsk\u00fd sultan\u00e1t, kter\u00fd zahrnoval velk\u00e9 \u010d\u00e1sti severn\u00ed Indie. Po vnit\u0159n\u00edch muslimsk\u00fdch konfliktech vznikla na po\u010d\u00e1tku 16. stolet\u00ed Isl\u00e1msk\u00e1 Mughalsk\u00e1 \u0159\u00ed\u0161e, kter\u00e1 ovl\u00e1dala velk\u00e9 \u010d\u00e1sti Indie a trvala a\u017e do britsk\u00e9ho p\u0159evzet\u00ed moci v roce 1858.<\/span><\/p>\n<h3 id=\"h-indien-unter-dem-islam\" class=\"wp-block-heading\"><span dir=\"auto\">Indie pod isl\u00e1mem<\/span><\/h3>\n<p><span dir=\"auto\">V z\u00e1vislosti na regionu byla Indie pod muslimskou nadvl\u00e1dou a\u017e 700 nebo 800 let. Kv\u016fli \u010detn\u00fdm vojensk\u00fdm konflikt\u016fm a odvetn\u00fdm opat\u0159en\u00edm se odhaduje, \u017ee v pr\u016fb\u011bhu stalet\u00ed bylo muslimy zabito p\u0159ibli\u017en\u011b 70 milion\u016f hinduist\u016f. Dva miliony Ind\u016f, p\u0159ev\u00e1\u017en\u011b mlad\u00fdch \u017een a d\u00edvek, byly odvle\u010deny jako otroci na isl\u00e1msk\u00e1 \u00fazem\u00ed.<\/span><\/p>\n<p><span dir=\"auto\">Stejn\u011b jako v\u0161ude pod isl\u00e1mskou vl\u00e1dou museli \u201enev\u011b\u0159\u00edc\u00ed\u201c platit \u201ed\u017eizju\u201c, zvl\u00e1\u0161tn\u00ed da\u0148. Mnoho hinduistick\u00fdch kl\u00e1\u0161ter\u016f a chr\u00e1m\u016f bylo zni\u010deno. Mughalsk\u00e1 \u0159\u00ed\u0161e byla ob\u010das liber\u00e1ln\u011bj\u0161\u00ed ne\u017e Dill\u00edsk\u00fd sultan\u00e1t; nap\u0159\u00edklad d\u017eizja byla pro hinduisty v 16. stolet\u00ed do\u010dasn\u011b pozastavena. Od roku 1679 v\u0161ak byla obnovena obzvl\u00e1\u0161t\u011b tvrd\u00e1 politika: d\u017eizja byla znovu zavedena, hinduistick\u00e9 chr\u00e1my byly zni\u010deny, poutn\u00ed slavnosti byly zak\u00e1z\u00e1ny a jako z\u00e1klad pr\u00e1vn\u00edho syst\u00e9mu bylo ustanoveno pr\u00e1vo \u0161ar\u00eda.<\/span><\/p>\n<h3 id=\"h-islamisierung\" class=\"wp-block-heading\"><span dir=\"auto\">Islamizace<\/span><\/h3>\n<p><span dir=\"auto\">C\u00edlem byla v ka\u017ed\u00e9m p\u0159\u00edpad\u011b islamizace zem\u011b, kter\u00e1, stejn\u011b jako v severn\u00ed Africe a na Bl\u00edzk\u00e9m v\u00fdchod\u011b, prob\u00edhala po n\u011bkolika cest\u00e1ch: 1) usazov\u00e1n\u00ed muslim\u016f jako vl\u00e1dnouc\u00ed t\u0159\u00eddy, 2) \u00fanosy nemuslimsk\u00fdch d\u00edvek, kter\u00e9 jako t\u0159et\u00ed nebo \u010dtvrt\u00e9 man\u017eelky konvertit\u016f k isl\u00e1mu posouvaly demografick\u00e9 slo\u017een\u00ed muslimsk\u00fdm sm\u011brem, 3) ekonomick\u00fd a soci\u00e1ln\u00ed tlak prost\u0159ednictv\u00edm d\u017eizja a neust\u00e1l\u00e9ho poni\u017eov\u00e1n\u00ed nemuslim\u016f. V Indii se p\u0159idal \u010dtvrt\u00fd faktor: zastaral\u00fd kastovn\u00ed syst\u00e9m, kter\u00fd nejni\u017e\u0161\u00edm kast\u00e1m p\u0159isuzoval b\u00eddnou existenci a motivoval je k konverzi k isl\u00e1mu.<\/span><\/p>\n<p><span dir=\"auto\">Tyto mechanismy vedly v pr\u016fb\u011bhu stalet\u00ed k postupn\u00e9 islamizaci zem\u011b, jej\u00ed\u017e hlavn\u00ed centra se nach\u00e1zela v pozd\u011bj\u0161\u00edm P\u00e1kist\u00e1nu a Banglad\u00e9\u0161i. Jsou ko\u0159enem 570 milion\u016f muslim\u016f, kte\u0159\u00ed nyn\u00ed \u017eij\u00ed na indick\u00e9m subkontinentu. A hluboce se zako\u0159enily v kolektivn\u00ed historick\u00e9 pam\u011bti hinduist\u016f jako ned\u00edln\u00e1 sou\u010d\u00e1st isl\u00e1msk\u00e9 kolonizace.<\/span><\/p>\n<h3 id=\"h-vergleich-mit-indien\" class=\"wp-block-heading\"><span dir=\"auto\">Srovn\u00e1n\u00ed s Indi\u00ed<\/span><\/h3>\n<p><span dir=\"auto\">Stejn\u011b jako Srbov\u00e9 nebo \u0158ekov\u00e9 na Balk\u00e1n\u011b, nebo buddhistick\u00e1 v\u011bt\u0161ina v Barm\u011b, i hinduist\u00e9 a sikhov\u00e9 v Indii velmi dob\u0159e v\u011bd\u00ed, co v praxi znamen\u00e1 muslimsk\u00e1 vl\u00e1da. A hinduistick\u00e9 kr\u00e1lovstv\u00ed Vid\u017eaj\u00e1nagar v ji\u017en\u00ed Indii z\u016fst\u00e1v\u00e1 pro mnoho hinduist\u016f dodnes symbolem odporu proti isl\u00e1msk\u00e9 koloni\u00e1ln\u00ed vl\u00e1d\u011b.<\/span><\/p>\n<p><span dir=\"auto\">Hinduist\u00e9 se tak li\u0161\u00ed od mnoha \u201epostkoloni\u00e1ln\u00edch\u201c naivn\u00edch Evropan\u016f a Severoameri\u010dan\u016f. A proto nen\u00ed n\u00e1hoda, \u017ee v USA nebo Brit\u00e1nii jsou to \u010dasto konzervativn\u00ed politici s indicko-hinduistick\u00fdmi ko\u0159eny, kte\u0159\u00ed se jasn\u011b vyjad\u0159uj\u00ed proti isl\u00e1mu.<\/span><\/p>\n<p><span dir=\"auto\">Ani Indii nelze p\u0159ehl\u00ed\u017eet. Reakcion\u00e1\u0159sk\u00fd kastovn\u00ed syst\u00e9m m\u00e1 st\u00e1le trval\u00fd dopad. I kdy\u017e situace \u017een nen\u00ed tak hrozn\u00e1 jako v mnoha muslimsk\u00fdch zem\u00edch, je st\u00e1le dost \u0161patn\u00e1, jak dokazuj\u00ed opakovan\u00e9 tragick\u00e9 p\u0159\u00edpady. Nav\u00edc v Indii p\u0159evl\u00e1d\u00e1 vyko\u0159is\u0165ovatelsk\u00fd syst\u00e9m. Indie nicm\u00e9n\u011b v posledn\u00edch desetilet\u00edch pro\u0161la v\u00fdznamnou modernizac\u00ed. A od z\u00edsk\u00e1n\u00ed nez\u00e1vislosti m\u00e1 Indie demokratick\u00fd syst\u00e9m, kter\u00fd poskytuje podstatn\u011b v\u00edce politick\u00fdch, n\u00e1bo\u017eensk\u00fdch a osobn\u00edch svobod ne\u017e jej\u00ed nep\u0159\u00e1telsk\u00fd soused.<\/span><\/p>\n<p><span dir=\"auto\">Z toho vypl\u00fdv\u00e1, \u017ee kritika spole\u010dnost\u00ed i st\u00e1t\u016f je legitimn\u00ed a nezbytn\u00e1. Ekvidistance v\u0161ak nen\u00ed vhodn\u00e1. Historicky byli muslimov\u00e9 agresory v\u016f\u010di hinduist\u016fm, sikh\u016fm a buddhist\u016fm. V sou\u010dasn\u00e9 dob\u011b je indick\u00e1 spole\u010dnost celkov\u011b modern\u011bj\u0161\u00ed a m\u00e9n\u011b autorit\u00e1\u0159sk\u00e1.<\/span><\/p>\n<h3 id=\"h-pakistan-heute\" class=\"wp-block-heading\"><span dir=\"auto\">P\u00e1kist\u00e1n dnes<\/span><\/h3>\n<p><span dir=\"auto\">P\u00e1kist\u00e1n je od sv\u00e9ho vzniku autorit\u00e1\u0159sk\u00fdm st\u00e1tem, osciluj\u00edc\u00edm mezi vojenskou diktaturou a islamismem. St\u00e1tn\u00edm n\u00e1bo\u017eenstv\u00edm je rigidn\u00ed interpretace isl\u00e1mu; velmi mal\u00e9 hinduistick\u00e9 a k\u0159es\u0165ansk\u00e9 men\u0161iny jsou nemilosrdn\u011b pron\u00e1sledov\u00e1ny a lid\u00e9 jsou s tich\u00fdm souhlasem st\u00e1tu odsuzov\u00e1ni k smrti nebo lyn\u010dov\u00e1ni za \u201eur\u00e1\u017eku Proroka\u201c na z\u00e1klad\u011b ne\u0161kodn\u00fdch nebo vykonstruovan\u00fdch prohl\u00e1\u0161en\u00ed. D\u011blnick\u00e9 hnut\u00ed je brut\u00e1ln\u011b potla\u010dov\u00e1no.<\/span><\/p>\n<p><span dir=\"auto\">P\u00e1kist\u00e1n sehr\u00e1l \u00fast\u0159edn\u00ed roli p\u0159i svr\u017een\u00ed sekul\u00e1rn\u00ed vl\u00e1dy v Afgh\u00e1nist\u00e1nu v 80. letech 20. stolet\u00ed. Isl\u00e1msk\u00e9 milice byly po l\u00e9ta cvi\u010deny v 85 p\u00e1kist\u00e1nsk\u00fdch t\u00e1borech pro nasazen\u00ed v sousedn\u00ed zemi. V posledn\u00ed dob\u011b P\u00e1kist\u00e1n udr\u017eoval dobr\u00e9 vztahy s islamisticko-fa\u0161istickou diktaturou mull\u00e1h\u016f v Teher\u00e1nu.<\/span><\/p>\n<p><span dir=\"auto\">P\u00e1kist\u00e1nsk\u00e1 ekonomika zoufale pot\u0159ebuje restrukturalizaci. Obrovsk\u00e9 devizov\u00e9 rezervy zem\u011b se zmen\u0161ily na pouh\u00fdch 16,4 miliardy dolar\u016f. \u00da\u010dty se hromad\u00ed a vl\u00e1da se top\u00ed v dluz\u00edch. N\u00e1klady na dovoz energi\u00ed prudce rostou. Mezit\u00edm na dve\u0159e klepou rozzloben\u00ed v\u011b\u0159itel\u00e9: jen Spojen\u00e9 arabsk\u00e9 emir\u00e1ty po\u017eaduj\u00ed do konce m\u011bs\u00edce splacen\u00ed ohromuj\u00edc\u00edch 3,5 miliardy dolar\u016f.<\/span><\/p>\n<p><span dir=\"auto\">P\u00e1kist\u00e1nsk\u00fd re\u017eim, tv\u00e1\u0159\u00ed v tv\u00e1\u0159 n\u00e1rodn\u00edmu bankrotu, pronaj\u00edm\u00e1 svou arm\u00e1du. Ned\u00e1vno bylo do Sa\u00fadsk\u00e9 Ar\u00e1bie nasazeno p\u0159ibli\u017en\u011b 13 000 p\u00e1kist\u00e1nsk\u00fdch voj\u00e1k\u016f (v\u010detn\u011b st\u00edha\u010dek a t\u011b\u017ek\u00e9 vojensk\u00e9 techniky), aby br\u00e1nili monarchii Persk\u00e9ho z\u00e1livu.<\/span><\/p>\n<p><span dir=\"auto\">Rij\u00e1d si tak kupuje nal\u00e9hav\u011b pot\u0159ebnou vojenskou s\u00edlu a Isl\u00e1m\u00e1b\u00e1d z\u00edsk\u00e1v\u00e1 to, co pot\u0159ebuje pro sv\u00e9 p\u0159e\u017eit\u00ed: \u010derstv\u00e9 pen\u00edze. Sa\u00fadskoarab\u0161t\u00ed a katar\u0161t\u00ed v\u011b\u0159itel\u00e9 nyn\u00ed pumpuj\u00ed 5 miliard dolar\u016f do chronicky pr\u00e1zdn\u00e9 p\u00e1kist\u00e1nsk\u00e9 pokladny (\u00a0<\/span><a href=\"https:\/\/report24.news\/bankrott-nuklear-bewaffnet-pakistan-verkauft-sich-an-die-saudis\/)-\"><span dir=\"auto\">o tom jsme podrobn\u011b informovali)<\/span><\/a><span dir=\"auto\">\u00a0.<\/span><\/p>\n<p><em><span dir=\"auto\">Od <a href=\"https:\/\/report24.news\/pakistan-ist-kein-netter-vermittler-sondern-eine-islamische-diktatur\/\">Erica Angerera<\/a><\/span><\/em><\/p>\n<p>&nbsp;<\/p>\n","protected":false},"excerpt":{"rendered":"<p>Jak globalistick\u00fd mainstream, tak i americk\u00e1 vl\u00e1da v posledn\u00ed dob\u011b vykresluj\u00ed P\u00e1kist\u00e1n jako sp\u0159\u00e1telenou zemi,&#8230;<\/p>\n","protected":false},"author":2,"featured_media":105407,"comment_status":"closed","ping_status":"closed","sticky":false,"template":"","format":"standard","meta":[],"categories":[7],"tags":[2719,1503,129],"_links":{"self":[{"href":"https:\/\/www.infokuryr.cz\/n\/wp-json\/wp\/v2\/posts\/105406"}],"collection":[{"href":"https:\/\/www.infokuryr.cz\/n\/wp-json\/wp\/v2\/posts"}],"about":[{"href":"https:\/\/www.infokuryr.cz\/n\/wp-json\/wp\/v2\/types\/post"}],"author":[{"embeddable":true,"href":"https:\/\/www.infokuryr.cz\/n\/wp-json\/wp\/v2\/users\/2"}],"replies":[{"embeddable":true,"href":"https:\/\/www.infokuryr.cz\/n\/wp-json\/wp\/v2\/comments?post=105406"}],"version-history":[{"count":0,"href":"https:\/\/www.infokuryr.cz\/n\/wp-json\/wp\/v2\/posts\/105406\/revisions"}],"wp:featuredmedia":[{"embeddable":true,"href":"https:\/\/www.infokuryr.cz\/n\/wp-json\/wp\/v2\/media\/105407"}],"wp:attachment":[{"href":"https:\/\/www.infokuryr.cz\/n\/wp-json\/wp\/v2\/media?parent=105406"}],"wp:term":[{"taxonomy":"category","embeddable":true,"href":"https:\/\/www.infokuryr.cz\/n\/wp-json\/wp\/v2\/categories?post=105406"},{"taxonomy":"post_tag","embeddable":true,"href":"https:\/\/www.infokuryr.cz\/n\/wp-json\/wp\/v2\/tags?post=105406"}],"curies":[{"name":"wp","href":"https:\/\/api.w.org\/{rel}","templated":true}]}}