{"id":105405,"date":"2026-04-26T00:30:50","date_gmt":"2026-04-25T22:30:50","guid":{"rendered":"https:\/\/www.infokuryr.cz\/n\/?p=105405"},"modified":"2026-04-25T06:22:14","modified_gmt":"2026-04-25T04:22:14","slug":"mame-na-hrade-zradce-vyzyvam-prezidenta-petra-pavla-aby-prestal-pachat-velezradu","status":"publish","type":"post","link":"https:\/\/www.infokuryr.cz\/n\/2026\/04\/26\/mame-na-hrade-zradce-vyzyvam-prezidenta-petra-pavla-aby-prestal-pachat-velezradu\/","title":{"rendered":"M\u00e1me na Hrad\u011b zr\u00e1dce? Vyz\u00fdv\u00e1m prezidenta Petra Pavla, aby p\u0159estal p\u00e1chat velezradu"},"content":{"rendered":"<div id=\"fb-root\"><\/div>\n<p><strong>Vznik Spojen\u00fdch st\u00e1t\u016f evropsk\u00fdch je jedin\u00fdm \u0159e\u0161en\u00edm<\/strong>, prohl\u00e1sil\u00a0<strong><a href=\"https:\/\/www.nespokojeny.cz\/tag\/petr-pavel\/\" target=\"_blank\" rel=\"noopener\">Petr Pavel<\/a><\/strong>. Pokud propagoval evropskou federaci, jednal proti svrchovanosti st\u00e1tu, jeho\u017e se stal z v\u016fle lidu a Kol\u00e1\u0159e prezidentem,\u00a0<strong>co\u017e je obsahov\u011b velezrada<\/strong>. \u00dastavn\u00ed delikt definovan\u00fd jako jedn\u00e1n\u00ed sm\u011b\u0159uj\u00edc\u00ed proti svrchovanosti, celistvosti \u010di demokratick\u00e9mu \u0159\u00e1du \u010cesk\u00e9 republiky. P\u0159\u00edpadnou sankc\u00ed je ztr\u00e1ta prezidentsk\u00e9ho \u00fa\u0159adu a zp\u016fsobilosti jej znovu nab\u00fdt.<span id=\"more-66713\"><\/span><\/p>\n<p><em>Posb\u00edr\u00e1no po s\u00edt\u00edch\u2026<\/em><\/p>\n<h2><strong>Vyz\u00fdv\u00e1m pana prezidenta, aby p\u0159estal p\u00e1chat velezradu.<\/strong><\/h2>\n<p>On to asi ani nech\u00e1pe, ale:<\/p>\n<p>\u201eVelezradou\u201c se rozum\u00ed jedn\u00e1n\u00ed prezidenta sm\u011b\u0159uj\u00edc\u00ed proti svrchovanosti a celistvosti republiky.<\/p>\n<p>Vznik jak\u00fdchsi \u201eSpojen\u00fdch st\u00e1t\u016f evropsk\u00fdch\u201c po vzoru USA je pojmov\u011b neslu\u010diteln\u00fd s \u010deskou svrchovanost\u00ed (Kalifornie nebo Texas v r\u00e1mci USA takt\u00e9\u017e svrchovan\u00fdmi nejsou, nap\u0159.nemohou vykon\u00e1vat vlastn\u00ed zahrani\u010dn\u00ed politiku).<\/p>\n<p><strong>Pokud Petr Pavel propagoval evropskou federaci, jednal proti svrchovanosti st\u00e1tu, jeho\u017e se stal z v\u016fle lidu a Kol\u00e1\u0159e prezidentem, co\u017e je obsahov\u011b velezrada.<\/strong><\/p>\n<p>Prezident si asi Litomy\u0161li na besed\u011b p\u0159ipadal moudr\u00fd a hodnotov\u00fd, dokonce uzn\u00e1v\u00e1m, \u017ee u toho dob\u0159e vypadal. Ale p\u0159esto by si tu \u00dastavu m\u011bl p\u0159e\u010d\u00edst, nebo aspo\u0148 nechat p\u0159evypr\u00e1v\u011bt od kolegy Kysely \u010di jin\u00e9ho poradce. Takov\u00fd p\u011bkn\u00fd prezidentsk\u00fd slib mu namalovali a on ani nev\u00ed, na co p\u0159\u00edsahal\u2026<\/p>\n<p>Pokud chce prosazovat Spojen\u00e9 st\u00e1ty evropsk\u00e9,\u00a0<strong>m\u011bl by abdikovat<\/strong>; ztr\u00e1tu \u00fastavn\u00ed suverenity republiky ve prosp\u011bch v\u011bt\u0161\u00edho st\u00e1topr\u00e1vn\u00edho celku m\u016f\u017ee propagovat jako ob\u010dansk\u00fd aktivista (podobn\u011b jako t\u0159eba monarchist\u00e9 nostalgicky propaguj\u00ed n\u00e1vrat Habsburka a obnovu Rakouska-Uherska), ne v\u0161ak jako \u00fastavn\u00ed \u010dinitel, notabene ten nejvy\u0161\u0161\u00ed. [<a href=\"https:\/\/www.facebook.com\/watch\/?v=1284250470475288\" target=\"_blank\" rel=\"noopener\">zdroj<\/a>]<\/p>\n<div id=\"arve-iframe-69eb738de7229986421902\" class=\"arve aligncenter\" data-mode=\"normal\" data-provider=\"iframe\"><span class=\"arve-inner\"><span class=\"arve-embed arve-embed--has-aspect-ratio\"><iframe class=\"arve-iframe fitvidsignore\" src=\"https:\/\/www.facebook.com\/plugins\/video.php?height=316&amp;href=https%3A%2F%2Fwww.facebook.com%2Freel%2F1284250470475288%2F&amp;show_text=false&amp;width=560&amp;t=0\" frameborder=\"0\" scrolling=\"no\" allowfullscreen=\"allowfullscreen\" data-arve=\"arve-iframe-69eb738de7229986421902\" data-src-no-ap=\"https:\/\/www.facebook.com\/plugins\/video.php?height=316&amp;href=https%3A%2F%2Fwww.facebook.com%2Freel%2F1284250470475288%2F&amp;show_text=false&amp;width=560&amp;t=0\" data-mce-fragment=\"1\"><\/iframe><\/span><\/span><\/div>\n<h2><strong>Velezrada!<\/strong><\/h2>\n<p>Velezrady se v \u010cesk\u00e9 republice podle \u00dastavy m\u016f\u017ee dopustit v\u00fdhradn\u011b prezident republiky.\u00a0<strong>Jedn\u00e1 se o \u00fastavn\u00ed delikt<\/strong>, nikoliv trestn\u00fd \u010din, definovan\u00fd jak jedn\u00e1n\u00ed sm\u011b\u0159uj\u00edc\u00ed proti svrchovanosti, celistvosti \u010di demokratick\u00e9mu \u0159\u00e1du \u010cR. P\u0159\u00edslu\u0161n\u00fdm k \u0159\u00edzen\u00ed je \u00dastavn\u00ed soud, kter\u00fd m\u016f\u017ee rozhodnout o z\u00e1niku prezidentsk\u00e9ho mand\u00e1tu.<\/p>\n<p><strong>Kl\u00ed\u010dov\u00e9 aspekty velezrady v \u010cR<\/strong>:<\/p>\n<p>Subjekt: Pouze prezident republiky (dle \u010dl. 54 odst. 3 a \u010dl. 65 \u00dastavy \u010cR).<\/p>\n<p>Definice: Jedn\u00e1n\u00ed sm\u011b\u0159uj\u00edc\u00ed proti svrchovanosti a celistvosti republiky, jako\u017e i proti jej\u00edmu demokratick\u00e9mu \u0159\u00e1du.<\/p>\n<p><strong>Sankce: Ztr\u00e1ta prezidentsk\u00e9ho \u00fa\u0159adu a zp\u016fsobilosti jej znovu nab\u00fdt.<\/strong><\/p>\n<p>\u0158\u00edzen\u00ed: \u00dastavn\u00ed \u017ealobu pod\u00e1v\u00e1 Sen\u00e1t se souhlasem Poslaneck\u00e9 sn\u011bmovny k \u00dastavn\u00edmu soudu.<\/p>\n<p>Zabarvenost sen\u00e1tu a \u00fastavn\u00edho soudu si nemus\u00edme p\u0159ipom\u00ednat.<\/p>\n<p>Pokud to sen\u00e1to\u0159i a \u00fastavn\u00ed soudci ne\u0159e\u0161\u00ed, souhlas\u00ed s n\u00ed\u017ee jmenovan\u00fdmi body, kter\u00e9 se velezrady t\u00fdkaj\u00ed.<\/p>\n<p>1. Za z\u00e1dy vl\u00e1dy jednal s Lichten\u0161tejny o prolomen\u00ed Bene\u0161ov\u00fdch dekret\u016f a navr\u00e1cen\u00ed majetku i p\u0159es ve\u0161ker\u00e9 jimi prohran\u00e9 soudy.<\/p>\n<p>2. Poprv\u00e9 v historii a PP p\u016fsoben\u00ed nechal odv\u00e9zt svatov\u00edtsk\u00fd poklad do N\u011aMECKA, jeho\u017e sou\u010d\u00e1st\u00ed byl nejcenn\u011bj\u0161\u00ed klenot relikvi\u00e1\u0159 svat\u00e9ho K\u0159\u00ed\u017ee! To si nedovolili ani za Hitlera!<\/p>\n<p>3. Drze odvezl nejcenn\u011bj\u0161\u00ed artefakt z r 1968 , \u010deskou vlajku, pot\u0159\u00edsn\u011bnou krv\u00ed \u010desk\u00fdch obr\u00e1nc\u016f proti okupant\u016fm a to pr\u00e1v\u011b t\u011bch ukrajinsk\u00fdch, kter\u00fdch bylo v Praze nejv\u00edc, do Kyjeva!<\/p>\n<p>To p\u0159\u00edznivci Petra Pavla v\u00e1\u017en\u011b tak nen\u00e1vid\u00ed \u010ceskou republiku a v\u0161e \u010desk\u00e9, moravsk\u00e9 a slezsk\u00e9, \u017ee nevid\u00ed, co ten dosazen\u00fd agent ciz\u00ed moci vyv\u00e1d\u00ed? [<a href=\"https:\/\/www.facebook.com\/lenka.tarabova.374\/posts\/pfbid0f6e5jnHEJ4TiJAURarE9q9UiEtJzZ2te6f3M2mZCjsCpGm3wUtbHpXRQCuQFgmpsl\" target=\"_blank\" rel=\"noopener\">zdroj<\/a>]<\/p>\n<h2><strong>Tak\u017ee si to shr\u0148me!<\/strong><\/h2>\n<p>Prezident \u010cesk\u00e9 republiky Petr Pavel:<\/p>\n<p><strong>Opakovan\u011b navrhl zru\u0161it \u201cra\u0161\u00ednovskou\u201d \u010deskou korunu<\/strong>, jednu z nejstabiln\u011bj\u0161\u00edch sv\u011btov\u00fdch m\u011bn, a p\u0159ijmout spole\u010dnou m\u011bnu p\u0159edlu\u017een\u00e9 euroz\u00f3ny.<\/p>\n<p>V Terez\u00edn\u011b, odkud n\u011bme\u010dt\u00ed nacist\u00e9 odv\u00e1\u017eeli \u010cechy do likvida\u010dn\u00edch koncentra\u010dn\u00edch t\u00e1bor\u016f, \u0159ekl, \u017ee odpov\u011bdnost za zlo\u010diny, kter\u00e9 p\u00e1chali na\u0161i p\u0159edkov\u00e9, mus\u00edme p\u0159ijmout, a pou\u010dit se z nich.<\/p>\n<p><strong>Na p\u016fd\u011b instituc\u00ed EU p\u0159em\u00edtal o zru\u0161en\u00ed pr\u00e1va veta<\/strong>, kter\u00fdm \u010cesk\u00e1 republika m\u016f\u017ee odm\u00edtnout bruselsk\u00e9 n\u00e1vrhy, v d\u016fsledku po\u0161kozuj\u00edc\u00ed \u010desk\u00e9 n\u00e1rodn\u00ed z\u00e1jmy nap\u0159\u00edklad v zahrani\u010dn\u00ed politice, dan\u00edch, p\u0159ij\u00edm\u00e1n\u00ed nov\u00fdch \u010dlen\u016f, atd.<\/p>\n<p><strong>A te\u010f navrhl zru\u0161it \u010ceskou republiku<\/strong>.<\/p>\n<p>B\u00fdt v marketingov\u00e9m t\u00fdmu, kter\u00fd se star\u00e1 o jeho kampa\u0148 k p\u0159\u00ed\u0161t\u00edm prezidentsk\u00fdm volb\u00e1m, asi bych lehce panika\u0159il. Ale proto\u017ee nejsem a t\u011b\u0161\u00edm se, \u017ee p\u0159\u00ed\u0161t\u00edm \u010desk\u00fdm prezidentem bude autentick\u00fd \u010desk\u00fd prezident, raduji se a t\u011b\u0161\u00edm na dal\u0161\u00ed proti\u010desk\u00e9 Pavlovy vize. [<a href=\"https:\/\/www.facebook.com\/marek.stonis\/posts\/pfbid02Qd2mqDLdidX5TbfVByTTkVh7n8QJEE5PscCrxHjoPCYvQtTb8nQZJZU7Rb7EfYmml\" target=\"_blank\" rel=\"noopener\">zdroj<\/a>]<\/p>\n<p><em>Jen p\u0159em\u00fd\u0161l\u00edm, jak moc mus\u00ed \u010dlov\u011bk svou zemi nen\u00e1vid\u011bt, kdy\u017e j\u00ed chce sebrat pojistku v podob\u011b pr\u00e1va veta, vym\u011bnit korunu za euro, d\u00e1t moc nad zem\u00ed Ursule Leyenov\u00e9 a majetek Lichten\u0161tejn\u016fm\u2026 [<a href=\"https:\/\/www.facebook.com\/konecna.k\/posts\/pfbid02hNnPTncNBxPoSkzvzTC95JudyaZGnBqSG1XMD6sir5qJcPRQzvx4UtzN2Z4LpCVcl\" target=\"_blank\" rel=\"noopener\">zdroj<\/a>]<\/em><\/p>\n<p><strong>Teda ani za koman\u010d\u016f si nedovolili navrhnout, \u017ee bychom se stali svazovou republikou SSSR<\/strong>.<\/p>\n<p>To si dovolil a\u017e tento europoskok, p\u016fvodem pr\u00e1v\u011b od koman\u010d\u016f.<\/p>\n<p>Ob\u010das mi n\u011bkte\u0159\u00ed lid\u00e9 \u0159\u00edkaj\u00ed, pro\u010d se do n\u011bho \u010dasto trefuju.<\/p>\n<p>Tak t\u0159eba u\u017e to pochop\u00ed\u2026 [<a href=\"https:\/\/www.facebook.com\/martin.novosad.18\/posts\/pfbid02NWc8GneBB7k7iHt7ioRQweYkMDA7E77m7EzcyczhAivH8bgA7b1bKxQYPQZ6WegBl\" target=\"_blank\" rel=\"noopener\">zdroj<\/a>]<\/p>\n<p><strong>Je to ofici\u00e1ln\u00ed. M\u00e1me na Hrad\u011b zr\u00e1dce<\/strong>.<\/p>\n<p>Za m\u011b vzkazuji jasn\u011b a jednodu\u0161e \u2013 ani omylem, soudruhu, ani omylem. [<a href=\"https:\/\/www.facebook.com\/rajchl.jindrich\/posts\/pfbid02cMQkhqLZTdD9MoXV5yv1nxCQRM8NYBqRrRpXycYjusPU7gmwBG5pxG7DexYhNUEMl\" target=\"_blank\" rel=\"noopener\">zdroj<\/a>]<\/p>\n<p><a href=\"https:\/\/www.nespokojeny.cz\/mame-na-hrade-zradce-vyzyvam-prezidenta-petra-pavla-aby-prestal-pachat-velezradu\/\">NESPOKOJEN\u00dd<\/a><\/p>\n<p>&nbsp;<\/p>\n","protected":false},"excerpt":{"rendered":"<p>Vznik Spojen\u00fdch st\u00e1t\u016f evropsk\u00fdch je jedin\u00fdm \u0159e\u0161en\u00edm, prohl\u00e1sil\u00a0Petr Pavel. Pokud propagoval evropskou federaci, jednal proti&#8230;<\/p>\n","protected":false},"author":2,"featured_media":92515,"comment_status":"closed","ping_status":"closed","sticky":false,"template":"","format":"standard","meta":[],"categories":[6],"tags":[29,1173,3213],"_links":{"self":[{"href":"https:\/\/www.infokuryr.cz\/n\/wp-json\/wp\/v2\/posts\/105405"}],"collection":[{"href":"https:\/\/www.infokuryr.cz\/n\/wp-json\/wp\/v2\/posts"}],"about":[{"href":"https:\/\/www.infokuryr.cz\/n\/wp-json\/wp\/v2\/types\/post"}],"author":[{"embeddable":true,"href":"https:\/\/www.infokuryr.cz\/n\/wp-json\/wp\/v2\/users\/2"}],"replies":[{"embeddable":true,"href":"https:\/\/www.infokuryr.cz\/n\/wp-json\/wp\/v2\/comments?post=105405"}],"version-history":[{"count":0,"href":"https:\/\/www.infokuryr.cz\/n\/wp-json\/wp\/v2\/posts\/105405\/revisions"}],"wp:featuredmedia":[{"embeddable":true,"href":"https:\/\/www.infokuryr.cz\/n\/wp-json\/wp\/v2\/media\/92515"}],"wp:attachment":[{"href":"https:\/\/www.infokuryr.cz\/n\/wp-json\/wp\/v2\/media?parent=105405"}],"wp:term":[{"taxonomy":"category","embeddable":true,"href":"https:\/\/www.infokuryr.cz\/n\/wp-json\/wp\/v2\/categories?post=105405"},{"taxonomy":"post_tag","embeddable":true,"href":"https:\/\/www.infokuryr.cz\/n\/wp-json\/wp\/v2\/tags?post=105405"}],"curies":[{"name":"wp","href":"https:\/\/api.w.org\/{rel}","templated":true}]}}