{"id":105404,"date":"2026-04-26T00:29:37","date_gmt":"2026-04-25T22:29:37","guid":{"rendered":"https:\/\/www.infokuryr.cz\/n\/?p=105404"},"modified":"2026-04-25T06:17:32","modified_gmt":"2026-04-25T04:17:32","slug":"co-nas-muze-iranske-zabaveni-tankeru-naucit-o-realite-hlavnich-medii","status":"publish","type":"post","link":"https:\/\/www.infokuryr.cz\/n\/2026\/04\/26\/co-nas-muze-iranske-zabaveni-tankeru-naucit-o-realite-hlavnich-medii\/","title":{"rendered":"Co n\u00e1s m\u016f\u017ee \u00edr\u00e1nsk\u00e9 \u201ezabaven\u00ed tankeru\u201c nau\u010dit o \u201erealit\u011b\u201c hlavn\u00edch m\u00e9di\u00ed"},"content":{"rendered":"<div id=\"fb-root\"><\/div>\n<div class=\"elementor-element elementor-element-1fb4c2c elementor-widget elementor-widget-theme-post-content\" data-id=\"1fb4c2c\" data-element_type=\"widget\" data-e-type=\"widget\" data-widget_type=\"theme-post-content.default\">\n<div class=\"elementor-widget-container\">\n<p><span dir=\"auto\">\u00cdr\u00e1nsk\u00e9 st\u00e1tn\u00ed m\u00e9dia dnes zve\u0159ejnila video, na kter\u00e9m komanda Isl\u00e1msk\u00fdch revolu\u010dn\u00edch gard zajala kontejnerovou lo\u010f v Hormuzsk\u00e9m pr\u016flivu.<\/span><\/p>\n<p><span dir=\"auto\">Mysl\u00edm, \u017ee bychom si o tom m\u011bli promluvit. M\u016f\u017ee n\u00e1s to hodn\u011b nau\u010dit.<\/span><\/p>\n<p><span dir=\"auto\">Jen se pod\u00edvejte.<\/span><\/p>\n<div class=\"twitter-tweet twitter-tweet-rendered\"><iframe id=\"twitter-widget-0\" class=\"\" title=\"X Post\" src=\"https:\/\/platform.twitter.com\/embed\/Tweet.html?dnt=false&amp;embedId=twitter-widget-0&amp;features=eyJ0ZndfdGltZWxpbmVfbGlzdCI6eyJidWNrZXQiOltdLCJ2ZXJzaW9uIjpudWxsfSwidGZ3X2ZvbGxvd2VyX2NvdW50X3N1bnNldCI6eyJidWNrZXQiOnRydWUsInZlcnNpb24iOm51bGx9LCJ0ZndfdHdlZXRfZWRpdF9iYWNrZW5kIjp7ImJ1Y2tldCI6Im9uIiwidmVyc2lvbiI6bnVsbH0sInRmd19yZWZzcmNfc2Vzc2lvbiI6eyJidWNrZXQiOiJvbiIsInZlcnNpb24iOm51bGx9LCJ0ZndfZm9zbnJfc29mdF9pbnRlcnZlbnRpb25zX2VuYWJsZWQiOnsiYnVja2V0Ijoib24iLCJ2ZXJzaW9uIjpudWxsfSwidGZ3X21peGVkX21lZGlhXzE1ODk3Ijp7ImJ1Y2tldCI6InRyZWF0bWVudCIsInZlcnNpb24iOm51bGx9LCJ0ZndfZXhwZXJpbWVudHNfY29va2llX2V4cGlyYXRpb24iOnsiYnVja2V0IjoxMjA5NjAwLCJ2ZXJzaW9uIjpudWxsfSwidGZ3X3Nob3dfYmlyZHdhdGNoX3Bpdm90c19lbmFibGVkIjp7ImJ1Y2tldCI6Im9uIiwidmVyc2lvbiI6bnVsbH0sInRmd19kdXBsaWNhdGVfc2NyaWJlc190b19zZXR0aW5ncyI6eyJidWNrZXQiOiJvbiIsInZlcnNpb24iOm51bGx9LCJ0ZndfdXNlX3Byb2ZpbGVfaW1hZ2Vfc2hhcGVfZW5hYmxlZCI6eyJidWNrZXQiOiJvbiIsInZlcnNpb24iOm51bGx9LCJ0ZndfdmlkZW9faGxzX2R5bmFtaWNfbWFuaWZlc3RzXzE1MDgyIjp7ImJ1Y2tldCI6InRydWVfYml0cmF0ZSIsInZlcnNpb24iOm51bGx9LCJ0ZndfbGVnYWN5X3RpbWVsaW5lX3N1bnNldCI6eyJidWNrZXQiOnRydWUsInZlcnNpb24iOm51bGx9LCJ0ZndfdHdlZXRfZWRpdF9mcm9udGVuZCI6eyJidWNrZXQiOiJvbiIsInZlcnNpb24iOm51bGx9fQ%3D%3D&amp;frame=false&amp;hideCard=false&amp;hideThread=false&amp;id=2047158520056058178&amp;lang=cs&amp;origin=https%3A%2F%2Funcutnews.ch%2Fwas-irans-tanker-beschlagnahmung-uns-ueber-die-msm-realitaet-lehren-kann%2F&amp;sessionId=35a7e7f3cc45c1fe8b4cee4b5e2794f8a7a69147&amp;theme=light&amp;widgetsVersion=2615f7e52b7e0%3A1702314776716&amp;width=550px\" frameborder=\"0\" scrolling=\"no\" allowfullscreen=\"allowfullscreen\" data-tweet-id=\"2047158520056058178\" data-mce-fragment=\"1\"><\/iframe><\/div>\n<p><span dir=\"auto\">Agentura Reuters to popisuje takto\u2026<\/span><\/p>\n<p><em><span dir=\"auto\">\u00cdr\u00e1nsk\u00e1 st\u00e1tn\u00ed televize odvys\u00edlala videoz\u00e1znam, na kter\u00e9m Isl\u00e1msk\u00e9 revolu\u010dn\u00ed gardov\u00e9 jednotky (IRGC) zab\u00edraj\u00ed kontejnerov\u00e9 lod\u011b.<\/span><\/em><\/p>\n<p><span dir=\"auto\">Ale to nen\u00ed \u00fapln\u011b p\u0159esn\u00e9. P\u0159esn\u011bj\u0161\u00ed tvrzen\u00ed by bylo, \u017ee \u00edr\u00e1nsk\u00e1 st\u00e1tn\u00ed televize odvys\u00edlala video od IRGC, na kter\u00e9m p\u0159edst\u00edrali, \u017ee zab\u00edraj\u00ed kontejnerov\u00e9 lod\u011b.<\/span><\/p>\n<p><span dir=\"auto\">Proto\u017ee filmov\u00e9 z\u00e1b\u011bry mus\u00ed b\u00fdt do ur\u010dit\u00e9 m\u00edry zfal\u0161ovan\u00e9.<\/span><\/p>\n<p><span dir=\"auto\">Nejrealisti\u010dt\u011bj\u0161\u00edm vysv\u011btlen\u00edm je, \u017ee IRGC skute\u010dn\u011b zabavila lo\u010f, pot\u00e9 informovala pevninu r\u00e1diem, vyslala dron s kamerou a filmov\u00fd \u0161t\u00e1b a pot\u00e9 zabaven\u00ed p\u0159ed kamerami zopakovala.<\/span><\/p>\n<p><span dir=\"auto\">Uprost\u0159ed v\u00e1le\u010dn\u00e9 z\u00f3ny.<\/span><\/p>\n<p><span dir=\"auto\">To je nejvy\u0161\u0161\u00ed \u00farove\u0148 p\u0159edstaviteln\u00e9 reality. Je docela mo\u017en\u00e9, \u017ee je je\u0161t\u011b m\u00e9n\u011b re\u00e1ln\u00e1.<\/span><\/p>\n<p><span dir=\"auto\">V\u011bnujte pozornost \u00fahl\u016fm kamery. Po\u010d\u00edtal jsem jich \u2013 jsou jich nejm\u00e9n\u011b \u010dty\u0159i.<\/span><\/p>\n<ol>\n<li><span dir=\"auto\">\u00davodn\u00ed dron vyfotil v \u0161irok\u00e9m z\u00e1b\u011bru.<\/span><\/li>\n<li><span dir=\"auto\">Detailn\u00ed z\u00e1b\u011br voj\u00e1k\u016f \u0161plhaj\u00edc\u00edch po \u017eeb\u0159\u00edku z pohledu prvn\u00ed osoby.<\/span><\/li>\n<li><span dir=\"auto\">Z\u00e1b\u011bry z ru\u010dn\u00ed kamery ukazuj\u00ed, jak voj\u00e1ci zaji\u0161\u0165uj\u00ed rohy a prohled\u00e1vaj\u00ed palubu.<\/span><\/li>\n<li><span dir=\"auto\">\u0160iroko\u00fahl\u00e9 z\u00e1b\u011bry na vodn\u00ed hladin\u011b byly po\u0159\u00edzeny z lodi.<\/span><\/li>\n<\/ol>\n<p><span dir=\"auto\">Tohle nen\u00ed realita. Tohle je kinematografie.<\/span><\/p>\n<p><span dir=\"auto\">Z\u00e1b\u011bry z dronu jsou \u201e\u00favodn\u00edm z\u00e1b\u011brem\u201c. Detailn\u00ed z\u00e1b\u011bry n\u00e1s umis\u0165uj\u00ed p\u0159\u00edmo do st\u0159edu d\u011bn\u00ed. Ru\u010dn\u00ed kamera, kter\u00e1 sleduje voj\u00e1ky, dod\u00e1v\u00e1 z\u00e1b\u011br\u016fm dynamiku. To je z\u00e1klad filmov\u00e9 produkce.<\/span><\/p>\n<p><span dir=\"auto\">Je to zinscenovan\u00e9. Muselo to b\u00fdt zinscenovan\u00e9 \u2013 a p\u0159esto to nikdo ne\u0159\u00edk\u00e1.<\/span><\/p>\n<p><span dir=\"auto\">To p\u0159ipom\u00edn\u00e1 radostn\u00e9 dny roku 2015, kdy ISIS z nezn\u00e1m\u00fdch d\u016fvod\u016f n\u011bjak\u00fdm zp\u016fsobem nato\u010dil sv\u00e9 konvoje bezvadn\u00fdch, identick\u00fdch pick-up\u016f Toyota proj\u00ed\u017ed\u011bj\u00edc\u00edch pou\u0161t\u00ed za zlat\u00e9 hodinky a pot\u00e9 je nahr\u00e1l na soci\u00e1ln\u00ed s\u00edt\u011b.<\/span><\/p>\n<p><span dir=\"auto\">Klip IRGC je \u00fapln\u011b stejn\u00fd \u2013 produkt zjevn\u00e9 um\u011blosti, kterou bychom m\u011bli ignorovat.<\/span><\/p>\n<p><span dir=\"auto\">Znamen\u00e1 to, \u017ee ty lod\u011b neexistuj\u00ed? Nebo \u017ee ve skute\u010dnosti nebyly zabaveny? Nebo \u017ee v\u00e1lka je zcela vykonstruovan\u00e1?<\/span><\/p>\n<p><span dir=\"auto\">Ne. Alespo\u0148 ne nutn\u011b \u2013 a o to vlastn\u011b ani nejde.<\/span><\/p>\n<p><span dir=\"auto\">Pointa jde d\u00e1l ne\u017e jen k tomuto videu, t\u011bm lod\u00edm nebo v\u00e1lce obecn\u011b.<\/span><\/p>\n<p><span dir=\"auto\">Jde o to, \u017ee mainstreamov\u00e1 m\u00e9dia podmi\u0148uj\u00ed va\u0161i konzumaci audiovizu\u00e1ln\u00edho obsahu. U\u010d\u00ed n\u00e1s sledovat video zcela mimo kontext jeho vzniku, ment\u00e1ln\u011b blokovat kameramana, osv\u011btlen\u00ed, st\u0159ihov\u00fd software a v\u0161echny ostatn\u00ed kroky, kter\u00e9 prob\u00edhaj\u00ed mezi ud\u00e1lost\u00ed a objeven\u00edm videa na soci\u00e1ln\u00edch s\u00edt\u00edch.<\/span><\/p>\n<p><span dir=\"auto\">Jsme tak zvykl\u00ed sledovat filmy a televizi, \u017ee v na\u0161ich \u201ezpr\u00e1v\u00e1ch\u201c akceptujeme stejn\u00e9 techniky narativn\u00edho st\u0159ihu. Jsme tak zvykl\u00ed na kamery v\u0161ude, kter\u00e9 v\u0161echno nahr\u00e1vaj\u00ed, \u017ee jsme zapomn\u011bli, \u017ee je tam n\u011bkdo mus\u00ed um\u00edstit a zapnout.<\/span><\/p>\n<p><span dir=\"auto\">Pod\u00edvejte se znovu na video IRGC. Kdy\u017e tento herec a\/nebo voj\u00e1k \u0161plh\u00e1 po boku lodi sm\u011brem ke kame\u0159e, v\u00ed, \u017ee mu nehroz\u00ed \u017e\u00e1dn\u00e9 nebezpe\u010d\u00ed, proto\u017ee na palub\u011b je ji\u017e \u201ep\u0159\u00e1telsk\u00e1\u201c osoba, kter\u00e1 ho nat\u00e1\u010d\u00ed. Jeho energie a agrese jsou divadeln\u00ed p\u0159edstaven\u00ed.<\/span><\/p>\n<p><span dir=\"auto\">Nav\u00edc m\u00e1 mu\u017e naho\u0159e na \u017eeb\u0159\u00edku alespo\u0148 jednu kameru. Mo\u017en\u00e1 i osv\u011btlovac\u00ed za\u0159\u00edzen\u00ed nebo mikrofon. Pravd\u011bpodobn\u011b herci \u0159\u00edk\u00e1, jak rychle m\u00e1 stoupat, a aby se ujistil, \u017ee jeho obli\u010dej z\u016fst\u00e1v\u00e1 v z\u00e1b\u011bru.<\/span><\/p>\n<p><span dir=\"auto\">To nen\u00ed realita.<\/span><\/p>\n<p><span dir=\"auto\">\u017divot se automaticky nenat\u00e1\u010d\u00ed z v\u00edce \u00fahl\u016f, abyste je pak mohli sest\u0159\u00edhat do vzru\u0161uj\u00edc\u00ed mont\u00e1\u017ee.<\/span><\/p>\n<p><span dir=\"auto\">Jen si vzpome\u0148te na tenhle klip\u2026<\/span><\/p>\n<p><span dir=\"auto\">Je to dokonale v\u00fdsti\u017en\u00e1 p\u0159ipom\u00ednka toho, \u017ee drtiv\u00e1, P\u0158EVRATN\u00c1 v\u011bt\u0161ina \u201eskute\u010dn\u00fdch\u201c, \u201evir\u00e1ln\u00edch\u201c nebo \u201espont\u00e1nn\u00edch\u201c z\u00e1b\u011br\u016f p\u0159esn\u011b takov\u00fdmi nejsou.<\/span><\/p>\n<p><span dir=\"auto\">Jak n\u011bkdo v reakc\u00edch zd\u016fraz\u0148uje: Lid\u00e9 prost\u011b pot\u0159ebuj\u00ed \u201emyslet o \u00farove\u0148 v\u00fd\u0161\u201c.<\/span><\/p>\n<p><span dir=\"auto\">Kdykoli vid\u00edte video, n\u011bkdo n\u011bkde se v\u011bdom\u011b rozhodl ho nato\u010dit. Kdykoli vid\u00edte zm\u011bnu perspektivy, n\u011bkdo nato\u010dil z v\u00edce \u00fahl\u016f a pot\u00e9 je sest\u0159\u00edhal.<\/span><\/p>\n<p><span dir=\"auto\">Medi\u00e1ln\u00ed trh prostupuje le\u017e a vy jste podm\u00edn\u011bni si j\u00ed nev\u0161\u00edmat.<\/span><\/p>\n<p><span dir=\"auto\">Proto si v\u017edycky nezapome\u0148te kl\u00e1st ot\u00e1zku, kdo dr\u017e\u00ed kameru, jak se tam ta osoba dostala \u2013 a pro\u010d.<\/span><\/p>\n<p><strong><em><span dir=\"auto\">Kit Knightly<\/span><\/em><\/strong><\/p>\n<\/div>\n<\/div>\n<div class=\"elementor-element elementor-element-8c57238 quelle dc-has-condition dc-condition-empty elementor-widget elementor-widget-heading\" data-id=\"8c57238\" data-element_type=\"widget\" data-e-type=\"widget\" data-widget_type=\"heading.default\">\n<div class=\"elementor-widget-container\">\n<h3 class=\"elementor-heading-title elementor-size-default\"><span style=\"font-size: 10pt;\"><a href=\"https:\/\/off-guardian.org\/2026\/04\/23\/what-irans-tanker-seizure-can-teach-us-about-msm-reality\/\" target=\"_blank\" rel=\"nofollow noopener\"><span dir=\"auto\">Zdroj<\/span><\/a><\/span><\/h3>\n<p>&nbsp;<\/p>\n<\/div>\n<\/div>\n","protected":false},"excerpt":{"rendered":"<p>\u00cdr\u00e1nsk\u00e9 st\u00e1tn\u00ed m\u00e9dia dnes zve\u0159ejnila video, na kter\u00e9m komanda Isl\u00e1msk\u00fdch revolu\u010dn\u00edch gard zajala kontejnerovou lo\u010f&#8230;<\/p>\n","protected":false},"author":2,"featured_media":103706,"comment_status":"closed","ping_status":"closed","sticky":false,"template":"","format":"standard","meta":[],"categories":[7],"tags":[38,979,5496],"_links":{"self":[{"href":"https:\/\/www.infokuryr.cz\/n\/wp-json\/wp\/v2\/posts\/105404"}],"collection":[{"href":"https:\/\/www.infokuryr.cz\/n\/wp-json\/wp\/v2\/posts"}],"about":[{"href":"https:\/\/www.infokuryr.cz\/n\/wp-json\/wp\/v2\/types\/post"}],"author":[{"embeddable":true,"href":"https:\/\/www.infokuryr.cz\/n\/wp-json\/wp\/v2\/users\/2"}],"replies":[{"embeddable":true,"href":"https:\/\/www.infokuryr.cz\/n\/wp-json\/wp\/v2\/comments?post=105404"}],"version-history":[{"count":0,"href":"https:\/\/www.infokuryr.cz\/n\/wp-json\/wp\/v2\/posts\/105404\/revisions"}],"wp:featuredmedia":[{"embeddable":true,"href":"https:\/\/www.infokuryr.cz\/n\/wp-json\/wp\/v2\/media\/103706"}],"wp:attachment":[{"href":"https:\/\/www.infokuryr.cz\/n\/wp-json\/wp\/v2\/media?parent=105404"}],"wp:term":[{"taxonomy":"category","embeddable":true,"href":"https:\/\/www.infokuryr.cz\/n\/wp-json\/wp\/v2\/categories?post=105404"},{"taxonomy":"post_tag","embeddable":true,"href":"https:\/\/www.infokuryr.cz\/n\/wp-json\/wp\/v2\/tags?post=105404"}],"curies":[{"name":"wp","href":"https:\/\/api.w.org\/{rel}","templated":true}]}}