{"id":105399,"date":"2026-04-26T00:27:50","date_gmt":"2026-04-25T22:27:50","guid":{"rendered":"https:\/\/www.infokuryr.cz\/n\/?p=105399"},"modified":"2026-04-25T06:11:12","modified_gmt":"2026-04-25T04:11:12","slug":"selhani-nejambicioznejsi-filantropicke-aliance-na-svete","status":"publish","type":"post","link":"https:\/\/www.infokuryr.cz\/n\/2026\/04\/26\/selhani-nejambicioznejsi-filantropicke-aliance-na-svete\/","title":{"rendered":"Selh\u00e1n\u00ed nejambici\u00f3zn\u011bj\u0161\u00ed filantropick\u00e9 aliance na sv\u011bt\u011b"},"content":{"rendered":"<div id=\"fb-root\"><\/div>\n<div class=\"elementor-element elementor-element-1fb4c2c elementor-widget elementor-widget-theme-post-content\" data-id=\"1fb4c2c\" data-element_type=\"widget\" data-e-type=\"widget\" data-widget_type=\"theme-post-content.default\">\n<div class=\"elementor-widget-container\">\n<p class=\"has-medium-font-size\"><strong><span dir=\"auto\">Buffett\u016fv spor s Gatesem je osobn\u00ed z\u00e1le\u017eitost. Feder\u00e1ln\u00ed archiv, kter\u00fd je z\u00e1kladem, je v\u0161ak institucion\u00e1ln\u00ed z\u00e1le\u017eitost\u00ed.<\/span><\/strong><\/p>\n<h5 class=\"wp-block-heading\"><em><span dir=\"auto\">Warren Buffett spolu s Billem Gatesem vybudoval jednu z nejv\u00fdznamn\u011bj\u0161\u00edch filantropick\u00fdch instituc\u00ed v historii, daroval j\u00ed v\u00edce ne\u017e 43 miliard dolar\u016f a od doby, kdy americk\u00e9 feder\u00e1ln\u00ed dokumenty podrobn\u011b popisuj\u00ed, na \u010dem se Gates s Jeffreym Epsteinem vlastn\u011b dohodl, s jej\u00edm zakladatelem nepromluvil ani slovo.<\/span><\/em><\/h5>\n<h3 class=\"wp-block-heading\"><span dir=\"auto\">Buffettovo ml\u010den\u00ed nazna\u010duje n\u011bco v\u011bt\u0161\u00edho ne\u017e jen p\u0159eru\u0161en\u00ed p\u0159\u00e1telstv\u00ed<\/span><\/h3>\n<p><span dir=\"auto\">Kdy\u017e Warren Buffett 31. b\u0159ezna v televizi CNBC \u0159ekl, \u017ee s Billem Gatesem nemluvil od zve\u0159ejn\u011bn\u00ed spis\u016f Jeffreyho Epsteina \u2013 a odm\u00edtl pokra\u010dovat ve sv\u00fdch ka\u017edoro\u010dn\u00edch mnohamiliardov\u00fdch darech Nadaci Gatesov\u00fdch \u2013 v\u011bt\u0161ina titulk\u016f to pova\u017eovala za p\u0159\u00edb\u011bh o dvou star\u00fdch p\u0159\u00e1tel\u00edch, kter\u00e9 odcizil skand\u00e1l.<\/span><\/p>\n<p><span dir=\"auto\">To je v\u0161e. Ale je to mnohem v\u00edc ne\u017e to.<\/span><\/p>\n<p><span dir=\"auto\">Buffett nen\u00ed jen Gatesov\u00fdm nejv\u011brn\u011bj\u0161\u00edm d\u00e1rcem. Je architektem cel\u00e9ho filantropick\u00e9ho r\u00e1mce, kter\u00fd Gates vybudoval. Spolu s Gatesem a Melindou French Gatesovou zalo\u017eil Buffett v roce 2010 Giving Pledge (Slib darov\u00e1n\u00ed) \u2013 ve\u0159ejnou mor\u00e1ln\u00ed dohodu, kter\u00e1 vyz\u00fdv\u00e1 nejbohat\u0161\u00ed lidi sv\u011bta, aby darovali alespo\u0148 polovinu sv\u00e9ho jm\u011bn\u00ed na zd\u00e1nliv\u011b charitativn\u00ed \u00fa\u010dely, jako jsou glob\u00e1ln\u00ed kampan\u011b za vym\u00fdcen\u00ed d\u011btsk\u00e9 obrny a souvisej\u00edc\u00edch sledovac\u00edch s\u00edt\u00ed. Kdy\u017e mu\u017e, kter\u00fd pomohl s jeho budov\u00e1n\u00edm, zmlkne a m\u00edsto toho za\u010dne potichu p\u0159esm\u011brov\u00e1vat sv\u00e9 dary do rodinn\u00fdch fond\u016f, vyvst\u00e1v\u00e1 ot\u00e1zka, kterou nikdo v elitn\u00edch filantropick\u00fdch kruz\u00edch nechce vyslovit nahlas:\u00a0<\/span><strong><em><span dir=\"auto\">Je Giving Pledge odsouzen k z\u00e1niku?<\/span><\/em><\/strong><\/p>\n<p><span dir=\"auto\">Existuje st\u00e1le v\u00edce n\u00e1znak\u016f, \u017ee by tomu tak mohlo b\u00fdt.<\/span><\/p>\n<h3 class=\"wp-block-heading has-medium-font-size\"><strong><span dir=\"auto\">Spoluzakladatel se st\u00e1v\u00e1 cool<\/span><\/strong><\/h3>\n<p><span dir=\"auto\">Abychom pochopili rozsah rozkolu, je u\u017eite\u010dn\u00e9 v\u011bd\u011bt, jak toto p\u0159\u00e1telstv\u00ed za\u010dalo. Gates a Buffett se sezn\u00e1mili na za\u010d\u00e1tku 90. let prost\u0159ednictv\u00edm spole\u010dn\u00fdch zn\u00e1m\u00fdch. Gates byl podle sv\u00e9ho vlastn\u00edho vypr\u00e1v\u011bn\u00ed zpo\u010d\u00e1tku skeptick\u00fd k setk\u00e1n\u00ed se slavn\u00fdm \u201eOr\u00e1klem z Omahy\u201c, proto\u017ee nevid\u011bl smysl tr\u00e1vit \u010das s n\u011bk\u00fdm, kdo investuje do v\u011bc\u00ed, m\u00edsto aby je vytv\u00e1\u0159el. Rychle si navz\u00e1jem dok\u00e1zali, \u017ee se m\u00fdlili, sbl\u00ed\u017eilo je konkuren\u010dn\u00ed my\u0161len\u00ed a obchodn\u00ed strategie a podle jejich ve\u0159ejn\u00fdch prohl\u00e1\u0161en\u00ed sd\u00edleli p\u0159esv\u011bd\u010den\u00ed, \u017ee jejich bohatstv\u00ed s sebou nese mor\u00e1ln\u00ed z\u00e1vazek, kter\u00fd p\u0159esahuje jejich vlastn\u00ed hranice. B\u011bhem n\u00e1sleduj\u00edc\u00edch t\u0159\u00ed desetilet\u00ed se Buffett stal spr\u00e1vcem Nadace Gates, oba spolu pravideln\u011b hr\u00e1li brid\u017e a spole\u010dn\u011b zalo\u017eili Giving Pledge jako institucion\u00e1ln\u00ed vyj\u00e1d\u0159en\u00ed sv\u00e9 spole\u010dn\u00e9 filozofie. V ka\u017ed\u00e9m ohledu to bylo jedno z nejv\u00fdznamn\u011bj\u0161\u00edch osobn\u00edch spojenectv\u00ed v modern\u00ed filantropii.<\/span><\/p>\n<figure class=\"wp-block-image aligncenter size-large\"><img decoding=\"async\" loading=\"lazy\" class=\"aligncenter\" src=\"https:\/\/substackcdn.com\/image\/fetch\/$s_!w9BE!,w_1456,c_limit,f_webp,q_auto:good,fl_progressive:steep\/https%3A%2F%2Fsubstack-post-media.s3.amazonaws.com%2Fpublic%2Fimages%2F80eb7710-4b05-4fcb-b8d9-4d5843d85c3e_624x625.jpeg\" alt=\"\" width=\"435\" height=\"436\" \/><\/figure>\n<p><span dir=\"auto\">Pr\u00e1v\u011b proto jsou Buffett\u016fv v\u00fdrok pro CNBC z 31. b\u0159ezna tak pozoruhodn\u00fd. V\u0159ele hovo\u0159il o jejich osobn\u00edm vztahu, i kdy\u017e v\u0161e, co s n\u00edm souviselo, pozastavil. \u201ePo\u010dk\u00e1m a uvid\u00edm, jak se v\u011bci vyvinou,\u201c \u0159ekl na ot\u00e1zku, zda budou dary Nadaci Gates pokra\u010dovat.\u00a0<\/span><strong><span dir=\"auto\">\u201eU\u010d\u00edm se v\u011bci, kter\u00e9 jsem nev\u011bd\u011bl.\u201c<\/span><\/strong><span dir=\"auto\">\u00a0D\u016frazn\u011b dodal, \u017ee nem\u00e1 z\u00e1jem v\u011bd\u011bt p\u0159\u00edli\u0161 mnoho \u2013 \u201eNechci se dostat do situace, kdy budu v\u011bd\u011bt v\u011bci&#8230; a budu p\u0159edvol\u00e1n jako sv\u011bdek\u201c \u2013 prohl\u00e1\u0161en\u00ed, kter\u00e9 nazna\u010duje, \u017ee ji\u017e pe\u010dliv\u011b zva\u017euje pr\u00e1vn\u00ed rizika.<\/span><\/p>\n<p><span dir=\"auto\">Pozn\u00e1mka, \u017ee \u201erad\u011bji neslo\u017e\u00ed p\u0159\u00edsahu\u201c, zazn\u011bla v jeho prvn\u00edch ve\u0159ejn\u00fdch prohl\u00e1\u0161en\u00edch od zve\u0159ejn\u011bn\u00ed dokument\u016f ost\u0159eji, ne\u017e mohl zam\u00fd\u0161let. Jak poznamenal jeden \u010dten\u00e1\u0159 Daily Mailu v sekci koment\u00e1\u0159\u016f: \u201eTo zn\u00ed, jako by o v\u011bcech v\u011bd\u011bl.\u201c Buffett t\u00edm mo\u017en\u00e1 jen myslel, \u017ee je opatrn\u00fd mu\u017e, kter\u00fd se vyh\u00fdb\u00e1 zbyte\u010dn\u00fdm pr\u00e1vn\u00edm z\u00e1drhel\u016fm. Toto prohl\u00e1\u0161en\u00ed v\u0161ak m\u00e1 jinou v\u00e1hu, kdy\u017e poch\u00e1z\u00ed od n\u011bkoho, kdo daroval 43 miliard dolar\u016f instituci, kter\u00e1 je nyn\u00ed st\u0159edem n\u00e1sledk\u016f feder\u00e1ln\u00edho vy\u0161et\u0159ov\u00e1n\u00ed.<\/span><\/p>\n<p><span dir=\"auto\">P\u0159ipustil, \u017ee Gates ho mohl v New Yorku sezn\u00e1mit s Epsteinem \u2013 \u201eJsem vd\u011b\u010dn\u00fd, \u017ee to neud\u011blal\u201c \u2013 pozn\u00e1mka, kter\u00e1 t\u00e9m\u011b\u0159 ledabyle potvrdila, jak propustn\u00e1 je v onom sv\u011bt\u011b hranice mezi spole\u010densk\u00fdm p\u0159ijet\u00edm a vystaven\u00edm se mu. \u201eAle tomu, co se stalo, se nevyhnete,\u201c \u0159ekl.<\/span><\/p>\n<p><span dir=\"auto\">Tak\u00e9 vykreslil Epstein\u016fv obraz, kter\u00fd se to\u010dil stejn\u011b tak o syst\u00e9mech jako o jednotlivc\u00edch \u2013 o tom, jak elitn\u00ed s\u00edt\u011b vytv\u00e1\u0159ej\u00ed podm\u00ednky pro vyko\u0159is\u0165ov\u00e1n\u00ed.\u00a0<\/span><strong><span dir=\"auto\">\u201eM\u011bli jsme tu mu\u017ee, kter\u00fd byl usv\u011bd\u010den\u00fdm zlo\u010dincem, senza\u010dn\u00edm podvodn\u00edkem,\u201c<\/span><\/strong><span dir=\"auto\">\u00a0\u0159ekl Buffett CNBC. \u201eProcento lid\u00ed, kter\u00e9 okradl\u2026 na\u0161el jejich slabinu. Mohl to b\u00fdt sex. Mohla to b\u00fdt moc. Mohlo to b\u00fdt cokoli. A nech\u00e1pu, jak to n\u011bkdo mohl ud\u011blat.\u201c Nazval Epsteina \u201epodvodn\u00edkem v\u0161ech dob\u201c \u2013 a pot\u00e9 u\u010dinil nejosobn\u011bj\u0161\u00ed p\u0159izn\u00e1n\u00ed rozhovoru, kdy\u017e se zamyslel nad sv\u00fdm vlastn\u00edm geografick\u00fdm \u0161t\u011bst\u00edm: \u201eJsem tak r\u00e1d, \u017ee se ten chlap nikdy nezastavil v Omaze. Kdybych \u017eil v New Yorku, byl bych na n\u011bjak\u00e9 p\u00e1rty. Mysl\u00edm, \u017ee bych na n\u011b\u010dem byl.\u201c<\/span><\/p>\n<p><strong><span dir=\"auto\">Byl to vz\u00e1cn\u00fd okam\u017eik up\u0159\u00edmnosti od mu\u017ee, kter\u00fd po sedm desetilet\u00ed vyza\u0159oval neochv\u011bjn\u00e9 sebev\u011bdom\u00ed.<\/span><\/strong><span dir=\"auto\">\u00a0Buffett v podstat\u011b p\u0159iznal, \u017ee s\u00edt\u011b, v nich\u017e Epstein operoval, nebyly vyhrazeny pouze pro mor\u00e1ln\u011b kompromitovan\u00e9. Byly b\u011b\u017enou infrastrukturou americk\u00e9 elity \u2013 a bl\u00edzkost k nim byla do zna\u010dn\u00e9 m\u00edry ot\u00e1zkou n\u00e1hody.<\/span><\/p>\n<p><span dir=\"auto\">Ji\u017e v roce 2024 Buffett nazna\u010dil, \u017ee jeho dary Nadaci Gates\u016f po jeho smrti skon\u010d\u00ed a 99,5 procenta jeho zb\u00fdvaj\u00edc\u00edho majetku m\u00edsto toho p\u016fjde do charitativn\u00edho fondu spravovan\u00e9ho jeho d\u011btmi. Jednalo se o dlouho pl\u00e1novan\u00fd p\u0159echod. Co se zm\u011bnilo, je ml\u010den\u00ed, pozastaven\u00ed st\u00e1vaj\u00edc\u00edch dar\u016f a ve\u0159ejn\u00e9 prohl\u00e1\u0161en\u00ed o nejistot\u011b od mu\u017ee, kter\u00fd nen\u00ed zn\u00e1m\u00fd nejist\u00fdmi ve\u0159ejn\u00fdmi prohl\u00e1\u0161en\u00edmi.<\/span><\/p>\n<h3 class=\"wp-block-heading has-medium-font-size\"><strong><span dir=\"auto\">Slib, kter\u00fd se nespln\u00ed<\/span><\/strong><\/h3>\n<p><span dir=\"auto\">Na\u010dasov\u00e1n\u00ed Buffettova obdob\u00ed klidu nemohlo b\u00fdt pro Gatese hor\u0161\u00ed. V kv\u011btnu 2025, jen n\u011bkolik m\u011bs\u00edc\u016f p\u0159ed \u00fanikem spis\u016f o Epsteinovi, Gates zve\u0159ejnil dlouh\u00fd blogov\u00fd p\u0159\u00edsp\u011bvek, v n\u011bm\u017e ozn\u00e1mil, \u017ee do roku 2045 daruje 99 % sv\u00e9ho jm\u011bn\u00ed \u2013 tehdy Bloomberg odhadoval jeho jm\u011bn\u00ed na zhruba 170 miliard dolar\u016f \u2013 prost\u0159ednictv\u00edm Nadace Gates\u016f, po kter\u00e9m bude instituce trvale uzav\u0159ena. \u201eV p\u0159\u00ed\u0161t\u00edch 20 letech daruji prost\u0159ednictv\u00edm Nadace Gates\u016f prakticky ve\u0161ker\u00e9 sv\u00e9 jm\u011bn\u00ed na z\u00e1chranu a zlep\u0161en\u00ed \u017eivot\u016f po cel\u00e9m sv\u011bt\u011b,\u201c napsal Gates. Poznamenal, \u017ee nadace ji\u017e v prvn\u00edch 25 letech poskytla v\u00edce ne\u017e 100 miliard dolar\u016f a v p\u0159\u00ed\u0161t\u00edch dvou desetilet\u00edch hodl\u00e1 tuto \u010d\u00e1stku zhruba zdvojn\u00e1sobit.<\/span><\/p>\n<figure class=\"wp-block-image aligncenter size-large\"><img decoding=\"async\" loading=\"lazy\" class=\"aligncenter\" src=\"https:\/\/substackcdn.com\/image\/fetch\/$s_!poDE!,w_1456,c_limit,f_webp,q_auto:good,fl_progressive:steep\/https%3A%2F%2Fsubstack-post-media.s3.amazonaws.com%2Fpublic%2Fimages%2F5f2b44bd-35d7-437a-b57f-4815275f8089_1428x1962.png\" alt=\"\" width=\"463\" height=\"636\" \/><\/figure>\n<p><span dir=\"auto\">Ozn\u00e1men\u00ed se na mnoha m\u00edstech setkalo s obdivem, jinde s jak\u00fdmsi vy\u010derp\u00e1n\u00edm.<\/span><\/p>\n<p><span dir=\"auto\">Stephen Findeisen \u2013 investigativn\u00ed novin\u00e1\u0159 \u0161iroce zn\u00e1m\u00fd online jako \u201eCoffeezilla\u201c, kter\u00fd si ud\u011blal jm\u00e9no odhalov\u00e1n\u00edm kryptom\u011bnov\u00fdch a finan\u010dn\u00edch podvod\u016f \u2013 reagoval na X: \u201eSly\u0161\u00edm to u\u017e 15 let a Bill toho m\u00e1 ka\u017ed\u00fd rok v\u00edc.\u201c P\u0159\u00edsp\u011bvek z\u00edskal v\u00edce ne\u017e 450 000 zhl\u00e9dnut\u00ed a 15 000 lajk\u016f \u2013 \u010d\u00edslo, kter\u00e9 nazna\u010duje, \u017ee kritika rezonovala daleko za obvykl\u00fdmi kritiky Gatese. Pozorov\u00e1n\u00ed obsahovalo m\u011b\u0159itelnou pravdu: Navzdory desetilet\u00edm d\u00e1rcovstv\u00ed v rozsahu, kter\u00e9mu se \u017e\u00e1dn\u00fd soukrom\u00fd \u010dlov\u011bk v historii nikdy nevyrovnal, Gatesovo jm\u011bn\u00ed nad\u00e1le roste, co\u017e vyvol\u00e1v\u00e1 ot\u00e1zku, zda filantropick\u00e9 d\u00e1rcovstv\u00ed m\u016f\u017ee n\u011bkdy p\u0159edb\u011bhnout akumulaci kapit\u00e1lu na vrcholu rozd\u011blen\u00ed bohatstv\u00ed.<\/span><\/p>\n<p><span dir=\"auto\">Tato kritika existovala u\u017e p\u0159ed Epsteinem. Dokumenty j\u00ed dodaly v\u011bt\u0161\u00ed v\u00e1hu.<\/span><\/p>\n<div class=\"twitter-tweet twitter-tweet-rendered\"><iframe id=\"twitter-widget-0\" class=\"\" title=\"X Post\" src=\"https:\/\/platform.twitter.com\/embed\/Tweet.html?dnt=false&amp;embedId=twitter-widget-0&amp;features=eyJ0ZndfdGltZWxpbmVfbGlzdCI6eyJidWNrZXQiOltdLCJ2ZXJzaW9uIjpudWxsfSwidGZ3X2ZvbGxvd2VyX2NvdW50X3N1bnNldCI6eyJidWNrZXQiOnRydWUsInZlcnNpb24iOm51bGx9LCJ0ZndfdHdlZXRfZWRpdF9iYWNrZW5kIjp7ImJ1Y2tldCI6Im9uIiwidmVyc2lvbiI6bnVsbH0sInRmd19yZWZzcmNfc2Vzc2lvbiI6eyJidWNrZXQiOiJvbiIsInZlcnNpb24iOm51bGx9LCJ0ZndfZm9zbnJfc29mdF9pbnRlcnZlbnRpb25zX2VuYWJsZWQiOnsiYnVja2V0Ijoib24iLCJ2ZXJzaW9uIjpudWxsfSwidGZ3X21peGVkX21lZGlhXzE1ODk3Ijp7ImJ1Y2tldCI6InRyZWF0bWVudCIsInZlcnNpb24iOm51bGx9LCJ0ZndfZXhwZXJpbWVudHNfY29va2llX2V4cGlyYXRpb24iOnsiYnVja2V0IjoxMjA5NjAwLCJ2ZXJzaW9uIjpudWxsfSwidGZ3X3Nob3dfYmlyZHdhdGNoX3Bpdm90c19lbmFibGVkIjp7ImJ1Y2tldCI6Im9uIiwidmVyc2lvbiI6bnVsbH0sInRmd19kdXBsaWNhdGVfc2NyaWJlc190b19zZXR0aW5ncyI6eyJidWNrZXQiOiJvbiIsInZlcnNpb24iOm51bGx9LCJ0ZndfdXNlX3Byb2ZpbGVfaW1hZ2Vfc2hhcGVfZW5hYmxlZCI6eyJidWNrZXQiOiJvbiIsInZlcnNpb24iOm51bGx9LCJ0ZndfdmlkZW9faGxzX2R5bmFtaWNfbWFuaWZlc3RzXzE1MDgyIjp7ImJ1Y2tldCI6InRydWVfYml0cmF0ZSIsInZlcnNpb24iOm51bGx9LCJ0ZndfbGVnYWN5X3RpbWVsaW5lX3N1bnNldCI6eyJidWNrZXQiOnRydWUsInZlcnNpb24iOm51bGx9LCJ0ZndfdHdlZXRfZWRpdF9mcm9udGVuZCI6eyJidWNrZXQiOiJvbiIsInZlcnNpb24iOm51bGx9fQ%3D%3D&amp;frame=false&amp;hideCard=false&amp;hideThread=false&amp;id=1920723618482327789&amp;lang=cs&amp;origin=https%3A%2F%2Funcutnews.ch%2Fdas-scheitern-des-ehrgeizigsten-philanthropischen-buendnisses-der-welt%2F&amp;sessionId=9ae63425a5fb1a8ec600ed78d3decedb67a152a9&amp;theme=light&amp;widgetsVersion=2615f7e52b7e0%3A1702314776716&amp;width=550px\" frameborder=\"0\" scrolling=\"no\" allowfullscreen=\"allowfullscreen\" data-tweet-id=\"1920723618482327789\" data-mce-fragment=\"1\"><\/iframe><\/div>\n<p><em><strong><span dir=\"auto\">P\u0159eklady \u201eX\u201c<\/span><\/strong><span dir=\"auto\">\u00a0: Sly\u0161\u00edm to u\u017e 15 let a ka\u017ed\u00fd rok toho Bill rozd\u00e1v\u00e1 je\u0161t\u011b v\u00edc.<\/span><\/em><\/p>\n<p><em><span dir=\"auto\">Bill Gates se rozd\u00e1v\u00e1 t\u00e9m\u011b\u0159 cel\u00fd sv\u016fj majetek ve v\u00fd\u0161i 200 miliard dolar\u016f, ponech\u00e1v\u00e1 si pouze jedno procento a z\u00e1rove\u0148 ru\u0161\u00ed Nadaci Billa a Melindy Gatesov\u00fdch.<\/span><\/em><\/p>\n<h3 class=\"wp-block-heading has-medium-font-size\"><strong><span dir=\"auto\">Slib pod tlakem<\/span><\/strong><\/h3>\n<p><span dir=\"auto\">Iniciativa Giving Pledge (Slib darov\u00e1n\u00ed) se objevila v ur\u010dit\u00e9m okam\u017eiku \u2013 v dob\u011b, kdy mohla b\u00fdt mor\u00e1ln\u00ed legitimita obrovsk\u00e9ho soukrom\u00e9ho bohatstv\u00ed v o\u010d\u00edch mnoh\u00fdch obnovena prost\u0159ednictv\u00edm pod\u00edvan\u00e9 na jeho dobrovoln\u00e9 rozd\u011blen\u00ed. N\u011bjakou dobu to fungovalo. Seznam signat\u00e1\u0159\u016f v prvn\u00edch letech iniciativy rychle rostl a nakonec zahrnoval v\u00edce ne\u017e 250 d\u00e1rc\u016f z 30 zem\u00ed,\u00a0<\/span><strong><span dir=\"auto\">kte\u0159\u00ed spole\u010dn\u011b p\u0159isl\u00edbili odhadovan\u00fdch 600 miliard dolar\u016f.<\/span><\/strong><\/p>\n<p><span dir=\"auto\">R\u016fst se zastavil. V roce 2024 se p\u0159idali pouze \u010dty\u0159i nov\u00ed signat\u00e1\u0159i a v roce 2025 jich bylo 14 \u2013 kapka v mo\u0159i vzhledem k tomu, \u017ee Forbes nyn\u00ed odhaduje glob\u00e1ln\u00ed t\u0159\u00eddu miliard\u00e1\u0159\u016f na v\u00edce ne\u017e 3 400 lid\u00ed. Po\u010det t\u011bch, kte\u0159\u00ed odch\u00e1zej\u00ed, je v\u0161ak v\u00fdznamn\u011bj\u0161\u00ed ne\u017e po\u010det nov\u00fdch signat\u00e1\u0159\u016f.<\/span><\/p>\n<p><span dir=\"auto\">Peter Thiel, kter\u00fd nikdy nepodepsal, vede jakousi aktivn\u00ed protikampa\u0148. V rozhovorech pro The New York Times a dal\u0161\u00ed m\u00e9dia ozna\u010dil Giving Pledge za \u201efale\u0161n\u00fd klub generace \u201ebaby boomers\u201c spojen\u00fd s Epsteinem\u201c a potvrdil, \u017ee \u201ed\u016frazn\u011b lidi od podpisu odrazoval\u201c a \u201ejemn\u011b je povzbuzoval k odstoupen\u00ed\u201c. Nejv\u00fdrazn\u011bji pak \u0159ekl Elonu Muskovi \u2013 kter\u00fd podepsal a od t\u00e9 doby se stal prvn\u00edm bilion\u00e1\u0159em na sv\u011bt\u011b \u2013 \u017ee jeho sl\u00edben\u00e9 bohatstv\u00ed nakonec \u201ep\u016fjde levicov\u00fdm neziskov\u00fdm organizac\u00edm, kter\u00e9 osobn\u011b vybral Bill Gates\u201c. \u201eV\u011bt\u0161ina lid\u00ed, se kter\u00fdmi jsem mluvil,\u201c \u0159ekl Thiel o signat\u00e1\u0159\u00edch, se kter\u00fdmi mluvil, \u201ealespo\u0148 vyj\u00e1d\u0159ila l\u00edtost nad podpisem.\u201c<\/span><\/p>\n<figure class=\"wp-block-image aligncenter size-large\"><img decoding=\"async\" loading=\"lazy\" class=\"aligncenter\" src=\"https:\/\/substackcdn.com\/image\/fetch\/$s_!pxvL!,w_1456,c_limit,f_webp,q_auto:good,fl_progressive:steep\/https%3A%2F%2Fsubstack-post-media.s3.amazonaws.com%2Fpublic%2Fimages%2F81329a75-ec8b-4c98-adbe-3ff375efc572_944x958.png\" alt=\"\" width=\"506\" height=\"513\" \/><\/figure>\n<p><span dir=\"auto\">Brian Armstrong, zakladatel Coinbase, v roce 2024 ti\u0161e odstranil sv\u00e9 jm\u00e9no z webov\u00fdch str\u00e1nek iniciativy. Larry Ellison, jeden z prvn\u00edch signat\u00e1\u0159\u016f, ozn\u00e1mil, \u017ee \u201ep\u0159eorientov\u00e1v\u00e1\u201c sv\u016fj z\u00e1vazek a p\u0159esouv\u00e1 svou pozornost na komer\u010dn\u00ed v\u011bdeck\u00e9 projekty sp\u00ed\u0161e ne\u017e na tradi\u010dn\u00ed neziskov\u00e9 kan\u00e1ly. Melinda French Gatesov\u00e1, kter\u00e1 iniciativu spoluzalo\u017eila a v roce 2024 opustila Gatesovu nadaci, aby zalo\u017eila vlastn\u00ed filantropickou organizaci, uznala sm\u00ed\u0161en\u00e9 v\u00fdsledky sv\u00fdm charakteristick\u00fdm zdr\u017eenliv\u00fdm prohl\u00e1\u0161en\u00edm: \u201eN\u011bkte\u0159\u00ed to d\u011blaj\u00ed, n\u011bkte\u0159\u00ed to zkou\u0161ej\u00ed a n\u011bkte\u0159\u00ed je\u0161t\u011b nejsou p\u0159ipraveni. P\u0159\u00e1la bych si, abychom s touto iniciativou byli je\u0161t\u011b \u00fasp\u011b\u0161n\u011bj\u0161\u00ed ne\u017e doposud.\u201c<\/span><\/p>\n<div class=\"elementor-element elementor-element-1fb4c2c elementor-widget elementor-widget-theme-post-content\" data-id=\"1fb4c2c\" data-element_type=\"widget\" data-e-type=\"widget\" data-widget_type=\"theme-post-content.default\">\n<div class=\"elementor-widget-container\"><\/div>\n<\/div>\n<div class=\"elementor-element elementor-element-8c57238 quelle dc-has-condition dc-condition-empty elementor-widget elementor-widget-heading\" data-id=\"8c57238\" data-element_type=\"widget\" data-e-type=\"widget\" data-widget_type=\"heading.default\">\n<div class=\"elementor-widget-container\">\n<p class=\"elementor-heading-title elementor-size-default\"><strong><em><span dir=\"auto\">Od Sayera Jiho<\/span><\/em><\/strong><\/p>\n<\/div>\n<\/div>\n<\/div>\n<\/div>\n<div class=\"elementor-element elementor-element-8c57238 quelle dc-has-condition dc-condition-empty elementor-widget elementor-widget-heading\" data-id=\"8c57238\" data-element_type=\"widget\" data-e-type=\"widget\" data-widget_type=\"heading.default\">\n<div class=\"elementor-widget-container\">\n<h3 class=\"elementor-heading-title elementor-size-default\"><span style=\"font-size: 10pt;\"><a href=\"https:\/\/sayerji.substack.com\/p\/the-unraveling-of-the-worlds-most?utm_source=post-email-title&amp;publication_id=2878303&amp;post_id=192900268&amp;utm_campaign=email-post-title&amp;isFreemail=true&amp;r=pf6gr&amp;triedRedirect=true&amp;utm_medium=email\" target=\"_blank\" rel=\"nofollow noopener\"><span dir=\"auto\">Zdroj<\/span><\/a><\/span><\/h3>\n<p>&nbsp;<\/p>\n<\/div>\n<\/div>\n","protected":false},"excerpt":{"rendered":"<p>Buffett\u016fv spor s Gatesem je osobn\u00ed z\u00e1le\u017eitost. Feder\u00e1ln\u00ed archiv, kter\u00fd je z\u00e1kladem, je v\u0161ak institucion\u00e1ln\u00ed&#8230;<\/p>\n","protected":false},"author":2,"featured_media":105400,"comment_status":"closed","ping_status":"closed","sticky":false,"template":"","format":"standard","meta":[],"categories":[7],"tags":[1876,511,10192,1503],"_links":{"self":[{"href":"https:\/\/www.infokuryr.cz\/n\/wp-json\/wp\/v2\/posts\/105399"}],"collection":[{"href":"https:\/\/www.infokuryr.cz\/n\/wp-json\/wp\/v2\/posts"}],"about":[{"href":"https:\/\/www.infokuryr.cz\/n\/wp-json\/wp\/v2\/types\/post"}],"author":[{"embeddable":true,"href":"https:\/\/www.infokuryr.cz\/n\/wp-json\/wp\/v2\/users\/2"}],"replies":[{"embeddable":true,"href":"https:\/\/www.infokuryr.cz\/n\/wp-json\/wp\/v2\/comments?post=105399"}],"version-history":[{"count":0,"href":"https:\/\/www.infokuryr.cz\/n\/wp-json\/wp\/v2\/posts\/105399\/revisions"}],"wp:featuredmedia":[{"embeddable":true,"href":"https:\/\/www.infokuryr.cz\/n\/wp-json\/wp\/v2\/media\/105400"}],"wp:attachment":[{"href":"https:\/\/www.infokuryr.cz\/n\/wp-json\/wp\/v2\/media?parent=105399"}],"wp:term":[{"taxonomy":"category","embeddable":true,"href":"https:\/\/www.infokuryr.cz\/n\/wp-json\/wp\/v2\/categories?post=105399"},{"taxonomy":"post_tag","embeddable":true,"href":"https:\/\/www.infokuryr.cz\/n\/wp-json\/wp\/v2\/tags?post=105399"}],"curies":[{"name":"wp","href":"https:\/\/api.w.org\/{rel}","templated":true}]}}