{"id":105386,"date":"2026-04-26T00:22:01","date_gmt":"2026-04-25T22:22:01","guid":{"rendered":"https:\/\/www.infokuryr.cz\/n\/?p=105386"},"modified":"2026-04-25T05:52:46","modified_gmt":"2026-04-25T03:52:46","slug":"cesta-k-vlastni-fve-bez-vstupnich-nakladu-vede-pres-bezurocny-uver-a-program-nzu","status":"publish","type":"post","link":"https:\/\/www.infokuryr.cz\/n\/2026\/04\/26\/cesta-k-vlastni-fve-bez-vstupnich-nakladu-vede-pres-bezurocny-uver-a-program-nzu\/","title":{"rendered":"Cesta k vlastn\u00ed FVE bez vstupn\u00edch n\u00e1klad\u016f vede p\u0159es bez\u00faro\u010dn\u00fd \u00fav\u011br a program NZ\u00da"},"content":{"rendered":"<div id=\"fb-root\"><\/div>\n<p><strong>Podpora dom\u00e1c\u00edch fotovoltaik (FVE) proch\u00e1z\u00ed nejv\u011bt\u0161\u00ed prom\u011bnou za posledn\u00ed roky. St\u00e1t finalizuje pravidla nov\u00e9 etapy, kter\u00e1 u v\u011bt\u0161iny dom\u00e1cnost\u00ed nahrazuje jednor\u00e1zov\u00e9 dotace modelem bez\u00faro\u010dn\u00e9ho financov\u00e1n\u00ed. V\u011bt\u0161\u00ed d\u016fraz je kladen na dlouhodob\u00e9 sni\u017eov\u00e1n\u00ed n\u00e1klad\u016f za energie. Nov\u00fd model se jev\u00ed jako je\u0161t\u011b v\u00fdhodn\u011bj\u0161\u00ed zp\u016fsob, jak si po\u0159\u00eddit FVE, sn\u00ed\u017eit \u00fa\u010dty za elekt\u0159inu a z\u00edskat energetickou nez\u00e1vislost.<\/strong><\/p>\n<p>P\u0159esto\u017ee fin\u00e1ln\u00ed podm\u00ednky programu Nov\u00e1 zelen\u00e1 \u00faspor\u00e1m maj\u00ed b\u00fdt zve\u0159ejn\u011bny b\u011bhem n\u00e1sleduj\u00edc\u00edch n\u011bkolika t\u00fddn\u016f, u\u017e nyn\u00ed jsou zn\u00e1m\u00e9 z\u00e1kladn\u00ed principy, podle kter\u00fdch bude nov\u00fd syst\u00e9m fungovat. <em>\u201eM\u011bn\u00ed se samotn\u00e1 filozofie podpory. U\u017e nep\u016fjde prim\u00e1rn\u011b o to, stihnout podat \u017e\u00e1dost v\u010das a z\u00edskat jednor\u00e1zovou dotaci. Nov\u00fd syst\u00e9m bude mnohem v\u00edce zam\u011b\u0159en\u00fd na dlouhodob\u00e9 \u00faspory, spr\u00e1vn\u011b navr\u017een\u00e1 \u0159e\u0161en\u00ed a efektivn\u00ed financov\u00e1n\u00ed. Z\u00e1jemci o FVE se mohou za\u010d\u00edt p\u0159ipravovat u\u017e nyn\u00ed,\u201c<\/em> <strong>p\u0159edstavuje Martin Palar\u010d\u00edk, p\u0159edseda rady jednatel\u016f PREsolidsun<\/strong>.<\/p>\n<p><strong>P\u0159\u00edm\u00e9 dotace z\u016fstanou hlavn\u011b pro n\u00edzkop\u0159\u00edjmov\u00e9 dom\u00e1cnosti<\/strong><\/p>\n<p>Nejv\u011bt\u0161\u00ed zm\u011bnou je omezen\u00ed p\u0159\u00edm\u00fdch dotac\u00ed pro v\u011bt\u0161inu dom\u00e1cnost\u00ed v\u00a0rodinn\u00fdch domech. Ty\u00a0budou nov\u011b zachov\u00e1ny v programu Nov\u00e1 zelen\u00e1 \u00faspor\u00e1m Light, kter\u00fd bude ur\u010den pro n\u00edzkop\u0159\u00edjmov\u00e9 dom\u00e1cnosti v nezateplen\u00fdch nebo energeticky ne\u00fasporn\u00fdch domech. Tyto dom\u00e1cnosti mohou i nad\u00e1le z\u00edskat p\u0159\u00edmou dotaci vypl\u00e1cenou p\u0159edem, a to a\u017e 150 000 korun na instalaci FVE \u010di jin\u00e9ho obnoviteln\u00e9ho zdroje.<\/p>\n<p>Odli\u0161n\u00e1 situace nast\u00e1v\u00e1 u bytov\u00fdch dom\u016f \u2013 pokud se cel\u00fd d\u016fm rozhodne pro renovaci, st\u00e1t vyplat\u00ed soci\u00e1ln\u00ed bonus a\u017e 150 000 korun za ka\u017ed\u00fd byt obsazen\u00fd n\u00edzkop\u0159\u00edjmovou rodinou. Tento bonus slou\u017e\u00ed k p\u0159\u00edm\u00e9mu sn\u00ed\u017een\u00ed n\u00e1klad\u016f dan\u00e9 rodiny na spole\u010dnou rekonstrukci, tak\u017ee se j\u00ed i p\u0159es modernizaci domu nezv\u00fd\u0161\u00ed m\u011bs\u00ed\u010dn\u00ed p\u0159\u00edsp\u011bvek do fondu oprav. Pro ostatn\u00ed dom\u00e1cnosti bude hlavn\u00edm n\u00e1strojem podpory bez\u00faro\u010dn\u00fd \u00fav\u011br.<\/p>\n<p><strong>Bez\u00faro\u010dn\u00e9 \u00fav\u011bry nahrad\u00ed \u010d\u00e1st dosavadn\u00edch dotac\u00ed<\/strong><\/p>\n<p>Nov\u011b budou moci dom\u00e1cnosti, SVJ a bytov\u00e1 dru\u017estva vyu\u017e\u00edt bez\u00faro\u010dn\u00e9 \u00fav\u011bry na energetick\u00e9 renovace, FVE, tepeln\u00e1 \u010derpadla, zateplen\u00ed, v\u00fdm\u011bnu oken, rekuperaci nebo dal\u0161\u00ed opat\u0159en\u00ed. \u00dav\u011bry budou poskytovat banky a stavebn\u00ed spo\u0159itelny, zat\u00edmco \u00faroky uhrad\u00ed za \u017e\u00e1daj\u00edc\u00ed st\u00e1t. D\u00edky tomu dom\u00e1cnosti z\u00edskaj\u00ed financov\u00e1n\u00ed s nulov\u00fdm \u00farokem, typicky se splatnost\u00ed deset a\u017e patn\u00e1ct let.<\/p>\n<p><em>\u201eNa prvn\u00ed pohled m\u016f\u017ee bez\u00faro\u010dn\u00fd \u00fav\u011br p\u016fsobit m\u00e9n\u011b atraktivn\u011b ne\u017e p\u0159\u00edm\u00e1 dotace. Ve\u00a0skute\u010dnosti ale m\u016f\u017ee b\u00fdt pro mnoho dom\u00e1cnost\u00ed v\u00fdhodn\u011bj\u0161\u00ed. Pokud by si lid\u00e9 dnes brali b\u011b\u017en\u00fd \u00fav\u011br s \u00farokem kolem 6 %, b\u011bhem let zaplat\u00ed na \u00faroc\u00edch v\u00fdznamnou \u010d\u00e1stku nav\u00edc. U\u00a0bez\u00faro\u010dn\u00e9ho \u00fav\u011bru tyto n\u00e1klady p\u0159eb\u00edr\u00e1 st\u00e1t,\u201c <\/em><strong>vysv\u011btluje Martin Palar\u010d\u00edk<\/strong>.<\/p>\n<p>Podle SolidSunu m\u016f\u017ee spr\u00e1vn\u011b navr\u017een\u00e9 \u0159e\u0161en\u00ed v kombinaci s \u00fasporami za energie v\u00e9st k\u00a0tomu, \u017ee m\u011bs\u00ed\u010dn\u00ed \u00faspora dom\u00e1cnosti bude dlouhodob\u011b srovnateln\u00e1 nebo vy\u0161\u0161\u00ed ne\u017e samotn\u00e1 spl\u00e1tka \u00fav\u011bru. Nav\u00edc ihned po spu\u0161t\u011bn\u00ed FVE za\u010dnou \u0161et\u0159it za v\u00fddaje na elekt\u0159inu.<\/p>\n<table>\n<tbody>\n<tr>\n<td colspan=\"2\" width=\"444\"><strong>Modelov\u00fd p\u0159\u00edklad financov\u00e1n\u00ed FVE bez\u00faro\u010dn\u00fdm \u00fav\u011brem<\/strong><\/td>\n<\/tr>\n<tr>\n<td width=\"264\"><strong>Investice<\/strong><\/td>\n<td width=\"180\">350\u00a0000 K\u010d<\/td>\n<\/tr>\n<tr>\n<td width=\"264\"><strong>Doba spl\u00e1cen\u00ed<\/strong><\/td>\n<td width=\"180\">15 let<\/td>\n<\/tr>\n<tr>\n<td width=\"264\"><strong>Podpora st\u00e1tu na \u00faroc\u00edch<\/strong><\/td>\n<td width=\"180\">181\u00a0000 K\u010d<\/td>\n<\/tr>\n<tr>\n<td width=\"264\"><strong>M\u011bs\u00ed\u010dn\u00ed spl\u00e1tka FVE<\/strong><\/td>\n<td width=\"180\">1\u00a0944 K\u010d<\/td>\n<\/tr>\n<tr>\n<td width=\"264\"><strong>M\u011bs\u00ed\u010dn\u00ed \u00faspora na elekt\u0159in\u011b d\u00edky FVE<\/strong><\/td>\n<td width=\"180\"><strong>a\u017e 2\u00a0900 K\u010d<\/strong><\/td>\n<\/tr>\n<tr>\n<td width=\"264\"><strong>Ro\u010dn\u00ed \u00faspora na elekt\u0159in\u011b d\u00edky FVE<\/strong><\/td>\n<td width=\"180\"><strong>a\u017e 35\u00a0000 K\u010d<\/strong><\/td>\n<\/tr>\n<tr>\n<td width=\"264\"><strong>\u010cist\u00fd m\u011bs\u00ed\u010dn\u00ed p\u0159\u00ednos do rozpo\u010dtu<\/strong><\/td>\n<td width=\"180\"><strong>+ 956 K\u010d<\/strong><\/td>\n<\/tr>\n<\/tbody>\n<\/table>\n<p><strong>Kl\u00ed\u010dovou roli bude m\u00edt renova\u010dn\u00ed pas<\/strong><\/p>\n<p>Dal\u0161\u00ed z\u00e1sadn\u00ed zm\u011bnou bude povinn\u00fd renova\u010dn\u00ed pas. Tento dokument zpracuje energetick\u00fd specialista a bude slou\u017eit jako z\u00e1klad n\u00e1vrhu cel\u00e9 renovace. <em>\u201eRenova\u010dn\u00ed pas bude nov\u011b jedn\u00edm z kl\u00ed\u010dov\u00fdch podklad\u016f k z\u00edsk\u00e1n\u00ed podpory. V\u00edme, \u017ee pro \u0159adu \u017eadatel\u016f m\u016f\u017ee b\u00fdt orientace v cel\u00e9m procesu slo\u017eit\u00e1, proto z\u00e1kazn\u00edk\u016fm pom\u016f\u017eeme nejen s n\u00e1vrhem technologie, ale zajist\u00edme za n\u011b tak\u00e9 vy\u0159\u00edzen\u00ed renova\u010dn\u00edho pasu a n\u00e1vazn\u00e9 administrativy jako sou\u010d\u00e1st servisu,\u201c<\/em> <strong>vyzdvihuje Martin Palar\u010d\u00edk<\/strong>.<\/p>\n<p>Renova\u010dn\u00ed pas posoud\u00ed aktu\u00e1ln\u00ed stav domu, ur\u010d\u00ed hlavn\u00ed m\u00edsta energetick\u00fdch ztr\u00e1t a navrhne optim\u00e1ln\u00ed postup jednotliv\u00fdch opat\u0159en\u00ed. D\u00edky tomu budou dom\u00e1cnosti schopn\u00e9 investovat do \u0159e\u0161en\u00ed, kter\u00e1 na sebe logicky navazuj\u00ed a p\u0159in\u00e1\u0161ej\u00ed nejv\u011bt\u0161\u00ed \u00fasporu. Bez renova\u010dn\u00edho pasu nebude mo\u017en\u00e9 o\u00a0podporu \u017e\u00e1dat.<\/p>\n<p><em>\u201eFotovoltaick\u00e1 elektr\u00e1rna u\u017e nebude vn\u00edm\u00e1na jako samostatn\u00fd produkt. Kl\u00ed\u010dov\u00e9 bude, jak dob\u0159e je cel\u00fd syst\u00e9m navr\u017een\u00fd. Nejv\u011bt\u0161\u00ed efekt dnes p\u0159in\u00e1\u0161\u00ed kombinace FVE, bateriov\u00e9ho \u00falo\u017ei\u0161t\u011b, dob\u00edjec\u00ed stanice pro elektromobily, chytr\u00e9ho \u0159\u00edzen\u00ed spot\u0159eby, p\u0159\u00edpadn\u011b tepeln\u00e9ho \u010derpadla a dal\u0161\u00edch technologi\u00ed podle typu domu. Pr\u00e1v\u011b proto bude kvalitn\u00ed p\u0159\u00edprava projektu je\u0161t\u011b d\u016fle\u017eit\u011bj\u0161\u00ed ne\u017e d\u0159\u00edve,\u201c<\/em> <strong>dopl\u0148uje Martin Palar\u010d\u00edk<\/strong>.<\/p>\n<p><strong>FVE z\u016fst\u00e1v\u00e1 d\u016fle\u017eitou sou\u010d\u00e1st\u00ed \u00fasporn\u00fdch opat\u0159en\u00ed<\/strong><\/p>\n<p>P\u0159esto\u017ee se m\u011bn\u00ed syst\u00e9m financov\u00e1n\u00ed, fotovoltaick\u00e9 elektr\u00e1rny z\u016fst\u00e1vaj\u00ed jedn\u00edm z kl\u00ed\u010dov\u00fdch opat\u0159en\u00ed ke sni\u017eov\u00e1n\u00ed n\u00e1klad\u016f na energie.<\/p>\n<p>Technick\u00e9 po\u017eadavky maj\u00ed podle dosavadn\u00edch informac\u00ed navazovat na podm\u00ednky p\u0159edchoz\u00edch v\u00fdzev. Dom\u00e1cnosti, kter\u00e9 ji\u017e maj\u00ed projekt p\u0159ipraven\u00fd, by tak ve v\u011bt\u0161in\u011b p\u0159\u00edpad\u016f nemusely \u0159e\u0161en\u00ed z\u00e1sadn\u011b p\u0159epracov\u00e1vat.<\/p>\n<p><strong>O\u010dek\u00e1van\u00fd harmonogram programu<\/strong><\/p>\n<p><img decoding=\"async\" loading=\"lazy\" class=\"wp-image-105388 aligncenter\" src=\"http:\/\/www.infokuryr.cz\/n\/wp-content\/uploads\/2026\/04\/Infografika-SolidSun-NZU-261x300.jpg\" alt=\"\" width=\"404\" height=\"464\" srcset=\"https:\/\/www.infokuryr.cz\/n\/wp-content\/uploads\/2026\/04\/Infografika-SolidSun-NZU-261x300.jpg 261w, https:\/\/www.infokuryr.cz\/n\/wp-content\/uploads\/2026\/04\/Infografika-SolidSun-NZU-890x1024.jpg 890w, https:\/\/www.infokuryr.cz\/n\/wp-content\/uploads\/2026\/04\/Infografika-SolidSun-NZU-768x884.jpg 768w, https:\/\/www.infokuryr.cz\/n\/wp-content\/uploads\/2026\/04\/Infografika-SolidSun-NZU.jpg 989w\" sizes=\"(max-width: 404px) 100vw, 404px\" \/><\/p>\n<p>Podle aktu\u00e1ln\u011b zn\u00e1m\u00fdch informac\u00ed bude nov\u00fd program spou\u0161t\u011bn postupn\u011b b\u011bhem roku 2026. B\u011bhem n\u011bkolika t\u00fddn\u016f by m\u011bly b\u00fdt zve\u0159ejn\u011bny fin\u00e1ln\u00ed podm\u00ednky programu, konkr\u00e9tn\u00ed parametry bez\u00faro\u010dn\u00fdch \u00fav\u011br\u016f a seznam zapojen\u00fdch bank.<\/p>\n<p>V\u00a0l\u00e9t\u011b se n\u00e1sledn\u011b o\u010dek\u00e1v\u00e1 spu\u0161t\u011bn\u00ed p\u0159\u00edjmu \u017e\u00e1dost\u00ed a technick\u00e9ho posuzov\u00e1n\u00ed projekt\u016f. Na\u00a0podzim by banky m\u011bly za\u010d\u00edt poskytovat bez\u00faro\u010dn\u00e9 \u00fav\u011bry. Experti na energie doporu\u010duj\u00ed dom\u00e1cnostem, SVJ a bytov\u00fdm dru\u017estv\u016fm, aby ne\u010dekaly a\u017e na zve\u0159ejn\u011bn\u00ed fin\u00e1ln\u00edch podm\u00ednek a za\u010daly s p\u0159\u00edpravou u\u017e nyn\u00ed.<\/p>\n<p><strong>Co z\u00e1jemci mohou ud\u011blat ji\u017e nyn\u00ed<\/strong><\/p>\n<p>D\u016fle\u017eit\u00e9 je vyhodnotit aktu\u00e1ln\u00ed spot\u0159ebu energie, stav domu, mo\u017enosti st\u0159echy pro FVE, vhodnost bateriov\u00e9ho \u00falo\u017ei\u0161t\u011b nebo propojen\u00ed s tepeln\u00fdm \u010derpadlem. Pr\u00e1v\u011b v\u010dasn\u00e1 p\u0159\u00edprava m\u016f\u017ee v\u00fdrazn\u011b zkr\u00e1tit cel\u00fd proces po spu\u0161t\u011bn\u00ed programu.<\/p>\n<p><em>\u201eV\u0161ichni, kte\u0159\u00ed za\u010dnou \u0159e\u0161en\u00ed p\u0159ipravovat v\u010das, budou m\u00edt v\u00fdhodu. Jakmile budou v kv\u011btnu zn\u00e1m\u00e9 podm\u00ednky, budou moci rychle reagovat, upravit projekt podle konkr\u00e9tn\u00edch pravidel a\u00a0podat \u017e\u00e1dost bez zbyte\u010dn\u00e9ho odkladu,\u201c<\/em> <strong>\u0159\u00edk\u00e1 Martin Palar\u010d\u00edk<\/strong>.<\/p>\n<p>SolidSun je ji\u017e nyn\u00ed p\u0159ipraven na nov\u00e1 pravidla a nab\u00edz\u00ed kompletn\u00ed podporu od n\u00e1vrhu \u0159e\u0161en\u00ed p\u0159es zaji\u0161t\u011bn\u00ed renova\u010dn\u00edho pasu a\u017e po vy\u0159\u00edzen\u00ed \u017e\u00e1dost\u00ed a samotnou realizaci.<\/p>\n<p><em>\u201eNa\u0161\u00edm c\u00edlem nen\u00ed jen dodat technologii, ale navrhnout \u0159e\u0161en\u00ed, kter\u00e9 bude ekonomicky d\u00e1vat smysl po mnoho let. Sledujeme v\u00fdvoj programu pr\u016fb\u011b\u017en\u011b a z\u00e1jemc\u016fm jsme p\u0159ipraveni pomoci s cel\u00fdm procesem od prvn\u00edho n\u00e1vrhu a\u017e po spu\u0161t\u011bn\u00ed elektr\u00e1rny,\u201c<\/em> <strong>uzav\u00edr\u00e1 Martin Palar\u010d\u00edk<\/strong>.<\/p>\n<p><img decoding=\"async\" loading=\"lazy\" class=\"alignnone size-full wp-image-1185\" src=\"http:\/\/www.infokuryr.cz\/n\/wp-content\/uploads\/2021\/04\/kuryr-podpis.png\" alt=\"\" width=\"84\" height=\"24\" \/><\/p>\n<p>&nbsp;<\/p>\n","protected":false},"excerpt":{"rendered":"<p>Podpora dom\u00e1c\u00edch fotovoltaik (FVE) proch\u00e1z\u00ed nejv\u011bt\u0161\u00ed prom\u011bnou za posledn\u00ed roky. St\u00e1t finalizuje pravidla nov\u00e9 etapy,&#8230;<\/p>\n","protected":false},"author":2,"featured_media":105387,"comment_status":"closed","ping_status":"closed","sticky":false,"template":"","format":"standard","meta":[],"categories":[6],"tags":[1042,285,6402,331],"_links":{"self":[{"href":"https:\/\/www.infokuryr.cz\/n\/wp-json\/wp\/v2\/posts\/105386"}],"collection":[{"href":"https:\/\/www.infokuryr.cz\/n\/wp-json\/wp\/v2\/posts"}],"about":[{"href":"https:\/\/www.infokuryr.cz\/n\/wp-json\/wp\/v2\/types\/post"}],"author":[{"embeddable":true,"href":"https:\/\/www.infokuryr.cz\/n\/wp-json\/wp\/v2\/users\/2"}],"replies":[{"embeddable":true,"href":"https:\/\/www.infokuryr.cz\/n\/wp-json\/wp\/v2\/comments?post=105386"}],"version-history":[{"count":1,"href":"https:\/\/www.infokuryr.cz\/n\/wp-json\/wp\/v2\/posts\/105386\/revisions"}],"predecessor-version":[{"id":105389,"href":"https:\/\/www.infokuryr.cz\/n\/wp-json\/wp\/v2\/posts\/105386\/revisions\/105389"}],"wp:featuredmedia":[{"embeddable":true,"href":"https:\/\/www.infokuryr.cz\/n\/wp-json\/wp\/v2\/media\/105387"}],"wp:attachment":[{"href":"https:\/\/www.infokuryr.cz\/n\/wp-json\/wp\/v2\/media?parent=105386"}],"wp:term":[{"taxonomy":"category","embeddable":true,"href":"https:\/\/www.infokuryr.cz\/n\/wp-json\/wp\/v2\/categories?post=105386"},{"taxonomy":"post_tag","embeddable":true,"href":"https:\/\/www.infokuryr.cz\/n\/wp-json\/wp\/v2\/tags?post=105386"}],"curies":[{"name":"wp","href":"https:\/\/api.w.org\/{rel}","templated":true}]}}