{"id":105384,"date":"2026-04-26T00:21:21","date_gmt":"2026-04-25T22:21:21","guid":{"rendered":"https:\/\/www.infokuryr.cz\/n\/?p=105384"},"modified":"2026-04-25T05:47:56","modified_gmt":"2026-04-25T03:47:56","slug":"britanie-a-francie-vedou-vojenskou-operaci-30-zemi-s-cilem-znovuotevreni-hormuzskeho-prulivu","status":"publish","type":"post","link":"https:\/\/www.infokuryr.cz\/n\/2026\/04\/26\/britanie-a-francie-vedou-vojenskou-operaci-30-zemi-s-cilem-znovuotevreni-hormuzskeho-prulivu\/","title":{"rendered":"Brit\u00e1nie a Francie vedou vojenskou operaci 30 zem\u00ed s c\u00edlem znovuotev\u0159en\u00ed Hormuzsk\u00e9ho pr\u016flivu"},"content":{"rendered":"<div id=\"fb-root\"><\/div>\n<div class=\"elementor-element elementor-element-1fb4c2c elementor-widget elementor-widget-theme-post-content\" data-id=\"1fb4c2c\" data-element_type=\"widget\" data-e-type=\"widget\" data-widget_type=\"theme-post-content.default\">\n<div class=\"elementor-widget-container\">\n<p><span dir=\"auto\">Brit\u00e1nie po\u0159\u00e1d\u00e1 (v\u010dera a dnes) dvoudenn\u00ed nadn\u00e1rodn\u00ed konferenci, kter\u00e9 se \u00fa\u010dastn\u00ed vojen\u0161t\u00ed pl\u00e1nova\u010di z v\u00edce ne\u017e 30 zem\u00ed, v r\u00e1mci kter\u00e9 Brit\u00e1nie a Francie obnovuj\u00ed sv\u00e9 \u00fasil\u00ed o znovuotev\u0159en\u00ed Hormuzsk\u00e9ho pr\u016flivu.<\/span><\/p>\n<p><span dir=\"auto\">Dvoudenn\u00ed konference se kon\u00e1 kr\u00e1tce pot\u00e9, co americk\u00fd prezident Donald Trump v \u00fater\u00fd ve\u010der prodlou\u017eil americko-\u00edr\u00e1nsk\u00e9 p\u0159\u00edm\u011b\u0159\u00ed \u2013 dokud nebudou jedn\u00e1n\u00ed s \u00cdr\u00e1nem \u201etak \u010di onak\u201c uzav\u0159ena.<\/span><\/p>\n<p><span dir=\"auto\">Prezident Trump tak\u00e9 na\u0159\u00eddil, aby americk\u00e1 blok\u00e1da Hormuzsk\u00e9ho pr\u016flivu z\u016fstala v platnosti.<\/span><\/p>\n<p><span dir=\"auto\">Nad\u011bje na obnoven\u00ed americko-\u00edr\u00e1nsk\u00fdch jedn\u00e1n\u00ed ji\u017e ve st\u0159edu se rozplynuly pot\u00e9, co se objevily zpr\u00e1vy, \u017ee cesta americk\u00e9ho viceprezidenta J. D. Vance do P\u00e1kist\u00e1nu, kter\u00fd hostil p\u0159edchoz\u00ed ne\u00fasp\u011b\u0161n\u00e9 kolo rozhovor\u016f, byla pozastavena.<\/span><\/p>\n<p><span dir=\"auto\">Ve st\u0159edu r\u00e1no neexistovaly \u017e\u00e1dn\u00e9 n\u00e1znaky, \u017ee by rozhovory mohly b\u00fdt brzy obnoveny.<\/span><\/p>\n<p><span dir=\"auto\">USA udr\u017euj\u00ed n\u00e1mo\u0159n\u00ed blok\u00e1du Hormuzsk\u00e9ho pr\u016flivu, kterou \u00cdr\u00e1n ozna\u010dil za \u201eobl\u00e9h\u00e1n\u00ed\u201c a poru\u0161en\u00ed p\u0159\u00edm\u011b\u0159\u00ed.<\/span><\/p>\n<p><span dir=\"auto\">Brit\u00e1nie, kter\u00e1 za\u010d\u00e1tkem tohoto m\u011bs\u00edce hostila prvn\u00ed setk\u00e1n\u00ed tohoto druhu, uvedla, \u017ee konference konan\u00e1 tento t\u00fdden byla sou\u010d\u00e1st\u00ed britsk\u00e9ho a francouzsk\u00e9ho veden\u00ed nadn\u00e1rodn\u00ed koalice pro znovuotev\u0159en\u00ed silnice.<\/span><\/p>\n<p><span dir=\"auto\">\u201eSch\u016fzky podpo\u0159\u00ed vojensk\u00e9 pl\u00e1ny na znovuotev\u0159en\u00ed silnice, jakmile to podm\u00ednky dovol\u00ed, po uzav\u0159en\u00ed dohody o udr\u017eiteln\u00e9m p\u0159\u00edm\u011b\u0159\u00ed,\u201c uvedla britsk\u00e1 vl\u00e1da ve sv\u00e9m prohl\u00e1\u0161en\u00ed.<\/span><\/p>\n<p><span dir=\"auto\">\u201e\u00dakolem dne\u0161ka a z\u00edt\u0159ka je p\u0159ev\u00e9st diplomatick\u00fd konsenzus do spole\u010dn\u00e9ho pl\u00e1nu na ochranu svobody plavby v pr\u016flivu a na podporu trval\u00e9ho p\u0159\u00edm\u011b\u0159\u00ed,\u201c uvedl p\u0159ed konferenc\u00ed britsk\u00fd ministr obrany John Healey.<\/span><\/p>\n<p><span dir=\"auto\">\u201eMezin\u00e1rodn\u00ed obchod, energetick\u00e1 bezpe\u010dnost a stabilita glob\u00e1ln\u00ed ekonomiky z\u00e1vis\u00ed na svobod\u011b plavby,\u201c dodal britsk\u00fd \u00fa\u0159edn\u00edk.<\/span><\/p>\n<p><span dir=\"auto\">\u201eStaven\u00edm na na\u0161em spole\u010dn\u00e9m c\u00edli, pos\u00edlen\u00edm mezin\u00e1rodn\u00ed koordinace a pl\u00e1nov\u00e1n\u00edm efektivn\u00edch kolektivn\u00edch akc\u00ed m\u016f\u017eeme pomoci znovu otev\u0159\u00edt silnice, stabilizovat glob\u00e1ln\u00ed ekonomiku a chr\u00e1nit na\u0161e lidi.\u201c<\/span><\/p>\n<p><em><strong><span dir=\"auto\">Tyler Durden<\/span><\/strong><\/em><\/p>\n<\/div>\n<\/div>\n<div class=\"elementor-element elementor-element-8c57238 quelle dc-has-condition dc-condition-empty elementor-widget elementor-widget-heading\" data-id=\"8c57238\" data-element_type=\"widget\" data-e-type=\"widget\" data-widget_type=\"heading.default\">\n<div class=\"elementor-widget-container\">\n<h3 class=\"elementor-heading-title elementor-size-default\"><span style=\"font-size: 10pt;\"><a href=\"https:\/\/oilprice.com\/Latest-Energy-News\/World-News\/UK-France-Lead-30-Nation-Military-Push-to-Reopen-Strait-of-Hormuz.html\" target=\"_blank\" rel=\"nofollow noopener\"><span dir=\"auto\">Zdroj<\/span><\/a><\/span><\/h3>\n<p>&nbsp;<\/p>\n<\/div>\n<\/div>\n","protected":false},"excerpt":{"rendered":"<p>Brit\u00e1nie po\u0159\u00e1d\u00e1 (v\u010dera a dnes) dvoudenn\u00ed nadn\u00e1rodn\u00ed konferenci, kter\u00e9 se \u00fa\u010dastn\u00ed vojen\u0161t\u00ed pl\u00e1nova\u010di z v\u00edce&#8230;<\/p>\n","protected":false},"author":2,"featured_media":105385,"comment_status":"closed","ping_status":"closed","sticky":false,"template":"","format":"standard","meta":[],"categories":[7],"tags":[130,6382,303],"_links":{"self":[{"href":"https:\/\/www.infokuryr.cz\/n\/wp-json\/wp\/v2\/posts\/105384"}],"collection":[{"href":"https:\/\/www.infokuryr.cz\/n\/wp-json\/wp\/v2\/posts"}],"about":[{"href":"https:\/\/www.infokuryr.cz\/n\/wp-json\/wp\/v2\/types\/post"}],"author":[{"embeddable":true,"href":"https:\/\/www.infokuryr.cz\/n\/wp-json\/wp\/v2\/users\/2"}],"replies":[{"embeddable":true,"href":"https:\/\/www.infokuryr.cz\/n\/wp-json\/wp\/v2\/comments?post=105384"}],"version-history":[{"count":0,"href":"https:\/\/www.infokuryr.cz\/n\/wp-json\/wp\/v2\/posts\/105384\/revisions"}],"wp:featuredmedia":[{"embeddable":true,"href":"https:\/\/www.infokuryr.cz\/n\/wp-json\/wp\/v2\/media\/105385"}],"wp:attachment":[{"href":"https:\/\/www.infokuryr.cz\/n\/wp-json\/wp\/v2\/media?parent=105384"}],"wp:term":[{"taxonomy":"category","embeddable":true,"href":"https:\/\/www.infokuryr.cz\/n\/wp-json\/wp\/v2\/categories?post=105384"},{"taxonomy":"post_tag","embeddable":true,"href":"https:\/\/www.infokuryr.cz\/n\/wp-json\/wp\/v2\/tags?post=105384"}],"curies":[{"name":"wp","href":"https:\/\/api.w.org\/{rel}","templated":true}]}}