{"id":105377,"date":"2026-04-26T00:16:12","date_gmt":"2026-04-25T22:16:12","guid":{"rendered":"https:\/\/www.infokuryr.cz\/n\/?p=105377"},"modified":"2026-04-25T05:33:56","modified_gmt":"2026-04-25T03:33:56","slug":"cenzura-na-amazonu-bestseller-o-migracni-krizi-mizi-spolecnost-hovori-o-omylu-ale-kdo-za-nim-skutecne-stoji","status":"publish","type":"post","link":"https:\/\/www.infokuryr.cz\/n\/2026\/04\/26\/cenzura-na-amazonu-bestseller-o-migracni-krizi-mizi-spolecnost-hovori-o-omylu-ale-kdo-za-nim-skutecne-stoji\/","title":{"rendered":"Cenzura na Amazonu: Bestseller o migra\u010dn\u00ed krizi miz\u00ed \u2013 spole\u010dnost hovo\u0159\u00ed o \u201eomylu\u201c \u2013 ale kdo za n\u00edm skute\u010dn\u011b stoj\u00ed?"},"content":{"rendered":"<div id=\"fb-root\"><\/div>\n<p><strong><span dir=\"auto\">Po \u010dl\u00e1nku v \u010dasopise New York Magazine zablokoval online gigant bro\u017eovan\u00e9 vyd\u00e1n\u00ed knihy \u201eT\u00e1bor svat\u00fdch\u201c, co\u017e vyvolalo bou\u0159i pobou\u0159en\u00ed. Amazon to ozna\u010dil za \u201echybu\u201c<\/span><\/strong><span dir=\"auto\">\u00a0.<\/span><\/p>\n<p><span dir=\"auto\">Je to rom\u00e1n, kter\u00fd je po cel\u00e1 desetilet\u00ed p\u0159edm\u011btem kontroverz\u00ed: \u201eT\u00e1bor svat\u00fdch\u201c od Jeana Raspaila, vydan\u00fd v roce 1973, vykresluje bez\u00fat\u011b\u0161n\u00fd obraz z\u00e1padn\u00ed civilizace hrout\u00edc\u00ed se pod t\u00edhou nekontrolovan\u00e9 masov\u00e9 imigrace ze zem\u00ed t\u0159et\u00edho sv\u011bta. Nyn\u00ed se kniha op\u011bt dostala pod palbu kritiky \u2013 tentokr\u00e1t ne kv\u016fli sv\u00e9mu obsahu, ale proto, \u017ee ji nejv\u011bt\u0161\u00ed knihkupec sv\u011bta n\u00e1hle st\u00e1hl ze sv\u00fdch reg\u00e1l\u016f.<\/span><\/p>\n<p><span dir=\"auto\">17. dubna Amazon odstranil bro\u017eovan\u00e9 vyd\u00e1n\u00ed klasick\u00e9ho rom\u00e1nu ze sv\u00e9 americk\u00e9 platformy. Jako d\u016fvod uvedl poru\u0161en\u00ed pokyn\u016f spole\u010dnosti ohledn\u011b \u201eur\u00e1\u017eliv\u00e9ho obsahu\u201c. Spole\u010dnost neup\u0159esnila, kter\u00e9 pas\u00e1\u017ee vydavatel Vauban Books pova\u017eoval za problematick\u00e9. Jin\u00e9 form\u00e1ty \u2013 Kindle, audioknihy a v\u00e1zan\u00e9 verze \u2013 zpo\u010d\u00e1tku z\u016fstaly dostupn\u00e9, ale pozd\u011bji byly tak\u00e9 do\u010dasn\u011b zablokov\u00e1ny.<\/span><\/p>\n<h2 class=\"wp-block-heading\"><span dir=\"auto\">\u010cl\u00e1nek jako spou\u0161t\u011b\u010d?<\/span><\/h2>\n<p><span dir=\"auto\">Na\u010dasov\u00e1n\u00ed pozastaven\u00ed je pozoruhodn\u00e9: Jen kr\u00e1tce p\u0159edt\u00edm publikoval\u00a0<\/span><strong><span dir=\"auto\">\u010dasopis New York Magazine<\/span><\/strong><span dir=\"auto\">\u00a0\u010dl\u00e1nek, kter\u00fd zasadil Raspailovu pr\u00e1ci do kritick\u00e9ho kontextu sou\u010dasn\u00e9 imigra\u010dn\u00ed politiky USA. Vauban Books m\u00e1 podez\u0159en\u00ed na souvislost \u2013 a tedy vn\u011bj\u0161\u00ed vliv na maloobchodn\u00edho giganta.<\/span><\/p>\n<p><span dir=\"auto\">Spole\u010dnost Amazon k obvin\u011bn\u00edm ml\u010d\u00ed. Pot\u00e9, co se p\u0159\u00edpad dostal na ve\u0159ejnost a vyvolal masivn\u00ed pobou\u0159en\u00ed na soci\u00e1ln\u00edch s\u00edt\u00edch a v tisku, spole\u010dnost znovu zp\u0159\u00edstupnila bro\u017eovan\u00e9 vyd\u00e1n\u00ed. Vysv\u011btlen\u00ed: \u201eomyl\u201c. Nebyla poskytnuta \u017e\u00e1dn\u00e1 omluva ani dal\u0161\u00ed vysv\u011btlen\u00ed.<\/span><\/p>\n<figure class=\"wp-block-embed is-type-video is-provider-youtube wp-block-embed-youtube wp-embed-aspect-16-9 wp-has-aspect-ratio\">\n<div class=\"wp-block-embed__wrapper\"><iframe loading=\"lazy\" title=\"Z\u00e1kaz knih prob\u00edh\u00e1. Co bude d\u00e1l. | Epizoda 1766\" src=\"https:\/\/www.youtube.com\/embed\/NyOXV_pCgMs?feature=oembed\" width=\"800\" height=\"450\" frameborder=\"0\" allowfullscreen=\"allowfullscreen\" data-mce-fragment=\"1\"><\/iframe><\/div>\n<\/figure>\n<h2 class=\"wp-block-heading\"><span dir=\"auto\">Cenzura, nebo omyl?<\/span><\/h2>\n<p><span dir=\"auto\">Pobou\u0159en\u00ed je pochopiteln\u00e9: S pod\u00edlem na trhu s knihami v USA p\u0159esahuj\u00edc\u00edm 50 procent Amazon fakticky kontroluje, co si mohou miliony Ameri\u010dan\u016f p\u0159e\u010d\u00edst. Odebr\u00e1n\u00ed titulu se rovn\u00e1 faktick\u00e9mu z\u00e1kazu \u2013 alespo\u0148 pro ty, kte\u0159\u00ed se nemohou obr\u00e1tit na m\u00edstn\u00ed knihkupectv\u00ed.<\/span><\/p>\n<p><span dir=\"auto\">Kritici hovo\u0159\u00ed o cenzu\u0159e a varuj\u00ed p\u0159ed dominantn\u00ed silou trhu, kter\u00e1 filtruje podle politick\u00fdch nebo ideologick\u00fdch krit\u00e9ri\u00ed. Zast\u00e1nci blokov\u00e1n\u00ed tvrd\u00ed, \u017ee kniha podn\u011bcuje rasistickou z\u00e1\u0161\u0165. Jin\u00ed zd\u016fraz\u0148uj\u00ed, \u017ee je obzvl\u00e1\u0161t\u011b d\u016fle\u017eit\u00e9, aby kontroverzn\u00ed d\u00edla z\u016fstala dostupn\u00e1, aby si \u010dten\u00e1\u0159i mohli vytvo\u0159it vlastn\u00ed n\u00e1zor.<\/span><\/p>\n<h2 class=\"wp-block-heading\"><span dir=\"auto\">Co zb\u00fdv\u00e1?<\/span><\/h2>\n<p><span dir=\"auto\">Af\u00e9ra kolem knihy \u201eT\u00e1bor svat\u00fdch\u201c nen\u00ed ojedin\u011bl\u00fd incident. Knihy se opakovan\u011b st\u00e1vaj\u00ed ob\u011bt\u00ed cenzurn\u00edho syst\u00e9mu Amazonu \u2013 n\u011bkdy kv\u016fli \u00fadajn\u00fdm nen\u00e1vistn\u00fdm projev\u016fm, n\u011bkdy kv\u016fli pochybn\u00e9mu obsahu. V\u011bt\u0161inou se ti\u0161e vracej\u00ed bez v\u011bt\u0161\u00edho vysv\u011btlen\u00ed.<\/span><\/p>\n<p><span dir=\"auto\">Tentokr\u00e1t v\u0161ak byly protesty tak hlasit\u00e9, \u017ee Amazon nem\u011bl jinou mo\u017enost ne\u017e reagovat. Ot\u00e1zkou z\u016fst\u00e1v\u00e1: Na\u0161la by se kniha n\u011bkdy zp\u011bt na pultech obchod\u016f bez tlaku ve\u0159ejnosti?<\/span><\/p>\n<p><em><span dir=\"auto\">Na\u0161e prohl\u00e1\u0161en\u00ed ohledn\u011b obnoven\u00ed na\u0161\u00ed edice \u201eT\u00e1bor svat\u00fdch\u201c spole\u010dnost\u00ed Amazon, jak je uvedeno:<\/span><\/em><\/p>\n<div class=\"twitter-tweet twitter-tweet-rendered\"><iframe id=\"twitter-widget-0\" class=\"\" title=\"X Post\" src=\"https:\/\/platform.twitter.com\/embed\/Tweet.html?dnt=false&amp;embedId=twitter-widget-0&amp;features=eyJ0ZndfdGltZWxpbmVfbGlzdCI6eyJidWNrZXQiOltdLCJ2ZXJzaW9uIjpudWxsfSwidGZ3X2ZvbGxvd2VyX2NvdW50X3N1bnNldCI6eyJidWNrZXQiOnRydWUsInZlcnNpb24iOm51bGx9LCJ0ZndfdHdlZXRfZWRpdF9iYWNrZW5kIjp7ImJ1Y2tldCI6Im9uIiwidmVyc2lvbiI6bnVsbH0sInRmd19yZWZzcmNfc2Vzc2lvbiI6eyJidWNrZXQiOiJvbiIsInZlcnNpb24iOm51bGx9LCJ0ZndfZm9zbnJfc29mdF9pbnRlcnZlbnRpb25zX2VuYWJsZWQiOnsiYnVja2V0Ijoib24iLCJ2ZXJzaW9uIjpudWxsfSwidGZ3X21peGVkX21lZGlhXzE1ODk3Ijp7ImJ1Y2tldCI6InRyZWF0bWVudCIsInZlcnNpb24iOm51bGx9LCJ0ZndfZXhwZXJpbWVudHNfY29va2llX2V4cGlyYXRpb24iOnsiYnVja2V0IjoxMjA5NjAwLCJ2ZXJzaW9uIjpudWxsfSwidGZ3X3Nob3dfYmlyZHdhdGNoX3Bpdm90c19lbmFibGVkIjp7ImJ1Y2tldCI6Im9uIiwidmVyc2lvbiI6bnVsbH0sInRmd19kdXBsaWNhdGVfc2NyaWJlc190b19zZXR0aW5ncyI6eyJidWNrZXQiOiJvbiIsInZlcnNpb24iOm51bGx9LCJ0ZndfdXNlX3Byb2ZpbGVfaW1hZ2Vfc2hhcGVfZW5hYmxlZCI6eyJidWNrZXQiOiJvbiIsInZlcnNpb24iOm51bGx9LCJ0ZndfdmlkZW9faGxzX2R5bmFtaWNfbWFuaWZlc3RzXzE1MDgyIjp7ImJ1Y2tldCI6InRydWVfYml0cmF0ZSIsInZlcnNpb24iOm51bGx9LCJ0ZndfbGVnYWN5X3RpbWVsaW5lX3N1bnNldCI6eyJidWNrZXQiOnRydWUsInZlcnNpb24iOm51bGx9LCJ0ZndfdHdlZXRfZWRpdF9mcm9udGVuZCI6eyJidWNrZXQiOiJvbiIsInZlcnNpb24iOm51bGx9fQ%3D%3D&amp;frame=false&amp;hideCard=false&amp;hideThread=false&amp;id=2046621879574688215&amp;lang=cs&amp;origin=https%3A%2F%2Funcutnews.ch%2Fzensur-bei-amazon-bestseller-ueber-migrationskrise-verschwindet-konzern-spricht-von-fehler-doch-wer-wirklich-dahintersteckt%2F&amp;sessionId=5cb39361ce0e6447b7520107faf0f628582b1ead&amp;theme=light&amp;widgetsVersion=2615f7e52b7e0%3A1702314776716&amp;width=550px\" frameborder=\"0\" scrolling=\"no\" allowfullscreen=\"allowfullscreen\" data-mce-fragment=\"1\"><\/iframe><\/div>\n<p dir=\"ltr\" lang=\"en\"><span dir=\"auto\">Na\u0161e prohl\u00e1\u0161en\u00ed k obnoven\u00ed nab\u00eddky na\u0161\u00ed edice T\u00e1bora svat\u00fdch na Amazonu:\u00a0<\/span><a href=\"https:\/\/t.co\/AIbhJIjjIb\"><span dir=\"auto\">pic.twitter.com\/AIbhJIjjIb<\/span><\/a><\/p>\n<p><span dir=\"auto\">\u2014 Vauban Books (@VaubanBooks)\u00a0<\/span><a href=\"https:\/\/twitter.com\/VaubanBooks\/status\/2046621879574688215?ref_src=twsrc%5Etfw\"><span dir=\"auto\">21. dubna 2026<\/span><\/a><\/p>\n","protected":false},"excerpt":{"rendered":"<p>Po \u010dl\u00e1nku v \u010dasopise New York Magazine zablokoval online gigant bro\u017eovan\u00e9 vyd\u00e1n\u00ed knihy \u201eT\u00e1bor svat\u00fdch\u201c,&#8230;<\/p>\n","protected":false},"author":2,"featured_media":105378,"comment_status":"closed","ping_status":"closed","sticky":false,"template":"","format":"standard","meta":[],"categories":[7],"tags":[3204,63,1503],"_links":{"self":[{"href":"https:\/\/www.infokuryr.cz\/n\/wp-json\/wp\/v2\/posts\/105377"}],"collection":[{"href":"https:\/\/www.infokuryr.cz\/n\/wp-json\/wp\/v2\/posts"}],"about":[{"href":"https:\/\/www.infokuryr.cz\/n\/wp-json\/wp\/v2\/types\/post"}],"author":[{"embeddable":true,"href":"https:\/\/www.infokuryr.cz\/n\/wp-json\/wp\/v2\/users\/2"}],"replies":[{"embeddable":true,"href":"https:\/\/www.infokuryr.cz\/n\/wp-json\/wp\/v2\/comments?post=105377"}],"version-history":[{"count":0,"href":"https:\/\/www.infokuryr.cz\/n\/wp-json\/wp\/v2\/posts\/105377\/revisions"}],"wp:featuredmedia":[{"embeddable":true,"href":"https:\/\/www.infokuryr.cz\/n\/wp-json\/wp\/v2\/media\/105378"}],"wp:attachment":[{"href":"https:\/\/www.infokuryr.cz\/n\/wp-json\/wp\/v2\/media?parent=105377"}],"wp:term":[{"taxonomy":"category","embeddable":true,"href":"https:\/\/www.infokuryr.cz\/n\/wp-json\/wp\/v2\/categories?post=105377"},{"taxonomy":"post_tag","embeddable":true,"href":"https:\/\/www.infokuryr.cz\/n\/wp-json\/wp\/v2\/tags?post=105377"}],"curies":[{"name":"wp","href":"https:\/\/api.w.org\/{rel}","templated":true}]}}