{"id":105375,"date":"2026-04-25T00:25:50","date_gmt":"2026-04-24T22:25:50","guid":{"rendered":"https:\/\/www.infokuryr.cz\/n\/?p=105375"},"modified":"2026-04-24T20:41:28","modified_gmt":"2026-04-24T18:41:28","slug":"petr-vlk-evropa-si-vymysli-nepritele","status":"publish","type":"post","link":"https:\/\/www.infokuryr.cz\/n\/2026\/04\/25\/petr-vlk-evropa-si-vymysli-nepritele\/","title":{"rendered":"Petr Vlk: Evropa si vym\u00fd\u0161l\u00ed nep\u0159\u00edtele!"},"content":{"rendered":"<div id=\"fb-root\"><\/div>\n<p>Mnohokr\u00e1t\u00a0 jste\u00a0 na Kose\u00a0 \u010detli,\u00a0 \u017ee se z\u00e1sadn\u011b\u00a0 \u00a0vyh\u00fdb\u00e1m\u00a0 p\u0159eb\u00edr\u00e1n\u00ed z\u00a0 rusk\u00fdch zdroj\u016f. D\u016fvod je\u00a0 jasn\u00fd \u2013 nestoj\u00edm\u00a0 o\u00a0 z\u00edsk\u00e1n\u00ed\u00a0 n\u00e1lepky, \u017ee\u00a0 replikuji Sputnik. U\u017e proto, \u017ee\u00a0 by\u00a0 to byla\u00a0 le\u017e. Ale\u00a0 koho dnes\u00a0 zaj\u00edm\u00e1\u00a0 n\u011bjak\u00e1\u00a0 pravda?\u00a0 Dokonce\u00a0 ani soudy\u00a0 ne, jak\u00a0 ukazuje\u00a0 vy\u00fast\u011bn\u00ed\u00a0 kauzy\u00a0 Oganesjan, kter\u00e9ho\u00a0 pra\u017esk\u00e1\u00a0 soudkyn\u011b, proti\u00a0 jak\u00e9mukoli zdrav\u00e9mu\u00a0 rozumu,\u00a0 zprostila\u00a0 ob\u017ealoby. Tak\u017ee\u00a0 bude ve\u00a0 sv\u00e9m\u00a0 \u0161\u00edlen\u00e9m\u00a0 \u00a0chov\u00e1n\u00ed pokra\u010dovat s\u00a0 o\u00a0 to v\u011bt\u0161\u00ed intenzitou. V\u00ed, \u017ee je\u00a0 beztrestn\u00fd. Kdo\u00a0 v\u00ed pro\u010d a kdo\u00a0 v\u00ed, kdo nad\u00a0 n\u00edm dr\u017e\u00ed\u00a0 ruku.<\/p>\n<p>Ne, tenhle\u00a0 \u010dl\u00e1nek nebude\u00a0 o tom neuv\u011b\u0159iteln\u00e9m\u00a0 soudu,\u00a0 ale\u00a0 Oganesjana\u00a0 jsem\u00a0 z\u00e1m\u011br\u00a0 zvolil\u00a0 jako\u00a0 start\u00e9r\u00a0 toho, co\u00a0 v\u00e1m nab\u00eddnu. Rusk\u00fdm zdroj\u016fm se opravdu\u00a0 vyh\u00fdb\u00e1m.\u00a0 Nicm\u00e9n\u011b\u00a0 dnes\u00a0 to bude tak\u00a0 nap\u016fl.\u00a0 St\u0159edn\u011b\u00a0 velk\u00fd\u00a0 francouzsk\u00fd\u00a0 zpravodajsk\u00fd\u00a0 web Le Journal du Dimanche toti\u017e\u00a0 p\u0159inesl\u00a0 velmi zaj\u00edmav\u00fd\u00a0 rozbor\u00a0 sv\u00e9\u00a0 sloupka\u0159ky\u00a0 Xenie\u00a0 Fjodorovov\u00e9\u00a0 nad\u00a0 \u010dl\u00e1nkem\u00a0 b\u00fdval\u00e9ho\u00a0 \u00a0v\u016fdce\u00a0 ukrajinsk\u00e9 protizelensk\u00e9\u00a0 opozice\u00a0 Viktorem\u00a0 Medve\u0161\u010dukem. Ano\u00a0 t\u00edm\u00a0 Medve\u0161\u010dukem,\u00a0 kter\u00e9ho\u00a0 hned\u00a0 v prvn\u00edm roce\u00a0 v\u00e1lky\u00a0 Kreml\u00a0 vym\u011bnil\u00a0 za\u00a0 zajat\u00e9\u00a0 velitele\u00a0 Azova.<\/p>\n<h3 class=\"main-title\"><strong><a href=\"https:\/\/www.lejdd.fr\/International\/xenia-fedorova-leurope-sinvente-un-ennemi-172092\">Xenia Fedorova : \u00abL\u2019Europe s\u2019invente un ennemi\u00bb<\/a><\/strong><\/h3>\n<p>podle p\u0159eklada\u010de<\/p>\n<h3 class=\"main-title\"><strong>Xenia Fedorovov\u00e1: \u201eEvropa si vym\u00fd\u0161l\u00ed nep\u0159\u00edtele\u201c<\/strong><\/h3>\n<p>Kdy\u017e\u00a0 p\u00ed\u0161i, \u017ee\u00a0 rozhovor\u00a0 je zaj\u00edmav\u00fd, pak mi\u00a0 m\u016f\u017eete\u00a0 v\u011b\u0159it. Samoz\u0159ejm\u011b, \u017ee\u00a0 po\u010d\u00edt\u00e1m s\u00a0 t\u00edm,\u00a0 \u017ee\u00a0 zbloudil\u00ed\u00a0 v\u017edycky\u00a0 a jedin\u011b\u00a0 spr\u00e1vn\u00ed se\u00a0 v\u00a0 tomto okam\u017eiku zhnusen\u011b\u00a0 od\u00a0 Kosy odvracej\u00ed a\u00a0 slu\u017eebn\u00ed\u00a0 voka\u00a0 od\u00a0 Koudelky\u00a0 mi pr\u00e1v\u011b\u00a0 p\u0159id\u011bluj\u00ed\u00a0 dal\u0161\u00ed\u00a0 \u010dern\u00fd\u00a0 punt\u00edk.\u00a0 Jen\u017ee\u00a0 pr\u00e1v\u011b\u00a0 oni\u00a0 by\u00a0 ten text\u00a0 ve\u00a0 vlastn\u00edm z\u00e1jmu m\u011bli\u00a0 \u010d\u00edst mimo\u0159\u00e1dn\u011b pozorn\u011b!\u00a0 Leccos\u00a0 by se toti\u017e\u00a0 dozv\u011bd\u011bli!<\/p>\n<p><strong><em>\u201eEvropa se sune k velk\u00e9 v\u00e1lce, kterou prohraje\u00a0<\/em>,\u201c<\/strong>\u00a0varuje Viktor Medved\u010duk, b\u00fdval\u00e1 osobnost ukrajinsk\u00e9 opozice, kter\u00e1 prosazovala u\u017e\u0161\u00ed vztahy s Moskvou. Medved\u010duk byl Kyjevem st\u00edh\u00e1n za velezradu, um\u00edst\u011bn do dom\u00e1c\u00edho v\u011bzen\u00ed a pot\u00e9 v roce 2022 po za\u010d\u00e1tku v\u00e1lky zat\u010den. N\u00e1sledn\u011b byl v r\u00e1mci v\u00fdm\u011bny v\u011bz\u0148\u016f p\u0159evezen do\u00a0<a href=\"https:\/\/www.lejdd.fr\/International\/xenia-fedorova-leurope-face-a-lennemi-quelle-construit-171522\" target=\"_blank\" rel=\"noopener\">Ruska<\/a>\u00a0. V otev\u0159en\u00e9m koment\u00e1\u0159i popisuje Evropu, kter\u00e1 se podle jeho n\u00e1zoru ji\u017e nesna\u017e\u00ed v\u00e1lku zadr\u017eet, ale sp\u00ed\u0161e se na ni p\u0159ipravit.<\/p>\n<p>Jeho anal\u00fdza je v\u0161\u00edm, jen ne neutr\u00e1ln\u00ed, ale jeho text odr\u00e1\u017e\u00ed velmi re\u00e1ln\u00fd stav: od Bruselu po Berl\u00edn, p\u0159es Pa\u0159\u00ed\u017e a Lond\u00fdn, se slovn\u00edk militarizace, odolnosti a konfrontace s Ruskem st\u00e1v\u00e1 st\u00e1le v\u00edce b\u011b\u017en\u00fdm. Jeho \u010dl\u00e1nek si zaslou\u017e\u00ed pozornost, proto\u017ee zd\u016fraz\u0148uje velmi re\u00e1ln\u00fd jev: normalizaci diskurzu o p\u0159\u00edprav\u011b na konflikt v n\u011bkolika evropsk\u00fdch hlavn\u00edch m\u011bstech. Evropa \u00fadajn\u011b vyu\u017e\u00edv\u00e1 \u010dasu\u00a0<em>\u201ekoupen\u00e9ho krv\u00ed Ukrajinc\u016f\u201c\u00a0<\/em>k p\u0159\u00edprav\u011b na \u0161ir\u0161\u00ed konfrontaci do roku 2030, p\u0159i\u010dem\u017e se spol\u00e9h\u00e1 na zrychlen\u00e9 znovuvyzbrojov\u00e1n\u00ed a rostouc\u00ed strategickou autonomii od Spojen\u00fdch st\u00e1t\u016f .<\/p>\n<div class=\"premium\">\n<p>Jeho argument je jednoduch\u00fd: Evropsk\u00e1 unie se ji\u017e nespokoj\u00ed s pouhou podporou Ukrajiny v jej\u00ed konfrontaci s Moskvou. Vyu\u017e\u00edv\u00e1 tento konflikt jako strategick\u00fd n\u00e1razn\u00edk, \u010das z\u00edskan\u00fd k pos\u00edlen\u00ed sv\u00fdch arm\u00e1d, upevn\u011bn\u00ed politick\u00fdch struktur a p\u0159\u00edprav\u011b na \u0161ir\u0161\u00ed konfrontaci s Ruskem. V\u00e1lka na Ukrajin\u011b u\u017e nen\u00ed jen region\u00e1ln\u00edm konfliktem, ale laborato\u0159\u00ed pro hlub\u0161\u00ed transformaci samotn\u00e9ho evropsk\u00e9ho projektu.<\/p>\n<h2>Nov\u00fd cement<\/h2>\n<p>V t\u00e9to anal\u00fdze\u00a0<a href=\"https:\/\/www.lejdd.fr\/International\/de-largent-pour-la-guerre-lallegement-des-sanctions-americaines-contre-la-russie-ulcere-zelensky-171876\" target=\"_blank\" rel=\"noopener\">zauj\u00edm\u00e1 \u00fast\u0159edn\u00ed postaven\u00ed Volodymyr Zelenskyj\u00a0<\/a>. Tvrd\u00ed, \u017ee ukrajinsk\u00fd prezident se konfliktu dr\u017e\u00ed, i kdy\u017e vojensk\u00e9 v\u00edt\u011bzstv\u00ed nen\u00ed mo\u017en\u00e9, proto\u017ee jen v\u00e1lka by mu umo\u017enila udr\u017eet si politickou roli a zajistit si trvalou podporu Z\u00e1padu. Zd\u016fraz\u0148uje tak\u00e9 nap\u011bt\u00ed, kter\u00e9 vzniklo s n\u011bkter\u00fdmi americk\u00fdmi partnery, kter\u00e9 Kyjev obvi\u0148uje ze \u0161patn\u00e9ho odhadu vojensk\u00e9 rovnov\u00e1hy sil. Medved\u010duk prezentuje ukrajinsk\u00e9ho prezidenta jako politick\u00e9ho beneficienta\u00a0 v\u00e1lky, ale tak\u00e9 jako n\u00e1stroj v \u0161ir\u0161\u00edm syst\u00e9mu, v n\u011bm\u017e\u00a0<a href=\"https:\/\/www.lejdd.fr\/Societe\/quatre-ans-de-guerre-en-ukraine-quel-est-le-poids-reel-de-laide-francaise-a-kiev-167103\" target=\"_blank\" rel=\"noopener\">Ukrajina\u00a0<\/a>slou\u017e\u00ed z\u00e1rove\u0148 jako pevnost, n\u00e1razn\u00edkov\u00e1 z\u00f3na a p\u00e1ka pro reorganizaci kontinentu kolem logiky hrozby.<\/p>\n<p>Krom\u011b ukrajinsk\u00e9ho p\u0159\u00edpadu Medved\u010duk zd\u016fraz\u0148uje p\u0159edev\u0161\u00edm vnit\u0159n\u00ed krizi Evropsk\u00e9 unie. Podle n\u011bj EU, ch\u00e1pan\u00e1 jako prostor ekonomick\u00e9 prosperity, vstoupila do f\u00e1ze hlubok\u00e9 stagnace.<strong>\u00a0Tv\u00e1\u0159\u00ed v tv\u00e1\u0159 riziku politick\u00e9 fragmentace, poklesu \u017eivotn\u00ed \u00farovn\u011b a rostouc\u00edch protest\u016f hledaj\u00ed evropsk\u00e9 elity novou sjednocuj\u00edc\u00ed s\u00edlu: strach z Ruska. Protirusk\u00e9 n\u00e1lady se pak podle n\u011bj st\u00e1vaj\u00ed n\u00e1strojem k udr\u017een\u00ed moci.<\/strong><\/p>\n<p>Toto je nejzaj\u00edmav\u011bj\u0161\u00ed bod jeho textu: Medved\u010duk popisuje Evropskou\u00a0<a href=\"https:\/\/www.lejdd.fr\/Societe\/commission-europeenne-une-subvention-de-900-000-euros-pour-les-personnes-transgenres-fait-polemique-172086\" target=\"_blank\" rel=\"noopener\">unii\u00a0<\/a>, kter\u00e1 ji\u017e nen\u00ed poh\u00e1n\u011bna slibem prosperity, ale logikou discipl\u00edny.<strong>\u00a0Evropu, kter\u00e1 je m\u00e9n\u011b zalo\u017eena na ekonomick\u00e9 expanzi ne\u017e na zvl\u00e1d\u00e1n\u00ed strachu<\/strong>. Evropu, kter\u00e1 tv\u00e1\u0159\u00ed v tv\u00e1\u0159 hospod\u00e1\u0159sk\u00e9mu zpomalen\u00ed, erozi demokracie a vnit\u0159n\u00edm rozpor\u016fm hled\u00e1 nov\u00fd princip soudr\u017enosti v rusk\u00e9 hrozb\u011b.<\/p>\n<p>Jeho argumentace je p\u0159\u00edmo\u010dar\u00e1, ale rezonuje s jasn\u011b viditeln\u00fdmi trendy. Rostouc\u00ed vojensk\u00e9 rozpo\u010dty, slovn\u00edk v\u00e1le\u010dn\u00e9 ekonomiky, diskuse o civiln\u00ed odolnosti, pr\u016fmyslov\u00e9 adaptaci a rostouc\u00ed po\u010det varov\u00e1n\u00ed p\u0159ed nutnost\u00ed p\u0159ipravit se na konflikt vysok\u00e9 intenzity \u2013 nic z toho u\u017e nen\u00ed fantazie. Co bylo je\u0161t\u011b v\u010dera pova\u017eov\u00e1no za strategickou progn\u00f3zu, se st\u00e1v\u00e1 b\u011b\u017en\u00fdm politick\u00fdm jazykem. A pr\u00e1v\u011b tento posun jeho text se v\u0161emi sv\u00fdmi excesy zd\u016fraz\u0148uje.<\/p>\n<p>Lze zpochyb\u0148ovat jeho prohl\u00e1\u0161en\u00ed, p\u0159ipom\u00ednat si jeho kontroverzn\u00ed minulost. To ale nesta\u010d\u00ed k tomu, abychom zavrhli z\u00e1kladn\u00ed ot\u00e1zku, kterou si klade.Neust\u00e1l\u00fdm hovo\u0159en\u00edm o p\u0159\u00edprav\u011b, znovuvyzbrojov\u00e1n\u00ed a konfrontaci Evropa m\u011bn\u00ed v\u00e1lku ve struktur\u00e1ln\u00ed princip? Mo\u017en\u00e1 je to, je\u0161t\u011b v\u00edce ne\u017e autorovy excesy, toti\u017e\u00a0 skute\u010dn\u00e9 t\u00e9ma. Jakmile k tomuto posunu ve v\u011bdom\u00ed ji\u017e do\u0161lo, je t\u011b\u017e\u0161\u00ed tvrdit, \u017ee st\u00e1le usilujete pouze o m\u00edr.<\/p>\n<p>ooooooooooooooooooooooooooooooooooooooooooooooooooooooooooooooooooooo<\/p>\n<p>Kdy\u017e\u00a0 m\u016f\u017ee\u00a0 Medve\u0161\u010duka\u00a0 a\u00a0 jeho z\u00e1kladn\u00ed\u00a0 my\u0161lenky\u00a0 p\u0159evz\u00edt\u00a0 komentovat st\u0159edostavovsk\u00fd\u00a0 francouzsk\u00fd\u00a0 zpravodajsk\u00fd\u00a0 port\u00e1l, pro\u010d\u00a0 by\u00a0 \u010dl\u00e1nek z n\u011bj\u00a0 nemohla\u00a0 p\u0159ebrat moje Kosa?\u00a0 co je na\u00a0 tom\u00a0 \u0161patn\u011b?\u00a0 \u017de pou\u0161t\u00edm\u00a0 Medve\u0161\u010duka\u00a0 na\u00a0 sklo?\u00a0 A nen\u00ed takhle\u00a0 n\u00e1hodou\u00a0 d\u016fle\u017eit\u00e9 CO kdo\u00a0 \u0159\u00edk\u00e1,\u00a0 ne\u017e\u00a0 to,\u00a0 KDO co\u00a0 \u0159\u00edk\u00e1?\u00a0 V m\u00e9m s v\u011bt\u011b\u00a0 ur\u010dit\u011b\u00a0 ano. Ve\u00a0 sv\u011bt\u011b\u00a0 t\u011bch, co\u00a0 na jedn\u00e9\u00a0 stran\u011b\u00a0 adoruj\u00ed\u00a0 agenta\u00a0 P\u00e1vka, adoruj\u00ed\u00a0 Oganesjanovy\u00a0 excesy\u00a0 a\u00a0 tak podobn\u011b\u00a0 plat\u00ed\u00a0 samoz\u0159ejm\u011b\u00a0 opa\u010dn\u00e1 pravidla. Proto\u00a0 Medve\u0161\u010duk,\u00a0 p\u0159e\u017ev\u00fdkan\u00fd\u00a0 Francouzi, proto\u00a0 Oganesjan na\u00a0 \u00favod. V\u0161echno\u00a0 k\u00a0 sob\u011b\u00a0 dokonale\u00a0 pasuje. Nov\u00e1\u00a0 Evropa, kterou\u00a0 bohu\u017eel Medve\u0161\u010duk popisuje\u00a0 zcela\u00a0 p\u0159esn\u011b<\/p>\n<p><em><strong>Tv\u00e1\u0159\u00ed v tv\u00e1\u0159 riziku politick\u00e9 fragmentace, poklesu \u017eivotn\u00ed \u00farovn\u011b a rostouc\u00edch protest\u016f hledaj\u00ed evropsk\u00e9 elity novou sjednocuj\u00edc\u00ed s\u00edlu: strach z Ruska. Protirusk\u00e9 n\u00e1lady se pak podle n\u011bj st\u00e1vaj\u00ed n\u00e1strojem k udr\u017een\u00ed moci.<\/strong><\/em><\/p>\n<p>Jsou\u00a0 toti\u017e\u00a0 Oganesjanov\u00e9 a jejich metody\u00a0 pro\u00a0 udr\u017een\u00ed\u00a0 obecn\u00e9\u00a0 mor\u00e1lky nezbytn\u011b\u00a0 t\u0159eba!!!<\/p>\n<p><a href=\"https:\/\/vlkovobloguje.wordpress.com\/2026\/04\/24\/1034309\/#more-1034309\">Petr Vlk<\/a><\/p>\n<p><img decoding=\"async\" loading=\"lazy\" class=\"alignnone size-full wp-image-63439\" src=\"http:\/\/www.infokuryr.cz\/n\/wp-content\/uploads\/2024\/10\/petr-vlk.jpg\" alt=\"\" width=\"182\" height=\"176\" \/><\/p>\n<\/div>\n","protected":false},"excerpt":{"rendered":"<p>Mnohokr\u00e1t\u00a0 jste\u00a0 na Kose\u00a0 \u010detli,\u00a0 \u017ee se z\u00e1sadn\u011b\u00a0 \u00a0vyh\u00fdb\u00e1m\u00a0 p\u0159eb\u00edr\u00e1n\u00ed z\u00a0 rusk\u00fdch zdroj\u016f. D\u016fvod je\u00a0&#8230;<\/p>\n","protected":false},"author":2,"featured_media":11522,"comment_status":"closed","ping_status":"closed","sticky":false,"template":"","format":"standard","meta":[],"categories":[6],"tags":[283,1503,122],"_links":{"self":[{"href":"https:\/\/www.infokuryr.cz\/n\/wp-json\/wp\/v2\/posts\/105375"}],"collection":[{"href":"https:\/\/www.infokuryr.cz\/n\/wp-json\/wp\/v2\/posts"}],"about":[{"href":"https:\/\/www.infokuryr.cz\/n\/wp-json\/wp\/v2\/types\/post"}],"author":[{"embeddable":true,"href":"https:\/\/www.infokuryr.cz\/n\/wp-json\/wp\/v2\/users\/2"}],"replies":[{"embeddable":true,"href":"https:\/\/www.infokuryr.cz\/n\/wp-json\/wp\/v2\/comments?post=105375"}],"version-history":[{"count":0,"href":"https:\/\/www.infokuryr.cz\/n\/wp-json\/wp\/v2\/posts\/105375\/revisions"}],"wp:featuredmedia":[{"embeddable":true,"href":"https:\/\/www.infokuryr.cz\/n\/wp-json\/wp\/v2\/media\/11522"}],"wp:attachment":[{"href":"https:\/\/www.infokuryr.cz\/n\/wp-json\/wp\/v2\/media?parent=105375"}],"wp:term":[{"taxonomy":"category","embeddable":true,"href":"https:\/\/www.infokuryr.cz\/n\/wp-json\/wp\/v2\/categories?post=105375"},{"taxonomy":"post_tag","embeddable":true,"href":"https:\/\/www.infokuryr.cz\/n\/wp-json\/wp\/v2\/tags?post=105375"}],"curies":[{"name":"wp","href":"https:\/\/api.w.org\/{rel}","templated":true}]}}