{"id":105374,"date":"2026-04-25T00:22:22","date_gmt":"2026-04-24T22:22:22","guid":{"rendered":"https:\/\/www.infokuryr.cz\/n\/?p=105374"},"modified":"2026-04-24T20:37:02","modified_gmt":"2026-04-24T18:37:02","slug":"jiri-vyvadil-vznik-spojenych-statu-evropskych-podle-petra-pavla-nikdy","status":"publish","type":"post","link":"https:\/\/www.infokuryr.cz\/n\/2026\/04\/25\/jiri-vyvadil-vznik-spojenych-statu-evropskych-podle-petra-pavla-nikdy\/","title":{"rendered":"Ji\u0159\u00ed Vyvadil: Vznik Spojen\u00fdch st\u00e1t\u016f evropsk\u00fdch podle Petra Pavla? Nikdy"},"content":{"rendered":"<div id=\"fb-root\"><\/div>\n<p><strong>Petr Pavel rozhodn\u011b nen\u00ed origin\u00e1ln\u00ed. U\u017e Winston Churchill poprv\u00e9 jasn\u011b formuloval my\u0161lenku \u201eSpojen\u00fdch st\u00e1t\u016f evropsk\u00fdch\u201c ve sv\u00e9m slavn\u00e9m projevu v Curychu 19. z\u00e1\u0159\u00ed 1946.<\/strong><\/p>\n<p style=\"font-weight: 400;\">Sv\u016fj k\u00a0sv\u00e9mu. Kdo jen trochu za\u0161\u00e1tr\u00e1 do historie, pak v\u00ed, \u017ee \u00a0\u00a0Churchill zcela up\u0159\u00edmn\u011b hodlal je\u0161t\u011b p\u0159ed ukon\u010den\u00edm 2. sv\u011btov\u00e9 d\u00e1t v\u0161eobecn\u00fd pardon zajat\u00fdm nacistick\u00fdm vojsk\u016fm a obr\u00e1tit je proti Sov\u011btsk\u00e9mu Svazu.<\/p>\n<p style=\"font-weight: 400;\">Bohud\u00edk Britov\u00e9 rozhodli jinak a on prohr\u00e1l volby a byl vyst\u0159\u00edd\u00e1n labouristy, kte\u0159\u00ed jeho v\u00e1le\u010dnick\u00e9 p\u0159edstavy nesd\u00edleli.<\/p>\n<p style=\"font-weight: 400;\">A tak 2. sv\u011btov\u00e1 v\u00e1lka mohla v\u00a0Evrop\u011b skon\u010dit.<\/p>\n<p style=\"font-weight: 400;\">Zapla\u0165 p\u00e1nb\u016fh.<\/p>\n<p style=\"font-weight: 400;\">Churchill byl p\u0159esv\u011bd\u010den\u00fd rusof\u00f3b, co\u017e je historicky\u00a0\u00a0odjak\u017eiva vlastnost v\u0161ech Brit\u016f. A i vytvo\u0159en\u00ed Spojen\u00fdch st\u00e1t\u016f evropsk\u00fdch, jak kdysi navrhoval Churchill a dnes by po tom tou\u017eil \u2013 jist\u011b mnohem m\u00e9n\u011b v\u00fdznamn\u00fd Petr Pavel &#8211; m\u011blo jedin\u00fd c\u00edl. Porazit a zni\u010dit Rusko.<\/p>\n<p style=\"font-weight: 400;\">O nic jin\u00e9ho nejde. V\u00e9st konflikt s\u00a0Ruskem a\u017e k\u00a0jeho zni\u010den\u00ed.<\/p>\n<p style=\"font-weight: 400;\">Nep\u0159eh\u00e1n\u00edm. Toto je z\u00e1kladn\u00ed smysl sm\u011b\u0159ov\u00e1n\u00ed moment\u00e1ln\u00edho veden\u00ed Evropsk\u00e9 unie, kter\u00e1 nesporn\u011b u\u017e za hranou normality chce Rusko porazit.<\/p>\n<p style=\"font-weight: 400;\">Ale nic naplat: Petru Pavlovi st\u00e1le vad\u00ed, \u017ee Evropsk\u00e1 unie ned\u011bl\u00e1 absolutn\u011b v\u0161echno\u00a0\u00a0pro zni\u010den\u00ed Ruska a \u017ee k\u00a0jeho vzteku st\u00e1le mohou st\u00e1ty to n\u00e1dhern\u00e9 protirusk\u00e9 sna\u017een\u00ed\u00a0\u00a0z\u010d\u00e1sti bojkotovat, stejn\u011b jako bojkotovat tak nad\u011bjn\u00e9 fantasmagorick\u00e9 zelen\u00e9 pl\u00e1ny \u010di boj proti tzv. dezinformac\u00edm.<\/p>\n<p style=\"font-weight: 400;\">Up\u0159\u00edmn\u011b \u0159e\u010deno: Nejrad\u011bji by cht\u011bl zak\u00e1zat, aby lid\u00e9 v\u00a0\u010cesku mohli myslet odli\u0161n\u011b od jeho p\u0159edstav.<\/p>\n<p style=\"font-weight: 400;\">Vid\u00edme, \u017ee slep\u011b za n\u00edm sm\u011b\u0159uje \u010cesk\u00e1 televize a \u010cesk\u00fd rozhlas\u00a0\u00a0a nesporn\u011b i ve\u0161ker\u00fd denn\u00ed tisk, mo\u017en\u00e1 s\u00a0lehkou v\u00fdjimkou den\u00edku Dnes a samoz\u0159ejm\u011b i v\u0161echny nevl\u00e1dn\u00ed organizace.<\/p>\n<p style=\"font-weight: 400;\">Co je podstatn\u00e9 na tomto m\u00edst\u011b \u0159\u00edci je n\u011bco jin\u00e9ho.<\/p>\n<p style=\"font-weight: 400;\">N\u00e1zory jsou od toho, aby se li\u0161ily. A s v\u00fdjimkou podpory extr\u00e9mn\u00edho podb\u00edzen\u00ed k\u00a0n\u00e1sil\u00ed, respektujme fakt, \u017ee n\u011bkdo podporuje Ukrajinu, ale stejn\u011b tak n\u011bkdo jin\u00fd m\u00e1 pr\u00e1vo podporovat Rusko.<\/p>\n<p style=\"font-weight: 400;\">Tak tolerantn\u00ed p\u0159\u00edstup jsme za\u017e\u00edvali po roce 1990, ale za \u00e9ry Fialovy totality s\u00a0nejr\u016fzn\u011bj\u0161\u00edmi Folt\u00fdny a zneu\u017e\u00edv\u00e1n\u00edm BIS i st\u00e1tn\u00edch z\u00e1stupc\u016f nastala \u00e9ra nesvobody.<\/p>\n<p style=\"font-weight: 400;\">Po takov\u00e9 dob\u011b ov\u0161em tou\u017e\u00ed Petr Pavel.<\/p>\n<p style=\"font-weight: 400;\">To by byly Spojen\u00e9 st\u00e1ty evropsk\u00e9. \u0158\u00edk\u00e1 jednotn\u00e9, ale sp\u00ed\u0161e jde o\u00a0\u00a0totalitn\u00ed.<\/p>\n<p style=\"font-weight: 400;\">Pluralitu z\u00e1sadn\u011b odm\u00edt\u00e1.<\/p>\n<p><a href=\"https:\/\/vasevec.info\/komentare\/vznik-spojenych-statu-evropskych-podle-petra-pavla-nikdy\">Ji\u0159\u00ed Vyvadil<\/a><\/p>\n<p><img decoding=\"async\" loading=\"lazy\" class=\"alignnone size-medium wp-image-16474\" src=\"http:\/\/www.infokuryr.cz\/n\/wp-content\/uploads\/2022\/10\/jiri-vyvadil-300x200.jpg\" alt=\"\" width=\"300\" height=\"200\" srcset=\"https:\/\/www.infokuryr.cz\/n\/wp-content\/uploads\/2022\/10\/jiri-vyvadil-300x200.jpg 300w, https:\/\/www.infokuryr.cz\/n\/wp-content\/uploads\/2022\/10\/jiri-vyvadil-768x512.jpg 768w, https:\/\/www.infokuryr.cz\/n\/wp-content\/uploads\/2022\/10\/jiri-vyvadil.jpg 800w\" sizes=\"(max-width: 300px) 100vw, 300px\" \/><\/p>\n<p>&nbsp;<\/p>\n","protected":false},"excerpt":{"rendered":"<p>Petr Pavel rozhodn\u011b nen\u00ed origin\u00e1ln\u00ed. U\u017e Winston Churchill poprv\u00e9 jasn\u011b formuloval my\u0161lenku \u201eSpojen\u00fdch st\u00e1t\u016f evropsk\u00fdch\u201c&#8230;<\/p>\n","protected":false},"author":2,"featured_media":72072,"comment_status":"closed","ping_status":"closed","sticky":false,"template":"","format":"standard","meta":[],"categories":[6],"tags":[1503,1173,122],"_links":{"self":[{"href":"https:\/\/www.infokuryr.cz\/n\/wp-json\/wp\/v2\/posts\/105374"}],"collection":[{"href":"https:\/\/www.infokuryr.cz\/n\/wp-json\/wp\/v2\/posts"}],"about":[{"href":"https:\/\/www.infokuryr.cz\/n\/wp-json\/wp\/v2\/types\/post"}],"author":[{"embeddable":true,"href":"https:\/\/www.infokuryr.cz\/n\/wp-json\/wp\/v2\/users\/2"}],"replies":[{"embeddable":true,"href":"https:\/\/www.infokuryr.cz\/n\/wp-json\/wp\/v2\/comments?post=105374"}],"version-history":[{"count":0,"href":"https:\/\/www.infokuryr.cz\/n\/wp-json\/wp\/v2\/posts\/105374\/revisions"}],"wp:featuredmedia":[{"embeddable":true,"href":"https:\/\/www.infokuryr.cz\/n\/wp-json\/wp\/v2\/media\/72072"}],"wp:attachment":[{"href":"https:\/\/www.infokuryr.cz\/n\/wp-json\/wp\/v2\/media?parent=105374"}],"wp:term":[{"taxonomy":"category","embeddable":true,"href":"https:\/\/www.infokuryr.cz\/n\/wp-json\/wp\/v2\/categories?post=105374"},{"taxonomy":"post_tag","embeddable":true,"href":"https:\/\/www.infokuryr.cz\/n\/wp-json\/wp\/v2\/tags?post=105374"}],"curies":[{"name":"wp","href":"https:\/\/api.w.org\/{rel}","templated":true}]}}