{"id":105373,"date":"2026-04-25T00:19:00","date_gmt":"2026-04-24T22:19:00","guid":{"rendered":"https:\/\/www.infokuryr.cz\/n\/?p=105373"},"modified":"2026-04-24T20:32:40","modified_gmt":"2026-04-24T18:32:40","slug":"erik-best-cekani-na-stavku","status":"publish","type":"post","link":"https:\/\/www.infokuryr.cz\/n\/2026\/04\/25\/erik-best-cekani-na-stavku\/","title":{"rendered":"Erik Best:  \u010cek\u00e1n\u00ed na st\u00e1vku"},"content":{"rendered":"<div id=\"fb-root\"><\/div>\n<p><em>Pokud by se odbory \u010cesk\u00e9 televize a\u00a0\u010cesk\u00e9ho rozhlasu rozhodly kv\u016fli n\u00e1vrhu z\u00e1kona ministra kultury Oty Klemp\u00ed\u0159e na zm\u011bnu financov\u00e1n\u00ed ve\u0159ejnopr\u00e1vn\u00edch m\u00e9di\u00ed\u00a0vstoupit do st\u00e1vky, Mary Heimannov\u00e1 ve sv\u00e9 knize z\u00a0roku 2009 \u201e<a href=\"https:\/\/yalebooks.yale.edu\/book\/9780300172423\/czechoslovakia\/\" target=\"_blank\" rel=\"noopener\">Czechoslovakia: The State that Failed<\/a>\u201c (doslova p\u0159elo\u017eeno jako \u201e<a href=\"https:\/\/www.databazeknih.cz\/knihy\/ceskoslovensko-stat-ktery-zklamal-433148\" target=\"_blank\" rel=\"noopener\">\u010ceskoslovensko: St\u00e1t, kter\u00fd selhal<\/a>\u201c) popisuje, jak by se to asi mohlo odehr\u00e1t:<\/em><\/p>\n<p>V dob\u011b, kdy se 27. listopadu 1989 uskute\u010dnila gener\u00e1ln\u00ed st\u00e1vka, pl\u00e1novan\u00e1 jako celost\u00e1tn\u00ed dvouhodinov\u00e1 pracovn\u00ed p\u0159est\u00e1vka (od 12:00 do 14:00), byl jej\u00ed \u00fasp\u011bch prakticky zaru\u010den. Jako by \u0161lo o\u00a0v\u011bdom\u00e9 opakov\u00e1n\u00ed st\u00e1vek, kter\u00e9 po\u0159\u00e1dali prokomunisti\u010dt\u00ed prarodi\u010de student\u016f v\u00a0roce 1948 a\u00a0proreformn\u00ed komunisti\u010dt\u00ed rodi\u010de v\u00a0roce 1968 \u2013 noviny o\u00a0st\u00e1vce informovaly na tituln\u00edch str\u00e1nk\u00e1ch; t\u011bsn\u011b p\u0159ed polednem dokonce i\u00a0hlasatel \u010ceskoslovensk\u00e9 televize ozn\u00e1mil, \u017ee p\u0159eru\u0161uje vys\u00edl\u00e1n\u00ed, aby se st\u00e1vky mohl z\u00fa\u010dastnit. Po n\u00e1sleduj\u00edc\u00ed dv\u011b hodiny \u010ceskoslovensk\u00e1 televize jednodu\u0161e vys\u00edlala z\u00e1b\u011bry z\u00a0masov\u00fdch demonstrac\u00ed prob\u00edhaj\u00edc\u00edch po cel\u00e9 zemi.<\/p>\n<p><a href=\"https:\/\/www.fsfinalword.cz\/?page=archive&amp;day=2026-04-24&amp;utm_source=utm_source%3Dnewsletter&amp;utm_medium=utm_medium%3De-mail&amp;utm_campaign=utm_campaign%3Dfriday_edition_24.4.2026\">Erik Best<\/a><\/p>\n<p><img decoding=\"async\" loading=\"lazy\" class=\"alignnone  wp-image-1179\" src=\"http:\/\/www.infokuryr.cz\/n\/wp-content\/uploads\/2021\/04\/erik-best.jpg\" alt=\"\" width=\"124\" height=\"140\" \/><\/p>\n<p>&nbsp;<\/p>\n","protected":false},"excerpt":{"rendered":"<p>Pokud by se odbory \u010cesk\u00e9 televize a\u00a0\u010cesk\u00e9ho rozhlasu rozhodly kv\u016fli n\u00e1vrhu z\u00e1kona ministra kultury Oty&#8230;<\/p>\n","protected":false},"author":2,"featured_media":1886,"comment_status":"closed","ping_status":"closed","sticky":false,"template":"","format":"standard","meta":[],"categories":[6],"tags":[47,1503,951],"_links":{"self":[{"href":"https:\/\/www.infokuryr.cz\/n\/wp-json\/wp\/v2\/posts\/105373"}],"collection":[{"href":"https:\/\/www.infokuryr.cz\/n\/wp-json\/wp\/v2\/posts"}],"about":[{"href":"https:\/\/www.infokuryr.cz\/n\/wp-json\/wp\/v2\/types\/post"}],"author":[{"embeddable":true,"href":"https:\/\/www.infokuryr.cz\/n\/wp-json\/wp\/v2\/users\/2"}],"replies":[{"embeddable":true,"href":"https:\/\/www.infokuryr.cz\/n\/wp-json\/wp\/v2\/comments?post=105373"}],"version-history":[{"count":0,"href":"https:\/\/www.infokuryr.cz\/n\/wp-json\/wp\/v2\/posts\/105373\/revisions"}],"wp:featuredmedia":[{"embeddable":true,"href":"https:\/\/www.infokuryr.cz\/n\/wp-json\/wp\/v2\/media\/1886"}],"wp:attachment":[{"href":"https:\/\/www.infokuryr.cz\/n\/wp-json\/wp\/v2\/media?parent=105373"}],"wp:term":[{"taxonomy":"category","embeddable":true,"href":"https:\/\/www.infokuryr.cz\/n\/wp-json\/wp\/v2\/categories?post=105373"},{"taxonomy":"post_tag","embeddable":true,"href":"https:\/\/www.infokuryr.cz\/n\/wp-json\/wp\/v2\/tags?post=105373"}],"curies":[{"name":"wp","href":"https:\/\/api.w.org\/{rel}","templated":true}]}}