{"id":105371,"date":"2026-04-25T00:16:45","date_gmt":"2026-04-24T22:16:45","guid":{"rendered":"https:\/\/www.infokuryr.cz\/n\/?p=105371"},"modified":"2026-04-24T20:28:18","modified_gmt":"2026-04-24T18:28:18","slug":"jindrich-kulhavy-konecne-se-uplne-odkopal","status":"publish","type":"post","link":"https:\/\/www.infokuryr.cz\/n\/2026\/04\/25\/jindrich-kulhavy-konecne-se-uplne-odkopal\/","title":{"rendered":"Jind\u0159ich Kulhav\u00fd: Kone\u010dn\u011b se \u00fapln\u011b odkopal"},"content":{"rendered":"<div id=\"fb-root\"><\/div>\n<p><span class=\"anotation\">Loutkov\u00fd prezident \u010cesk\u00e9 republiky n\u00e1m sd\u011blil sv\u00e9 p\u0159\u00e1n\u00ed ukon\u010dit existenci zem\u011b, ve kter\u00e9 byl pravd\u011bpodobn\u011b omylem zvolen jej\u00ed hlavou. Co si tedy p\u0159eje? Konec na\u0161\u00ed st\u00e1tnosti a za\u010dlen\u011bn\u00e9 do vysn\u011bn\u00fdch Spojen\u00fdch st\u00e1t\u016f evropsk\u00fdch. U\u017e \u017e\u00e1dn\u00e1 n\u00e1rodn\u00ed hrdost, st\u00e1tn\u00ed hranice, rozpo\u010det a samostatnost, svrchovanost a tradice. Pos\u00edl\u00e1 n\u00e1s do ch\u0159t\u00e1nu bruselsk\u00fdch klaun\u016f, pod migrantsk\u00e9 no\u017ee a z\u00e1kony prosazovan\u00e9 Leyenovou.<\/span><\/p>\n<div id=\"pagetext\">\n<p>Pavlovy p\u0159edstavy o budoucnosti jsou tou nejhor\u0161\u00ed no\u010dn\u00ed m\u016frou nejen pro euroskeptiky, ale i pro ka\u017ed\u00e9ho \u017eij\u00edc\u00edho realistu. Pavel chce, abychom v\u0161ichni hovo\u0159ili spole\u010dnou \u0159e\u010d\u00ed, zat\u00edmco moudr\u00fd \u010dlov\u011bk opra\u0161uje ru\u0161tinu. Bude ji toti\u017e pot\u0159ebovat, bude li cht\u00edt z\u016fstat v Evrop\u011b a z\u00e1rove\u0148 neb\u00fdt sou\u010d\u00e1st\u00ed naivn\u00edho produktu vznikl\u00e9ho v mozku bl\u00e1zn\u016f. Jen se bude muset p\u0159em\u00edstit o n\u011bjak\u00fd ten tis\u00edc km na v\u00fdchod. Op\u011bt se ukazuje, jak bl\u00edzk\u00e9 jsou pl\u00e1ny liber\u00e1l\u016f Hitlerov\u011b p\u0159edstav\u011b o evropsk\u00e9 uspo\u0159\u00e1d\u00e1n\u00ed. Ostatn\u011b Evropsk\u00e1 komise se u\u017e nyn\u00ed chov\u00e1 jako celoevropsk\u00e1 vl\u00e1da a Leyenov\u00e1 se v\u017e\u00edv\u00e1 do role jej\u00ed \u0161\u00e9fov\u00e9. Co Petr Pavel za svou snahu zni\u010dit pr\u00e1ci Tom\u00e1\u0161e G. Masaryka dostal sl\u00edbeno, to netu\u0161\u00edme, nicm\u00e9n\u011b je evidentn\u00ed, jak velk\u00fd \u0161mejd na Pra\u017esk\u00e9m hradu sed\u00ed.<\/p>\n<p>Aby toho nebylo m\u00e1lo, obj\u00ed\u017ed\u00ed se sv\u00fdmi n\u00e1zory \u010desk\u00e9 a moravsk\u00e9 kraje a nav\u0161t\u011bvuje \u0161koly. V nich sice nem\u00e1 s politika\u0159en\u00edm co d\u011blat, sta\u010d\u00ed, \u017ee jeho fotka vis\u00ed ve t\u0159\u00edd\u00e1ch na zdi, ale to mu nebr\u00e1n\u00ed v besed\u00e1ch se studenty hovo\u0159it o mizern\u00e9 vl\u00e1d\u011b a hanit ji snad ve v\u0161em, v \u010dem to lze. A kdy\u017e si n\u011bkter\u00fd z div\u00e1k\u016f dovol\u00ed polo\u017eit \u201enevhodnou\u201c ot\u00e1zku, p\u0159\u00edpadn\u011b s v\u0161ezn\u00e1lkem polemizovat, mo\u017en\u00e1 si komplikuje budoucnost. Paradoxn\u011b jsem to za\u017eil tak\u00e9 s komunistou a vojensk\u00fdm veter\u00e1nem p\u0159i besed\u011b na st\u0159edn\u00ed \u0161kole. Je to ale u\u017e 46 let. Evidentn\u011b se n\u011bkde moc nezm\u011bnilo. Jen tenkr\u00e1t m\u011b za komunistu potrestali jin\u00ed komunist\u00e9, zat\u00edmco nyn\u00ed jin\u00e9ho p\u016fvodem komunistu br\u00e1n\u00ed a veleb\u00ed liber\u00e1lov\u00e9. Ov\u0161em s unijn\u00edmi a k tehdej\u0161\u00edm komunist\u016fm se p\u0159ibli\u017euj\u00edc\u00edmi man\u00fdry.<\/p>\n<p>Petr Pavel m\u00e1 \u00fadajn\u011b IQ \u00a0107. Od t\u00e9 doby, co se to provalilo, byl sn\u00ed\u017een pr\u016fm\u011br \u010desk\u00e9 spole\u010dnosti ze 100 bod\u016f na 98. Asi aby se sou\u010dasn\u00fd prezident zd\u00e1l b\u00fdt v\u00edce nadpr\u016fm\u011brn\u00fdm. Probl\u00e9mem je, \u017ee to pravd\u011bpodobn\u011b zdaleka nen\u00ed dostate\u010dn\u00e9 na to, aby samostatn\u011b p\u0159i veden\u00ed st\u00e1tu p\u0159em\u00fd\u0161lel a z\u00e1rove\u0148 nebyly z\u00e1sadn\u00ed v\u011bci pod jeho rozpozn\u00e1vac\u00ed schopnost. Na velitelskou pozici v arm\u00e1d\u011b to asi sta\u010dilo, na funkci prezidenta po Klausovi a Zemanovi je to zna\u010dn\u011b m\u00e1lo. Bohu\u017eel je tento slab\u00fd \u010dl\u00e1nek st\u00e1tn\u00ed moci adorov\u00e1n m\u00e9dii, um\u011blci a eurohujery. Babi\u0161, Macinka a p\u00e1r dal\u0161\u00edch v\u0161ak odm\u00edtaj\u00ed p\u0159ijmout hru na lidov\u00e9ho gener\u00e1la a vcelku logicky tohoto v\u00edcem\u00e9n\u011b ukrajinsko-bruselsk\u00e9ho velvyslance v \u010cesk\u00e9 republice odm\u00edtaj\u00ed p\u0159ipustit k d\u016fle\u017eit\u00fdm jedn\u00e1n\u00edm, na kter\u00fdch se prezentuje zahrani\u010dn\u00ed politika sou\u010dasn\u00e9 vl\u00e1dy.<\/p>\n<p>Petr Pavel je sp\u00ed\u0161e ostudou ne\u017e p\u0159\u00ednosem. Mo\u017en\u00e1 um\u00ed pot\u011b\u0161it \u0159\u00e1dem Lu\u0148\u00e1ka Vetch\u00e9ho, pohladit namistrovanou Pekarovou Adamovou, ale co d\u00e1le? Jeho ego p\u0159evy\u0161uj\u00edc\u00ed schopnost myslet nen\u00ed p\u0159edpokladem k tomu, aby n\u00e1s reprezentoval. Ostatn\u011b to sam\u00e9 lze \u0159\u00edci o p\u0159edsedovi Sen\u00e1tu Vystr\u010dilovi tou\u017e\u00edc\u00edm po letu na Taiwan. Cel\u00e1 ta liber\u00e1ln\u00ed skvadra p\u0159edstavovan\u00e1 P\u011btikoalic\u00ed uva\u017euje proti \u010desk\u00fdm z\u00e1jm\u016fm a tak\u00e9 tak jedn\u00e1. I kdy\u017e z nich m\u00e9dia d\u011blaj\u00ed polobohy, kte\u0159\u00ed nevl\u00e1dnou jen omylem, po prohl\u00e1\u0161en\u00edch jdouc\u00edch z \u00fast Fialy, Pavla a p\u00e1r dal\u0161\u00edch \u010dlen\u016f b\u00fdval\u00fdch p\u011btikoali\u010dn\u00edch stran je vcelku jasn\u00e9, \u017ee v\u00fdm\u011bna byla, a u Pavla dosud je, nutn\u00e1. Bez ohledu na \u0159vouc\u00ed studenty, st\u00e1vkuj\u00edc\u00ed zam\u011bstnance ve\u0159ejnopr\u00e1vn\u00edch m\u00e9di\u00ed a \u00fa\u010dastn\u00edky ov\u010d\u00edho srazu pod hlavi\u010dkou Milionu chvilek na Letn\u00e9. Pavel je prost\u011b zbyte\u010dn\u00fdm \u010dlov\u011bkem.<\/p>\n<p><a href=\"https:\/\/www.inadhled.live\/uvaha-dne\/konecne-se-uplne-odkopal\/\">Jind\u0159ich Kulhav\u00fd<\/a><\/p>\n<p>&nbsp;<\/p>\n<\/div>\n","protected":false},"excerpt":{"rendered":"<p>Loutkov\u00fd prezident \u010cesk\u00e9 republiky n\u00e1m sd\u011blil sv\u00e9 p\u0159\u00e1n\u00ed ukon\u010dit existenci zem\u011b, ve kter\u00e9 byl pravd\u011bpodobn\u011b&#8230;<\/p>\n","protected":false},"author":2,"featured_media":105372,"comment_status":"closed","ping_status":"closed","sticky":false,"template":"","format":"standard","meta":[],"categories":[6],"tags":[1503,1173,122],"_links":{"self":[{"href":"https:\/\/www.infokuryr.cz\/n\/wp-json\/wp\/v2\/posts\/105371"}],"collection":[{"href":"https:\/\/www.infokuryr.cz\/n\/wp-json\/wp\/v2\/posts"}],"about":[{"href":"https:\/\/www.infokuryr.cz\/n\/wp-json\/wp\/v2\/types\/post"}],"author":[{"embeddable":true,"href":"https:\/\/www.infokuryr.cz\/n\/wp-json\/wp\/v2\/users\/2"}],"replies":[{"embeddable":true,"href":"https:\/\/www.infokuryr.cz\/n\/wp-json\/wp\/v2\/comments?post=105371"}],"version-history":[{"count":0,"href":"https:\/\/www.infokuryr.cz\/n\/wp-json\/wp\/v2\/posts\/105371\/revisions"}],"wp:featuredmedia":[{"embeddable":true,"href":"https:\/\/www.infokuryr.cz\/n\/wp-json\/wp\/v2\/media\/105372"}],"wp:attachment":[{"href":"https:\/\/www.infokuryr.cz\/n\/wp-json\/wp\/v2\/media?parent=105371"}],"wp:term":[{"taxonomy":"category","embeddable":true,"href":"https:\/\/www.infokuryr.cz\/n\/wp-json\/wp\/v2\/categories?post=105371"},{"taxonomy":"post_tag","embeddable":true,"href":"https:\/\/www.infokuryr.cz\/n\/wp-json\/wp\/v2\/tags?post=105371"}],"curies":[{"name":"wp","href":"https:\/\/api.w.org\/{rel}","templated":true}]}}