{"id":105369,"date":"2026-04-25T00:24:14","date_gmt":"2026-04-24T22:24:14","guid":{"rendered":"https:\/\/www.infokuryr.cz\/n\/?p=105369"},"modified":"2026-04-24T20:18:56","modified_gmt":"2026-04-24T18:18:56","slug":"paul-craig-roberts-chape-iran-vubec-s-kym-a-o-cem-jedna","status":"publish","type":"post","link":"https:\/\/www.infokuryr.cz\/n\/2026\/04\/25\/paul-craig-roberts-chape-iran-vubec-s-kym-a-o-cem-jedna\/","title":{"rendered":"Paul Craig Roberts: Ch\u00e1pe \u00cdr\u00e1n v\u016fbec, s k\u00fdm a o \u010dem jedn\u00e1?"},"content":{"rendered":"<div id=\"fb-root\"><\/div>\n<div class=\"elementor-element elementor-element-1fb4c2c elementor-widget elementor-widget-theme-post-content\" data-id=\"1fb4c2c\" data-element_type=\"widget\" data-e-type=\"widget\" data-widget_type=\"theme-post-content.default\">\n<div class=\"elementor-widget-container\">\n<p><span dir=\"auto\">\u00cdr\u00e1n se domn\u00edv\u00e1, \u017ee s Trumpem jedn\u00e1 o omezen\u00ed sv\u00fdch pr\u00e1v v r\u00e1mci Smlouvy o ne\u0161\u00ed\u0159en\u00ed jadern\u00fdch zbran\u00ed. \u00cdr\u00e1n se v\u0161ak m\u00fdl\u00ed. Je to pouze z\u00e1minka. Skute\u010dn\u00fd probl\u00e9m \u00cdr\u00e1nu se t\u00fdk\u00e1 Izraele a to\u010d\u00ed se kolem pr\u00e1va zem\u011b na existenci. Sionistick\u00e1 agenda \u201eVelk\u00e9ho Izraele\u201c, stejn\u011b jako zahrani\u010dn\u00ed politika izraelsk\u00e9 vl\u00e1dy pod veden\u00edm Netanjahua, vy\u017eaduje eliminaci \u00cdr\u00e1nu jako organizovan\u00e9ho, \u200b\u200bsuver\u00e9nn\u00edho st\u00e1tu. Pro\u010d se \u00edr\u00e1nsk\u00e1 vl\u00e1da domn\u00edv\u00e1, \u017ee pokra\u010duj\u00edc\u00ed existence \u00cdr\u00e1nu je p\u0159edm\u011btem obchodov\u00e1n\u00ed?<\/span><\/p>\n<p><span dir=\"auto\">Pot\u00e9, co muslimsk\u00fd sv\u011bt byl sv\u011bdkem toho, jak Washington pro Izrael zni\u010dil t\u0159i ze \u201esedmi zem\u00ed za p\u011bt let\u201c, pro\u010d \u00edr\u00e1nsk\u00e1 vl\u00e1da nedok\u00e1\u017ee pochopit, \u017ee \u00cdr\u00e1n je \u010dtvrtou zem\u00ed, kter\u00e1 bude zni\u010dena, zat\u00edmco Turecko, Libanon a Sa\u00fadsk\u00e1 Ar\u00e1bie \u010dekaj\u00ed na svou \u0159adu?<\/span><\/p>\n<p><span dir=\"auto\">\u00cdr\u00e1n z jedn\u00e1n\u00ed nic nez\u00edsk\u00e1. M\u016f\u017ee jen bojovat o sv\u00e9 p\u0159e\u017eit\u00ed. Pokud \u00edr\u00e1nsk\u00e1 vl\u00e1da nepochop\u00ed tuto z\u00e1sadn\u00ed skute\u010dnost, \u201eTurecko se stane dal\u0161\u00edm \u00cdr\u00e1nem,\u201c jak prohl\u00e1sil b\u00fdval\u00fd izraelsk\u00fd premi\u00e9r Bennett na konferenci \u017eidovsk\u00fdch organizac\u00ed v USA v \u00fanoru tohoto roku.<\/span><\/p>\n<p><span dir=\"auto\">Po cel\u00e1 desetilet\u00ed izrael\u0161t\u00ed premi\u00e9\u0159i dr\u017eeli v rukou mapy \u201eVelk\u00e9ho Izraele\u201c \u2013 p\u016fvodn\u011b od Nilu k Eufratu, nyn\u00ed od Nilu k P\u00e1kist\u00e1nu. Jak je tedy mo\u017en\u00e9, \u017ee lid\u00e9 na Bl\u00edzk\u00e9m v\u00fdchod\u011b nech\u00e1pou, co to pro n\u011b znamen\u00e1?<\/span><\/p>\n<\/div>\n<\/div>\n<div class=\"elementor-element elementor-element-8c57238 quelle dc-has-condition dc-condition-empty elementor-widget elementor-widget-heading\" data-id=\"8c57238\" data-element_type=\"widget\" data-e-type=\"widget\" data-widget_type=\"heading.default\">\n<div class=\"elementor-widget-container\">\n<h3 class=\"elementor-heading-title elementor-size-default\"><span style=\"font-size: 10pt;\"><a href=\"https:\/\/paulcraigroberts.org\/does-iran-comprehend-who-iran-is-negotiating-with-and-about-what\/\" target=\"_blank\" rel=\"nofollow noopener\"><span dir=\"auto\">Zdroj<\/span><\/a><\/span><\/h3>\n<p>&nbsp;<\/p>\n<\/div>\n<\/div>\n","protected":false},"excerpt":{"rendered":"<p>\u00cdr\u00e1n se domn\u00edv\u00e1, \u017ee s Trumpem jedn\u00e1 o omezen\u00ed sv\u00fdch pr\u00e1v v r\u00e1mci Smlouvy o&#8230;<\/p>\n","protected":false},"author":2,"featured_media":810,"comment_status":"closed","ping_status":"closed","sticky":false,"template":"","format":"standard","meta":[],"categories":[7],"tags":[38,1503,37],"_links":{"self":[{"href":"https:\/\/www.infokuryr.cz\/n\/wp-json\/wp\/v2\/posts\/105369"}],"collection":[{"href":"https:\/\/www.infokuryr.cz\/n\/wp-json\/wp\/v2\/posts"}],"about":[{"href":"https:\/\/www.infokuryr.cz\/n\/wp-json\/wp\/v2\/types\/post"}],"author":[{"embeddable":true,"href":"https:\/\/www.infokuryr.cz\/n\/wp-json\/wp\/v2\/users\/2"}],"replies":[{"embeddable":true,"href":"https:\/\/www.infokuryr.cz\/n\/wp-json\/wp\/v2\/comments?post=105369"}],"version-history":[{"count":0,"href":"https:\/\/www.infokuryr.cz\/n\/wp-json\/wp\/v2\/posts\/105369\/revisions"}],"wp:featuredmedia":[{"embeddable":true,"href":"https:\/\/www.infokuryr.cz\/n\/wp-json\/wp\/v2\/media\/810"}],"wp:attachment":[{"href":"https:\/\/www.infokuryr.cz\/n\/wp-json\/wp\/v2\/media?parent=105369"}],"wp:term":[{"taxonomy":"category","embeddable":true,"href":"https:\/\/www.infokuryr.cz\/n\/wp-json\/wp\/v2\/categories?post=105369"},{"taxonomy":"post_tag","embeddable":true,"href":"https:\/\/www.infokuryr.cz\/n\/wp-json\/wp\/v2\/tags?post=105369"}],"curies":[{"name":"wp","href":"https:\/\/api.w.org\/{rel}","templated":true}]}}