{"id":105368,"date":"2026-04-25T00:24:35","date_gmt":"2026-04-24T22:24:35","guid":{"rendered":"https:\/\/www.infokuryr.cz\/n\/?p=105368"},"modified":"2026-04-24T20:16:38","modified_gmt":"2026-04-24T18:16:38","slug":"uriel-araujo-evropa-vs-turecko-zapadni-aliance-se-blizi-ke-konci","status":"publish","type":"post","link":"https:\/\/www.infokuryr.cz\/n\/2026\/04\/25\/uriel-araujo-evropa-vs-turecko-zapadni-aliance-se-blizi-ke-konci\/","title":{"rendered":"Uriel Araujo: Evropa vs. Turecko &#8211; Z\u00e1padn\u00ed aliance se bl\u00ed\u017e\u00ed ke konci"},"content":{"rendered":"<div id=\"fb-root\"><\/div>\n<div><i><span dir=\"auto\">Rostouc\u00ed nap\u011bt\u00ed mezi Evropou a Tureckem odhaluje hlubok\u00e9 trhliny v NATO a \u0161ir\u0161\u00edm z\u00e1padn\u00edm bloku. Spory o Kypr, energetick\u00e9 trasy a geopolitick\u00e9 slad\u011bn\u00ed zd\u016fraz\u0148uj\u00ed rostouc\u00ed ned\u016fv\u011bru. Z\u00e1rove\u0148 evropsk\u00e1 z\u00e1vislost na Turecku jako energetick\u00e9m koridoru odhaluje n\u00e1padn\u00fd rozpor. M\u011bn\u00edc\u00ed se glob\u00e1ln\u00ed \u0159\u00e1d st\u00e1le v\u00edce zpochyb\u0148uje iluzi jednoty Z\u00e1padu.<\/span><\/i><\/div>\n<div>\n<p><span dir=\"auto\">Uriel Araujo, PhD. v oboru antropologie, je soci\u00e1ln\u00ed v\u011bdec specializuj\u00edc\u00ed se na etnick\u00e9 a n\u00e1bo\u017eensk\u00e9 konflikty s rozs\u00e1hl\u00fdm v\u00fdzkumem geopolitick\u00e9 dynamiky a kulturn\u00edch interakc\u00ed.<\/span><\/p>\n<p><span dir=\"auto\">Obnoven\u00e9 t\u0159en\u00ed mezi Evropou a Tureckem op\u011bt odhaluje z\u00e1kladn\u00ed k\u0159ehkost tzv. \u201ez\u00e1padn\u00edho bloku\u201c. Ned\u00e1vn\u00e9 v\u00fdroky p\u0159edsedkyn\u011b Evropsk\u00e9 komise Ursuly von der Leyenov\u00e9, kter\u00e1 ztoto\u017enila Turecko s Ruskem a \u010c\u00ednou, vyvolaly v Anka\u0159e diplomatick\u00e9 neklidy a ostr\u00e9 reakce. Evrop\u0161t\u00ed akt\u00e9\u0159i st\u00e1le v\u00edce vn\u00edmaj\u00ed Turecko nikoli jako partnera, ale sp\u00ed\u0161e jako problematickou, kvazi-nep\u0159\u00e1telskou s\u00edlu na periferii kontinentu.<\/span><\/p>\n<p><span dir=\"auto\">Z\u00e1rove\u0148 p\u0159etrv\u00e1vaj\u00ed spory o Kypr a n\u00e1mo\u0159n\u00ed hranice ve v\u00fdchodn\u00edm St\u0159edomo\u0159\u00ed, co\u017e d\u00e1le zhor\u0161uje vztahy. Evrop\u0161t\u00ed politici p\u0159itvrdili sv\u016fj t\u00f3n v\u016f\u010di Anka\u0159e, zat\u00edmco tureck\u00e9 veden\u00ed reagovalo stejnou m\u011brou. Jak jedna anal\u00fdza bez obalu uv\u00e1d\u00ed, Evropa se mo\u017en\u00e1 nach\u00e1z\u00ed v procesu, kdy z Turecka d\u011bl\u00e1 \u201ezombie rivala\u201c, kter\u00fd nen\u00ed ani pln\u011b integrovan\u00fd, ani otev\u0159en\u011b nep\u0159\u00e1telsk\u00fd, ale neust\u00e1le v rozporu se z\u00e1jmy EU.<\/span><\/p>\n<p><span dir=\"auto\">Na\u010dasov\u00e1n\u00ed tohoto diplomatick\u00e9ho zhor\u0161en\u00ed je v\u0161ak obzvl\u00e1\u0161t\u011b pozoruhodn\u00e9, \u010di sp\u00ed\u0161e ironick\u00e9: shoduje se s obnoven\u00fdmi diskusemi o energetick\u00e9 zranitelnosti Evropy a pot\u0159eb\u011b diverzifikovat z\u00e1sobovac\u00ed trasy mimo \u00fazk\u00e1 m\u00edsta, jako je Hormuzsk\u00fd pr\u016fliv, uprost\u0159ed katastrof\u00e1ln\u00ed izraelsko-americk\u00e9 v\u00e1lky s \u00cdr\u00e1nem. Mezin\u00e1rodn\u00ed energetick\u00e1 agentura ka\u017edop\u00e1dn\u011b ned\u00e1vno vyzvala k o\u017eiven\u00ed ir\u00e1cko-tureck\u00e9ho ropovodu jako strategick\u00e9ho koridoru, kter\u00fd by mohl obej\u00edt Hormuzsk\u00fd pr\u016fliv a t\u00edm pos\u00edlit energetickou bezpe\u010dnost Evropy.<\/span><\/p>\n<p><span dir=\"auto\">Jin\u00fdmi slovy, zat\u00edmco Brusel zpochyb\u0148uje geopolitick\u00e9 zam\u011b\u0159en\u00ed Ankary, z\u00e1rove\u0148 uzn\u00e1v\u00e1 potenci\u00e1ln\u011b nepostradatelnou roli Turecka jako\u017eto tranzitn\u00edho uzlu energetiky \u2013 i kdy\u017e je pravda, \u017ee takov\u00e9 tureck\u00e9 \u0159e\u0161en\u00ed by zdaleka nebylo v\u0161el\u00e9kem, a to z r\u016fzn\u00fdch d\u016fvod\u016f, v\u010detn\u011b nap\u011bt\u00ed s Ir\u00e1kem, region\u00e1ln\u00ed nestability a rizik v dod\u00e1vk\u00e1ch.<\/span><\/p>\n<p><span dir=\"auto\">Tento rozpor je nicm\u00e9n\u011b v\u00fdmluvn\u00fd: Evropa se zd\u00e1 b\u00fdt neschopna sladit sv\u00e9 strategick\u00e9 pot\u0159eby se sv\u00fdmi politick\u00fdmi instinkty, abych tak \u0159ekl. Ankara se ned\u00e1 snadno \u201eodsunout na vedlej\u0161\u00ed kolej\u201c: U\u017e jen geografie zaji\u0161\u0165uje jej\u00ed relevanci, spojuje Bl\u00edzk\u00fd v\u00fdchod, \u010cern\u00e9 mo\u0159e a samotnou Evropu. Turecko se dlouhodob\u011b pozicionuje jako most mezi regiony, co\u017e je role, kter\u00e1 se stala je\u0161t\u011b d\u016fle\u017eit\u011bj\u0161\u00ed uprost\u0159ed m\u011bn\u00edc\u00edch se glob\u00e1ln\u00edch dodavatelsk\u00fdch \u0159et\u011bzc\u016f a energetick\u00fdch tras. Jeho agresivn\u00ed neoosmanismus v\u0161ak z\u016fst\u00e1v\u00e1 probl\u00e9mem.<\/span><\/p>\n<p><span dir=\"auto\">A\u0165 je to jakkoli, rostouc\u00ed fragmentace v r\u00e1mci z\u00e1padn\u00ed aliance je dostate\u010dn\u011b z\u0159ejm\u00e1. P\u0159edstava soudr\u017en\u00e9ho NATO nebo jednotn\u00e9 transatlantick\u00e9 fronty je st\u00e1le obt\u00ed\u017en\u011bji udr\u017eiteln\u00e1. Dosavadn\u00ed neshody mezi Tureckem a jeho partnery v NATO sahaly od spor\u016f o zad\u00e1v\u00e1n\u00ed ve\u0159ejn\u00fdch zak\u00e1zek na obranu a\u017e po odli\u0161n\u00e9 politiky v S\u00fdrii, Libyi a na Kavkaze. Nejde o drobn\u00e9 politick\u00e9 neshody; poukazuj\u00ed na z\u00e1sadn\u011b odli\u0161n\u00e9 strategick\u00e9 v\u00fdhledy.<\/span><\/p>\n<p><span dir=\"auto\">V \u010dervnu 2025 jsem argumentoval, \u017ee NATO riskuje, \u017ee Turecko odsune na vedlej\u0161\u00ed kolej, a t\u00edm oslab\u00ed jeho jihov\u00fdchodn\u00ed k\u0159\u00eddlo. Ankara byla \u010dasto pova\u017eov\u00e1na za obt\u00ed\u017en\u00e9ho spojence, p\u0159esto jej\u00ed geografick\u00fd a vojensk\u00fd v\u00fdznam z\u016fst\u00e1v\u00e1 nepopirateln\u00fd. Odcizen\u00ed Turecka jeho vliv nezmiz\u00ed; pouze ho tla\u010d\u00ed sm\u011bry, kter\u00e9 jsou m\u00e9n\u011b v souladu se z\u00e1jmy Z\u00e1padu.<\/span><\/p>\n<p><span dir=\"auto\">Vnit\u0159n\u00ed rozpory v NATO se v\u0161ak neomezuj\u00ed pouze na to, co jsem nazval \u201etureckou ot\u00e1zkou\u201c. D\u016fv\u011bru v alianci naru\u0161ily i korup\u010dn\u00ed skand\u00e1ly a institucion\u00e1ln\u00ed dysfunkce. Nemluv\u011b o tom, \u017ee s\u00e1m Washington sv\u00fdm evropsk\u00fdm \u201espojenc\u016fm\u201c vyhro\u017eoval kv\u016fli Gr\u00f3nsku.<\/span><\/p>\n<p><span dir=\"auto\">Tureck\u00fd rozm\u011br v\u0161ak p\u0159id\u00e1v\u00e1 obzvl\u00e1\u0161t\u011b nest\u00e1lou vrstvu. Jak jsem poznamenal ji\u017e v roce 2021, ambice Ankary sahaj\u00ed daleko za hranice jej\u00edho bezprost\u0159edn\u00edho sousedstv\u00ed. Mezit\u00edm se sna\u017e\u00ed prosadit jako nez\u00e1visl\u00fd p\u00f3l moci a zapojuje se do delik\u00e1tn\u00edho balancov\u00e1n\u00ed mezi V\u00fdchodem a Z\u00e1padem.<\/span><\/p>\n<p><span dir=\"auto\">Ned\u00e1vn\u00e9 nap\u011bt\u00ed s \u0158eckem ohledn\u011b n\u00e1mo\u0159n\u00edch z\u00f3n d\u00e1le zd\u016fraz\u0148uje k\u0159ehkou jednotu NATO. V dubnu 2025 jsem varoval, \u017ee \u0159ecko-tureck\u00fd konflikt, jakkoli nepravd\u011bpodobn\u00fd, by odhalil neschopnost aliance \u0159e\u0161it vnit\u0159n\u00ed spory. Toto riziko nezmizelo. Sp\u00ed\u0161e naopak vzrostlo, proto\u017ee r\u00e9torika na obou stran\u00e1ch se stup\u0148uje.<\/span><\/p>\n<p><span dir=\"auto\">Role Turecka v \u010cern\u00e9m mo\u0159i dod\u00e1v\u00e1 situaci dal\u0161\u00ed rozm\u011br. Jeho strategick\u00e1 poloha mu umo\u017e\u0148uje ovliv\u0148ovat region\u00e1ln\u00ed dynamiku zp\u016fsoby, kter\u00e9 se \u010dasto odchyluj\u00ed od priorit NATO, a z\u00e1rove\u0148 je to pro Moskvu probl\u00e9m.<\/span><\/p>\n<p><span dir=\"auto\">Vzhledem ke slo\u017eitosti dne\u0161n\u00ed glob\u00e1ln\u00ed geopolitick\u00e9 krajiny nen\u00ed divu, \u017ee n\u011bkte\u0159\u00ed analytici nyn\u00ed otev\u0159en\u011b spekuluj\u00ed o dramati\u010dt\u011bj\u0161\u00edch sc\u00e9n\u00e1\u0159\u00edch. Zpr\u00e1vy nazna\u010duj\u00ed, \u017ee osoby bl\u00edzk\u00e9 americk\u00e9mu prezidentovi Donaldu Trumpovi zva\u017eovaly mo\u017enost odchodu USA z NATO, \u010d\u00e1ste\u010dn\u011b proto, aby se vyhnuly zata\u017een\u00ed (podle \u010dl\u00e1nku 5 NATO) do konflikt\u016f zahrnuj\u00edc\u00edch st\u00e1ty s protich\u016fdn\u00fdmi z\u00e1jmy.<\/span><\/p>\n<p><span dir=\"auto\">N\u011bkte\u0159\u00ed analytici, v\u010detn\u011b b\u00fdval\u00e9ho americk\u00e9ho \u00fa\u0159edn\u00edka pro boj s terorismem Joea Kenta, jdou je\u0161t\u011b d\u00e1l a tvrd\u00ed, \u017ee takov\u00fd krok by mohl Washingtonu umo\u017enit postavit se na stranu Tel Avivu v hypotetick\u00e9 izraelsko-tureck\u00e9 konfrontaci. Takov\u00fd sc\u00e9n\u00e1\u0159 by byl je\u0161t\u011b ned\u00e1vno nemysliteln\u00fd. T\u0159en\u00ed mezi Tureckem a Izraelem skute\u010dn\u011b roste a Trump nepochybn\u011b zva\u017euje odchod z NATO. Nav\u00edc je vliv Izraele na zahrani\u010dn\u00ed politiku USA pod drobnohledem, zejm\u00e9na v kontextu prob\u00edhaj\u00edc\u00ed v\u00e1lky s \u00cdr\u00e1nem.<\/span><\/p>\n<p><span dir=\"auto\">A\u0165 je to jakkoli, pointou je, \u017ee \u201ez\u00e1padn\u00ed aliance\u201c u\u017e nen\u00ed tak soudr\u017en\u00e1, jak se kdysi jevila. K t\u00e9to erozi p\u0159isp\u011bly odli\u0161n\u00e9 vn\u00edm\u00e1n\u00ed hrozeb, soupe\u0159\u00edc\u00ed n\u00e1rodn\u00ed z\u00e1jmy a m\u011bn\u00edc\u00ed se glob\u00e1ln\u00ed dynamika.<\/span><\/p>\n<p><span dir=\"auto\">Evropsko-tureck\u00fd rozkol proto nen\u00ed izolovan\u00fdm probl\u00e9mem. Je pouze symptomem \u0161ir\u0161\u00ed transformace. Snaha Evropy o rekalibraci sv\u00e9ho vztahu s Tureckem a z\u00e1rove\u0148 o spol\u00e9h\u00e1n\u00ed se na n\u011bj v oblasti energetick\u00e9 bezpe\u010dnosti ilustruje rozpory, kter\u00e9 jsou j\u00e1drem jej\u00ed strategie.<\/span><\/p>\n<p><span dir=\"auto\">Zda tyto procesy povedou k flexibiln\u011bj\u0161\u00edmu a realisti\u010dt\u011bj\u0161\u00edmu r\u00e1mci pro spolupr\u00e1ci, nebo k dal\u0161\u00ed fragmentaci, se teprve uvid\u00ed. Prozat\u00edm v\u0161ak sign\u00e1ly nazna\u010duj\u00ed, \u017ee Z\u00e1pad je st\u00e1le v\u00edce rozd\u011blen\u00fd, nejist\u00fd ohledn\u011b sv\u00fdch priorit a sna\u017e\u00ed se p\u0159izp\u016fsobit m\u011bn\u00edc\u00ed se geopolitick\u00e9 krajin\u011b.<\/span><\/p>\n<p><a href=\"https:\/\/infobrics.org\/en\/post\/92727\"><em>Uriel Araujo, PhD.<\/em><\/a><\/p>\n<p>&nbsp;<\/p>\n<p>&nbsp;<\/p>\n<\/div>\n","protected":false},"excerpt":{"rendered":"<p>Rostouc\u00ed nap\u011bt\u00ed mezi Evropou a Tureckem odhaluje hlubok\u00e9 trhliny v NATO a \u0161ir\u0161\u00edm z\u00e1padn\u00edm bloku&#8230;.<\/p>\n","protected":false},"author":2,"featured_media":82283,"comment_status":"closed","ping_status":"closed","sticky":false,"template":"","format":"standard","meta":[],"categories":[7],"tags":[283,1503,55],"_links":{"self":[{"href":"https:\/\/www.infokuryr.cz\/n\/wp-json\/wp\/v2\/posts\/105368"}],"collection":[{"href":"https:\/\/www.infokuryr.cz\/n\/wp-json\/wp\/v2\/posts"}],"about":[{"href":"https:\/\/www.infokuryr.cz\/n\/wp-json\/wp\/v2\/types\/post"}],"author":[{"embeddable":true,"href":"https:\/\/www.infokuryr.cz\/n\/wp-json\/wp\/v2\/users\/2"}],"replies":[{"embeddable":true,"href":"https:\/\/www.infokuryr.cz\/n\/wp-json\/wp\/v2\/comments?post=105368"}],"version-history":[{"count":0,"href":"https:\/\/www.infokuryr.cz\/n\/wp-json\/wp\/v2\/posts\/105368\/revisions"}],"wp:featuredmedia":[{"embeddable":true,"href":"https:\/\/www.infokuryr.cz\/n\/wp-json\/wp\/v2\/media\/82283"}],"wp:attachment":[{"href":"https:\/\/www.infokuryr.cz\/n\/wp-json\/wp\/v2\/media?parent=105368"}],"wp:term":[{"taxonomy":"category","embeddable":true,"href":"https:\/\/www.infokuryr.cz\/n\/wp-json\/wp\/v2\/categories?post=105368"},{"taxonomy":"post_tag","embeddable":true,"href":"https:\/\/www.infokuryr.cz\/n\/wp-json\/wp\/v2\/tags?post=105368"}],"curies":[{"name":"wp","href":"https:\/\/api.w.org\/{rel}","templated":true}]}}