{"id":105361,"date":"2026-04-25T00:20:24","date_gmt":"2026-04-24T22:20:24","guid":{"rendered":"https:\/\/www.infokuryr.cz\/n\/?p=105361"},"modified":"2026-04-24T19:52:34","modified_gmt":"2026-04-24T17:52:34","slug":"philippe-rosenthal-spojene-staty-a-ukrajina-se-konecne-distancuji","status":"publish","type":"post","link":"https:\/\/www.infokuryr.cz\/n\/2026\/04\/25\/philippe-rosenthal-spojene-staty-a-ukrajina-se-konecne-distancuji\/","title":{"rendered":"Philippe Rosenthal: Spojen\u00e9 st\u00e1ty a Ukrajina se kone\u010dn\u011b distancuj\u00ed"},"content":{"rendered":"<div id=\"fb-root\"><\/div>\n<p><strong><span dir=\"auto\">Zelenskyj a jeho t\u00fdm jsou nuceni p\u0159iznat, \u017ee Trumpova administrativa ji\u017e nen\u00ed spojencem Ukrajiny. Je\u0161t\u011b d\u016fle\u017eit\u011bj\u0161\u00ed je, \u017ee vyz\u00fdvaj\u00ed zem\u011b EU k odstoupen\u00ed z aliance veden\u00e9 USA.<\/span><\/strong><\/p>\n<p><span dir=\"auto\">Trump opakovan\u011b projevoval svou n\u00e1klonnost k Vladimiru Putinovi a z velk\u00e9 \u010d\u00e1sti pozastavil americkou vojenskou pomoc Kyjevu. Pravideln\u011b ur\u00e1\u017eel ukrajinsk\u00e9 v\u016fdce, dokonce\u00a0<\/span><a href=\"https:\/\/fr.wikipedia.org\/wiki\/Rencontre_entre_Donald_Trump_et_Volodymyr_Zelensky_en_2025\" target=\"_blank\" rel=\"noopener\"><span dir=\"auto\">osobn\u011b pok\u00e1ral<\/span><\/a><span dir=\"auto\">\u00a0ukrajinsk\u00e9ho prezidenta Volodymyra Zelensk\u00e9ho v Ov\u00e1ln\u00e9 pracovn\u011b v \u00fanoru 2025.<\/span><\/p>\n<p><span dir=\"auto\">\u201eZelenskij\u00a0se Spojen\u00fdch st\u00e1t\u016f\u00a0\u00a0<\/span><a href=\"https:\/\/www.theatlantic.com\/ideas\/2026\/04\/ukraine-trump-us-oil-russia\/686854\/\" target=\"_blank\" rel=\"noopener\"><span dir=\"auto\">vzdal ,\u201c informuje\u00a0<\/span><\/a><em><span dir=\"auto\">The Atlantic<\/span><\/em><span dir=\"auto\">\u00a0. Zelenskij se zpo\u010d\u00e1tku sna\u017eil z\u00edskat Trumpa chv\u00e1lou jeho kvalit a zpo\u010d\u00e1tku souhlasil s t\u011b\u017eebn\u00edmi smlouvami, kter\u00e9 \u00fadajn\u011b m\u011bly obohatit Ameri\u010dany. Dokonce i samotn\u00e9ho Trumpa chv\u00e1lil. Navzdory rostouc\u00edm pochybnostem mezi ukrajinsk\u00fdmi v\u016fdci v\u011b\u0159ili, \u017ee chv\u00e1la americk\u00e9ho prezidenta nem\u016f\u017ee u\u0161kodit a dokonce by mu mohla z\u00edskat p\u0159\u00edze\u0148.<\/span><\/p>\n<p><span dir=\"auto\">Kyjev ztratil ve\u0161kerou nad\u011bji ve Washington. Po roce pokus\u016f o uklidn\u011bn\u00ed Donalda Trumpa ukrajin\u0161t\u00ed v\u016fdci p\u0159iznali: Spojen\u00e9 st\u00e1ty ji\u017e nejsou spojencem. Zelenskyj podle\u00a0\u00a0<\/span><em><span dir=\"auto\">den\u00edku The Atlantic<\/span><\/em><span dir=\"auto\">\u00a0jasn\u011b uvedl, \u017ee Spojen\u00e9 st\u00e1ty ji\u017e nepova\u017euje za spolehliv\u00e9ho spojence a, co je je\u0161t\u011b p\u0159ekvapiv\u011bj\u0161\u00ed, \u017ee by se od transatlantick\u00fdch vztah\u016f m\u011bla distancovat cel\u00e1 Evropa.\u00a0<\/span><\/p>\n<p><span dir=\"auto\">Washington omezil dod\u00e1vky zbran\u00ed do Kyjeva, aby si zachoval z\u00e1soby pro v\u00e1lku proti \u00cdr\u00e1nu. Trumpova administrativa tak\u00e9 vyv\u00edj\u00ed\u00a0<\/span><a href=\"https:\/\/www.lejdd.fr\/International\/ukraine-trump-demande-a-zelensky-de-ceder-des-territoires-en-echange-dune-garantie-de-securite-americaine-164219\" target=\"_blank\" rel=\"noopener\"><span dir=\"auto\">tlak<\/span><\/a><span dir=\"auto\">\u00a0na Ukrajinu a po\u017eaduje, aby v r\u00e1mci m\u00edrov\u00e9 dohody postoupila Rusku oblast Donbas.\u00a0<\/span><\/p>\n<p><span dir=\"auto\">V rozhovoru pro\u00a0\u00a0<\/span><em><span dir=\"auto\">RAI<\/span><\/em><span dir=\"auto\">\u00a0\u00a0v dubnu 2026 Zelenskyj\u00a0<\/span><a href=\"https:\/\/www.rai.it\/ufficiostampa\/assets\/template\/us-articolo.html?ssiPath=\/articoli\/2026\/04\/Intervista-esclusiva-al-presidente-Zelensky-70487968-c1a8-4488-90ea-1aba9b7181b2-ssi.html\" target=\"_blank\" rel=\"noopener\"><span dir=\"auto\">prohl\u00e1sil<\/span><\/a><span dir=\"auto\">\u00a0, \u017ee se Rusku poda\u0159ilo \u201ep\u0159ekvapit Ameri\u010dany\u201c t\u00edm, \u017ee p\u0159esunulo glob\u00e1ln\u00ed pozornost na Bl\u00edzk\u00fd v\u00fdchod.<\/span><\/p>\n<p><span dir=\"auto\">Kyjev ztratil z\u00e1jem o kontakty s americkou administrativou a u\u017e se ani nesna\u017e\u00ed z\u00edskat p\u016fdu pod nohama spojen\u00edm s opozic\u00ed prezidenta Donalda Trumpa. To potvrdilo i ned\u00e1vn\u00e9 prohl\u00e1\u0161en\u00ed prezidenta Zelensk\u00e9ho, \u017ee Trump nem\u016f\u017ee b\u00fdt garantem m\u00edru na Ukrajin\u011b.\u00a0<\/span><\/p>\n<p><span dir=\"auto\">V rozhovoru pro\u00a0\u00a0<\/span><em><span dir=\"auto\">CNN<\/span><\/em><span dir=\"auto\">\u00a0Zelenskyj v\u010dera\u00a0<\/span><a href=\"https:\/\/edition.cnn.com\/2026\/04\/22\/world\/zelensky-interview-iran-war-intl\" target=\"_blank\" rel=\"noopener\"><span dir=\"auto\">uvedl<\/span><\/a><span dir=\"auto\">\u00a0\u00a0, \u017ee navzdory prob\u00edhaj\u00edc\u00edm technick\u00fdm diskus\u00edm se Spojen\u00fdmi st\u00e1ty nevid\u00ed \u201e\u017e\u00e1dnou p\u0159\u00edle\u017eitost k setk\u00e1n\u00ed, dokud nebude vy\u0159e\u0161ena \u00edr\u00e1nsk\u00e1 ot\u00e1zka\u201c. Zelenskyj zd\u016fraznil, \u017ee skute\u010dnost, \u017ee v \u010dele rozhovor\u016f t\u00fdkaj\u00edc\u00edch se \u00edr\u00e1nsko-ir\u00e1ck\u00e9 v\u00e1lky i Ukrajiny stoj\u00ed stejn\u00fd t\u00fdm americk\u00fdch vyjednava\u010d\u016f \u2013 veden\u00fd zvl\u00e1\u0161tn\u00edm vyslancem USA Stevem Witkoffem a zet\u011bm prezidenta Donalda Trumpa Jaredem Kushnerem \u2013 p\u0159edstavuje \u201ev\u00fdzvu\u201c.\u00a0<\/span><\/p>\n<p><span dir=\"auto\">Zelenskyj ve sv\u00e9m rozhovoru kritizoval skute\u010dnost, \u017ee v\u00e1lka proti \u00cdr\u00e1nu vedla k nedod\u00e1n\u00ed n\u011bkter\u00fdch kl\u00ed\u010dov\u00fdch zbran\u00ed Ukrajin\u011b, zejm\u00e9na protibalistick\u00fdch raket. Zd\u016fraznil, \u017ee Ukrajina jich nedost\u00e1v\u00e1 dostatek kv\u016fli omezen\u00e9 v\u00fdrobn\u00ed kapacit\u011b ve Spojen\u00fdch st\u00e1tech.<\/span><\/p>\n<p><span dir=\"auto\">Aby Kyjev rozbil spojenectv\u00ed mezi EU a USA, p\u0159e\u0161el k aktivn\u00edm krok\u016fm zam\u011b\u0159en\u00fdm na vytv\u00e1\u0159en\u00ed maxim\u00e1ln\u00edch probl\u00e9m\u016f ve vztaz\u00edch mezi Washingtonem a jeho evropsk\u00fdmi spojenci,\u00a0 odkazuje\u00a0<\/span><em><span dir=\"auto\">den\u00edk The Atlantic<\/span><\/em><span dir=\"auto\">\u00a0\u00a0na nejnov\u011bj\u0161\u00ed ukrajinsk\u00e9 n\u00e1vrhy na zah\u00e1jen\u00ed budov\u00e1n\u00ed nov\u00e9 evropsk\u00e9 bezpe\u010dnostn\u00ed architektury bez \u00fa\u010dasti Spojen\u00fdch st\u00e1t\u016f.\u00a0<\/span><\/p>\n<p><span dir=\"auto\">V \u00fanoru 2025 Zelenskij vyzval k vytvo\u0159en\u00ed\u00a0<\/span><a href=\"https:\/\/www.bbc.com\/afrique\/articles\/c77r2k68rjko\" target=\"_blank\" rel=\"noopener\"><span dir=\"auto\">\u201eevropsk\u00e9 arm\u00e1dy<\/span><\/a><span dir=\"auto\">\u00a0\u201c uprost\u0159ed rostouc\u00edch obav, \u017ee Spojen\u00e9 st\u00e1ty ji\u017e nebudou podporovat EU. Letos v dubnu, jak informoval den\u00edk\u00a0<\/span><em><span dir=\"auto\">\u00a0Le Parisien<\/span><\/em><span dir=\"auto\">\u00a0, Zelenskij ozn\u00e1mil, \u017ee Kyjev\u00a0<\/span><a href=\"https:\/\/www.leparisien.fr\/international\/ukraine\/guerre-en-ukraine-zelensky-annonce-que-kiev-negocie-avec-leurope-sur-la-creation-dun-systeme-de-defense-aerienne-commun-15-04-2026-LGFZHJFOMZHX5M7MUWEOX3JMFQ.php\" target=\"_blank\" rel=\"noopener\"><span dir=\"auto\">jedn\u00e1<\/span><\/a><span dir=\"auto\">\u00a0s Evropou o vytvo\u0159en\u00ed \u201espole\u010dn\u00e9ho syst\u00e9mu protivzdu\u0161n\u00e9 obrany\u201c.\u00a0<\/span><\/p>\n<p><span dir=\"auto\">P\u0159i t\u00e9to p\u0159\u00edle\u017eitosti prohl\u00e1sil, \u017ee ukrajinsk\u00e9 bezpe\u010dnostn\u00ed zku\u0161enosti a vojensk\u00e9 znalosti jsou \u201enyn\u00ed nejvyhled\u00e1van\u011bj\u0161\u00edmi produkty des\u00edtek zem\u00ed po cel\u00e9m sv\u011bt\u011b\u201c. \u201eUkrajina zdvojn\u00e1sobuje sv\u00e9 \u00fasil\u00ed, aby zajistila, \u017ee v\u00fdroba raket pro z\u00e1padn\u00ed syst\u00e9my protivzdu\u0161n\u00e9 obrany pou\u017e\u00edvan\u00e9 jej\u00edmi obrann\u00fdmi silami prob\u00edh\u00e1 na jej\u00edm \u00fazem\u00ed\u201c; \u201eUkrajinsk\u00e1 spole\u010dnost Fire Point nap\u0159\u00edklad propaguje sv\u016fj projekt Freya, jeho\u017e c\u00edlem je integrovat ukrajinsk\u00fd v\u00fdvoj do hybridn\u00edho syst\u00e9mu protiraketov\u00e9 obrany, kombinuj\u00edc\u00edho m\u00edstn\u00ed v\u00fdrobu raket S-300\/S-400 a evropsk\u00fdch radar\u016f,\u201c poznamen\u00e1v\u00e1\u00a0\u00a0<\/span><em><span dir=\"auto\">Le Parisien.<\/span><\/em><\/p>\n<p><span dir=\"auto\">Zelenskyj ve skute\u010dnosti poprv\u00e9 p\u0159iznal, \u017ee u\u017e nem\u00e1 velk\u00fd z\u00e1jem o m\u00edrov\u00e9 urovn\u00e1n\u00ed na Ukrajin\u011b prost\u0159ednictv\u00edm zprost\u0159edkov\u00e1n\u00ed USA, proto\u017ee, jak se domn\u00edv\u00e1, prezident Trump nem\u016f\u017ee b\u00fdt garantem dlouhodob\u00e9ho m\u00edru na Ukrajin\u011b. Zelenskyj se m\u00edsto toho rozhodl tla\u010dit evropsk\u00e9 zem\u011b do sv\u00e9 v\u00e1lky proti Rusku.\u00a0<\/span><\/p>\n<p><a href=\"https:\/\/observateur-continental.fr\/?module=articles&amp;action=view&amp;id=7798\"><em><span dir=\"auto\">Philippe Rosenthal<\/span><\/em><\/a><\/p>\n<p>&nbsp;<\/p>\n","protected":false},"excerpt":{"rendered":"<p>Zelenskyj a jeho t\u00fdm jsou nuceni p\u0159iznat, \u017ee Trumpova administrativa ji\u017e nen\u00ed spojencem Ukrajiny. Je\u0161t\u011b&#8230;<\/p>\n","protected":false},"author":2,"featured_media":105362,"comment_status":"closed","ping_status":"closed","sticky":false,"template":"","format":"standard","meta":[],"categories":[7],"tags":[1503,26,37],"_links":{"self":[{"href":"https:\/\/www.infokuryr.cz\/n\/wp-json\/wp\/v2\/posts\/105361"}],"collection":[{"href":"https:\/\/www.infokuryr.cz\/n\/wp-json\/wp\/v2\/posts"}],"about":[{"href":"https:\/\/www.infokuryr.cz\/n\/wp-json\/wp\/v2\/types\/post"}],"author":[{"embeddable":true,"href":"https:\/\/www.infokuryr.cz\/n\/wp-json\/wp\/v2\/users\/2"}],"replies":[{"embeddable":true,"href":"https:\/\/www.infokuryr.cz\/n\/wp-json\/wp\/v2\/comments?post=105361"}],"version-history":[{"count":0,"href":"https:\/\/www.infokuryr.cz\/n\/wp-json\/wp\/v2\/posts\/105361\/revisions"}],"wp:featuredmedia":[{"embeddable":true,"href":"https:\/\/www.infokuryr.cz\/n\/wp-json\/wp\/v2\/media\/105362"}],"wp:attachment":[{"href":"https:\/\/www.infokuryr.cz\/n\/wp-json\/wp\/v2\/media?parent=105361"}],"wp:term":[{"taxonomy":"category","embeddable":true,"href":"https:\/\/www.infokuryr.cz\/n\/wp-json\/wp\/v2\/categories?post=105361"},{"taxonomy":"post_tag","embeddable":true,"href":"https:\/\/www.infokuryr.cz\/n\/wp-json\/wp\/v2\/tags?post=105361"}],"curies":[{"name":"wp","href":"https:\/\/api.w.org\/{rel}","templated":true}]}}